{"id":1902,"date":"2016-09-16T15:00:32","date_gmt":"2016-09-16T13:00:32","guid":{"rendered":"http:\/\/www.naturparkmagazin.de\/am-stettiner-haff\/?p=1902"},"modified":"2016-09-20T10:29:18","modified_gmt":"2016-09-20T08:29:18","slug":"naturpark-stammtisch-2","status":"publish","type":"post","link":"https:\/\/www.naturparkmagazin.de\/am-stettiner-haff\/naturpark-stammtisch-2\/","title":{"rendered":"Naturpark &#8211; Stammtisch"},"content":{"rendered":"<p>Am <strong>05. Oktober 2016 ab 18:30 Uhr<\/strong> sind alle Naturpark-Interessierten wieder herzlich eingeladen in das Besucherinformationszentrum\u00a0am Bahnhof Eggesin zu kommen, um mit den Aktiven des Naturparkf\u00f6rdervereins und den Mitarbeitern der Naturparkverwaltung ins Gespr\u00e4ch zu kommen. Es wird an diesem Abend eine GROSSE Neuigkeit und weitere Informationen zu den laufenden Aktivit\u00e4ten des Naturparks geben. Das Team des Naturparks und des Naturpark-F\u00f6rdervereins freuen sich auf einen interessanten und informativen Abend mit Ihnen.<\/p>\n<p>&nbsp;<\/p>\n<p><a href=\"https:\/\/www.naturparkmagazin.de\/am-stettiner-haff\/wp-content\/uploads\/sites\/29\/Eggesiner-Seee.jpg\"><img decoding=\"async\" loading=\"lazy\" class=\"aligncenter size-full wp-image-1909\" src=\"https:\/\/www.naturparkmagazin.de\/am-stettiner-haff\/wp-content\/uploads\/sites\/29\/Eggesiner-Seee.jpg\" alt=\"Eggesiner Seee\" width=\"931\" height=\"597\" srcset=\"https:\/\/www.naturparkmagazin.de\/am-stettiner-haff\/wp-content\/uploads\/sites\/29\/Eggesiner-Seee.jpg 931w, https:\/\/www.naturparkmagazin.de\/am-stettiner-haff\/wp-content\/uploads\/sites\/29\/Eggesiner-Seee-300x192.jpg 300w, https:\/\/www.naturparkmagazin.de\/am-stettiner-haff\/wp-content\/uploads\/sites\/29\/Eggesiner-Seee-620x398.jpg 620w, https:\/\/www.naturparkmagazin.de\/am-stettiner-haff\/wp-content\/uploads\/sites\/29\/Eggesiner-Seee-670x430.jpg 670w, https:\/\/www.naturparkmagazin.de\/am-stettiner-haff\/wp-content\/uploads\/sites\/29\/Eggesiner-Seee-200x128.jpg 200w\" sizes=\"(max-width: 931px) 100vw, 931px\" \/><\/a>So k\u00f6nnte er aussehen, der &#8222;neue Alte&#8220; am Eggesiner See<\/p>\n","protected":false},"excerpt":{"rendered":"<p>Am 05. Oktober 2016 ab 18:30 Uhr sind alle Naturpark-Interessierten wieder herzlich eingeladen in das Besucherinformationszentrum\u00a0am Bahnhof Eggesin zu kommen, um mit den Aktiven des Naturparkf\u00f6rdervereins und den Mitarbeitern der Naturparkverwaltung ins Gespr\u00e4ch zu kommen. Es wird an diesem Abend eine GROSSE Neuigkeit und weitere Informationen zu den laufenden Aktivit\u00e4ten des Naturparks geben. Das Team<\/p>\n","protected":false},"author":26,"featured_media":1909,"comment_status":"open","ping_status":"open","sticky":false,"template":"","format":"standard","meta":[],"categories":[11],"tags":[],"yoast_head":"<!-- This site is optimized with the Yoast SEO plugin v19.10 - https:\/\/yoast.com\/wordpress\/plugins\/seo\/ -->\n<title>Naturpark - Stammtisch - Naturpark Am Stettiner Haff<\/title>\n<meta name=\"robots\" content=\"index, follow, max-snippet:-1, max-image-preview:large, max-video-preview:-1\" \/>\n<link rel=\"canonical\" href=\"https:\/\/www.naturparkmagazin.de\/am-stettiner-haff\/naturpark-stammtisch-2\/\" \/>\n<meta property=\"og:locale\" content=\"de_DE\" \/>\n<meta property=\"og:type\" content=\"article\" \/>\n<meta property=\"og:title\" content=\"Naturpark - Stammtisch - Naturpark Am Stettiner Haff\" \/>\n<meta property=\"og:description\" content=\"Am 05. Oktober 2016 ab 18:30 Uhr sind alle Naturpark-Interessierten wieder herzlich eingeladen in das Besucherinformationszentrum\u00a0am Bahnhof Eggesin zu kommen, um mit den Aktiven des Naturparkf\u00f6rdervereins und den Mitarbeitern der Naturparkverwaltung ins Gespr\u00e4ch zu kommen. Es wird an diesem Abend eine GROSSE Neuigkeit und weitere Informationen zu den laufenden Aktivit\u00e4ten des Naturparks geben. Das Team\" \/>\n<meta property=\"og:url\" content=\"https:\/\/www.naturparkmagazin.de\/am-stettiner-haff\/naturpark-stammtisch-2\/\" \/>\n<meta property=\"og:site_name\" content=\"Naturpark Am Stettiner Haff\" \/>\n<meta property=\"article:published_time\" content=\"2016-09-16T13:00:32+00:00\" \/>\n<meta property=\"article:modified_time\" content=\"2016-09-20T08:29:18+00:00\" \/>\n<meta property=\"og:image\" content=\"https:\/\/www.naturparkmagazin.de\/am-stettiner-haff\/wp-content\/uploads\/sites\/29\/Eggesiner-Seee.jpg\" \/>\n\t<meta property=\"og:image:width\" content=\"931\" \/>\n\t<meta property=\"og:image:height\" content=\"597\" \/>\n\t<meta property=\"og:image:type\" content=\"image\/jpeg\" \/>\n<meta name=\"author\" content=\"Jochen Elberskirch\" \/>\n<meta name=\"twitter:label1\" content=\"Verfasst von\" \/>\n\t<meta name=\"twitter:data1\" content=\"Jochen Elberskirch\" \/>\n<script type=\"application\/ld+json\" class=\"yoast-schema-graph\">{\"@context\":\"https:\/\/schema.org\",\"@graph\":[{\"@type\":\"WebPage\",\"@id\":\"https:\/\/www.naturparkmagazin.de\/am-stettiner-haff\/naturpark-stammtisch-2\/\",\"url\":\"https:\/\/www.naturparkmagazin.de\/am-stettiner-haff\/naturpark-stammtisch-2\/\",\"name\":\"Naturpark - Stammtisch - Naturpark Am Stettiner Haff\",\"isPartOf\":{\"@id\":\"https:\/\/www.naturparkmagazin.de\/am-stettiner-haff\/#website\"},\"datePublished\":\"2016-09-16T13:00:32+00:00\",\"dateModified\":\"2016-09-20T08:29:18+00:00\",\"author\":{\"@id\":\"https:\/\/www.naturparkmagazin.de\/am-stettiner-haff\/#\/schema\/person\/4a7208080dbbfb024d81129b7960c725\"},\"breadcrumb\":{\"@id\":\"https:\/\/www.naturparkmagazin.de\/am-stettiner-haff\/naturpark-stammtisch-2\/#breadcrumb\"},\"inLanguage\":\"de\",\"potentialAction\":[{\"@type\":\"ReadAction\",\"target\":[\"https:\/\/www.naturparkmagazin.de\/am-stettiner-haff\/naturpark-stammtisch-2\/\"]}]},{\"@type\":\"BreadcrumbList\",\"@id\":\"https:\/\/www.naturparkmagazin.de\/am-stettiner-haff\/naturpark-stammtisch-2\/#breadcrumb\",\"itemListElement\":[{\"@type\":\"ListItem\",\"position\":1,\"name\":\"Home\",\"item\":\"https:\/\/www.naturparkmagazin.de\/am-stettiner-haff\/\"},{\"@type\":\"ListItem\",\"position\":2,\"name\":\"Naturpark &#8211; Stammtisch\"}]},{\"@type\":\"WebSite\",\"@id\":\"https:\/\/www.naturparkmagazin.de\/am-stettiner-haff\/#website\",\"url\":\"https:\/\/www.naturparkmagazin.de\/am-stettiner-haff\/\",\"name\":\"Naturpark Am Stettiner Haff\",\"description\":\"\",\"potentialAction\":[{\"@type\":\"SearchAction\",\"target\":{\"@type\":\"EntryPoint\",\"urlTemplate\":\"https:\/\/www.naturparkmagazin.de\/am-stettiner-haff\/?s={search_term_string}\"},\"query-input\":\"required name=search_term_string\"}],\"inLanguage\":\"de\"},{\"@type\":\"Person\",\"@id\":\"https:\/\/www.naturparkmagazin.de\/am-stettiner-haff\/#\/schema\/person\/4a7208080dbbfb024d81129b7960c725\",\"name\":\"Jochen Elberskirch\",\"sameAs\":[\"http:\/\/www.naturpark-am-stettiner-haff.de\"],\"url\":\"https:\/\/www.naturparkmagazin.de\/am-stettiner-haff\/author\/jochenelberskirch\/\"}]}<\/script>\n<!-- \/ Yoast SEO plugin. -->","yoast_head_json":{"title":"Naturpark - Stammtisch - Naturpark Am Stettiner Haff","robots":{"index":"index","follow":"follow","max-snippet":"max-snippet:-1","max-image-preview":"max-image-preview:large","max-video-preview":"max-video-preview:-1"},"canonical":"https:\/\/www.naturparkmagazin.de\/am-stettiner-haff\/naturpark-stammtisch-2\/","og_locale":"de_DE","og_type":"article","og_title":"Naturpark - Stammtisch - Naturpark Am Stettiner Haff","og_description":"Am 05. Oktober 2016 ab 18:30 Uhr sind alle Naturpark-Interessierten wieder herzlich eingeladen in das Besucherinformationszentrum\u00a0am Bahnhof Eggesin zu kommen, um mit den Aktiven des Naturparkf\u00f6rdervereins und den Mitarbeitern der Naturparkverwaltung ins Gespr\u00e4ch zu kommen. Es wird an diesem Abend eine GROSSE Neuigkeit und weitere Informationen zu den laufenden Aktivit\u00e4ten des Naturparks geben. Das Team","og_url":"https:\/\/www.naturparkmagazin.de\/am-stettiner-haff\/naturpark-stammtisch-2\/","og_site_name":"Naturpark Am Stettiner Haff","article_published_time":"2016-09-16T13:00:32+00:00","article_modified_time":"2016-09-20T08:29:18+00:00","og_image":[{"width":931,"height":597,"url":"https:\/\/www.naturparkmagazin.de\/am-stettiner-haff\/wp-content\/uploads\/sites\/29\/Eggesiner-Seee.jpg","type":"image\/jpeg"}],"author":"Jochen Elberskirch","twitter_misc":{"Verfasst von":"Jochen Elberskirch"},"schema":{"@context":"https:\/\/schema.org","@graph":[{"@type":"WebPage","@id":"https:\/\/www.naturparkmagazin.de\/am-stettiner-haff\/naturpark-stammtisch-2\/","url":"https:\/\/www.naturparkmagazin.de\/am-stettiner-haff\/naturpark-stammtisch-2\/","name":"Naturpark - Stammtisch - Naturpark Am Stettiner Haff","isPartOf":{"@id":"https:\/\/www.naturparkmagazin.de\/am-stettiner-haff\/#website"},"datePublished":"2016-09-16T13:00:32+00:00","dateModified":"2016-09-20T08:29:18+00:00","author":{"@id":"https:\/\/www.naturparkmagazin.de\/am-stettiner-haff\/#\/schema\/person\/4a7208080dbbfb024d81129b7960c725"},"breadcrumb":{"@id":"https:\/\/www.naturparkmagazin.de\/am-stettiner-haff\/naturpark-stammtisch-2\/#breadcrumb"},"inLanguage":"de","potentialAction":[{"@type":"ReadAction","target":["https:\/\/www.naturparkmagazin.de\/am-stettiner-haff\/naturpark-stammtisch-2\/"]}]},{"@type":"BreadcrumbList","@id":"https:\/\/www.naturparkmagazin.de\/am-stettiner-haff\/naturpark-stammtisch-2\/#breadcrumb","itemListElement":[{"@type":"ListItem","position":1,"name":"Home","item":"https:\/\/www.naturparkmagazin.de\/am-stettiner-haff\/"},{"@type":"ListItem","position":2,"name":"Naturpark &#8211; Stammtisch"}]},{"@type":"WebSite","@id":"https:\/\/www.naturparkmagazin.de\/am-stettiner-haff\/#website","url":"https:\/\/www.naturparkmagazin.de\/am-stettiner-haff\/","name":"Naturpark Am Stettiner Haff","description":"","potentialAction":[{"@type":"SearchAction","target":{"@type":"EntryPoint","urlTemplate":"https:\/\/www.naturparkmagazin.de\/am-stettiner-haff\/?s={search_term_string}"},"query-input":"required name=search_term_string"}],"inLanguage":"de"},{"@type":"Person","@id":"https:\/\/www.naturparkmagazin.de\/am-stettiner-haff\/#\/schema\/person\/4a7208080dbbfb024d81129b7960c725","name":"Jochen Elberskirch","sameAs":["http:\/\/www.naturpark-am-stettiner-haff.de"],"url":"https:\/\/www.naturparkmagazin.de\/am-stettiner-haff\/author\/jochenelberskirch\/"}]}},"_links":{"self":[{"href":"https:\/\/www.naturparkmagazin.de\/am-stettiner-haff\/wp-json\/wp\/v2\/posts\/1902"}],"collection":[{"href":"https:\/\/www.naturparkmagazin.de\/am-stettiner-haff\/wp-json\/wp\/v2\/posts"}],"about":[{"href":"https:\/\/www.naturparkmagazin.de\/am-stettiner-haff\/wp-json\/wp\/v2\/types\/post"}],"author":[{"embeddable":true,"href":"https:\/\/www.naturparkmagazin.de\/am-stettiner-haff\/wp-json\/wp\/v2\/users\/26"}],"replies":[{"embeddable":true,"href":"https:\/\/www.naturparkmagazin.de\/am-stettiner-haff\/wp-json\/wp\/v2\/comments?post=1902"}],"version-history":[{"count":3,"href":"https:\/\/www.naturparkmagazin.de\/am-stettiner-haff\/wp-json\/wp\/v2\/posts\/1902\/revisions"}],"predecessor-version":[{"id":1935,"href":"https:\/\/www.naturparkmagazin.de\/am-stettiner-haff\/wp-json\/wp\/v2\/posts\/1902\/revisions\/1935"}],"wp:featuredmedia":[{"embeddable":true,"href":"https:\/\/www.naturparkmagazin.de\/am-stettiner-haff\/wp-json\/wp\/v2\/media\/1909"}],"wp:attachment":[{"href":"https:\/\/www.naturparkmagazin.de\/am-stettiner-haff\/wp-json\/wp\/v2\/media?parent=1902"}],"wp:term":[{"taxonomy":"category","embeddable":true,"href":"https:\/\/www.naturparkmagazin.de\/am-stettiner-haff\/wp-json\/wp\/v2\/categories?post=1902"},{"taxonomy":"post_tag","embeddable":true,"href":"https:\/\/www.naturparkmagazin.de\/am-stettiner-haff\/wp-json\/wp\/v2\/tags?post=1902"}],"curies":[{"name":"wp","href":"https:\/\/api.w.org\/{rel}","templated":true}]}}