{"id":1912,"date":"2016-09-16T15:00:43","date_gmt":"2016-09-16T13:00:43","guid":{"rendered":"http:\/\/www.naturparkmagazin.de\/am-stettiner-haff\/?p=1912"},"modified":"2016-09-20T10:28:32","modified_gmt":"2016-09-20T08:28:32","slug":"es-ist-ein-maedchen","status":"publish","type":"post","link":"https:\/\/www.naturparkmagazin.de\/am-stettiner-haff\/es-ist-ein-maedchen\/","title":{"rendered":"es ist ein M\u00e4dchen"},"content":{"rendered":"<p>Seit dem 01. September hat im Naturpark wieder ein neues F\u00d6J angefangen. Josefine Paulisch kommt aus dem s\u00fcdlichen Brandenburg. Sie m\u00f6chte sich beruflich orientieren und hat sich aus diesem Grund entschieden, nach der 10. Klasse ein freiwilliges \u00f6kologisches Jahr zu absolvieren. In den n\u00e4chsten Monaten m\u00f6chte sie Einblicke in das Berufsleben sammeln. F\u00fcr unseren Naturpark hat sich Josefine entschieden, weil die Arbeit hier vielseitig ist und ihren Interessen entspricht.<\/p>\n<p style=\"text-align: center\"><a href=\"https:\/\/www.naturparkmagazin.de\/am-stettiner-haff\/wp-content\/uploads\/sites\/29\/Oktober2016-3.jpg\"><img decoding=\"async\" loading=\"lazy\" class=\"  wp-image-1903 aligncenter\" src=\"https:\/\/www.naturparkmagazin.de\/am-stettiner-haff\/wp-content\/uploads\/sites\/29\/Oktober2016-1-940x583.jpg\" alt=\"Oktober2016 (1)\" width=\"552\" height=\"343\" srcset=\"https:\/\/www.naturparkmagazin.de\/am-stettiner-haff\/wp-content\/uploads\/sites\/29\/Oktober2016-1-940x583.jpg 940w, https:\/\/www.naturparkmagazin.de\/am-stettiner-haff\/wp-content\/uploads\/sites\/29\/Oktober2016-1-300x186.jpg 300w, https:\/\/www.naturparkmagazin.de\/am-stettiner-haff\/wp-content\/uploads\/sites\/29\/Oktober2016-1-620x384.jpg 620w, https:\/\/www.naturparkmagazin.de\/am-stettiner-haff\/wp-content\/uploads\/sites\/29\/Oktober2016-1-670x415.jpg 670w, https:\/\/www.naturparkmagazin.de\/am-stettiner-haff\/wp-content\/uploads\/sites\/29\/Oktober2016-1-200x124.jpg 200w, https:\/\/www.naturparkmagazin.de\/am-stettiner-haff\/wp-content\/uploads\/sites\/29\/Oktober2016-1.jpg 1024w\" sizes=\"(max-width: 552px) 100vw, 552px\" \/><img decoding=\"async\" loading=\"lazy\" class=\" wp-image-1905  aligncenter\" src=\"https:\/\/www.naturparkmagazin.de\/am-stettiner-haff\/wp-content\/uploads\/sites\/29\/Oktober2016-3-940x566.jpg\" alt=\"\" width=\"551\" height=\"332\" srcset=\"https:\/\/www.naturparkmagazin.de\/am-stettiner-haff\/wp-content\/uploads\/sites\/29\/Oktober2016-3-940x566.jpg 940w, https:\/\/www.naturparkmagazin.de\/am-stettiner-haff\/wp-content\/uploads\/sites\/29\/Oktober2016-3-300x181.jpg 300w, https:\/\/www.naturparkmagazin.de\/am-stettiner-haff\/wp-content\/uploads\/sites\/29\/Oktober2016-3-620x374.jpg 620w, https:\/\/www.naturparkmagazin.de\/am-stettiner-haff\/wp-content\/uploads\/sites\/29\/Oktober2016-3-670x404.jpg 670w, https:\/\/www.naturparkmagazin.de\/am-stettiner-haff\/wp-content\/uploads\/sites\/29\/Oktober2016-3-200x121.jpg 200w, https:\/\/www.naturparkmagazin.de\/am-stettiner-haff\/wp-content\/uploads\/sites\/29\/Oktober2016-3.jpg 1024w\" sizes=\"(max-width: 551px) 100vw, 551px\" \/><\/a><\/p>\n","protected":false},"excerpt":{"rendered":"<p>Seit dem 01. September hat im Naturpark wieder ein neues F\u00d6J angefangen. Josefine Paulisch kommt aus dem s\u00fcdlichen Brandenburg. Sie m\u00f6chte sich beruflich orientieren und hat sich aus diesem Grund entschieden, nach der 10. Klasse ein freiwilliges \u00f6kologisches Jahr zu absolvieren. In den n\u00e4chsten Monaten m\u00f6chte sie Einblicke in das Berufsleben sammeln. F\u00fcr unseren Naturpark<\/p>\n","protected":false},"author":26,"featured_media":1903,"comment_status":"open","ping_status":"open","sticky":false,"template":"","format":"standard","meta":[],"categories":[7],"tags":[],"yoast_head":"<!-- This site is optimized with the Yoast SEO plugin v19.10 - https:\/\/yoast.com\/wordpress\/plugins\/seo\/ -->\n<title>es ist ein M\u00e4dchen - Naturpark Am Stettiner Haff<\/title>\n<meta name=\"robots\" content=\"index, follow, max-snippet:-1, max-image-preview:large, max-video-preview:-1\" \/>\n<link rel=\"canonical\" href=\"https:\/\/www.naturparkmagazin.de\/am-stettiner-haff\/es-ist-ein-maedchen\/\" \/>\n<meta property=\"og:locale\" content=\"de_DE\" \/>\n<meta property=\"og:type\" content=\"article\" \/>\n<meta property=\"og:title\" content=\"es ist ein M\u00e4dchen - Naturpark Am Stettiner Haff\" \/>\n<meta property=\"og:description\" content=\"Seit dem 01. September hat im Naturpark wieder ein neues F\u00d6J angefangen. Josefine Paulisch kommt aus dem s\u00fcdlichen Brandenburg. Sie m\u00f6chte sich beruflich orientieren und hat sich aus diesem Grund entschieden, nach der 10. Klasse ein freiwilliges \u00f6kologisches Jahr zu absolvieren. In den n\u00e4chsten Monaten m\u00f6chte sie Einblicke in das Berufsleben sammeln. F\u00fcr unseren Naturpark\" \/>\n<meta property=\"og:url\" content=\"https:\/\/www.naturparkmagazin.de\/am-stettiner-haff\/es-ist-ein-maedchen\/\" \/>\n<meta property=\"og:site_name\" content=\"Naturpark Am Stettiner Haff\" \/>\n<meta property=\"article:published_time\" content=\"2016-09-16T13:00:43+00:00\" \/>\n<meta property=\"article:modified_time\" content=\"2016-09-20T08:28:32+00:00\" \/>\n<meta property=\"og:image\" content=\"https:\/\/www.naturparkmagazin.de\/am-stettiner-haff\/wp-content\/uploads\/sites\/29\/Oktober2016-1.jpg\" \/>\n\t<meta property=\"og:image:width\" content=\"1024\" \/>\n\t<meta property=\"og:image:height\" content=\"635\" \/>\n\t<meta property=\"og:image:type\" content=\"image\/jpeg\" \/>\n<meta name=\"author\" content=\"Jochen Elberskirch\" \/>\n<meta name=\"twitter:label1\" content=\"Verfasst von\" \/>\n\t<meta name=\"twitter:data1\" content=\"Jochen Elberskirch\" \/>\n<script type=\"application\/ld+json\" class=\"yoast-schema-graph\">{\"@context\":\"https:\/\/schema.org\",\"@graph\":[{\"@type\":\"WebPage\",\"@id\":\"https:\/\/www.naturparkmagazin.de\/am-stettiner-haff\/es-ist-ein-maedchen\/\",\"url\":\"https:\/\/www.naturparkmagazin.de\/am-stettiner-haff\/es-ist-ein-maedchen\/\",\"name\":\"es ist ein M\u00e4dchen - Naturpark Am Stettiner Haff\",\"isPartOf\":{\"@id\":\"https:\/\/www.naturparkmagazin.de\/am-stettiner-haff\/#website\"},\"datePublished\":\"2016-09-16T13:00:43+00:00\",\"dateModified\":\"2016-09-20T08:28:32+00:00\",\"author\":{\"@id\":\"https:\/\/www.naturparkmagazin.de\/am-stettiner-haff\/#\/schema\/person\/4a7208080dbbfb024d81129b7960c725\"},\"breadcrumb\":{\"@id\":\"https:\/\/www.naturparkmagazin.de\/am-stettiner-haff\/es-ist-ein-maedchen\/#breadcrumb\"},\"inLanguage\":\"de\",\"potentialAction\":[{\"@type\":\"ReadAction\",\"target\":[\"https:\/\/www.naturparkmagazin.de\/am-stettiner-haff\/es-ist-ein-maedchen\/\"]}]},{\"@type\":\"BreadcrumbList\",\"@id\":\"https:\/\/www.naturparkmagazin.de\/am-stettiner-haff\/es-ist-ein-maedchen\/#breadcrumb\",\"itemListElement\":[{\"@type\":\"ListItem\",\"position\":1,\"name\":\"Home\",\"item\":\"https:\/\/www.naturparkmagazin.de\/am-stettiner-haff\/\"},{\"@type\":\"ListItem\",\"position\":2,\"name\":\"es ist ein M\u00e4dchen\"}]},{\"@type\":\"WebSite\",\"@id\":\"https:\/\/www.naturparkmagazin.de\/am-stettiner-haff\/#website\",\"url\":\"https:\/\/www.naturparkmagazin.de\/am-stettiner-haff\/\",\"name\":\"Naturpark Am Stettiner Haff\",\"description\":\"\",\"potentialAction\":[{\"@type\":\"SearchAction\",\"target\":{\"@type\":\"EntryPoint\",\"urlTemplate\":\"https:\/\/www.naturparkmagazin.de\/am-stettiner-haff\/?s={search_term_string}\"},\"query-input\":\"required name=search_term_string\"}],\"inLanguage\":\"de\"},{\"@type\":\"Person\",\"@id\":\"https:\/\/www.naturparkmagazin.de\/am-stettiner-haff\/#\/schema\/person\/4a7208080dbbfb024d81129b7960c725\",\"name\":\"Jochen Elberskirch\",\"sameAs\":[\"http:\/\/www.naturpark-am-stettiner-haff.de\"],\"url\":\"https:\/\/www.naturparkmagazin.de\/am-stettiner-haff\/author\/jochenelberskirch\/\"}]}<\/script>\n<!-- \/ Yoast SEO plugin. -->","yoast_head_json":{"title":"es ist ein M\u00e4dchen - Naturpark Am Stettiner Haff","robots":{"index":"index","follow":"follow","max-snippet":"max-snippet:-1","max-image-preview":"max-image-preview:large","max-video-preview":"max-video-preview:-1"},"canonical":"https:\/\/www.naturparkmagazin.de\/am-stettiner-haff\/es-ist-ein-maedchen\/","og_locale":"de_DE","og_type":"article","og_title":"es ist ein M\u00e4dchen - Naturpark Am Stettiner Haff","og_description":"Seit dem 01. September hat im Naturpark wieder ein neues F\u00d6J angefangen. Josefine Paulisch kommt aus dem s\u00fcdlichen Brandenburg. Sie m\u00f6chte sich beruflich orientieren und hat sich aus diesem Grund entschieden, nach der 10. Klasse ein freiwilliges \u00f6kologisches Jahr zu absolvieren. In den n\u00e4chsten Monaten m\u00f6chte sie Einblicke in das Berufsleben sammeln. F\u00fcr unseren Naturpark","og_url":"https:\/\/www.naturparkmagazin.de\/am-stettiner-haff\/es-ist-ein-maedchen\/","og_site_name":"Naturpark Am Stettiner Haff","article_published_time":"2016-09-16T13:00:43+00:00","article_modified_time":"2016-09-20T08:28:32+00:00","og_image":[{"width":1024,"height":635,"url":"https:\/\/www.naturparkmagazin.de\/am-stettiner-haff\/wp-content\/uploads\/sites\/29\/Oktober2016-1.jpg","type":"image\/jpeg"}],"author":"Jochen Elberskirch","twitter_misc":{"Verfasst von":"Jochen Elberskirch"},"schema":{"@context":"https:\/\/schema.org","@graph":[{"@type":"WebPage","@id":"https:\/\/www.naturparkmagazin.de\/am-stettiner-haff\/es-ist-ein-maedchen\/","url":"https:\/\/www.naturparkmagazin.de\/am-stettiner-haff\/es-ist-ein-maedchen\/","name":"es ist ein M\u00e4dchen - Naturpark Am Stettiner Haff","isPartOf":{"@id":"https:\/\/www.naturparkmagazin.de\/am-stettiner-haff\/#website"},"datePublished":"2016-09-16T13:00:43+00:00","dateModified":"2016-09-20T08:28:32+00:00","author":{"@id":"https:\/\/www.naturparkmagazin.de\/am-stettiner-haff\/#\/schema\/person\/4a7208080dbbfb024d81129b7960c725"},"breadcrumb":{"@id":"https:\/\/www.naturparkmagazin.de\/am-stettiner-haff\/es-ist-ein-maedchen\/#breadcrumb"},"inLanguage":"de","potentialAction":[{"@type":"ReadAction","target":["https:\/\/www.naturparkmagazin.de\/am-stettiner-haff\/es-ist-ein-maedchen\/"]}]},{"@type":"BreadcrumbList","@id":"https:\/\/www.naturparkmagazin.de\/am-stettiner-haff\/es-ist-ein-maedchen\/#breadcrumb","itemListElement":[{"@type":"ListItem","position":1,"name":"Home","item":"https:\/\/www.naturparkmagazin.de\/am-stettiner-haff\/"},{"@type":"ListItem","position":2,"name":"es ist ein M\u00e4dchen"}]},{"@type":"WebSite","@id":"https:\/\/www.naturparkmagazin.de\/am-stettiner-haff\/#website","url":"https:\/\/www.naturparkmagazin.de\/am-stettiner-haff\/","name":"Naturpark Am Stettiner Haff","description":"","potentialAction":[{"@type":"SearchAction","target":{"@type":"EntryPoint","urlTemplate":"https:\/\/www.naturparkmagazin.de\/am-stettiner-haff\/?s={search_term_string}"},"query-input":"required name=search_term_string"}],"inLanguage":"de"},{"@type":"Person","@id":"https:\/\/www.naturparkmagazin.de\/am-stettiner-haff\/#\/schema\/person\/4a7208080dbbfb024d81129b7960c725","name":"Jochen Elberskirch","sameAs":["http:\/\/www.naturpark-am-stettiner-haff.de"],"url":"https:\/\/www.naturparkmagazin.de\/am-stettiner-haff\/author\/jochenelberskirch\/"}]}},"_links":{"self":[{"href":"https:\/\/www.naturparkmagazin.de\/am-stettiner-haff\/wp-json\/wp\/v2\/posts\/1912"}],"collection":[{"href":"https:\/\/www.naturparkmagazin.de\/am-stettiner-haff\/wp-json\/wp\/v2\/posts"}],"about":[{"href":"https:\/\/www.naturparkmagazin.de\/am-stettiner-haff\/wp-json\/wp\/v2\/types\/post"}],"author":[{"embeddable":true,"href":"https:\/\/www.naturparkmagazin.de\/am-stettiner-haff\/wp-json\/wp\/v2\/users\/26"}],"replies":[{"embeddable":true,"href":"https:\/\/www.naturparkmagazin.de\/am-stettiner-haff\/wp-json\/wp\/v2\/comments?post=1912"}],"version-history":[{"count":2,"href":"https:\/\/www.naturparkmagazin.de\/am-stettiner-haff\/wp-json\/wp\/v2\/posts\/1912\/revisions"}],"predecessor-version":[{"id":1914,"href":"https:\/\/www.naturparkmagazin.de\/am-stettiner-haff\/wp-json\/wp\/v2\/posts\/1912\/revisions\/1914"}],"wp:featuredmedia":[{"embeddable":true,"href":"https:\/\/www.naturparkmagazin.de\/am-stettiner-haff\/wp-json\/wp\/v2\/media\/1903"}],"wp:attachment":[{"href":"https:\/\/www.naturparkmagazin.de\/am-stettiner-haff\/wp-json\/wp\/v2\/media?parent=1912"}],"wp:term":[{"taxonomy":"category","embeddable":true,"href":"https:\/\/www.naturparkmagazin.de\/am-stettiner-haff\/wp-json\/wp\/v2\/categories?post=1912"},{"taxonomy":"post_tag","embeddable":true,"href":"https:\/\/www.naturparkmagazin.de\/am-stettiner-haff\/wp-json\/wp\/v2\/tags?post=1912"}],"curies":[{"name":"wp","href":"https:\/\/api.w.org\/{rel}","templated":true}]}}