{"id":1915,"date":"2016-09-16T15:00:57","date_gmt":"2016-09-16T13:00:57","guid":{"rendered":"http:\/\/www.naturparkmagazin.de\/am-stettiner-haff\/?p=1915"},"modified":"2016-09-30T10:02:57","modified_gmt":"2016-09-30T08:02:57","slug":"naturpark-mit-anspruch-10-jahre-qualitaetsnaturpark-und-es-geht-in-die-naechste-runde","status":"publish","type":"post","link":"https:\/\/www.naturparkmagazin.de\/am-stettiner-haff\/naturpark-mit-anspruch-10-jahre-qualitaetsnaturpark-und-es-geht-in-die-naechste-runde\/","title":{"rendered":"Naturpark mit Anspruch \u2013 10 Jahre Qualit\u00e4tsnaturpark und es geht in die n\u00e4chste Runde"},"content":{"rendered":"<p><u>D<\/u>er Verband Deutscher Naturparke (VDN) m\u00f6chte die Naturparke bei ihrer Arbeit in Gesellschaft, Wirtschaft und Politik unterst\u00fctzen. Die \u201eQualit\u00e4tsoffensive Naturparke\u201c soll dabei helfen, die Naturparkarbeit zu evaluieren und die Qualit\u00e4t der Angebote zu steigern. Das Verfahren, mit dem die Auszeichnung \u201eQualit\u00e4ts-Naturpark\u201c verliehen wird, lenkt das Augenmerk gezielt auf die folgenden f\u00fcnf Handlungsfelder:<\/p>\n<ul>\n<li>Management und Organisation<\/li>\n<li>Naturschutz und Landschaftspflege<\/li>\n<li>Erholung und Nachhaltiger Tourismus<\/li>\n<li>Umweltbildung und Kommunikation<\/li>\n<li>Nachhaltige Regionalentwicklung<\/li>\n<\/ul>\n<p>Das Verst\u00e4ndnis von Gemeinschaft soll gest\u00e4rkt und die Naturparke zur gegeseitigen Zusammenarbeit, Unterst\u00fctzung und Weiterentwicklung animiert werden.<\/p>\n<p>Den Titel Qualit\u00e4tsnaturpark erhielt unser Naturpark 2006 das erste Mal. Alle f\u00fcnf Jahre k\u00f6nnen sich die Naturparke an der Qualit\u00e4tsoffensive beteiligen. Wir haben es auch in dieser Runde getan und sind nun zum dritten Mal in Folge als Qualit\u00e4tsnaturpark ausgezeichnet worden.<\/p>\n<p><a href=\"https:\/\/www.naturparkmagazin.de\/am-stettiner-haff\/wp-content\/uploads\/sites\/29\/qo2.jpg\"><img decoding=\"async\" loading=\"lazy\" class=\"aligncenter size-full wp-image-1938\" src=\"https:\/\/www.naturparkmagazin.de\/am-stettiner-haff\/wp-content\/uploads\/sites\/29\/qo2.jpg\" alt=\"zertifikat\" width=\"500\" height=\"300\" srcset=\"https:\/\/www.naturparkmagazin.de\/am-stettiner-haff\/wp-content\/uploads\/sites\/29\/qo2.jpg 500w, https:\/\/www.naturparkmagazin.de\/am-stettiner-haff\/wp-content\/uploads\/sites\/29\/qo2-300x180.jpg 300w, https:\/\/www.naturparkmagazin.de\/am-stettiner-haff\/wp-content\/uploads\/sites\/29\/qo2-200x120.jpg 200w\" sizes=\"(max-width: 500px) 100vw, 500px\" \/><\/a><\/p>\n<p>weiter Informationen zur Qualit\u00e4tsoffensive des VDN finden Sie <a href=\"http:\/\/www.naturparke.de\/parks\/quality\" target=\"_blank\">hier<\/a><\/p>\n<p>&nbsp;<\/p>\n<p>&nbsp;<\/p>\n","protected":false},"excerpt":{"rendered":"<p>Der Verband Deutscher Naturparke (VDN) m\u00f6chte die Naturparke bei ihrer Arbeit in Gesellschaft, Wirtschaft und Politik unterst\u00fctzen. Die \u201eQualit\u00e4tsoffensive Naturparke\u201c soll dabei helfen, die Naturparkarbeit zu evaluieren und die Qualit\u00e4t der Angebote zu steigern. Das Verfahren, mit dem die Auszeichnung \u201eQualit\u00e4ts-Naturpark\u201c verliehen wird, lenkt das Augenmerk gezielt auf die folgenden f\u00fcnf Handlungsfelder: Management und Organisation<\/p>\n","protected":false},"author":26,"featured_media":1936,"comment_status":"open","ping_status":"open","sticky":false,"template":"","format":"standard","meta":[],"categories":[7],"tags":[508,84,81,645],"yoast_head":"<!-- This site is optimized with the Yoast SEO plugin v19.10 - https:\/\/yoast.com\/wordpress\/plugins\/seo\/ -->\n<title>Naturpark mit Anspruch \u2013 10 Jahre Qualit\u00e4tsnaturpark und es geht in die n\u00e4chste Runde - Naturpark Am Stettiner Haff<\/title>\n<meta name=\"robots\" content=\"index, follow, max-snippet:-1, max-image-preview:large, max-video-preview:-1\" \/>\n<link rel=\"canonical\" href=\"https:\/\/www.naturparkmagazin.de\/am-stettiner-haff\/naturpark-mit-anspruch-10-jahre-qualitaetsnaturpark-und-es-geht-in-die-naechste-runde\/\" \/>\n<meta property=\"og:locale\" content=\"de_DE\" \/>\n<meta property=\"og:type\" content=\"article\" \/>\n<meta property=\"og:title\" content=\"Naturpark mit Anspruch \u2013 10 Jahre Qualit\u00e4tsnaturpark und es geht in die n\u00e4chste Runde - Naturpark Am Stettiner Haff\" \/>\n<meta property=\"og:description\" content=\"Der Verband Deutscher Naturparke (VDN) m\u00f6chte die Naturparke bei ihrer Arbeit in Gesellschaft, Wirtschaft und Politik unterst\u00fctzen. Die \u201eQualit\u00e4tsoffensive Naturparke\u201c soll dabei helfen, die Naturparkarbeit zu evaluieren und die Qualit\u00e4t der Angebote zu steigern. Das Verfahren, mit dem die Auszeichnung \u201eQualit\u00e4ts-Naturpark\u201c verliehen wird, lenkt das Augenmerk gezielt auf die folgenden f\u00fcnf Handlungsfelder: Management und Organisation\" \/>\n<meta property=\"og:url\" content=\"https:\/\/www.naturparkmagazin.de\/am-stettiner-haff\/naturpark-mit-anspruch-10-jahre-qualitaetsnaturpark-und-es-geht-in-die-naechste-runde\/\" \/>\n<meta property=\"og:site_name\" content=\"Naturpark Am Stettiner Haff\" \/>\n<meta property=\"article:published_time\" content=\"2016-09-16T13:00:57+00:00\" \/>\n<meta property=\"article:modified_time\" content=\"2016-09-30T08:02:57+00:00\" \/>\n<meta property=\"og:image\" content=\"https:\/\/www.naturparkmagazin.de\/am-stettiner-haff\/wp-content\/uploads\/sites\/29\/qo.jpg\" \/>\n\t<meta property=\"og:image:width\" content=\"200\" \/>\n\t<meta property=\"og:image:height\" content=\"200\" \/>\n\t<meta property=\"og:image:type\" content=\"image\/jpeg\" \/>\n<meta name=\"author\" content=\"Jochen Elberskirch\" \/>\n<meta name=\"twitter:label1\" content=\"Verfasst von\" \/>\n\t<meta name=\"twitter:data1\" content=\"Jochen Elberskirch\" \/>\n\t<meta name=\"twitter:label2\" content=\"Gesch\u00e4tzte Lesezeit\" \/>\n\t<meta name=\"twitter:data2\" content=\"1\u00a0Minute\" \/>\n<script type=\"application\/ld+json\" class=\"yoast-schema-graph\">{\"@context\":\"https:\/\/schema.org\",\"@graph\":[{\"@type\":\"WebPage\",\"@id\":\"https:\/\/www.naturparkmagazin.de\/am-stettiner-haff\/naturpark-mit-anspruch-10-jahre-qualitaetsnaturpark-und-es-geht-in-die-naechste-runde\/\",\"url\":\"https:\/\/www.naturparkmagazin.de\/am-stettiner-haff\/naturpark-mit-anspruch-10-jahre-qualitaetsnaturpark-und-es-geht-in-die-naechste-runde\/\",\"name\":\"Naturpark mit Anspruch \u2013 10 Jahre Qualit\u00e4tsnaturpark und es geht in die n\u00e4chste Runde - Naturpark Am Stettiner Haff\",\"isPartOf\":{\"@id\":\"https:\/\/www.naturparkmagazin.de\/am-stettiner-haff\/#website\"},\"datePublished\":\"2016-09-16T13:00:57+00:00\",\"dateModified\":\"2016-09-30T08:02:57+00:00\",\"author\":{\"@id\":\"https:\/\/www.naturparkmagazin.de\/am-stettiner-haff\/#\/schema\/person\/4a7208080dbbfb024d81129b7960c725\"},\"breadcrumb\":{\"@id\":\"https:\/\/www.naturparkmagazin.de\/am-stettiner-haff\/naturpark-mit-anspruch-10-jahre-qualitaetsnaturpark-und-es-geht-in-die-naechste-runde\/#breadcrumb\"},\"inLanguage\":\"de\",\"potentialAction\":[{\"@type\":\"ReadAction\",\"target\":[\"https:\/\/www.naturparkmagazin.de\/am-stettiner-haff\/naturpark-mit-anspruch-10-jahre-qualitaetsnaturpark-und-es-geht-in-die-naechste-runde\/\"]}]},{\"@type\":\"BreadcrumbList\",\"@id\":\"https:\/\/www.naturparkmagazin.de\/am-stettiner-haff\/naturpark-mit-anspruch-10-jahre-qualitaetsnaturpark-und-es-geht-in-die-naechste-runde\/#breadcrumb\",\"itemListElement\":[{\"@type\":\"ListItem\",\"position\":1,\"name\":\"Home\",\"item\":\"https:\/\/www.naturparkmagazin.de\/am-stettiner-haff\/\"},{\"@type\":\"ListItem\",\"position\":2,\"name\":\"Naturpark mit Anspruch \u2013 10 Jahre Qualit\u00e4tsnaturpark und es geht in die n\u00e4chste Runde\"}]},{\"@type\":\"WebSite\",\"@id\":\"https:\/\/www.naturparkmagazin.de\/am-stettiner-haff\/#website\",\"url\":\"https:\/\/www.naturparkmagazin.de\/am-stettiner-haff\/\",\"name\":\"Naturpark Am Stettiner Haff\",\"description\":\"\",\"potentialAction\":[{\"@type\":\"SearchAction\",\"target\":{\"@type\":\"EntryPoint\",\"urlTemplate\":\"https:\/\/www.naturparkmagazin.de\/am-stettiner-haff\/?s={search_term_string}\"},\"query-input\":\"required name=search_term_string\"}],\"inLanguage\":\"de\"},{\"@type\":\"Person\",\"@id\":\"https:\/\/www.naturparkmagazin.de\/am-stettiner-haff\/#\/schema\/person\/4a7208080dbbfb024d81129b7960c725\",\"name\":\"Jochen Elberskirch\",\"sameAs\":[\"http:\/\/www.naturpark-am-stettiner-haff.de\"],\"url\":\"https:\/\/www.naturparkmagazin.de\/am-stettiner-haff\/author\/jochenelberskirch\/\"}]}<\/script>\n<!-- \/ Yoast SEO plugin. -->","yoast_head_json":{"title":"Naturpark mit Anspruch \u2013 10 Jahre Qualit\u00e4tsnaturpark und es geht in die n\u00e4chste Runde - Naturpark Am Stettiner Haff","robots":{"index":"index","follow":"follow","max-snippet":"max-snippet:-1","max-image-preview":"max-image-preview:large","max-video-preview":"max-video-preview:-1"},"canonical":"https:\/\/www.naturparkmagazin.de\/am-stettiner-haff\/naturpark-mit-anspruch-10-jahre-qualitaetsnaturpark-und-es-geht-in-die-naechste-runde\/","og_locale":"de_DE","og_type":"article","og_title":"Naturpark mit Anspruch \u2013 10 Jahre Qualit\u00e4tsnaturpark und es geht in die n\u00e4chste Runde - Naturpark Am Stettiner Haff","og_description":"Der Verband Deutscher Naturparke (VDN) m\u00f6chte die Naturparke bei ihrer Arbeit in Gesellschaft, Wirtschaft und Politik unterst\u00fctzen. Die \u201eQualit\u00e4tsoffensive Naturparke\u201c soll dabei helfen, die Naturparkarbeit zu evaluieren und die Qualit\u00e4t der Angebote zu steigern. Das Verfahren, mit dem die Auszeichnung \u201eQualit\u00e4ts-Naturpark\u201c verliehen wird, lenkt das Augenmerk gezielt auf die folgenden f\u00fcnf Handlungsfelder: Management und Organisation","og_url":"https:\/\/www.naturparkmagazin.de\/am-stettiner-haff\/naturpark-mit-anspruch-10-jahre-qualitaetsnaturpark-und-es-geht-in-die-naechste-runde\/","og_site_name":"Naturpark Am Stettiner Haff","article_published_time":"2016-09-16T13:00:57+00:00","article_modified_time":"2016-09-30T08:02:57+00:00","og_image":[{"width":200,"height":200,"url":"https:\/\/www.naturparkmagazin.de\/am-stettiner-haff\/wp-content\/uploads\/sites\/29\/qo.jpg","type":"image\/jpeg"}],"author":"Jochen Elberskirch","twitter_misc":{"Verfasst von":"Jochen Elberskirch","Gesch\u00e4tzte Lesezeit":"1\u00a0Minute"},"schema":{"@context":"https:\/\/schema.org","@graph":[{"@type":"WebPage","@id":"https:\/\/www.naturparkmagazin.de\/am-stettiner-haff\/naturpark-mit-anspruch-10-jahre-qualitaetsnaturpark-und-es-geht-in-die-naechste-runde\/","url":"https:\/\/www.naturparkmagazin.de\/am-stettiner-haff\/naturpark-mit-anspruch-10-jahre-qualitaetsnaturpark-und-es-geht-in-die-naechste-runde\/","name":"Naturpark mit Anspruch \u2013 10 Jahre Qualit\u00e4tsnaturpark und es geht in die n\u00e4chste Runde - Naturpark Am Stettiner Haff","isPartOf":{"@id":"https:\/\/www.naturparkmagazin.de\/am-stettiner-haff\/#website"},"datePublished":"2016-09-16T13:00:57+00:00","dateModified":"2016-09-30T08:02:57+00:00","author":{"@id":"https:\/\/www.naturparkmagazin.de\/am-stettiner-haff\/#\/schema\/person\/4a7208080dbbfb024d81129b7960c725"},"breadcrumb":{"@id":"https:\/\/www.naturparkmagazin.de\/am-stettiner-haff\/naturpark-mit-anspruch-10-jahre-qualitaetsnaturpark-und-es-geht-in-die-naechste-runde\/#breadcrumb"},"inLanguage":"de","potentialAction":[{"@type":"ReadAction","target":["https:\/\/www.naturparkmagazin.de\/am-stettiner-haff\/naturpark-mit-anspruch-10-jahre-qualitaetsnaturpark-und-es-geht-in-die-naechste-runde\/"]}]},{"@type":"BreadcrumbList","@id":"https:\/\/www.naturparkmagazin.de\/am-stettiner-haff\/naturpark-mit-anspruch-10-jahre-qualitaetsnaturpark-und-es-geht-in-die-naechste-runde\/#breadcrumb","itemListElement":[{"@type":"ListItem","position":1,"name":"Home","item":"https:\/\/www.naturparkmagazin.de\/am-stettiner-haff\/"},{"@type":"ListItem","position":2,"name":"Naturpark mit Anspruch \u2013 10 Jahre Qualit\u00e4tsnaturpark und es geht in die n\u00e4chste Runde"}]},{"@type":"WebSite","@id":"https:\/\/www.naturparkmagazin.de\/am-stettiner-haff\/#website","url":"https:\/\/www.naturparkmagazin.de\/am-stettiner-haff\/","name":"Naturpark Am Stettiner Haff","description":"","potentialAction":[{"@type":"SearchAction","target":{"@type":"EntryPoint","urlTemplate":"https:\/\/www.naturparkmagazin.de\/am-stettiner-haff\/?s={search_term_string}"},"query-input":"required name=search_term_string"}],"inLanguage":"de"},{"@type":"Person","@id":"https:\/\/www.naturparkmagazin.de\/am-stettiner-haff\/#\/schema\/person\/4a7208080dbbfb024d81129b7960c725","name":"Jochen Elberskirch","sameAs":["http:\/\/www.naturpark-am-stettiner-haff.de"],"url":"https:\/\/www.naturparkmagazin.de\/am-stettiner-haff\/author\/jochenelberskirch\/"}]}},"_links":{"self":[{"href":"https:\/\/www.naturparkmagazin.de\/am-stettiner-haff\/wp-json\/wp\/v2\/posts\/1915"}],"collection":[{"href":"https:\/\/www.naturparkmagazin.de\/am-stettiner-haff\/wp-json\/wp\/v2\/posts"}],"about":[{"href":"https:\/\/www.naturparkmagazin.de\/am-stettiner-haff\/wp-json\/wp\/v2\/types\/post"}],"author":[{"embeddable":true,"href":"https:\/\/www.naturparkmagazin.de\/am-stettiner-haff\/wp-json\/wp\/v2\/users\/26"}],"replies":[{"embeddable":true,"href":"https:\/\/www.naturparkmagazin.de\/am-stettiner-haff\/wp-json\/wp\/v2\/comments?post=1915"}],"version-history":[{"count":6,"href":"https:\/\/www.naturparkmagazin.de\/am-stettiner-haff\/wp-json\/wp\/v2\/posts\/1915\/revisions"}],"predecessor-version":[{"id":2096,"href":"https:\/\/www.naturparkmagazin.de\/am-stettiner-haff\/wp-json\/wp\/v2\/posts\/1915\/revisions\/2096"}],"wp:featuredmedia":[{"embeddable":true,"href":"https:\/\/www.naturparkmagazin.de\/am-stettiner-haff\/wp-json\/wp\/v2\/media\/1936"}],"wp:attachment":[{"href":"https:\/\/www.naturparkmagazin.de\/am-stettiner-haff\/wp-json\/wp\/v2\/media?parent=1915"}],"wp:term":[{"taxonomy":"category","embeddable":true,"href":"https:\/\/www.naturparkmagazin.de\/am-stettiner-haff\/wp-json\/wp\/v2\/categories?post=1915"},{"taxonomy":"post_tag","embeddable":true,"href":"https:\/\/www.naturparkmagazin.de\/am-stettiner-haff\/wp-json\/wp\/v2\/tags?post=1915"}],"curies":[{"name":"wp","href":"https:\/\/api.w.org\/{rel}","templated":true}]}}