{"id":1922,"date":"2016-09-16T15:00:21","date_gmt":"2016-09-16T13:00:21","guid":{"rendered":"http:\/\/www.naturparkmagazin.de\/am-stettiner-haff\/?p=1922"},"modified":"2016-09-20T10:29:41","modified_gmt":"2016-09-20T08:29:41","slug":"ein-historisches-ereignis-in-der-schulgeschichte","status":"publish","type":"post","link":"https:\/\/www.naturparkmagazin.de\/am-stettiner-haff\/ein-historisches-ereignis-in-der-schulgeschichte\/","title":{"rendered":"\u201eEin historisches Ereignis in der Schulgeschichte\u201c"},"content":{"rendered":"<p><u>Landschaft im Wandel der Zeit \u2013 Vom Wald zum Forst<\/u><\/p>\n<p><u>BNE\u2013Projekt der Schlo\u00dfbergschule Pasewalk<\/u><\/p>\n<p>Seit mehreren Jahren f\u00fchren die Schlo\u00dfbergschule in Pasewalk und der Naturpark einen gemeinsamen Projekttag auf dem Schulgel\u00e4nde durch. Dabei entwickelte sich die Idee, Projekttage au\u00dferhalb des Schulgel\u00e4ndes durchzuf\u00fchren. Teile des Unterrichtes sollten in die Natur verlagert werden. Im Ergebnis ist ein Projekt entstanden, das die Sch\u00fcler \u00fcber mehrere Schuljahre hinweg begleitet und ihnen die M\u00f6glichkeit gibt, durch Mitmachen Wissen \u00fcber unsere Landschaft zu erlangen.<\/p>\n<p>Am 08. September trafen sich die Sch\u00fcler und Lehrer der Schlo\u00dfbergschule Pasewalk mit Mitarbeitern des Forstamtes Rothem\u00fchl und dem Team des Naturparkes am M\u00e4rchenwaldhaus in Nettelgrund. Mit drei Sonderbussen machte sich die gesamte Schule (130 Sch\u00fcler7innen und 18 Lehrkr\u00e4fte, Schulbegleiter, SSA) machten sich auf den Weg.\u00a0 Einen ganzen Unterrichtstag hat die Schule im Wald verbracht und an sechs Stationen, den Klassenstufen entsprechend, etwas \u00fcber die Landschaft im Wandel der Zeit \u2013 Vom Wald zum Forst gelernt.<\/p>\n<ul>\n<li>Eiszeit (3.\/ 4. Klasse)<\/li>\n<li>Boden war als erstes da (5.\/ 6. Klasse)<\/li>\n<li>Vom Samen zum Korn (7. Klasse)<\/li>\n<li>Das Hochzeitalter des Holzes (Mittelalter) (8. Klasse)<\/li>\n<li>Nachhaltige Wald-\/ Forstwirtschaft (9. Klasse)<\/li>\n<li>Der Forstwirt (10. Klasse)<\/li>\n<\/ul>\n<p><a href=\"https:\/\/www.naturparkmagazin.de\/am-stettiner-haff\/wp-content\/uploads\/sites\/29\/Waldtag-3.jpg\"><img decoding=\"async\" loading=\"lazy\" class=\"aligncenter size-large wp-image-1908\" src=\"https:\/\/www.naturparkmagazin.de\/am-stettiner-haff\/wp-content\/uploads\/sites\/29\/Waldtag-3-940x530.jpg\" alt=\"Waldtag (3)\" width=\"620\" height=\"350\" srcset=\"https:\/\/www.naturparkmagazin.de\/am-stettiner-haff\/wp-content\/uploads\/sites\/29\/Waldtag-3-940x530.jpg 940w, https:\/\/www.naturparkmagazin.de\/am-stettiner-haff\/wp-content\/uploads\/sites\/29\/Waldtag-3-300x169.jpg 300w, https:\/\/www.naturparkmagazin.de\/am-stettiner-haff\/wp-content\/uploads\/sites\/29\/Waldtag-3-620x349.jpg 620w, https:\/\/www.naturparkmagazin.de\/am-stettiner-haff\/wp-content\/uploads\/sites\/29\/Waldtag-3-670x378.jpg 670w, https:\/\/www.naturparkmagazin.de\/am-stettiner-haff\/wp-content\/uploads\/sites\/29\/Waldtag-3-200x113.jpg 200w, https:\/\/www.naturparkmagazin.de\/am-stettiner-haff\/wp-content\/uploads\/sites\/29\/Waldtag-3.jpg 1024w\" sizes=\"(max-width: 620px) 100vw, 620px\" \/><\/a><\/p>\n<p>Mit diesem besonderen Waldtag, der in der Folge j\u00e4hrlich ein Mal stattfinden wird, kommen allen Lernstufen in den Genuss aufeinanderfolgende Stationen der \u201eLandschaft im Wandel der Zeit\u201c zu durchlaufen. Der Waldtag stellt eine Besonderheit im schulischen Alltag dar und verbindet schulisches und zus\u00e4tzliches Wissen mit praktischen Arbeiten in der Natur.<\/p>\n<p><a href=\"https:\/\/www.naturparkmagazin.de\/am-stettiner-haff\/wp-content\/uploads\/sites\/29\/Waldtag-1.jpg\"><img decoding=\"async\" loading=\"lazy\" class=\"aligncenter size-large wp-image-1906\" src=\"https:\/\/www.naturparkmagazin.de\/am-stettiner-haff\/wp-content\/uploads\/sites\/29\/Waldtag-1-940x530.jpg\" alt=\"Waldtag (1)\" width=\"620\" height=\"350\" srcset=\"https:\/\/www.naturparkmagazin.de\/am-stettiner-haff\/wp-content\/uploads\/sites\/29\/Waldtag-1-940x530.jpg 940w, https:\/\/www.naturparkmagazin.de\/am-stettiner-haff\/wp-content\/uploads\/sites\/29\/Waldtag-1-300x169.jpg 300w, https:\/\/www.naturparkmagazin.de\/am-stettiner-haff\/wp-content\/uploads\/sites\/29\/Waldtag-1-620x349.jpg 620w, https:\/\/www.naturparkmagazin.de\/am-stettiner-haff\/wp-content\/uploads\/sites\/29\/Waldtag-1-670x378.jpg 670w, https:\/\/www.naturparkmagazin.de\/am-stettiner-haff\/wp-content\/uploads\/sites\/29\/Waldtag-1-200x113.jpg 200w, https:\/\/www.naturparkmagazin.de\/am-stettiner-haff\/wp-content\/uploads\/sites\/29\/Waldtag-1.jpg 1024w\" sizes=\"(max-width: 620px) 100vw, 620px\" \/><\/a> <a href=\"https:\/\/www.naturparkmagazin.de\/am-stettiner-haff\/wp-content\/uploads\/sites\/29\/Waldtag-2.jpg\"><img decoding=\"async\" loading=\"lazy\" class=\"aligncenter size-large wp-image-1907\" src=\"https:\/\/www.naturparkmagazin.de\/am-stettiner-haff\/wp-content\/uploads\/sites\/29\/Waldtag-2-940x530.jpg\" alt=\"Waldtag (2)\" width=\"620\" height=\"350\" srcset=\"https:\/\/www.naturparkmagazin.de\/am-stettiner-haff\/wp-content\/uploads\/sites\/29\/Waldtag-2-940x530.jpg 940w, https:\/\/www.naturparkmagazin.de\/am-stettiner-haff\/wp-content\/uploads\/sites\/29\/Waldtag-2-300x169.jpg 300w, https:\/\/www.naturparkmagazin.de\/am-stettiner-haff\/wp-content\/uploads\/sites\/29\/Waldtag-2-620x349.jpg 620w, https:\/\/www.naturparkmagazin.de\/am-stettiner-haff\/wp-content\/uploads\/sites\/29\/Waldtag-2-670x378.jpg 670w, https:\/\/www.naturparkmagazin.de\/am-stettiner-haff\/wp-content\/uploads\/sites\/29\/Waldtag-2-200x113.jpg 200w, https:\/\/www.naturparkmagazin.de\/am-stettiner-haff\/wp-content\/uploads\/sites\/29\/Waldtag-2.jpg 1024w\" sizes=\"(max-width: 620px) 100vw, 620px\" \/><\/a><\/p>\n<p>&nbsp;<\/p>\n<p style=\"text-align: center\">Die Projektpartner:<\/p>\n<ul>\n<li style=\"text-align: center\"><a href=\"http:\/\/www.schlossbergschule.com\/\" target=\"_blank\">Schlo\u00dfbergschule <\/a><\/li>\n<li style=\"text-align: center\"><a href=\"http:\/\/www.wald-mv.de\/Forstaemter\/Rothemuehl\/\" target=\"_blank\">Forstamt Rothem\u00fchl<\/a><\/li>\n<li style=\"text-align: center\"><a href=\"http:\/\/naturpark-am-stettiner-haff.de\/\" target=\"_blank\">Naturpark<\/a><\/li>\n<\/ul>\n<p>&nbsp;<\/p>\n","protected":false},"excerpt":{"rendered":"<p>Landschaft im Wandel der Zeit \u2013 Vom Wald zum Forst BNE\u2013Projekt der Schlo\u00dfbergschule Pasewalk Seit mehreren Jahren f\u00fchren die Schlo\u00dfbergschule in Pasewalk und der Naturpark einen gemeinsamen Projekttag auf dem Schulgel\u00e4nde durch. Dabei entwickelte sich die Idee, Projekttage au\u00dferhalb des Schulgel\u00e4ndes durchzuf\u00fchren. Teile des Unterrichtes sollten in die Natur verlagert werden. Im Ergebnis ist ein<\/p>\n","protected":false},"author":26,"featured_media":1908,"comment_status":"open","ping_status":"open","sticky":false,"template":"","format":"standard","meta":[],"categories":[7],"tags":[84,674],"yoast_head":"<!-- This site is optimized with the Yoast SEO plugin v19.10 - https:\/\/yoast.com\/wordpress\/plugins\/seo\/ -->\n<title>\u201eEin historisches Ereignis in der Schulgeschichte\u201c - Naturpark Am Stettiner Haff<\/title>\n<meta name=\"robots\" content=\"index, follow, max-snippet:-1, max-image-preview:large, max-video-preview:-1\" \/>\n<link rel=\"canonical\" href=\"https:\/\/www.naturparkmagazin.de\/am-stettiner-haff\/ein-historisches-ereignis-in-der-schulgeschichte\/\" \/>\n<meta property=\"og:locale\" content=\"de_DE\" \/>\n<meta property=\"og:type\" content=\"article\" \/>\n<meta property=\"og:title\" content=\"\u201eEin historisches Ereignis in der Schulgeschichte\u201c - Naturpark Am Stettiner Haff\" \/>\n<meta property=\"og:description\" content=\"Landschaft im Wandel der Zeit \u2013 Vom Wald zum Forst BNE\u2013Projekt der Schlo\u00dfbergschule Pasewalk Seit mehreren Jahren f\u00fchren die Schlo\u00dfbergschule in Pasewalk und der Naturpark einen gemeinsamen Projekttag auf dem Schulgel\u00e4nde durch. Dabei entwickelte sich die Idee, Projekttage au\u00dferhalb des Schulgel\u00e4ndes durchzuf\u00fchren. Teile des Unterrichtes sollten in die Natur verlagert werden. Im Ergebnis ist ein\" \/>\n<meta property=\"og:url\" content=\"https:\/\/www.naturparkmagazin.de\/am-stettiner-haff\/ein-historisches-ereignis-in-der-schulgeschichte\/\" \/>\n<meta property=\"og:site_name\" content=\"Naturpark Am Stettiner Haff\" \/>\n<meta property=\"article:published_time\" content=\"2016-09-16T13:00:21+00:00\" \/>\n<meta property=\"article:modified_time\" content=\"2016-09-20T08:29:41+00:00\" \/>\n<meta property=\"og:image\" content=\"https:\/\/www.naturparkmagazin.de\/am-stettiner-haff\/wp-content\/uploads\/sites\/29\/Waldtag-3.jpg\" \/>\n\t<meta property=\"og:image:width\" content=\"1024\" \/>\n\t<meta property=\"og:image:height\" content=\"577\" \/>\n\t<meta property=\"og:image:type\" content=\"image\/jpeg\" \/>\n<meta name=\"author\" content=\"Jochen Elberskirch\" \/>\n<meta name=\"twitter:label1\" content=\"Verfasst von\" \/>\n\t<meta name=\"twitter:data1\" content=\"Jochen Elberskirch\" \/>\n\t<meta name=\"twitter:label2\" content=\"Gesch\u00e4tzte Lesezeit\" \/>\n\t<meta name=\"twitter:data2\" content=\"1\u00a0Minute\" \/>\n<script type=\"application\/ld+json\" class=\"yoast-schema-graph\">{\"@context\":\"https:\/\/schema.org\",\"@graph\":[{\"@type\":\"WebPage\",\"@id\":\"https:\/\/www.naturparkmagazin.de\/am-stettiner-haff\/ein-historisches-ereignis-in-der-schulgeschichte\/\",\"url\":\"https:\/\/www.naturparkmagazin.de\/am-stettiner-haff\/ein-historisches-ereignis-in-der-schulgeschichte\/\",\"name\":\"\u201eEin historisches Ereignis in der Schulgeschichte\u201c - Naturpark Am Stettiner Haff\",\"isPartOf\":{\"@id\":\"https:\/\/www.naturparkmagazin.de\/am-stettiner-haff\/#website\"},\"datePublished\":\"2016-09-16T13:00:21+00:00\",\"dateModified\":\"2016-09-20T08:29:41+00:00\",\"author\":{\"@id\":\"https:\/\/www.naturparkmagazin.de\/am-stettiner-haff\/#\/schema\/person\/4a7208080dbbfb024d81129b7960c725\"},\"breadcrumb\":{\"@id\":\"https:\/\/www.naturparkmagazin.de\/am-stettiner-haff\/ein-historisches-ereignis-in-der-schulgeschichte\/#breadcrumb\"},\"inLanguage\":\"de\",\"potentialAction\":[{\"@type\":\"ReadAction\",\"target\":[\"https:\/\/www.naturparkmagazin.de\/am-stettiner-haff\/ein-historisches-ereignis-in-der-schulgeschichte\/\"]}]},{\"@type\":\"BreadcrumbList\",\"@id\":\"https:\/\/www.naturparkmagazin.de\/am-stettiner-haff\/ein-historisches-ereignis-in-der-schulgeschichte\/#breadcrumb\",\"itemListElement\":[{\"@type\":\"ListItem\",\"position\":1,\"name\":\"Home\",\"item\":\"https:\/\/www.naturparkmagazin.de\/am-stettiner-haff\/\"},{\"@type\":\"ListItem\",\"position\":2,\"name\":\"\u201eEin historisches Ereignis in der Schulgeschichte\u201c\"}]},{\"@type\":\"WebSite\",\"@id\":\"https:\/\/www.naturparkmagazin.de\/am-stettiner-haff\/#website\",\"url\":\"https:\/\/www.naturparkmagazin.de\/am-stettiner-haff\/\",\"name\":\"Naturpark Am Stettiner Haff\",\"description\":\"\",\"potentialAction\":[{\"@type\":\"SearchAction\",\"target\":{\"@type\":\"EntryPoint\",\"urlTemplate\":\"https:\/\/www.naturparkmagazin.de\/am-stettiner-haff\/?s={search_term_string}\"},\"query-input\":\"required name=search_term_string\"}],\"inLanguage\":\"de\"},{\"@type\":\"Person\",\"@id\":\"https:\/\/www.naturparkmagazin.de\/am-stettiner-haff\/#\/schema\/person\/4a7208080dbbfb024d81129b7960c725\",\"name\":\"Jochen Elberskirch\",\"sameAs\":[\"http:\/\/www.naturpark-am-stettiner-haff.de\"],\"url\":\"https:\/\/www.naturparkmagazin.de\/am-stettiner-haff\/author\/jochenelberskirch\/\"}]}<\/script>\n<!-- \/ Yoast SEO plugin. -->","yoast_head_json":{"title":"\u201eEin historisches Ereignis in der Schulgeschichte\u201c - Naturpark Am Stettiner Haff","robots":{"index":"index","follow":"follow","max-snippet":"max-snippet:-1","max-image-preview":"max-image-preview:large","max-video-preview":"max-video-preview:-1"},"canonical":"https:\/\/www.naturparkmagazin.de\/am-stettiner-haff\/ein-historisches-ereignis-in-der-schulgeschichte\/","og_locale":"de_DE","og_type":"article","og_title":"\u201eEin historisches Ereignis in der Schulgeschichte\u201c - Naturpark Am Stettiner Haff","og_description":"Landschaft im Wandel der Zeit \u2013 Vom Wald zum Forst BNE\u2013Projekt der Schlo\u00dfbergschule Pasewalk Seit mehreren Jahren f\u00fchren die Schlo\u00dfbergschule in Pasewalk und der Naturpark einen gemeinsamen Projekttag auf dem Schulgel\u00e4nde durch. Dabei entwickelte sich die Idee, Projekttage au\u00dferhalb des Schulgel\u00e4ndes durchzuf\u00fchren. Teile des Unterrichtes sollten in die Natur verlagert werden. Im Ergebnis ist ein","og_url":"https:\/\/www.naturparkmagazin.de\/am-stettiner-haff\/ein-historisches-ereignis-in-der-schulgeschichte\/","og_site_name":"Naturpark Am Stettiner Haff","article_published_time":"2016-09-16T13:00:21+00:00","article_modified_time":"2016-09-20T08:29:41+00:00","og_image":[{"width":1024,"height":577,"url":"https:\/\/www.naturparkmagazin.de\/am-stettiner-haff\/wp-content\/uploads\/sites\/29\/Waldtag-3.jpg","type":"image\/jpeg"}],"author":"Jochen Elberskirch","twitter_misc":{"Verfasst von":"Jochen Elberskirch","Gesch\u00e4tzte Lesezeit":"1\u00a0Minute"},"schema":{"@context":"https:\/\/schema.org","@graph":[{"@type":"WebPage","@id":"https:\/\/www.naturparkmagazin.de\/am-stettiner-haff\/ein-historisches-ereignis-in-der-schulgeschichte\/","url":"https:\/\/www.naturparkmagazin.de\/am-stettiner-haff\/ein-historisches-ereignis-in-der-schulgeschichte\/","name":"\u201eEin historisches Ereignis in der Schulgeschichte\u201c - Naturpark Am Stettiner Haff","isPartOf":{"@id":"https:\/\/www.naturparkmagazin.de\/am-stettiner-haff\/#website"},"datePublished":"2016-09-16T13:00:21+00:00","dateModified":"2016-09-20T08:29:41+00:00","author":{"@id":"https:\/\/www.naturparkmagazin.de\/am-stettiner-haff\/#\/schema\/person\/4a7208080dbbfb024d81129b7960c725"},"breadcrumb":{"@id":"https:\/\/www.naturparkmagazin.de\/am-stettiner-haff\/ein-historisches-ereignis-in-der-schulgeschichte\/#breadcrumb"},"inLanguage":"de","potentialAction":[{"@type":"ReadAction","target":["https:\/\/www.naturparkmagazin.de\/am-stettiner-haff\/ein-historisches-ereignis-in-der-schulgeschichte\/"]}]},{"@type":"BreadcrumbList","@id":"https:\/\/www.naturparkmagazin.de\/am-stettiner-haff\/ein-historisches-ereignis-in-der-schulgeschichte\/#breadcrumb","itemListElement":[{"@type":"ListItem","position":1,"name":"Home","item":"https:\/\/www.naturparkmagazin.de\/am-stettiner-haff\/"},{"@type":"ListItem","position":2,"name":"\u201eEin historisches Ereignis in der Schulgeschichte\u201c"}]},{"@type":"WebSite","@id":"https:\/\/www.naturparkmagazin.de\/am-stettiner-haff\/#website","url":"https:\/\/www.naturparkmagazin.de\/am-stettiner-haff\/","name":"Naturpark Am Stettiner Haff","description":"","potentialAction":[{"@type":"SearchAction","target":{"@type":"EntryPoint","urlTemplate":"https:\/\/www.naturparkmagazin.de\/am-stettiner-haff\/?s={search_term_string}"},"query-input":"required name=search_term_string"}],"inLanguage":"de"},{"@type":"Person","@id":"https:\/\/www.naturparkmagazin.de\/am-stettiner-haff\/#\/schema\/person\/4a7208080dbbfb024d81129b7960c725","name":"Jochen Elberskirch","sameAs":["http:\/\/www.naturpark-am-stettiner-haff.de"],"url":"https:\/\/www.naturparkmagazin.de\/am-stettiner-haff\/author\/jochenelberskirch\/"}]}},"_links":{"self":[{"href":"https:\/\/www.naturparkmagazin.de\/am-stettiner-haff\/wp-json\/wp\/v2\/posts\/1922"}],"collection":[{"href":"https:\/\/www.naturparkmagazin.de\/am-stettiner-haff\/wp-json\/wp\/v2\/posts"}],"about":[{"href":"https:\/\/www.naturparkmagazin.de\/am-stettiner-haff\/wp-json\/wp\/v2\/types\/post"}],"author":[{"embeddable":true,"href":"https:\/\/www.naturparkmagazin.de\/am-stettiner-haff\/wp-json\/wp\/v2\/users\/26"}],"replies":[{"embeddable":true,"href":"https:\/\/www.naturparkmagazin.de\/am-stettiner-haff\/wp-json\/wp\/v2\/comments?post=1922"}],"version-history":[{"count":9,"href":"https:\/\/www.naturparkmagazin.de\/am-stettiner-haff\/wp-json\/wp\/v2\/posts\/1922\/revisions"}],"predecessor-version":[{"id":2019,"href":"https:\/\/www.naturparkmagazin.de\/am-stettiner-haff\/wp-json\/wp\/v2\/posts\/1922\/revisions\/2019"}],"wp:featuredmedia":[{"embeddable":true,"href":"https:\/\/www.naturparkmagazin.de\/am-stettiner-haff\/wp-json\/wp\/v2\/media\/1908"}],"wp:attachment":[{"href":"https:\/\/www.naturparkmagazin.de\/am-stettiner-haff\/wp-json\/wp\/v2\/media?parent=1922"}],"wp:term":[{"taxonomy":"category","embeddable":true,"href":"https:\/\/www.naturparkmagazin.de\/am-stettiner-haff\/wp-json\/wp\/v2\/categories?post=1922"},{"taxonomy":"post_tag","embeddable":true,"href":"https:\/\/www.naturparkmagazin.de\/am-stettiner-haff\/wp-json\/wp\/v2\/tags?post=1922"}],"curies":[{"name":"wp","href":"https:\/\/api.w.org\/{rel}","templated":true}]}}