{"id":1955,"date":"2016-10-17T15:52:01","date_gmt":"2016-10-17T13:52:01","guid":{"rendered":"http:\/\/www.naturparkmagazin.de\/am-stettiner-haff\/?p=1955"},"modified":"2016-10-27T14:24:28","modified_gmt":"2016-10-27T12:24:28","slug":"faszination-afrika-karibu-sana-herzlich-willkommen","status":"publish","type":"post","link":"https:\/\/www.naturparkmagazin.de\/am-stettiner-haff\/faszination-afrika-karibu-sana-herzlich-willkommen\/","title":{"rendered":"Faszination Afrika \u2013 Karibu Sana \u2013 Herzlich willkommen!"},"content":{"rendered":"<p><em>Faszinierende Augenblicke s\u00fcdlicher Welten in beeindruckenden Bildern festgehalten von Hans-Arno Ulrich aus Torgelow und Horst Schr\u00f6der (\u2020) \u2013 besuchen Sie die Ausstellung \u00fcber Menschen, Tiere und Landschaften der afrikanischen Savanne!<\/em><\/p>\n<p>Ab dem 1. November 2016 pr\u00e4sentiert der F\u00f6rderverein f\u00fcr Naturschutzarbeit Uecker-Randow-Region e.V. die Fotoausstellung &#8222;Faszination Afrika \u2013 Karibu Sana \u2013 Herzlich willkommen!&#8220; in den R\u00e4umen des Besucherinformationszentrums des Naturparks &#8222;Am Stettiner Haff&#8220; am Bahnhof in Eggesin montags bis freitags in der Zeit von 10:00 Uhr &#8211; 15:00 Uhr. Der Eintritt ist frei.<\/p>\n<p>&nbsp;<\/p>\n<div id=\"attachment_1961\" style=\"width: 630px\" class=\"wp-caption aligncenter\"><a href=\"https:\/\/www.naturparkmagazin.de\/am-stettiner-haff\/wp-content\/uploads\/sites\/29\/12.12.03-Ngorongoro-Krater-S\u00fcdafrika.jpg\"><img aria-describedby=\"caption-attachment-1961\" decoding=\"async\" loading=\"lazy\" class=\"size-large wp-image-1961\" src=\"https:\/\/www.naturparkmagazin.de\/am-stettiner-haff\/wp-content\/uploads\/sites\/29\/12.12.03-Ngorongoro-Krater-S\u00fcdafrika-940x1317.jpg\" alt=\"12.12.03 Ngorongoro-Krater S\u00fcdafrika (Foto: Hans-Arno Ulrich \/ Horst Schr\u00f6der (\u2020)\" width=\"620\" height=\"869\" srcset=\"https:\/\/www.naturparkmagazin.de\/am-stettiner-haff\/wp-content\/uploads\/sites\/29\/12.12.03-Ngorongoro-Krater-S\u00fcdafrika-940x1317.jpg 940w, https:\/\/www.naturparkmagazin.de\/am-stettiner-haff\/wp-content\/uploads\/sites\/29\/12.12.03-Ngorongoro-Krater-S\u00fcdafrika-300x420.jpg 300w, https:\/\/www.naturparkmagazin.de\/am-stettiner-haff\/wp-content\/uploads\/sites\/29\/12.12.03-Ngorongoro-Krater-S\u00fcdafrika-620x869.jpg 620w, https:\/\/www.naturparkmagazin.de\/am-stettiner-haff\/wp-content\/uploads\/sites\/29\/12.12.03-Ngorongoro-Krater-S\u00fcdafrika-670x939.jpg 670w, https:\/\/www.naturparkmagazin.de\/am-stettiner-haff\/wp-content\/uploads\/sites\/29\/12.12.03-Ngorongoro-Krater-S\u00fcdafrika-200x280.jpg 200w, https:\/\/www.naturparkmagazin.de\/am-stettiner-haff\/wp-content\/uploads\/sites\/29\/12.12.03-Ngorongoro-Krater-S\u00fcdafrika.jpg 1460w\" sizes=\"(max-width: 620px) 100vw, 620px\" \/><\/a><p id=\"caption-attachment-1961\" class=\"wp-caption-text\">12.12.03 Ngorongoro-Krater S\u00fcdafrika (Foto: Hans-Arno Ulrich \/ Horst Schr\u00f6der (\u2020)<\/p><\/div>\n","protected":false},"excerpt":{"rendered":"<p>Ab dem 1. November 2016 pr\u00e4sentiert der F\u00f6rderverein f\u00fcr Naturschutzarbeit Uecker-Randow-Region e.V. die Fotoausstellung &#8222;Faszination Afrika \u2013 Karibu Sana \u2013 Herzlich willkommen!&#8220; in den R\u00e4umen des Besucherinformationszentrums des Naturparks &#8222;Am Stettiner Haff&#8220; am Bahnhof in Eggesin montags bis freitags in der Zeit von 10:00 Uhr &#8211; 15:00 Uhr. <\/p>\n","protected":false},"author":26,"featured_media":1961,"comment_status":"open","ping_status":"open","sticky":false,"template":"","format":"standard","meta":[],"categories":[11],"tags":[],"yoast_head":"<!-- This site is optimized with the Yoast SEO plugin v19.10 - https:\/\/yoast.com\/wordpress\/plugins\/seo\/ -->\n<title>Faszination Afrika \u2013 Karibu Sana \u2013 Herzlich willkommen! - Naturpark Am Stettiner Haff<\/title>\n<meta name=\"robots\" content=\"index, follow, max-snippet:-1, max-image-preview:large, max-video-preview:-1\" \/>\n<link rel=\"canonical\" href=\"https:\/\/www.naturparkmagazin.de\/am-stettiner-haff\/faszination-afrika-karibu-sana-herzlich-willkommen\/\" \/>\n<meta property=\"og:locale\" content=\"de_DE\" \/>\n<meta property=\"og:type\" content=\"article\" \/>\n<meta property=\"og:title\" content=\"Faszination Afrika \u2013 Karibu Sana \u2013 Herzlich willkommen! - Naturpark Am Stettiner Haff\" \/>\n<meta property=\"og:description\" content=\"Ab dem 1. November 2016 pr\u00e4sentiert der F\u00f6rderverein f\u00fcr Naturschutzarbeit Uecker-Randow-Region e.V. die Fotoausstellung &quot;Faszination Afrika \u2013 Karibu Sana \u2013 Herzlich willkommen!&quot; in den R\u00e4umen des Besucherinformationszentrums des Naturparks &quot;Am Stettiner Haff&quot; am Bahnhof in Eggesin montags bis freitags in der Zeit von 10:00 Uhr - 15:00 Uhr.\" \/>\n<meta property=\"og:url\" content=\"https:\/\/www.naturparkmagazin.de\/am-stettiner-haff\/faszination-afrika-karibu-sana-herzlich-willkommen\/\" \/>\n<meta property=\"og:site_name\" content=\"Naturpark Am Stettiner Haff\" \/>\n<meta property=\"article:published_time\" content=\"2016-10-17T13:52:01+00:00\" \/>\n<meta property=\"article:modified_time\" content=\"2016-10-27T12:24:28+00:00\" \/>\n<meta property=\"og:image\" content=\"https:\/\/www.naturparkmagazin.de\/am-stettiner-haff\/wp-content\/uploads\/sites\/29\/12.12.03-Ngorongoro-Krater-S\u00fcdafrika.jpg\" \/>\n\t<meta property=\"og:image:width\" content=\"1460\" \/>\n\t<meta property=\"og:image:height\" content=\"2046\" \/>\n\t<meta property=\"og:image:type\" content=\"image\/jpeg\" \/>\n<meta name=\"author\" content=\"Jochen Elberskirch\" \/>\n<meta name=\"twitter:label1\" content=\"Verfasst von\" \/>\n\t<meta name=\"twitter:data1\" content=\"Jochen Elberskirch\" \/>\n<script type=\"application\/ld+json\" class=\"yoast-schema-graph\">{\"@context\":\"https:\/\/schema.org\",\"@graph\":[{\"@type\":\"WebPage\",\"@id\":\"https:\/\/www.naturparkmagazin.de\/am-stettiner-haff\/faszination-afrika-karibu-sana-herzlich-willkommen\/\",\"url\":\"https:\/\/www.naturparkmagazin.de\/am-stettiner-haff\/faszination-afrika-karibu-sana-herzlich-willkommen\/\",\"name\":\"Faszination Afrika \u2013 Karibu Sana \u2013 Herzlich willkommen! - Naturpark Am Stettiner Haff\",\"isPartOf\":{\"@id\":\"https:\/\/www.naturparkmagazin.de\/am-stettiner-haff\/#website\"},\"datePublished\":\"2016-10-17T13:52:01+00:00\",\"dateModified\":\"2016-10-27T12:24:28+00:00\",\"author\":{\"@id\":\"https:\/\/www.naturparkmagazin.de\/am-stettiner-haff\/#\/schema\/person\/4a7208080dbbfb024d81129b7960c725\"},\"breadcrumb\":{\"@id\":\"https:\/\/www.naturparkmagazin.de\/am-stettiner-haff\/faszination-afrika-karibu-sana-herzlich-willkommen\/#breadcrumb\"},\"inLanguage\":\"de\",\"potentialAction\":[{\"@type\":\"ReadAction\",\"target\":[\"https:\/\/www.naturparkmagazin.de\/am-stettiner-haff\/faszination-afrika-karibu-sana-herzlich-willkommen\/\"]}]},{\"@type\":\"BreadcrumbList\",\"@id\":\"https:\/\/www.naturparkmagazin.de\/am-stettiner-haff\/faszination-afrika-karibu-sana-herzlich-willkommen\/#breadcrumb\",\"itemListElement\":[{\"@type\":\"ListItem\",\"position\":1,\"name\":\"Home\",\"item\":\"https:\/\/www.naturparkmagazin.de\/am-stettiner-haff\/\"},{\"@type\":\"ListItem\",\"position\":2,\"name\":\"Faszination Afrika \u2013 Karibu Sana \u2013 Herzlich willkommen!\"}]},{\"@type\":\"WebSite\",\"@id\":\"https:\/\/www.naturparkmagazin.de\/am-stettiner-haff\/#website\",\"url\":\"https:\/\/www.naturparkmagazin.de\/am-stettiner-haff\/\",\"name\":\"Naturpark Am Stettiner Haff\",\"description\":\"\",\"potentialAction\":[{\"@type\":\"SearchAction\",\"target\":{\"@type\":\"EntryPoint\",\"urlTemplate\":\"https:\/\/www.naturparkmagazin.de\/am-stettiner-haff\/?s={search_term_string}\"},\"query-input\":\"required name=search_term_string\"}],\"inLanguage\":\"de\"},{\"@type\":\"Person\",\"@id\":\"https:\/\/www.naturparkmagazin.de\/am-stettiner-haff\/#\/schema\/person\/4a7208080dbbfb024d81129b7960c725\",\"name\":\"Jochen Elberskirch\",\"sameAs\":[\"http:\/\/www.naturpark-am-stettiner-haff.de\"],\"url\":\"https:\/\/www.naturparkmagazin.de\/am-stettiner-haff\/author\/jochenelberskirch\/\"}]}<\/script>\n<!-- \/ Yoast SEO plugin. -->","yoast_head_json":{"title":"Faszination Afrika \u2013 Karibu Sana \u2013 Herzlich willkommen! - Naturpark Am Stettiner Haff","robots":{"index":"index","follow":"follow","max-snippet":"max-snippet:-1","max-image-preview":"max-image-preview:large","max-video-preview":"max-video-preview:-1"},"canonical":"https:\/\/www.naturparkmagazin.de\/am-stettiner-haff\/faszination-afrika-karibu-sana-herzlich-willkommen\/","og_locale":"de_DE","og_type":"article","og_title":"Faszination Afrika \u2013 Karibu Sana \u2013 Herzlich willkommen! - Naturpark Am Stettiner Haff","og_description":"Ab dem 1. November 2016 pr\u00e4sentiert der F\u00f6rderverein f\u00fcr Naturschutzarbeit Uecker-Randow-Region e.V. die Fotoausstellung \"Faszination Afrika \u2013 Karibu Sana \u2013 Herzlich willkommen!\" in den R\u00e4umen des Besucherinformationszentrums des Naturparks \"Am Stettiner Haff\" am Bahnhof in Eggesin montags bis freitags in der Zeit von 10:00 Uhr - 15:00 Uhr.","og_url":"https:\/\/www.naturparkmagazin.de\/am-stettiner-haff\/faszination-afrika-karibu-sana-herzlich-willkommen\/","og_site_name":"Naturpark Am Stettiner Haff","article_published_time":"2016-10-17T13:52:01+00:00","article_modified_time":"2016-10-27T12:24:28+00:00","og_image":[{"width":1460,"height":2046,"url":"https:\/\/www.naturparkmagazin.de\/am-stettiner-haff\/wp-content\/uploads\/sites\/29\/12.12.03-Ngorongoro-Krater-S\u00fcdafrika.jpg","type":"image\/jpeg"}],"author":"Jochen Elberskirch","twitter_misc":{"Verfasst von":"Jochen Elberskirch"},"schema":{"@context":"https:\/\/schema.org","@graph":[{"@type":"WebPage","@id":"https:\/\/www.naturparkmagazin.de\/am-stettiner-haff\/faszination-afrika-karibu-sana-herzlich-willkommen\/","url":"https:\/\/www.naturparkmagazin.de\/am-stettiner-haff\/faszination-afrika-karibu-sana-herzlich-willkommen\/","name":"Faszination Afrika \u2013 Karibu Sana \u2013 Herzlich willkommen! - Naturpark Am Stettiner Haff","isPartOf":{"@id":"https:\/\/www.naturparkmagazin.de\/am-stettiner-haff\/#website"},"datePublished":"2016-10-17T13:52:01+00:00","dateModified":"2016-10-27T12:24:28+00:00","author":{"@id":"https:\/\/www.naturparkmagazin.de\/am-stettiner-haff\/#\/schema\/person\/4a7208080dbbfb024d81129b7960c725"},"breadcrumb":{"@id":"https:\/\/www.naturparkmagazin.de\/am-stettiner-haff\/faszination-afrika-karibu-sana-herzlich-willkommen\/#breadcrumb"},"inLanguage":"de","potentialAction":[{"@type":"ReadAction","target":["https:\/\/www.naturparkmagazin.de\/am-stettiner-haff\/faszination-afrika-karibu-sana-herzlich-willkommen\/"]}]},{"@type":"BreadcrumbList","@id":"https:\/\/www.naturparkmagazin.de\/am-stettiner-haff\/faszination-afrika-karibu-sana-herzlich-willkommen\/#breadcrumb","itemListElement":[{"@type":"ListItem","position":1,"name":"Home","item":"https:\/\/www.naturparkmagazin.de\/am-stettiner-haff\/"},{"@type":"ListItem","position":2,"name":"Faszination Afrika \u2013 Karibu Sana \u2013 Herzlich willkommen!"}]},{"@type":"WebSite","@id":"https:\/\/www.naturparkmagazin.de\/am-stettiner-haff\/#website","url":"https:\/\/www.naturparkmagazin.de\/am-stettiner-haff\/","name":"Naturpark Am Stettiner Haff","description":"","potentialAction":[{"@type":"SearchAction","target":{"@type":"EntryPoint","urlTemplate":"https:\/\/www.naturparkmagazin.de\/am-stettiner-haff\/?s={search_term_string}"},"query-input":"required name=search_term_string"}],"inLanguage":"de"},{"@type":"Person","@id":"https:\/\/www.naturparkmagazin.de\/am-stettiner-haff\/#\/schema\/person\/4a7208080dbbfb024d81129b7960c725","name":"Jochen Elberskirch","sameAs":["http:\/\/www.naturpark-am-stettiner-haff.de"],"url":"https:\/\/www.naturparkmagazin.de\/am-stettiner-haff\/author\/jochenelberskirch\/"}]}},"_links":{"self":[{"href":"https:\/\/www.naturparkmagazin.de\/am-stettiner-haff\/wp-json\/wp\/v2\/posts\/1955"}],"collection":[{"href":"https:\/\/www.naturparkmagazin.de\/am-stettiner-haff\/wp-json\/wp\/v2\/posts"}],"about":[{"href":"https:\/\/www.naturparkmagazin.de\/am-stettiner-haff\/wp-json\/wp\/v2\/types\/post"}],"author":[{"embeddable":true,"href":"https:\/\/www.naturparkmagazin.de\/am-stettiner-haff\/wp-json\/wp\/v2\/users\/26"}],"replies":[{"embeddable":true,"href":"https:\/\/www.naturparkmagazin.de\/am-stettiner-haff\/wp-json\/wp\/v2\/comments?post=1955"}],"version-history":[{"count":6,"href":"https:\/\/www.naturparkmagazin.de\/am-stettiner-haff\/wp-json\/wp\/v2\/posts\/1955\/revisions"}],"predecessor-version":[{"id":1979,"href":"https:\/\/www.naturparkmagazin.de\/am-stettiner-haff\/wp-json\/wp\/v2\/posts\/1955\/revisions\/1979"}],"wp:featuredmedia":[{"embeddable":true,"href":"https:\/\/www.naturparkmagazin.de\/am-stettiner-haff\/wp-json\/wp\/v2\/media\/1961"}],"wp:attachment":[{"href":"https:\/\/www.naturparkmagazin.de\/am-stettiner-haff\/wp-json\/wp\/v2\/media?parent=1955"}],"wp:term":[{"taxonomy":"category","embeddable":true,"href":"https:\/\/www.naturparkmagazin.de\/am-stettiner-haff\/wp-json\/wp\/v2\/categories?post=1955"},{"taxonomy":"post_tag","embeddable":true,"href":"https:\/\/www.naturparkmagazin.de\/am-stettiner-haff\/wp-json\/wp\/v2\/tags?post=1955"}],"curies":[{"name":"wp","href":"https:\/\/api.w.org\/{rel}","templated":true}]}}