{"id":1987,"date":"2016-11-14T16:36:55","date_gmt":"2016-11-14T15:36:55","guid":{"rendered":"http:\/\/www.naturparkmagazin.de\/am-stettiner-haff\/?p=1987"},"modified":"2016-11-15T15:14:16","modified_gmt":"2016-11-15T14:14:16","slug":"weihnachten-steht-vor-der-tuer","status":"publish","type":"post","link":"https:\/\/www.naturparkmagazin.de\/am-stettiner-haff\/weihnachten-steht-vor-der-tuer\/","title":{"rendered":"Weihnachten steht vor der T\u00fcr &#8230;."},"content":{"rendered":"<div id=\"attachment_1993\" style=\"width: 630px\" class=\"wp-caption aligncenter\"><a href=\"https:\/\/www.naturparkmagazin.de\/am-stettiner-haff\/wp-content\/uploads\/sites\/29\/Adventsdorf-Rieth-Hof-Kulturscheune-Rieth-Adventsmarkt-Weihnachstmarkt.jpg\"><img aria-describedby=\"caption-attachment-1993\" decoding=\"async\" loading=\"lazy\" class=\"size-large wp-image-1993\" src=\"https:\/\/www.naturparkmagazin.de\/am-stettiner-haff\/wp-content\/uploads\/sites\/29\/Adventsdorf-Rieth-Hof-Kulturscheune-Rieth-Adventsmarkt-Weihnachstmarkt-940x626.jpg\" alt=\"Hof Kulturscheune Rieth (Foto: T.Sammler)\" width=\"620\" height=\"413\" srcset=\"https:\/\/www.naturparkmagazin.de\/am-stettiner-haff\/wp-content\/uploads\/sites\/29\/Adventsdorf-Rieth-Hof-Kulturscheune-Rieth-Adventsmarkt-Weihnachstmarkt-940x626.jpg 940w, https:\/\/www.naturparkmagazin.de\/am-stettiner-haff\/wp-content\/uploads\/sites\/29\/Adventsdorf-Rieth-Hof-Kulturscheune-Rieth-Adventsmarkt-Weihnachstmarkt-300x200.jpg 300w, https:\/\/www.naturparkmagazin.de\/am-stettiner-haff\/wp-content\/uploads\/sites\/29\/Adventsdorf-Rieth-Hof-Kulturscheune-Rieth-Adventsmarkt-Weihnachstmarkt-620x413.jpg 620w, https:\/\/www.naturparkmagazin.de\/am-stettiner-haff\/wp-content\/uploads\/sites\/29\/Adventsdorf-Rieth-Hof-Kulturscheune-Rieth-Adventsmarkt-Weihnachstmarkt-670x447.jpg 670w, https:\/\/www.naturparkmagazin.de\/am-stettiner-haff\/wp-content\/uploads\/sites\/29\/Adventsdorf-Rieth-Hof-Kulturscheune-Rieth-Adventsmarkt-Weihnachstmarkt-200x133.jpg 200w, https:\/\/www.naturparkmagazin.de\/am-stettiner-haff\/wp-content\/uploads\/sites\/29\/Adventsdorf-Rieth-Hof-Kulturscheune-Rieth-Adventsmarkt-Weihnachstmarkt.jpg 1556w\" sizes=\"(max-width: 620px) 100vw, 620px\" \/><\/a><p id=\"caption-attachment-1993\" class=\"wp-caption-text\">Hof Kulturscheune Rieth (Foto: T.Sammler)<\/p><\/div>\n<p>Wieder einmal ist das Jahr viel zu schnell vergangen und der Dezember steht vor der T\u00fcr und mit ihm die Vorweihnachtszeit. Ein Termin reiht sich an den anderen und auch Weihnachten selbst r\u00fcckt\u00a0immer n\u00e4her&#8230;<\/p>\n<p>Dennoch ist gerade die Adventszeit mit all ihren bunten Lichtern und festlich geschm\u00fcckten H\u00e4usern und Pl\u00e4tzen eine der sch\u00f6nsten Zeiten im Jahreslauf. Und wann, wenn nicht jetzt, lohnt es sich innezuhalten und ganz einfach das Leben zu genie\u00dfen.\u00a0Zahlreiche Weihnachts- oder Adventsm\u00e4rkte, jeder mit seinem ganz eigenem Charme\u00a0laden zum Verweilen ein. In vielen Orten werden festliche Weisen angestimmt oder ganze Orchester spielen auf &#8211; nutzen Sie die Gelegenheit und lassen Sie sich entf\u00fchren in eine sinnliche Vorweihnachtszeit.<\/p>\n<p>Anregungen finden Sie in der folgenden kleinen Auswahl:<\/p>\n<ul>\n<li>25.11.2016 &#8211; Weihnachtsmarkt in Meiersberg (ab 15:00 Uhr an der Kirche)<\/li>\n<li>25.11.2016 &#8211; Weihnachtskonzert in der Kirche L\u00f6cknitz (19:00 Uhr)<\/li>\n<li>26.11.2016 &#8211; Brennholztag in Eggesin &#8211; der etwas andere Weihnachtsmarkt (ab 12:00 Uhr)<\/li>\n<li>26.11.2016\u00a0\u00a0\u00a0 Adventsmarkt\u00a0 auf dem Burggel\u00e4nde L\u00f6cknitz (ab 14:00 Uhr)<\/li>\n<li>26.11.2016 &#8211; Adventsmarkt Ferdinandshof (am Brandstall)<\/li>\n<li>26.11.2016 &#8211; Adventskonzert der Kreismusikschule in\u00a0Ferdinandshof\u00a0(15:00 im Brandstall)<\/li>\n<li>27.11.2016 &#8211; Adventsmarkt in Hintersee (ab 14:00 Uhr)<\/li>\n<li>02.12.2016 &#8211; Benefiz- Weihnachtskonzert der Kantorei Ueckerm\u00fcnde\/Liepgarten in der St. Marienkirche Ueckerm\u00fcnde (19:00 Uhr)<\/li>\n<li>03.12.2016 &#8211; <a title=\"Adventsdorf Rieth\" href=\"http:\/\/www.eggesin.de\/aktuell\/veranstaltung\/veranstaltung-einzelansicht\/datum\/2016\/12\/03\/adventsdorf-rieth\/\">Adventsdorf Rieth<\/a>\u00a0(ab 14:00 Uhr)<\/li>\n<li>03.\u00a0und 04.12. 2016 &#8211; Weihnachtsmarkt\u00a0in Torgelow<\/li>\n<li>04.12.2016 &#8211; Chorkonzert, Kirche Blankensee (14.00 Uhr)<\/li>\n<li>04.12.2016 &#8211; Weihnachtsbasar in Luckow (ab 14:30 Uhr in\/ an der\u00a0Fachwerkkirche)<\/li>\n<li>06.12.2016\u00a0&#8211; Nikolausbesuch im Tierpark Ueckerm\u00fcnde<\/li>\n<li>09.\u00a0bis 11.12.2016 &#8211; \u00a0Weihnachtsmarkt in Pasewalk<\/li>\n<li>10.12.2016 Weihnachtsmarkt &#8211; Liepgarten<\/li>\n<li>13. + 14.12.2016 &#8211; Weihnachtskonzert &#8211; Martin-Luther-Kirche Eggesin (19:00 Uhr)<\/li>\n<li>15.12.2016 &#8211; \u00a0Weihnachtskonzert mit dem Brandenburgischen Konzertorchester &#8211; Ueckersaal Torgelow (19:30 Uhr)<\/li>\n<li>16. 12.2016 &#8211; Bl\u00e4sermusik im Kerzenschein mit Martin Huss (Landesposaunenwart) (19:00 Uhr\u00a0Christuskirche Torgelow)<\/li>\n<li>17. + 18.12.2016 &#8211; 16. Ueckerm\u00fcnder Weihnachtsmarkt<\/li>\n<li>18.12.2016 &#8211; Weihnachtsmarkt in Blumenthal (Gel\u00e4nde des Sch\u00fctzenvereins)<\/li>\n<li>20.12.2016 &#8211; &#8222;Zauberhafte Weihnachten&#8220; Solisten und Ballerinas des Nationaltheaters Prag, ein M\u00e4rchenerz\u00e4hler und das Metropal Chamber Orchestra (19:20 Uhr &#8211; Stadthalle Torgelow)<\/li>\n<\/ul>\n","protected":false},"excerpt":{"rendered":"<p>Wieder einmal ist das Jahr viel zu schnell vergangen und der Dezember steht vor der T\u00fcr und mit ihm die Vorweihnachtszeit. Ein Termin reiht sich an den anderen und auch Weihnachten selbst r\u00fcckt immer n\u00e4her&#8230;<\/p>\n","protected":false},"author":26,"featured_media":1994,"comment_status":"open","ping_status":"open","sticky":false,"template":"","format":"standard","meta":[],"categories":[11],"tags":[],"yoast_head":"<!-- This site is optimized with the Yoast SEO plugin v19.10 - https:\/\/yoast.com\/wordpress\/plugins\/seo\/ -->\n<title>Weihnachten steht vor der T\u00fcr .... - Naturpark Am Stettiner Haff<\/title>\n<meta name=\"robots\" content=\"index, follow, max-snippet:-1, max-image-preview:large, max-video-preview:-1\" \/>\n<link rel=\"canonical\" href=\"https:\/\/www.naturparkmagazin.de\/am-stettiner-haff\/weihnachten-steht-vor-der-tuer\/\" \/>\n<meta property=\"og:locale\" content=\"de_DE\" \/>\n<meta property=\"og:type\" content=\"article\" \/>\n<meta property=\"og:title\" content=\"Weihnachten steht vor der T\u00fcr .... - Naturpark Am Stettiner Haff\" \/>\n<meta property=\"og:description\" content=\"Wieder einmal ist das Jahr viel zu schnell vergangen und der Dezember steht vor der T\u00fcr und mit ihm die Vorweihnachtszeit. Ein Termin reiht sich an den anderen und auch Weihnachten selbst r\u00fcckt immer n\u00e4her...\" \/>\n<meta property=\"og:url\" content=\"https:\/\/www.naturparkmagazin.de\/am-stettiner-haff\/weihnachten-steht-vor-der-tuer\/\" \/>\n<meta property=\"og:site_name\" content=\"Naturpark Am Stettiner Haff\" \/>\n<meta property=\"article:published_time\" content=\"2016-11-14T15:36:55+00:00\" \/>\n<meta property=\"article:modified_time\" content=\"2016-11-15T14:14:16+00:00\" \/>\n<meta property=\"og:image\" content=\"https:\/\/www.naturparkmagazin.de\/am-stettiner-haff\/wp-content\/uploads\/sites\/29\/Adventsdorf-Rieth-Alte-Molkerei-Hof-Cafe-de-Kl\u00f6nstuw-copyright-kulturscheune-Rieth-de.jpg\" \/>\n\t<meta property=\"og:image:width\" content=\"505\" \/>\n\t<meta property=\"og:image:height\" content=\"338\" \/>\n\t<meta property=\"og:image:type\" content=\"image\/jpeg\" \/>\n<meta name=\"author\" content=\"Jochen Elberskirch\" \/>\n<meta name=\"twitter:label1\" content=\"Verfasst von\" \/>\n\t<meta name=\"twitter:data1\" content=\"Jochen Elberskirch\" \/>\n\t<meta name=\"twitter:label2\" content=\"Gesch\u00e4tzte Lesezeit\" \/>\n\t<meta name=\"twitter:data2\" content=\"2\u00a0Minuten\" \/>\n<script type=\"application\/ld+json\" class=\"yoast-schema-graph\">{\"@context\":\"https:\/\/schema.org\",\"@graph\":[{\"@type\":\"WebPage\",\"@id\":\"https:\/\/www.naturparkmagazin.de\/am-stettiner-haff\/weihnachten-steht-vor-der-tuer\/\",\"url\":\"https:\/\/www.naturparkmagazin.de\/am-stettiner-haff\/weihnachten-steht-vor-der-tuer\/\",\"name\":\"Weihnachten steht vor der T\u00fcr .... - Naturpark Am Stettiner Haff\",\"isPartOf\":{\"@id\":\"https:\/\/www.naturparkmagazin.de\/am-stettiner-haff\/#website\"},\"datePublished\":\"2016-11-14T15:36:55+00:00\",\"dateModified\":\"2016-11-15T14:14:16+00:00\",\"author\":{\"@id\":\"https:\/\/www.naturparkmagazin.de\/am-stettiner-haff\/#\/schema\/person\/4a7208080dbbfb024d81129b7960c725\"},\"breadcrumb\":{\"@id\":\"https:\/\/www.naturparkmagazin.de\/am-stettiner-haff\/weihnachten-steht-vor-der-tuer\/#breadcrumb\"},\"inLanguage\":\"de\",\"potentialAction\":[{\"@type\":\"ReadAction\",\"target\":[\"https:\/\/www.naturparkmagazin.de\/am-stettiner-haff\/weihnachten-steht-vor-der-tuer\/\"]}]},{\"@type\":\"BreadcrumbList\",\"@id\":\"https:\/\/www.naturparkmagazin.de\/am-stettiner-haff\/weihnachten-steht-vor-der-tuer\/#breadcrumb\",\"itemListElement\":[{\"@type\":\"ListItem\",\"position\":1,\"name\":\"Home\",\"item\":\"https:\/\/www.naturparkmagazin.de\/am-stettiner-haff\/\"},{\"@type\":\"ListItem\",\"position\":2,\"name\":\"Weihnachten steht vor der T\u00fcr &#8230;.\"}]},{\"@type\":\"WebSite\",\"@id\":\"https:\/\/www.naturparkmagazin.de\/am-stettiner-haff\/#website\",\"url\":\"https:\/\/www.naturparkmagazin.de\/am-stettiner-haff\/\",\"name\":\"Naturpark Am Stettiner Haff\",\"description\":\"\",\"potentialAction\":[{\"@type\":\"SearchAction\",\"target\":{\"@type\":\"EntryPoint\",\"urlTemplate\":\"https:\/\/www.naturparkmagazin.de\/am-stettiner-haff\/?s={search_term_string}\"},\"query-input\":\"required name=search_term_string\"}],\"inLanguage\":\"de\"},{\"@type\":\"Person\",\"@id\":\"https:\/\/www.naturparkmagazin.de\/am-stettiner-haff\/#\/schema\/person\/4a7208080dbbfb024d81129b7960c725\",\"name\":\"Jochen Elberskirch\",\"sameAs\":[\"http:\/\/www.naturpark-am-stettiner-haff.de\"],\"url\":\"https:\/\/www.naturparkmagazin.de\/am-stettiner-haff\/author\/jochenelberskirch\/\"}]}<\/script>\n<!-- \/ Yoast SEO plugin. -->","yoast_head_json":{"title":"Weihnachten steht vor der T\u00fcr .... - Naturpark Am Stettiner Haff","robots":{"index":"index","follow":"follow","max-snippet":"max-snippet:-1","max-image-preview":"max-image-preview:large","max-video-preview":"max-video-preview:-1"},"canonical":"https:\/\/www.naturparkmagazin.de\/am-stettiner-haff\/weihnachten-steht-vor-der-tuer\/","og_locale":"de_DE","og_type":"article","og_title":"Weihnachten steht vor der T\u00fcr .... - Naturpark Am Stettiner Haff","og_description":"Wieder einmal ist das Jahr viel zu schnell vergangen und der Dezember steht vor der T\u00fcr und mit ihm die Vorweihnachtszeit. Ein Termin reiht sich an den anderen und auch Weihnachten selbst r\u00fcckt immer n\u00e4her...","og_url":"https:\/\/www.naturparkmagazin.de\/am-stettiner-haff\/weihnachten-steht-vor-der-tuer\/","og_site_name":"Naturpark Am Stettiner Haff","article_published_time":"2016-11-14T15:36:55+00:00","article_modified_time":"2016-11-15T14:14:16+00:00","og_image":[{"width":505,"height":338,"url":"https:\/\/www.naturparkmagazin.de\/am-stettiner-haff\/wp-content\/uploads\/sites\/29\/Adventsdorf-Rieth-Alte-Molkerei-Hof-Cafe-de-Kl\u00f6nstuw-copyright-kulturscheune-Rieth-de.jpg","type":"image\/jpeg"}],"author":"Jochen Elberskirch","twitter_misc":{"Verfasst von":"Jochen Elberskirch","Gesch\u00e4tzte Lesezeit":"2\u00a0Minuten"},"schema":{"@context":"https:\/\/schema.org","@graph":[{"@type":"WebPage","@id":"https:\/\/www.naturparkmagazin.de\/am-stettiner-haff\/weihnachten-steht-vor-der-tuer\/","url":"https:\/\/www.naturparkmagazin.de\/am-stettiner-haff\/weihnachten-steht-vor-der-tuer\/","name":"Weihnachten steht vor der T\u00fcr .... - Naturpark Am Stettiner Haff","isPartOf":{"@id":"https:\/\/www.naturparkmagazin.de\/am-stettiner-haff\/#website"},"datePublished":"2016-11-14T15:36:55+00:00","dateModified":"2016-11-15T14:14:16+00:00","author":{"@id":"https:\/\/www.naturparkmagazin.de\/am-stettiner-haff\/#\/schema\/person\/4a7208080dbbfb024d81129b7960c725"},"breadcrumb":{"@id":"https:\/\/www.naturparkmagazin.de\/am-stettiner-haff\/weihnachten-steht-vor-der-tuer\/#breadcrumb"},"inLanguage":"de","potentialAction":[{"@type":"ReadAction","target":["https:\/\/www.naturparkmagazin.de\/am-stettiner-haff\/weihnachten-steht-vor-der-tuer\/"]}]},{"@type":"BreadcrumbList","@id":"https:\/\/www.naturparkmagazin.de\/am-stettiner-haff\/weihnachten-steht-vor-der-tuer\/#breadcrumb","itemListElement":[{"@type":"ListItem","position":1,"name":"Home","item":"https:\/\/www.naturparkmagazin.de\/am-stettiner-haff\/"},{"@type":"ListItem","position":2,"name":"Weihnachten steht vor der T\u00fcr &#8230;."}]},{"@type":"WebSite","@id":"https:\/\/www.naturparkmagazin.de\/am-stettiner-haff\/#website","url":"https:\/\/www.naturparkmagazin.de\/am-stettiner-haff\/","name":"Naturpark Am Stettiner Haff","description":"","potentialAction":[{"@type":"SearchAction","target":{"@type":"EntryPoint","urlTemplate":"https:\/\/www.naturparkmagazin.de\/am-stettiner-haff\/?s={search_term_string}"},"query-input":"required name=search_term_string"}],"inLanguage":"de"},{"@type":"Person","@id":"https:\/\/www.naturparkmagazin.de\/am-stettiner-haff\/#\/schema\/person\/4a7208080dbbfb024d81129b7960c725","name":"Jochen Elberskirch","sameAs":["http:\/\/www.naturpark-am-stettiner-haff.de"],"url":"https:\/\/www.naturparkmagazin.de\/am-stettiner-haff\/author\/jochenelberskirch\/"}]}},"_links":{"self":[{"href":"https:\/\/www.naturparkmagazin.de\/am-stettiner-haff\/wp-json\/wp\/v2\/posts\/1987"}],"collection":[{"href":"https:\/\/www.naturparkmagazin.de\/am-stettiner-haff\/wp-json\/wp\/v2\/posts"}],"about":[{"href":"https:\/\/www.naturparkmagazin.de\/am-stettiner-haff\/wp-json\/wp\/v2\/types\/post"}],"author":[{"embeddable":true,"href":"https:\/\/www.naturparkmagazin.de\/am-stettiner-haff\/wp-json\/wp\/v2\/users\/26"}],"replies":[{"embeddable":true,"href":"https:\/\/www.naturparkmagazin.de\/am-stettiner-haff\/wp-json\/wp\/v2\/comments?post=1987"}],"version-history":[{"count":10,"href":"https:\/\/www.naturparkmagazin.de\/am-stettiner-haff\/wp-json\/wp\/v2\/posts\/1987\/revisions"}],"predecessor-version":[{"id":2518,"href":"https:\/\/www.naturparkmagazin.de\/am-stettiner-haff\/wp-json\/wp\/v2\/posts\/1987\/revisions\/2518"}],"wp:featuredmedia":[{"embeddable":true,"href":"https:\/\/www.naturparkmagazin.de\/am-stettiner-haff\/wp-json\/wp\/v2\/media\/1994"}],"wp:attachment":[{"href":"https:\/\/www.naturparkmagazin.de\/am-stettiner-haff\/wp-json\/wp\/v2\/media?parent=1987"}],"wp:term":[{"taxonomy":"category","embeddable":true,"href":"https:\/\/www.naturparkmagazin.de\/am-stettiner-haff\/wp-json\/wp\/v2\/categories?post=1987"},{"taxonomy":"post_tag","embeddable":true,"href":"https:\/\/www.naturparkmagazin.de\/am-stettiner-haff\/wp-json\/wp\/v2\/tags?post=1987"}],"curies":[{"name":"wp","href":"https:\/\/api.w.org\/{rel}","templated":true}]}}