{"id":1998,"date":"2016-11-14T15:02:56","date_gmt":"2016-11-14T14:02:56","guid":{"rendered":"http:\/\/www.naturparkmagazin.de\/am-stettiner-haff\/?p=1998"},"modified":"2016-11-23T12:15:40","modified_gmt":"2016-11-23T11:15:40","slug":"naturpark-stammtisch-mit-plaetzchen-tauschboerse","status":"publish","type":"post","link":"https:\/\/www.naturparkmagazin.de\/am-stettiner-haff\/naturpark-stammtisch-mit-plaetzchen-tauschboerse\/","title":{"rendered":"Naturpark \u2013 Stammtisch mit Pl\u00e4tzchen-Tauschb\u00f6rse"},"content":{"rendered":"<p>\u201eOh es riecht gut, Oh es riecht fein\u2026\u201c(Christel Ulbrich)<\/p>\n<p>Weihnachtszeit ist Pl\u00e4tzchenzeit und wer nicht sein ganz eigenes Rezept f\u00fcr die weihnachtlichen Leckereien hat, ist vielleicht noch auf der Suche nach \u201eseinem\u201c Pl\u00e4tzchen.<\/p>\n<p>&nbsp;<\/p>\n<p style=\"text-align: center;\"><a href=\"https:\/\/www.naturparkmagazin.de\/am-stettiner-haff\/wp-content\/uploads\/sites\/29\/Pl\u00e4tzchen.jpg\"><img decoding=\"async\" loading=\"lazy\" class=\"aligncenter size-large wp-image-2010\" src=\"https:\/\/www.naturparkmagazin.de\/am-stettiner-haff\/wp-content\/uploads\/sites\/29\/Pl\u00e4tzchen-940x704.jpg\" alt=\"Pl\u00e4tzchen\" width=\"620\" height=\"464\" srcset=\"https:\/\/www.naturparkmagazin.de\/am-stettiner-haff\/wp-content\/uploads\/sites\/29\/Pl\u00e4tzchen-940x704.jpg 940w, https:\/\/www.naturparkmagazin.de\/am-stettiner-haff\/wp-content\/uploads\/sites\/29\/Pl\u00e4tzchen-300x225.jpg 300w, https:\/\/www.naturparkmagazin.de\/am-stettiner-haff\/wp-content\/uploads\/sites\/29\/Pl\u00e4tzchen-620x464.jpg 620w, https:\/\/www.naturparkmagazin.de\/am-stettiner-haff\/wp-content\/uploads\/sites\/29\/Pl\u00e4tzchen-580x435.jpg 580w, https:\/\/www.naturparkmagazin.de\/am-stettiner-haff\/wp-content\/uploads\/sites\/29\/Pl\u00e4tzchen-420x315.jpg 420w, https:\/\/www.naturparkmagazin.de\/am-stettiner-haff\/wp-content\/uploads\/sites\/29\/Pl\u00e4tzchen-180x135.jpg 180w, https:\/\/www.naturparkmagazin.de\/am-stettiner-haff\/wp-content\/uploads\/sites\/29\/Pl\u00e4tzchen-95x71.jpg 95w, https:\/\/www.naturparkmagazin.de\/am-stettiner-haff\/wp-content\/uploads\/sites\/29\/Pl\u00e4tzchen-670x501.jpg 670w, https:\/\/www.naturparkmagazin.de\/am-stettiner-haff\/wp-content\/uploads\/sites\/29\/Pl\u00e4tzchen-200x150.jpg 200w\" sizes=\"(max-width: 620px) 100vw, 620px\" \/><\/a>(Bild:Naturpark-Archiv)<\/p>\n<p>Die Naturparkverwaltung und der Naturpark-F\u00f6rderverein laden daher herzlich zur Pl\u00e4tzchen-Tauschb\u00f6rse im Rahmen des Naturpark-Stammtisches am <strong>07. Dezember 2016 ab 18:30 Uhr<\/strong> in das Besucherinformationszentrum\u00a0am Bahnhof Eggesin ein. An diesem Abend k\u00f6nnen die eigenen Pl\u00e4tzchen anderen Zuckerb\u00e4ckern vorgestellt werden und vielleicht findet man endlich das lang gesuchte Rezept zu den leckeren Teilchen, die Oma immer machte.<\/p>\n<p>Selbstverst\u00e4ndlich gibt es auch die Gelegenheit mit den Aktiven des Naturparkf\u00f6rdervereins und den Mitarbeitern der Naturparkverwaltung ins Gespr\u00e4ch zu kommen.<\/p>\n<p>Das Team des Naturparks und des Naturpark-F\u00f6rdervereins freuen sich auf Ihr Kommen.<\/p>\n<p>&nbsp;<\/p>\n","protected":false},"excerpt":{"rendered":"<p>Die Naturparkverwaltung und der Naturpark-F\u00f6rderverein laden daher herzlich zur Pl\u00e4tzchen-Tauschb\u00f6rse im Rahmen des Naturpark-Stammtisches am 07. Dezember 2016 ab 18:30 Uhr in das Besucherinformationszentrum am Bahnhof Eggesin ein.<\/p>\n","protected":false},"author":26,"featured_media":2010,"comment_status":"open","ping_status":"open","sticky":false,"template":"","format":"standard","meta":[],"categories":[11],"tags":[],"yoast_head":"<!-- This site is optimized with the Yoast SEO plugin v19.10 - https:\/\/yoast.com\/wordpress\/plugins\/seo\/ -->\n<title>Naturpark \u2013 Stammtisch mit Pl\u00e4tzchen-Tauschb\u00f6rse - Naturpark Am Stettiner Haff<\/title>\n<meta name=\"robots\" content=\"index, follow, max-snippet:-1, max-image-preview:large, max-video-preview:-1\" \/>\n<link rel=\"canonical\" href=\"https:\/\/www.naturparkmagazin.de\/am-stettiner-haff\/naturpark-stammtisch-mit-plaetzchen-tauschboerse\/\" \/>\n<meta property=\"og:locale\" content=\"de_DE\" \/>\n<meta property=\"og:type\" content=\"article\" \/>\n<meta property=\"og:title\" content=\"Naturpark \u2013 Stammtisch mit Pl\u00e4tzchen-Tauschb\u00f6rse - Naturpark Am Stettiner Haff\" \/>\n<meta property=\"og:description\" content=\"Die Naturparkverwaltung und der Naturpark-F\u00f6rderverein laden daher herzlich zur Pl\u00e4tzchen-Tauschb\u00f6rse im Rahmen des Naturpark-Stammtisches am 07. Dezember 2016 ab 18:30 Uhr in das Besucherinformationszentrum am Bahnhof Eggesin ein.\" \/>\n<meta property=\"og:url\" content=\"https:\/\/www.naturparkmagazin.de\/am-stettiner-haff\/naturpark-stammtisch-mit-plaetzchen-tauschboerse\/\" \/>\n<meta property=\"og:site_name\" content=\"Naturpark Am Stettiner Haff\" \/>\n<meta property=\"article:published_time\" content=\"2016-11-14T14:02:56+00:00\" \/>\n<meta property=\"article:modified_time\" content=\"2016-11-23T11:15:40+00:00\" \/>\n<meta property=\"og:image\" content=\"https:\/\/www.naturparkmagazin.de\/am-stettiner-haff\/wp-content\/uploads\/sites\/29\/Pl\u00e4tzchen.jpg\" \/>\n\t<meta property=\"og:image:width\" content=\"2385\" \/>\n\t<meta property=\"og:image:height\" content=\"1785\" \/>\n\t<meta property=\"og:image:type\" content=\"image\/jpeg\" \/>\n<meta name=\"author\" content=\"Jochen Elberskirch\" \/>\n<meta name=\"twitter:label1\" content=\"Verfasst von\" \/>\n\t<meta name=\"twitter:data1\" content=\"Jochen Elberskirch\" \/>\n\t<meta name=\"twitter:label2\" content=\"Gesch\u00e4tzte Lesezeit\" \/>\n\t<meta name=\"twitter:data2\" content=\"1\u00a0Minute\" \/>\n<script type=\"application\/ld+json\" class=\"yoast-schema-graph\">{\"@context\":\"https:\/\/schema.org\",\"@graph\":[{\"@type\":\"WebPage\",\"@id\":\"https:\/\/www.naturparkmagazin.de\/am-stettiner-haff\/naturpark-stammtisch-mit-plaetzchen-tauschboerse\/\",\"url\":\"https:\/\/www.naturparkmagazin.de\/am-stettiner-haff\/naturpark-stammtisch-mit-plaetzchen-tauschboerse\/\",\"name\":\"Naturpark \u2013 Stammtisch mit Pl\u00e4tzchen-Tauschb\u00f6rse - Naturpark Am Stettiner Haff\",\"isPartOf\":{\"@id\":\"https:\/\/www.naturparkmagazin.de\/am-stettiner-haff\/#website\"},\"datePublished\":\"2016-11-14T14:02:56+00:00\",\"dateModified\":\"2016-11-23T11:15:40+00:00\",\"author\":{\"@id\":\"https:\/\/www.naturparkmagazin.de\/am-stettiner-haff\/#\/schema\/person\/4a7208080dbbfb024d81129b7960c725\"},\"breadcrumb\":{\"@id\":\"https:\/\/www.naturparkmagazin.de\/am-stettiner-haff\/naturpark-stammtisch-mit-plaetzchen-tauschboerse\/#breadcrumb\"},\"inLanguage\":\"de\",\"potentialAction\":[{\"@type\":\"ReadAction\",\"target\":[\"https:\/\/www.naturparkmagazin.de\/am-stettiner-haff\/naturpark-stammtisch-mit-plaetzchen-tauschboerse\/\"]}]},{\"@type\":\"BreadcrumbList\",\"@id\":\"https:\/\/www.naturparkmagazin.de\/am-stettiner-haff\/naturpark-stammtisch-mit-plaetzchen-tauschboerse\/#breadcrumb\",\"itemListElement\":[{\"@type\":\"ListItem\",\"position\":1,\"name\":\"Home\",\"item\":\"https:\/\/www.naturparkmagazin.de\/am-stettiner-haff\/\"},{\"@type\":\"ListItem\",\"position\":2,\"name\":\"Naturpark \u2013 Stammtisch mit Pl\u00e4tzchen-Tauschb\u00f6rse\"}]},{\"@type\":\"WebSite\",\"@id\":\"https:\/\/www.naturparkmagazin.de\/am-stettiner-haff\/#website\",\"url\":\"https:\/\/www.naturparkmagazin.de\/am-stettiner-haff\/\",\"name\":\"Naturpark Am Stettiner Haff\",\"description\":\"\",\"potentialAction\":[{\"@type\":\"SearchAction\",\"target\":{\"@type\":\"EntryPoint\",\"urlTemplate\":\"https:\/\/www.naturparkmagazin.de\/am-stettiner-haff\/?s={search_term_string}\"},\"query-input\":\"required name=search_term_string\"}],\"inLanguage\":\"de\"},{\"@type\":\"Person\",\"@id\":\"https:\/\/www.naturparkmagazin.de\/am-stettiner-haff\/#\/schema\/person\/4a7208080dbbfb024d81129b7960c725\",\"name\":\"Jochen Elberskirch\",\"sameAs\":[\"http:\/\/www.naturpark-am-stettiner-haff.de\"],\"url\":\"https:\/\/www.naturparkmagazin.de\/am-stettiner-haff\/author\/jochenelberskirch\/\"}]}<\/script>\n<!-- \/ Yoast SEO plugin. -->","yoast_head_json":{"title":"Naturpark \u2013 Stammtisch mit Pl\u00e4tzchen-Tauschb\u00f6rse - Naturpark Am Stettiner Haff","robots":{"index":"index","follow":"follow","max-snippet":"max-snippet:-1","max-image-preview":"max-image-preview:large","max-video-preview":"max-video-preview:-1"},"canonical":"https:\/\/www.naturparkmagazin.de\/am-stettiner-haff\/naturpark-stammtisch-mit-plaetzchen-tauschboerse\/","og_locale":"de_DE","og_type":"article","og_title":"Naturpark \u2013 Stammtisch mit Pl\u00e4tzchen-Tauschb\u00f6rse - Naturpark Am Stettiner Haff","og_description":"Die Naturparkverwaltung und der Naturpark-F\u00f6rderverein laden daher herzlich zur Pl\u00e4tzchen-Tauschb\u00f6rse im Rahmen des Naturpark-Stammtisches am 07. Dezember 2016 ab 18:30 Uhr in das Besucherinformationszentrum am Bahnhof Eggesin ein.","og_url":"https:\/\/www.naturparkmagazin.de\/am-stettiner-haff\/naturpark-stammtisch-mit-plaetzchen-tauschboerse\/","og_site_name":"Naturpark Am Stettiner Haff","article_published_time":"2016-11-14T14:02:56+00:00","article_modified_time":"2016-11-23T11:15:40+00:00","og_image":[{"width":2385,"height":1785,"url":"https:\/\/www.naturparkmagazin.de\/am-stettiner-haff\/wp-content\/uploads\/sites\/29\/Pl\u00e4tzchen.jpg","type":"image\/jpeg"}],"author":"Jochen Elberskirch","twitter_misc":{"Verfasst von":"Jochen Elberskirch","Gesch\u00e4tzte Lesezeit":"1\u00a0Minute"},"schema":{"@context":"https:\/\/schema.org","@graph":[{"@type":"WebPage","@id":"https:\/\/www.naturparkmagazin.de\/am-stettiner-haff\/naturpark-stammtisch-mit-plaetzchen-tauschboerse\/","url":"https:\/\/www.naturparkmagazin.de\/am-stettiner-haff\/naturpark-stammtisch-mit-plaetzchen-tauschboerse\/","name":"Naturpark \u2013 Stammtisch mit Pl\u00e4tzchen-Tauschb\u00f6rse - Naturpark Am Stettiner Haff","isPartOf":{"@id":"https:\/\/www.naturparkmagazin.de\/am-stettiner-haff\/#website"},"datePublished":"2016-11-14T14:02:56+00:00","dateModified":"2016-11-23T11:15:40+00:00","author":{"@id":"https:\/\/www.naturparkmagazin.de\/am-stettiner-haff\/#\/schema\/person\/4a7208080dbbfb024d81129b7960c725"},"breadcrumb":{"@id":"https:\/\/www.naturparkmagazin.de\/am-stettiner-haff\/naturpark-stammtisch-mit-plaetzchen-tauschboerse\/#breadcrumb"},"inLanguage":"de","potentialAction":[{"@type":"ReadAction","target":["https:\/\/www.naturparkmagazin.de\/am-stettiner-haff\/naturpark-stammtisch-mit-plaetzchen-tauschboerse\/"]}]},{"@type":"BreadcrumbList","@id":"https:\/\/www.naturparkmagazin.de\/am-stettiner-haff\/naturpark-stammtisch-mit-plaetzchen-tauschboerse\/#breadcrumb","itemListElement":[{"@type":"ListItem","position":1,"name":"Home","item":"https:\/\/www.naturparkmagazin.de\/am-stettiner-haff\/"},{"@type":"ListItem","position":2,"name":"Naturpark \u2013 Stammtisch mit Pl\u00e4tzchen-Tauschb\u00f6rse"}]},{"@type":"WebSite","@id":"https:\/\/www.naturparkmagazin.de\/am-stettiner-haff\/#website","url":"https:\/\/www.naturparkmagazin.de\/am-stettiner-haff\/","name":"Naturpark Am Stettiner Haff","description":"","potentialAction":[{"@type":"SearchAction","target":{"@type":"EntryPoint","urlTemplate":"https:\/\/www.naturparkmagazin.de\/am-stettiner-haff\/?s={search_term_string}"},"query-input":"required name=search_term_string"}],"inLanguage":"de"},{"@type":"Person","@id":"https:\/\/www.naturparkmagazin.de\/am-stettiner-haff\/#\/schema\/person\/4a7208080dbbfb024d81129b7960c725","name":"Jochen Elberskirch","sameAs":["http:\/\/www.naturpark-am-stettiner-haff.de"],"url":"https:\/\/www.naturparkmagazin.de\/am-stettiner-haff\/author\/jochenelberskirch\/"}]}},"_links":{"self":[{"href":"https:\/\/www.naturparkmagazin.de\/am-stettiner-haff\/wp-json\/wp\/v2\/posts\/1998"}],"collection":[{"href":"https:\/\/www.naturparkmagazin.de\/am-stettiner-haff\/wp-json\/wp\/v2\/posts"}],"about":[{"href":"https:\/\/www.naturparkmagazin.de\/am-stettiner-haff\/wp-json\/wp\/v2\/types\/post"}],"author":[{"embeddable":true,"href":"https:\/\/www.naturparkmagazin.de\/am-stettiner-haff\/wp-json\/wp\/v2\/users\/26"}],"replies":[{"embeddable":true,"href":"https:\/\/www.naturparkmagazin.de\/am-stettiner-haff\/wp-json\/wp\/v2\/comments?post=1998"}],"version-history":[{"count":5,"href":"https:\/\/www.naturparkmagazin.de\/am-stettiner-haff\/wp-json\/wp\/v2\/posts\/1998\/revisions"}],"predecessor-version":[{"id":2009,"href":"https:\/\/www.naturparkmagazin.de\/am-stettiner-haff\/wp-json\/wp\/v2\/posts\/1998\/revisions\/2009"}],"wp:featuredmedia":[{"embeddable":true,"href":"https:\/\/www.naturparkmagazin.de\/am-stettiner-haff\/wp-json\/wp\/v2\/media\/2010"}],"wp:attachment":[{"href":"https:\/\/www.naturparkmagazin.de\/am-stettiner-haff\/wp-json\/wp\/v2\/media?parent=1998"}],"wp:term":[{"taxonomy":"category","embeddable":true,"href":"https:\/\/www.naturparkmagazin.de\/am-stettiner-haff\/wp-json\/wp\/v2\/categories?post=1998"},{"taxonomy":"post_tag","embeddable":true,"href":"https:\/\/www.naturparkmagazin.de\/am-stettiner-haff\/wp-json\/wp\/v2\/tags?post=1998"}],"curies":[{"name":"wp","href":"https:\/\/api.w.org\/{rel}","templated":true}]}}