{"id":2021,"date":"2016-12-13T15:00:33","date_gmt":"2016-12-13T14:00:33","guid":{"rendered":"http:\/\/www.naturparkmagazin.de\/am-stettiner-haff\/?p=2021"},"modified":"2016-12-27T09:51:12","modified_gmt":"2016-12-27T08:51:12","slug":"naturpark-stammtisch-3","status":"publish","type":"post","link":"https:\/\/www.naturparkmagazin.de\/am-stettiner-haff\/naturpark-stammtisch-3\/","title":{"rendered":"Naturpark-Stammtisch"},"content":{"rendered":"<p>Der fr\u00fche Vogel\u2026am <strong>04.Januar 2017 ab 18:30 Uhr<\/strong> findet der erste Naturpark-Stammtisch des Jahres statt zu dem die Naturparkverwaltung und der Naturpark-F\u00f6rderverein herzlich einladen. Die neue Saison und die Einweihung des Aussichtsturms am Eggesiner See gilt es vorzubereiten.<\/p>\n<p>Selbstverst\u00e4ndlich gibt es auch die Gelegenheit mit den Aktiven des Naturparkf\u00f6rdervereins und den Mitarbeitern der Naturparkverwaltung ins Gespr\u00e4ch zu kommen.<\/p>\n<p>Das Team des Naturparks und des Naturpark-F\u00f6rdervereins freuen sich auf Ihr Kommen.<\/p>\n<p>&nbsp;<\/p>\n","protected":false},"excerpt":{"rendered":"<p>Der fr\u00fche Vogel\u2026am 04.Januar 2017 ab 18:30 Uhr findet der erste Naturpark-Stammtisch des Jahres statt zu dem die Naturparkverwaltung und der Naturpark-F\u00f6rderverein herzlich einladen. Die neue Saison und die Einweihung des Aussichtsturms am Eggesiner See gilt es vorzubereiten. Selbstverst\u00e4ndlich gibt es auch die Gelegenheit mit den Aktiven des Naturparkf\u00f6rdervereins und den Mitarbeitern der Naturparkverwaltung ins<\/p>\n","protected":false},"author":26,"featured_media":2022,"comment_status":"open","ping_status":"open","sticky":false,"template":"","format":"standard","meta":[],"categories":[11],"tags":[],"yoast_head":"<!-- This site is optimized with the Yoast SEO plugin v19.10 - https:\/\/yoast.com\/wordpress\/plugins\/seo\/ -->\n<title>Naturpark-Stammtisch - Naturpark Am Stettiner Haff<\/title>\n<meta name=\"robots\" content=\"index, follow, max-snippet:-1, max-image-preview:large, max-video-preview:-1\" \/>\n<link rel=\"canonical\" href=\"https:\/\/www.naturparkmagazin.de\/am-stettiner-haff\/naturpark-stammtisch-3\/\" \/>\n<meta property=\"og:locale\" content=\"de_DE\" \/>\n<meta property=\"og:type\" content=\"article\" \/>\n<meta property=\"og:title\" content=\"Naturpark-Stammtisch - Naturpark Am Stettiner Haff\" \/>\n<meta property=\"og:description\" content=\"Der fr\u00fche Vogel\u2026am 04.Januar 2017 ab 18:30 Uhr findet der erste Naturpark-Stammtisch des Jahres statt zu dem die Naturparkverwaltung und der Naturpark-F\u00f6rderverein herzlich einladen. Die neue Saison und die Einweihung des Aussichtsturms am Eggesiner See gilt es vorzubereiten. Selbstverst\u00e4ndlich gibt es auch die Gelegenheit mit den Aktiven des Naturparkf\u00f6rdervereins und den Mitarbeitern der Naturparkverwaltung ins\" \/>\n<meta property=\"og:url\" content=\"https:\/\/www.naturparkmagazin.de\/am-stettiner-haff\/naturpark-stammtisch-3\/\" \/>\n<meta property=\"og:site_name\" content=\"Naturpark Am Stettiner Haff\" \/>\n<meta property=\"article:published_time\" content=\"2016-12-13T14:00:33+00:00\" \/>\n<meta property=\"article:modified_time\" content=\"2016-12-27T08:51:12+00:00\" \/>\n<meta property=\"og:image\" content=\"https:\/\/www.naturparkmagazin.de\/am-stettiner-haff\/wp-content\/uploads\/sites\/29\/Singschwan-1.jpg\" \/>\n\t<meta property=\"og:image:width\" content=\"1024\" \/>\n\t<meta property=\"og:image:height\" content=\"768\" \/>\n\t<meta property=\"og:image:type\" content=\"image\/jpeg\" \/>\n<meta name=\"author\" content=\"Jochen Elberskirch\" \/>\n<meta name=\"twitter:label1\" content=\"Verfasst von\" \/>\n\t<meta name=\"twitter:data1\" content=\"Jochen Elberskirch\" \/>\n<script type=\"application\/ld+json\" class=\"yoast-schema-graph\">{\"@context\":\"https:\/\/schema.org\",\"@graph\":[{\"@type\":\"WebPage\",\"@id\":\"https:\/\/www.naturparkmagazin.de\/am-stettiner-haff\/naturpark-stammtisch-3\/\",\"url\":\"https:\/\/www.naturparkmagazin.de\/am-stettiner-haff\/naturpark-stammtisch-3\/\",\"name\":\"Naturpark-Stammtisch - Naturpark Am Stettiner Haff\",\"isPartOf\":{\"@id\":\"https:\/\/www.naturparkmagazin.de\/am-stettiner-haff\/#website\"},\"datePublished\":\"2016-12-13T14:00:33+00:00\",\"dateModified\":\"2016-12-27T08:51:12+00:00\",\"author\":{\"@id\":\"https:\/\/www.naturparkmagazin.de\/am-stettiner-haff\/#\/schema\/person\/4a7208080dbbfb024d81129b7960c725\"},\"breadcrumb\":{\"@id\":\"https:\/\/www.naturparkmagazin.de\/am-stettiner-haff\/naturpark-stammtisch-3\/#breadcrumb\"},\"inLanguage\":\"de\",\"potentialAction\":[{\"@type\":\"ReadAction\",\"target\":[\"https:\/\/www.naturparkmagazin.de\/am-stettiner-haff\/naturpark-stammtisch-3\/\"]}]},{\"@type\":\"BreadcrumbList\",\"@id\":\"https:\/\/www.naturparkmagazin.de\/am-stettiner-haff\/naturpark-stammtisch-3\/#breadcrumb\",\"itemListElement\":[{\"@type\":\"ListItem\",\"position\":1,\"name\":\"Home\",\"item\":\"https:\/\/www.naturparkmagazin.de\/am-stettiner-haff\/\"},{\"@type\":\"ListItem\",\"position\":2,\"name\":\"Naturpark-Stammtisch\"}]},{\"@type\":\"WebSite\",\"@id\":\"https:\/\/www.naturparkmagazin.de\/am-stettiner-haff\/#website\",\"url\":\"https:\/\/www.naturparkmagazin.de\/am-stettiner-haff\/\",\"name\":\"Naturpark Am Stettiner Haff\",\"description\":\"\",\"potentialAction\":[{\"@type\":\"SearchAction\",\"target\":{\"@type\":\"EntryPoint\",\"urlTemplate\":\"https:\/\/www.naturparkmagazin.de\/am-stettiner-haff\/?s={search_term_string}\"},\"query-input\":\"required name=search_term_string\"}],\"inLanguage\":\"de\"},{\"@type\":\"Person\",\"@id\":\"https:\/\/www.naturparkmagazin.de\/am-stettiner-haff\/#\/schema\/person\/4a7208080dbbfb024d81129b7960c725\",\"name\":\"Jochen Elberskirch\",\"sameAs\":[\"http:\/\/www.naturpark-am-stettiner-haff.de\"],\"url\":\"https:\/\/www.naturparkmagazin.de\/am-stettiner-haff\/author\/jochenelberskirch\/\"}]}<\/script>\n<!-- \/ Yoast SEO plugin. -->","yoast_head_json":{"title":"Naturpark-Stammtisch - Naturpark Am Stettiner Haff","robots":{"index":"index","follow":"follow","max-snippet":"max-snippet:-1","max-image-preview":"max-image-preview:large","max-video-preview":"max-video-preview:-1"},"canonical":"https:\/\/www.naturparkmagazin.de\/am-stettiner-haff\/naturpark-stammtisch-3\/","og_locale":"de_DE","og_type":"article","og_title":"Naturpark-Stammtisch - Naturpark Am Stettiner Haff","og_description":"Der fr\u00fche Vogel\u2026am 04.Januar 2017 ab 18:30 Uhr findet der erste Naturpark-Stammtisch des Jahres statt zu dem die Naturparkverwaltung und der Naturpark-F\u00f6rderverein herzlich einladen. Die neue Saison und die Einweihung des Aussichtsturms am Eggesiner See gilt es vorzubereiten. Selbstverst\u00e4ndlich gibt es auch die Gelegenheit mit den Aktiven des Naturparkf\u00f6rdervereins und den Mitarbeitern der Naturparkverwaltung ins","og_url":"https:\/\/www.naturparkmagazin.de\/am-stettiner-haff\/naturpark-stammtisch-3\/","og_site_name":"Naturpark Am Stettiner Haff","article_published_time":"2016-12-13T14:00:33+00:00","article_modified_time":"2016-12-27T08:51:12+00:00","og_image":[{"width":1024,"height":768,"url":"https:\/\/www.naturparkmagazin.de\/am-stettiner-haff\/wp-content\/uploads\/sites\/29\/Singschwan-1.jpg","type":"image\/jpeg"}],"author":"Jochen Elberskirch","twitter_misc":{"Verfasst von":"Jochen Elberskirch"},"schema":{"@context":"https:\/\/schema.org","@graph":[{"@type":"WebPage","@id":"https:\/\/www.naturparkmagazin.de\/am-stettiner-haff\/naturpark-stammtisch-3\/","url":"https:\/\/www.naturparkmagazin.de\/am-stettiner-haff\/naturpark-stammtisch-3\/","name":"Naturpark-Stammtisch - Naturpark Am Stettiner Haff","isPartOf":{"@id":"https:\/\/www.naturparkmagazin.de\/am-stettiner-haff\/#website"},"datePublished":"2016-12-13T14:00:33+00:00","dateModified":"2016-12-27T08:51:12+00:00","author":{"@id":"https:\/\/www.naturparkmagazin.de\/am-stettiner-haff\/#\/schema\/person\/4a7208080dbbfb024d81129b7960c725"},"breadcrumb":{"@id":"https:\/\/www.naturparkmagazin.de\/am-stettiner-haff\/naturpark-stammtisch-3\/#breadcrumb"},"inLanguage":"de","potentialAction":[{"@type":"ReadAction","target":["https:\/\/www.naturparkmagazin.de\/am-stettiner-haff\/naturpark-stammtisch-3\/"]}]},{"@type":"BreadcrumbList","@id":"https:\/\/www.naturparkmagazin.de\/am-stettiner-haff\/naturpark-stammtisch-3\/#breadcrumb","itemListElement":[{"@type":"ListItem","position":1,"name":"Home","item":"https:\/\/www.naturparkmagazin.de\/am-stettiner-haff\/"},{"@type":"ListItem","position":2,"name":"Naturpark-Stammtisch"}]},{"@type":"WebSite","@id":"https:\/\/www.naturparkmagazin.de\/am-stettiner-haff\/#website","url":"https:\/\/www.naturparkmagazin.de\/am-stettiner-haff\/","name":"Naturpark Am Stettiner Haff","description":"","potentialAction":[{"@type":"SearchAction","target":{"@type":"EntryPoint","urlTemplate":"https:\/\/www.naturparkmagazin.de\/am-stettiner-haff\/?s={search_term_string}"},"query-input":"required name=search_term_string"}],"inLanguage":"de"},{"@type":"Person","@id":"https:\/\/www.naturparkmagazin.de\/am-stettiner-haff\/#\/schema\/person\/4a7208080dbbfb024d81129b7960c725","name":"Jochen Elberskirch","sameAs":["http:\/\/www.naturpark-am-stettiner-haff.de"],"url":"https:\/\/www.naturparkmagazin.de\/am-stettiner-haff\/author\/jochenelberskirch\/"}]}},"_links":{"self":[{"href":"https:\/\/www.naturparkmagazin.de\/am-stettiner-haff\/wp-json\/wp\/v2\/posts\/2021"}],"collection":[{"href":"https:\/\/www.naturparkmagazin.de\/am-stettiner-haff\/wp-json\/wp\/v2\/posts"}],"about":[{"href":"https:\/\/www.naturparkmagazin.de\/am-stettiner-haff\/wp-json\/wp\/v2\/types\/post"}],"author":[{"embeddable":true,"href":"https:\/\/www.naturparkmagazin.de\/am-stettiner-haff\/wp-json\/wp\/v2\/users\/26"}],"replies":[{"embeddable":true,"href":"https:\/\/www.naturparkmagazin.de\/am-stettiner-haff\/wp-json\/wp\/v2\/comments?post=2021"}],"version-history":[{"count":2,"href":"https:\/\/www.naturparkmagazin.de\/am-stettiner-haff\/wp-json\/wp\/v2\/posts\/2021\/revisions"}],"predecessor-version":[{"id":2041,"href":"https:\/\/www.naturparkmagazin.de\/am-stettiner-haff\/wp-json\/wp\/v2\/posts\/2021\/revisions\/2041"}],"wp:featuredmedia":[{"embeddable":true,"href":"https:\/\/www.naturparkmagazin.de\/am-stettiner-haff\/wp-json\/wp\/v2\/media\/2022"}],"wp:attachment":[{"href":"https:\/\/www.naturparkmagazin.de\/am-stettiner-haff\/wp-json\/wp\/v2\/media?parent=2021"}],"wp:term":[{"taxonomy":"category","embeddable":true,"href":"https:\/\/www.naturparkmagazin.de\/am-stettiner-haff\/wp-json\/wp\/v2\/categories?post=2021"},{"taxonomy":"post_tag","embeddable":true,"href":"https:\/\/www.naturparkmagazin.de\/am-stettiner-haff\/wp-json\/wp\/v2\/tags?post=2021"}],"curies":[{"name":"wp","href":"https:\/\/api.w.org\/{rel}","templated":true}]}}