{"id":2047,"date":"2017-01-16T12:12:27","date_gmt":"2017-01-16T11:12:27","guid":{"rendered":"http:\/\/www.naturparkmagazin.de\/am-stettiner-haff\/?p=2047"},"modified":"2017-01-23T15:55:33","modified_gmt":"2017-01-23T14:55:33","slug":"es-war-einmal","status":"publish","type":"post","link":"https:\/\/www.naturparkmagazin.de\/am-stettiner-haff\/es-war-einmal\/","title":{"rendered":"Es war einmal\u2026"},"content":{"rendered":"<p>\u2026ein buntes Ding\u2026 (Heinz Erhardt)<\/p>\n<p>P\u00fcnktlich zum Beginn der Winterferien zeigt der Naturpark im Ausstellungszentrum Ausz\u00fcge aus der Schmetterlingssammlung von Manfred Hennicke, der sich \u00fcber 40 Jahre lang mit den Gro\u00dfschmetterlingen der Uecker-Randow-Region besch\u00e4ftigt hat. Hierzu ist 2012 ein Buch erschienen, welches die jahrzentelangen Beobachtungen auswertet und einen \u00dcberblick \u00fcber die Schmetterlinge der Region und ihrer Lebensr\u00e4ume gibt.<\/p>\n<p><a href=\"https:\/\/www.naturparkmagazin.de\/am-stettiner-haff\/wp-content\/uploads\/sites\/29\/Gro\u00dfschmetterlinge-UER.jpg\"><img decoding=\"async\" loading=\"lazy\" class=\"aligncenter size-large wp-image-2051\" src=\"https:\/\/www.naturparkmagazin.de\/am-stettiner-haff\/wp-content\/uploads\/sites\/29\/Gro\u00dfschmetterlinge-UER-940x1347.jpg\" alt=\"Gro\u00dfschmetterlinge UER\" width=\"620\" height=\"888\" srcset=\"https:\/\/www.naturparkmagazin.de\/am-stettiner-haff\/wp-content\/uploads\/sites\/29\/Gro\u00dfschmetterlinge-UER-940x1347.jpg 940w, https:\/\/www.naturparkmagazin.de\/am-stettiner-haff\/wp-content\/uploads\/sites\/29\/Gro\u00dfschmetterlinge-UER-300x430.jpg 300w, https:\/\/www.naturparkmagazin.de\/am-stettiner-haff\/wp-content\/uploads\/sites\/29\/Gro\u00dfschmetterlinge-UER-620x889.jpg 620w, https:\/\/www.naturparkmagazin.de\/am-stettiner-haff\/wp-content\/uploads\/sites\/29\/Gro\u00dfschmetterlinge-UER-670x960.jpg 670w, https:\/\/www.naturparkmagazin.de\/am-stettiner-haff\/wp-content\/uploads\/sites\/29\/Gro\u00dfschmetterlinge-UER-200x287.jpg 200w\" sizes=\"(max-width: 620px) 100vw, 620px\" \/><\/a><\/p>\n<p>Lassen Sie sich von der Vielfalt der heimischen Schmetterlinge \u00fcberraschen, die sich nicht hinter ihren tropischen Verwandten verstecken brauchen.<\/p>\n<p>Die Ausstellung wird vorraussichtlich bis Ende M\u00e4rz zusehen sein und da hat die neue Schmetterlingssaison schon wieder begonnen. So ist der Metusalem unter den Schmetterlingen, der Zitronenfalter, als einer der ersten wieder zu sehen. Andere fr\u00fche Falter sind der Kleine Fuchs, Tagpfauenauge und das Wei\u00dfe C.<\/p>\n","protected":false},"excerpt":{"rendered":"<p>&#8230; ein buntes Ding &#8230; (Heinz Erhard) &#8211; P\u00fcnktlich zum Beginn der Winterferien zeigt der Naturpark im Ausstellungszentrum Ausz\u00fcge aus der Schmetterlingssammlung von Manfred Hennicke, der sich \u00fcber 40 Jahre lang mit den Gro\u00dfschmetterlingen der Uecker-Randow-Region besch\u00e4ftigt hat.<\/p>\n","protected":false},"author":26,"featured_media":2049,"comment_status":"open","ping_status":"open","sticky":false,"template":"","format":"standard","meta":[],"categories":[11],"tags":[],"yoast_head":"<!-- This site is optimized with the Yoast SEO plugin v19.10 - https:\/\/yoast.com\/wordpress\/plugins\/seo\/ -->\n<title>Es war einmal\u2026 - Naturpark Am Stettiner Haff<\/title>\n<meta name=\"robots\" content=\"index, follow, max-snippet:-1, max-image-preview:large, max-video-preview:-1\" \/>\n<link rel=\"canonical\" href=\"https:\/\/www.naturparkmagazin.de\/am-stettiner-haff\/es-war-einmal\/\" \/>\n<meta property=\"og:locale\" content=\"de_DE\" \/>\n<meta property=\"og:type\" content=\"article\" \/>\n<meta property=\"og:title\" content=\"Es war einmal\u2026 - Naturpark Am Stettiner Haff\" \/>\n<meta property=\"og:description\" content=\"... ein buntes Ding ... (Heinz Erhard) - P\u00fcnktlich zum Beginn der Winterferien zeigt der Naturpark im Ausstellungszentrum Ausz\u00fcge aus der Schmetterlingssammlung von Manfred Hennicke, der sich \u00fcber 40 Jahre lang mit den Gro\u00dfschmetterlingen der Uecker-Randow-Region besch\u00e4ftigt hat.\" \/>\n<meta property=\"og:url\" content=\"https:\/\/www.naturparkmagazin.de\/am-stettiner-haff\/es-war-einmal\/\" \/>\n<meta property=\"og:site_name\" content=\"Naturpark Am Stettiner Haff\" \/>\n<meta property=\"article:published_time\" content=\"2017-01-16T11:12:27+00:00\" \/>\n<meta property=\"article:modified_time\" content=\"2017-01-23T14:55:33+00:00\" \/>\n<meta property=\"og:image\" content=\"https:\/\/www.naturparkmagazin.de\/am-stettiner-haff\/wp-content\/uploads\/sites\/29\/Schmetterlinge-bearbeitet.jpg\" \/>\n\t<meta property=\"og:image:width\" content=\"768\" \/>\n\t<meta property=\"og:image:height\" content=\"786\" \/>\n\t<meta property=\"og:image:type\" content=\"image\/jpeg\" \/>\n<meta name=\"author\" content=\"Jochen Elberskirch\" \/>\n<meta name=\"twitter:label1\" content=\"Verfasst von\" \/>\n\t<meta name=\"twitter:data1\" content=\"Jochen Elberskirch\" \/>\n\t<meta name=\"twitter:label2\" content=\"Gesch\u00e4tzte Lesezeit\" \/>\n\t<meta name=\"twitter:data2\" content=\"1\u00a0Minute\" \/>\n<script type=\"application\/ld+json\" class=\"yoast-schema-graph\">{\"@context\":\"https:\/\/schema.org\",\"@graph\":[{\"@type\":\"WebPage\",\"@id\":\"https:\/\/www.naturparkmagazin.de\/am-stettiner-haff\/es-war-einmal\/\",\"url\":\"https:\/\/www.naturparkmagazin.de\/am-stettiner-haff\/es-war-einmal\/\",\"name\":\"Es war einmal\u2026 - Naturpark Am Stettiner Haff\",\"isPartOf\":{\"@id\":\"https:\/\/www.naturparkmagazin.de\/am-stettiner-haff\/#website\"},\"datePublished\":\"2017-01-16T11:12:27+00:00\",\"dateModified\":\"2017-01-23T14:55:33+00:00\",\"author\":{\"@id\":\"https:\/\/www.naturparkmagazin.de\/am-stettiner-haff\/#\/schema\/person\/4a7208080dbbfb024d81129b7960c725\"},\"breadcrumb\":{\"@id\":\"https:\/\/www.naturparkmagazin.de\/am-stettiner-haff\/es-war-einmal\/#breadcrumb\"},\"inLanguage\":\"de\",\"potentialAction\":[{\"@type\":\"ReadAction\",\"target\":[\"https:\/\/www.naturparkmagazin.de\/am-stettiner-haff\/es-war-einmal\/\"]}]},{\"@type\":\"BreadcrumbList\",\"@id\":\"https:\/\/www.naturparkmagazin.de\/am-stettiner-haff\/es-war-einmal\/#breadcrumb\",\"itemListElement\":[{\"@type\":\"ListItem\",\"position\":1,\"name\":\"Home\",\"item\":\"https:\/\/www.naturparkmagazin.de\/am-stettiner-haff\/\"},{\"@type\":\"ListItem\",\"position\":2,\"name\":\"Es war einmal\u2026\"}]},{\"@type\":\"WebSite\",\"@id\":\"https:\/\/www.naturparkmagazin.de\/am-stettiner-haff\/#website\",\"url\":\"https:\/\/www.naturparkmagazin.de\/am-stettiner-haff\/\",\"name\":\"Naturpark Am Stettiner Haff\",\"description\":\"\",\"potentialAction\":[{\"@type\":\"SearchAction\",\"target\":{\"@type\":\"EntryPoint\",\"urlTemplate\":\"https:\/\/www.naturparkmagazin.de\/am-stettiner-haff\/?s={search_term_string}\"},\"query-input\":\"required name=search_term_string\"}],\"inLanguage\":\"de\"},{\"@type\":\"Person\",\"@id\":\"https:\/\/www.naturparkmagazin.de\/am-stettiner-haff\/#\/schema\/person\/4a7208080dbbfb024d81129b7960c725\",\"name\":\"Jochen Elberskirch\",\"sameAs\":[\"http:\/\/www.naturpark-am-stettiner-haff.de\"],\"url\":\"https:\/\/www.naturparkmagazin.de\/am-stettiner-haff\/author\/jochenelberskirch\/\"}]}<\/script>\n<!-- \/ Yoast SEO plugin. -->","yoast_head_json":{"title":"Es war einmal\u2026 - Naturpark Am Stettiner Haff","robots":{"index":"index","follow":"follow","max-snippet":"max-snippet:-1","max-image-preview":"max-image-preview:large","max-video-preview":"max-video-preview:-1"},"canonical":"https:\/\/www.naturparkmagazin.de\/am-stettiner-haff\/es-war-einmal\/","og_locale":"de_DE","og_type":"article","og_title":"Es war einmal\u2026 - Naturpark Am Stettiner Haff","og_description":"... ein buntes Ding ... (Heinz Erhard) - P\u00fcnktlich zum Beginn der Winterferien zeigt der Naturpark im Ausstellungszentrum Ausz\u00fcge aus der Schmetterlingssammlung von Manfred Hennicke, der sich \u00fcber 40 Jahre lang mit den Gro\u00dfschmetterlingen der Uecker-Randow-Region besch\u00e4ftigt hat.","og_url":"https:\/\/www.naturparkmagazin.de\/am-stettiner-haff\/es-war-einmal\/","og_site_name":"Naturpark Am Stettiner Haff","article_published_time":"2017-01-16T11:12:27+00:00","article_modified_time":"2017-01-23T14:55:33+00:00","og_image":[{"width":768,"height":786,"url":"https:\/\/www.naturparkmagazin.de\/am-stettiner-haff\/wp-content\/uploads\/sites\/29\/Schmetterlinge-bearbeitet.jpg","type":"image\/jpeg"}],"author":"Jochen Elberskirch","twitter_misc":{"Verfasst von":"Jochen Elberskirch","Gesch\u00e4tzte Lesezeit":"1\u00a0Minute"},"schema":{"@context":"https:\/\/schema.org","@graph":[{"@type":"WebPage","@id":"https:\/\/www.naturparkmagazin.de\/am-stettiner-haff\/es-war-einmal\/","url":"https:\/\/www.naturparkmagazin.de\/am-stettiner-haff\/es-war-einmal\/","name":"Es war einmal\u2026 - Naturpark Am Stettiner Haff","isPartOf":{"@id":"https:\/\/www.naturparkmagazin.de\/am-stettiner-haff\/#website"},"datePublished":"2017-01-16T11:12:27+00:00","dateModified":"2017-01-23T14:55:33+00:00","author":{"@id":"https:\/\/www.naturparkmagazin.de\/am-stettiner-haff\/#\/schema\/person\/4a7208080dbbfb024d81129b7960c725"},"breadcrumb":{"@id":"https:\/\/www.naturparkmagazin.de\/am-stettiner-haff\/es-war-einmal\/#breadcrumb"},"inLanguage":"de","potentialAction":[{"@type":"ReadAction","target":["https:\/\/www.naturparkmagazin.de\/am-stettiner-haff\/es-war-einmal\/"]}]},{"@type":"BreadcrumbList","@id":"https:\/\/www.naturparkmagazin.de\/am-stettiner-haff\/es-war-einmal\/#breadcrumb","itemListElement":[{"@type":"ListItem","position":1,"name":"Home","item":"https:\/\/www.naturparkmagazin.de\/am-stettiner-haff\/"},{"@type":"ListItem","position":2,"name":"Es war einmal\u2026"}]},{"@type":"WebSite","@id":"https:\/\/www.naturparkmagazin.de\/am-stettiner-haff\/#website","url":"https:\/\/www.naturparkmagazin.de\/am-stettiner-haff\/","name":"Naturpark Am Stettiner Haff","description":"","potentialAction":[{"@type":"SearchAction","target":{"@type":"EntryPoint","urlTemplate":"https:\/\/www.naturparkmagazin.de\/am-stettiner-haff\/?s={search_term_string}"},"query-input":"required name=search_term_string"}],"inLanguage":"de"},{"@type":"Person","@id":"https:\/\/www.naturparkmagazin.de\/am-stettiner-haff\/#\/schema\/person\/4a7208080dbbfb024d81129b7960c725","name":"Jochen Elberskirch","sameAs":["http:\/\/www.naturpark-am-stettiner-haff.de"],"url":"https:\/\/www.naturparkmagazin.de\/am-stettiner-haff\/author\/jochenelberskirch\/"}]}},"_links":{"self":[{"href":"https:\/\/www.naturparkmagazin.de\/am-stettiner-haff\/wp-json\/wp\/v2\/posts\/2047"}],"collection":[{"href":"https:\/\/www.naturparkmagazin.de\/am-stettiner-haff\/wp-json\/wp\/v2\/posts"}],"about":[{"href":"https:\/\/www.naturparkmagazin.de\/am-stettiner-haff\/wp-json\/wp\/v2\/types\/post"}],"author":[{"embeddable":true,"href":"https:\/\/www.naturparkmagazin.de\/am-stettiner-haff\/wp-json\/wp\/v2\/users\/26"}],"replies":[{"embeddable":true,"href":"https:\/\/www.naturparkmagazin.de\/am-stettiner-haff\/wp-json\/wp\/v2\/comments?post=2047"}],"version-history":[{"count":5,"href":"https:\/\/www.naturparkmagazin.de\/am-stettiner-haff\/wp-json\/wp\/v2\/posts\/2047\/revisions"}],"predecessor-version":[{"id":2062,"href":"https:\/\/www.naturparkmagazin.de\/am-stettiner-haff\/wp-json\/wp\/v2\/posts\/2047\/revisions\/2062"}],"wp:featuredmedia":[{"embeddable":true,"href":"https:\/\/www.naturparkmagazin.de\/am-stettiner-haff\/wp-json\/wp\/v2\/media\/2049"}],"wp:attachment":[{"href":"https:\/\/www.naturparkmagazin.de\/am-stettiner-haff\/wp-json\/wp\/v2\/media?parent=2047"}],"wp:term":[{"taxonomy":"category","embeddable":true,"href":"https:\/\/www.naturparkmagazin.de\/am-stettiner-haff\/wp-json\/wp\/v2\/categories?post=2047"},{"taxonomy":"post_tag","embeddable":true,"href":"https:\/\/www.naturparkmagazin.de\/am-stettiner-haff\/wp-json\/wp\/v2\/tags?post=2047"}],"curies":[{"name":"wp","href":"https:\/\/api.w.org\/{rel}","templated":true}]}}