{"id":2104,"date":"2017-03-20T20:00:23","date_gmt":"2017-03-20T19:00:23","guid":{"rendered":"http:\/\/www.naturparkmagazin.de\/am-stettiner-haff\/?p=2104"},"modified":"2017-03-29T12:41:05","modified_gmt":"2017-03-29T10:41:05","slug":"anradeln-rundfahrt-durch-die-ueckermuender-heide","status":"publish","type":"post","link":"https:\/\/www.naturparkmagazin.de\/am-stettiner-haff\/anradeln-rundfahrt-durch-die-ueckermuender-heide\/","title":{"rendered":"Anradeln \u2013 Rundfahrt durch die Ueckerm\u00fcnder Heide"},"content":{"rendered":"<p>Die Kreisgruppe Oderhaff des ADFC l\u00e4dt zum Saisonstart am <strong>08. April 2017 <\/strong>zu einer 50 Kilometer langen Rundfahrt durch die Ueckerm\u00fcnder Heide ein. Start ist um 10 uhr in Eggesin Rosengarten und mittags ist eine Rast in Meiersberg geplant. Unter der Leitung von Herrn Zimmermann wird es sicherlich eine runde Sache.<\/p>\n<p>&nbsp;<\/p>\n<p><a href=\"http:\/\/www.natur-und-leben-am-stettiner-haff.de\/dokumente\/rad-und-wanderflyer-2017.pdf\" target=\"_blank\"><img decoding=\"async\" loading=\"lazy\" class=\"aligncenter size-full wp-image-2101\" src=\"https:\/\/www.naturparkmagazin.de\/am-stettiner-haff\/wp-content\/uploads\/sites\/29\/Fahrradsaison.jpg\" alt=\"Fahrradsaison\" width=\"845\" height=\"1127\" srcset=\"https:\/\/www.naturparkmagazin.de\/am-stettiner-haff\/wp-content\/uploads\/sites\/29\/Fahrradsaison.jpg 845w, https:\/\/www.naturparkmagazin.de\/am-stettiner-haff\/wp-content\/uploads\/sites\/29\/Fahrradsaison-300x400.jpg 300w, https:\/\/www.naturparkmagazin.de\/am-stettiner-haff\/wp-content\/uploads\/sites\/29\/Fahrradsaison-620x827.jpg 620w, https:\/\/www.naturparkmagazin.de\/am-stettiner-haff\/wp-content\/uploads\/sites\/29\/Fahrradsaison-500x667.jpg 500w, https:\/\/www.naturparkmagazin.de\/am-stettiner-haff\/wp-content\/uploads\/sites\/29\/Fahrradsaison-420x560.jpg 420w, https:\/\/www.naturparkmagazin.de\/am-stettiner-haff\/wp-content\/uploads\/sites\/29\/Fahrradsaison-135x180.jpg 135w, https:\/\/www.naturparkmagazin.de\/am-stettiner-haff\/wp-content\/uploads\/sites\/29\/Fahrradsaison-53x71.jpg 53w, https:\/\/www.naturparkmagazin.de\/am-stettiner-haff\/wp-content\/uploads\/sites\/29\/Fahrradsaison-670x894.jpg 670w, https:\/\/www.naturparkmagazin.de\/am-stettiner-haff\/wp-content\/uploads\/sites\/29\/Fahrradsaison-200x267.jpg 200w\" sizes=\"(max-width: 845px) 100vw, 845px\" \/><\/a><\/p>\n","protected":false},"excerpt":{"rendered":"<p>Die Kreisgruppe Oderhaff des ADFC l\u00e4dt zum Saisonstart am 08. April 2017 zu einer 50 Kilometer langen Rundfahrt durch die Ueckerm\u00fcnder Heide ein. Start ist um 10 uhr in Eggesin Rosengarten und mittags ist eine Rast in Meiersberg geplant. Unter der Leitung von Herrn Zimmermann wird es sicherlich eine runde Sache. &nbsp;<\/p>\n","protected":false},"author":26,"featured_media":2101,"comment_status":"open","ping_status":"open","sticky":false,"template":"","format":"standard","meta":[],"categories":[11],"tags":[],"yoast_head":"<!-- This site is optimized with the Yoast SEO plugin v19.10 - https:\/\/yoast.com\/wordpress\/plugins\/seo\/ -->\n<title>Anradeln \u2013 Rundfahrt durch die Ueckerm\u00fcnder Heide - Naturpark Am Stettiner Haff<\/title>\n<meta name=\"robots\" content=\"index, follow, max-snippet:-1, max-image-preview:large, max-video-preview:-1\" \/>\n<link rel=\"canonical\" href=\"https:\/\/www.naturparkmagazin.de\/am-stettiner-haff\/anradeln-rundfahrt-durch-die-ueckermuender-heide\/\" \/>\n<meta property=\"og:locale\" content=\"de_DE\" \/>\n<meta property=\"og:type\" content=\"article\" \/>\n<meta property=\"og:title\" content=\"Anradeln \u2013 Rundfahrt durch die Ueckerm\u00fcnder Heide - Naturpark Am Stettiner Haff\" \/>\n<meta property=\"og:description\" content=\"Die Kreisgruppe Oderhaff des ADFC l\u00e4dt zum Saisonstart am 08. April 2017 zu einer 50 Kilometer langen Rundfahrt durch die Ueckerm\u00fcnder Heide ein. Start ist um 10 uhr in Eggesin Rosengarten und mittags ist eine Rast in Meiersberg geplant. Unter der Leitung von Herrn Zimmermann wird es sicherlich eine runde Sache. &nbsp;\" \/>\n<meta property=\"og:url\" content=\"https:\/\/www.naturparkmagazin.de\/am-stettiner-haff\/anradeln-rundfahrt-durch-die-ueckermuender-heide\/\" \/>\n<meta property=\"og:site_name\" content=\"Naturpark Am Stettiner Haff\" \/>\n<meta property=\"article:published_time\" content=\"2017-03-20T19:00:23+00:00\" \/>\n<meta property=\"article:modified_time\" content=\"2017-03-29T10:41:05+00:00\" \/>\n<meta property=\"og:image\" content=\"https:\/\/www.naturparkmagazin.de\/am-stettiner-haff\/wp-content\/uploads\/sites\/29\/Fahrradsaison.jpg\" \/>\n\t<meta property=\"og:image:width\" content=\"845\" \/>\n\t<meta property=\"og:image:height\" content=\"1127\" \/>\n\t<meta property=\"og:image:type\" content=\"image\/jpeg\" \/>\n<meta name=\"author\" content=\"Jochen Elberskirch\" \/>\n<meta name=\"twitter:label1\" content=\"Verfasst von\" \/>\n\t<meta name=\"twitter:data1\" content=\"Jochen Elberskirch\" \/>\n<script type=\"application\/ld+json\" class=\"yoast-schema-graph\">{\"@context\":\"https:\/\/schema.org\",\"@graph\":[{\"@type\":\"WebPage\",\"@id\":\"https:\/\/www.naturparkmagazin.de\/am-stettiner-haff\/anradeln-rundfahrt-durch-die-ueckermuender-heide\/\",\"url\":\"https:\/\/www.naturparkmagazin.de\/am-stettiner-haff\/anradeln-rundfahrt-durch-die-ueckermuender-heide\/\",\"name\":\"Anradeln \u2013 Rundfahrt durch die Ueckerm\u00fcnder Heide - Naturpark Am Stettiner Haff\",\"isPartOf\":{\"@id\":\"https:\/\/www.naturparkmagazin.de\/am-stettiner-haff\/#website\"},\"datePublished\":\"2017-03-20T19:00:23+00:00\",\"dateModified\":\"2017-03-29T10:41:05+00:00\",\"author\":{\"@id\":\"https:\/\/www.naturparkmagazin.de\/am-stettiner-haff\/#\/schema\/person\/4a7208080dbbfb024d81129b7960c725\"},\"breadcrumb\":{\"@id\":\"https:\/\/www.naturparkmagazin.de\/am-stettiner-haff\/anradeln-rundfahrt-durch-die-ueckermuender-heide\/#breadcrumb\"},\"inLanguage\":\"de\",\"potentialAction\":[{\"@type\":\"ReadAction\",\"target\":[\"https:\/\/www.naturparkmagazin.de\/am-stettiner-haff\/anradeln-rundfahrt-durch-die-ueckermuender-heide\/\"]}]},{\"@type\":\"BreadcrumbList\",\"@id\":\"https:\/\/www.naturparkmagazin.de\/am-stettiner-haff\/anradeln-rundfahrt-durch-die-ueckermuender-heide\/#breadcrumb\",\"itemListElement\":[{\"@type\":\"ListItem\",\"position\":1,\"name\":\"Home\",\"item\":\"https:\/\/www.naturparkmagazin.de\/am-stettiner-haff\/\"},{\"@type\":\"ListItem\",\"position\":2,\"name\":\"Anradeln \u2013 Rundfahrt durch die Ueckerm\u00fcnder Heide\"}]},{\"@type\":\"WebSite\",\"@id\":\"https:\/\/www.naturparkmagazin.de\/am-stettiner-haff\/#website\",\"url\":\"https:\/\/www.naturparkmagazin.de\/am-stettiner-haff\/\",\"name\":\"Naturpark Am Stettiner Haff\",\"description\":\"\",\"potentialAction\":[{\"@type\":\"SearchAction\",\"target\":{\"@type\":\"EntryPoint\",\"urlTemplate\":\"https:\/\/www.naturparkmagazin.de\/am-stettiner-haff\/?s={search_term_string}\"},\"query-input\":\"required name=search_term_string\"}],\"inLanguage\":\"de\"},{\"@type\":\"Person\",\"@id\":\"https:\/\/www.naturparkmagazin.de\/am-stettiner-haff\/#\/schema\/person\/4a7208080dbbfb024d81129b7960c725\",\"name\":\"Jochen Elberskirch\",\"sameAs\":[\"http:\/\/www.naturpark-am-stettiner-haff.de\"],\"url\":\"https:\/\/www.naturparkmagazin.de\/am-stettiner-haff\/author\/jochenelberskirch\/\"}]}<\/script>\n<!-- \/ Yoast SEO plugin. -->","yoast_head_json":{"title":"Anradeln \u2013 Rundfahrt durch die Ueckerm\u00fcnder Heide - Naturpark Am Stettiner Haff","robots":{"index":"index","follow":"follow","max-snippet":"max-snippet:-1","max-image-preview":"max-image-preview:large","max-video-preview":"max-video-preview:-1"},"canonical":"https:\/\/www.naturparkmagazin.de\/am-stettiner-haff\/anradeln-rundfahrt-durch-die-ueckermuender-heide\/","og_locale":"de_DE","og_type":"article","og_title":"Anradeln \u2013 Rundfahrt durch die Ueckerm\u00fcnder Heide - Naturpark Am Stettiner Haff","og_description":"Die Kreisgruppe Oderhaff des ADFC l\u00e4dt zum Saisonstart am 08. April 2017 zu einer 50 Kilometer langen Rundfahrt durch die Ueckerm\u00fcnder Heide ein. Start ist um 10 uhr in Eggesin Rosengarten und mittags ist eine Rast in Meiersberg geplant. Unter der Leitung von Herrn Zimmermann wird es sicherlich eine runde Sache. &nbsp;","og_url":"https:\/\/www.naturparkmagazin.de\/am-stettiner-haff\/anradeln-rundfahrt-durch-die-ueckermuender-heide\/","og_site_name":"Naturpark Am Stettiner Haff","article_published_time":"2017-03-20T19:00:23+00:00","article_modified_time":"2017-03-29T10:41:05+00:00","og_image":[{"width":845,"height":1127,"url":"https:\/\/www.naturparkmagazin.de\/am-stettiner-haff\/wp-content\/uploads\/sites\/29\/Fahrradsaison.jpg","type":"image\/jpeg"}],"author":"Jochen Elberskirch","twitter_misc":{"Verfasst von":"Jochen Elberskirch"},"schema":{"@context":"https:\/\/schema.org","@graph":[{"@type":"WebPage","@id":"https:\/\/www.naturparkmagazin.de\/am-stettiner-haff\/anradeln-rundfahrt-durch-die-ueckermuender-heide\/","url":"https:\/\/www.naturparkmagazin.de\/am-stettiner-haff\/anradeln-rundfahrt-durch-die-ueckermuender-heide\/","name":"Anradeln \u2013 Rundfahrt durch die Ueckerm\u00fcnder Heide - Naturpark Am Stettiner Haff","isPartOf":{"@id":"https:\/\/www.naturparkmagazin.de\/am-stettiner-haff\/#website"},"datePublished":"2017-03-20T19:00:23+00:00","dateModified":"2017-03-29T10:41:05+00:00","author":{"@id":"https:\/\/www.naturparkmagazin.de\/am-stettiner-haff\/#\/schema\/person\/4a7208080dbbfb024d81129b7960c725"},"breadcrumb":{"@id":"https:\/\/www.naturparkmagazin.de\/am-stettiner-haff\/anradeln-rundfahrt-durch-die-ueckermuender-heide\/#breadcrumb"},"inLanguage":"de","potentialAction":[{"@type":"ReadAction","target":["https:\/\/www.naturparkmagazin.de\/am-stettiner-haff\/anradeln-rundfahrt-durch-die-ueckermuender-heide\/"]}]},{"@type":"BreadcrumbList","@id":"https:\/\/www.naturparkmagazin.de\/am-stettiner-haff\/anradeln-rundfahrt-durch-die-ueckermuender-heide\/#breadcrumb","itemListElement":[{"@type":"ListItem","position":1,"name":"Home","item":"https:\/\/www.naturparkmagazin.de\/am-stettiner-haff\/"},{"@type":"ListItem","position":2,"name":"Anradeln \u2013 Rundfahrt durch die Ueckerm\u00fcnder Heide"}]},{"@type":"WebSite","@id":"https:\/\/www.naturparkmagazin.de\/am-stettiner-haff\/#website","url":"https:\/\/www.naturparkmagazin.de\/am-stettiner-haff\/","name":"Naturpark Am Stettiner Haff","description":"","potentialAction":[{"@type":"SearchAction","target":{"@type":"EntryPoint","urlTemplate":"https:\/\/www.naturparkmagazin.de\/am-stettiner-haff\/?s={search_term_string}"},"query-input":"required name=search_term_string"}],"inLanguage":"de"},{"@type":"Person","@id":"https:\/\/www.naturparkmagazin.de\/am-stettiner-haff\/#\/schema\/person\/4a7208080dbbfb024d81129b7960c725","name":"Jochen Elberskirch","sameAs":["http:\/\/www.naturpark-am-stettiner-haff.de"],"url":"https:\/\/www.naturparkmagazin.de\/am-stettiner-haff\/author\/jochenelberskirch\/"}]}},"_links":{"self":[{"href":"https:\/\/www.naturparkmagazin.de\/am-stettiner-haff\/wp-json\/wp\/v2\/posts\/2104"}],"collection":[{"href":"https:\/\/www.naturparkmagazin.de\/am-stettiner-haff\/wp-json\/wp\/v2\/posts"}],"about":[{"href":"https:\/\/www.naturparkmagazin.de\/am-stettiner-haff\/wp-json\/wp\/v2\/types\/post"}],"author":[{"embeddable":true,"href":"https:\/\/www.naturparkmagazin.de\/am-stettiner-haff\/wp-json\/wp\/v2\/users\/26"}],"replies":[{"embeddable":true,"href":"https:\/\/www.naturparkmagazin.de\/am-stettiner-haff\/wp-json\/wp\/v2\/comments?post=2104"}],"version-history":[{"count":1,"href":"https:\/\/www.naturparkmagazin.de\/am-stettiner-haff\/wp-json\/wp\/v2\/posts\/2104\/revisions"}],"predecessor-version":[{"id":2105,"href":"https:\/\/www.naturparkmagazin.de\/am-stettiner-haff\/wp-json\/wp\/v2\/posts\/2104\/revisions\/2105"}],"wp:featuredmedia":[{"embeddable":true,"href":"https:\/\/www.naturparkmagazin.de\/am-stettiner-haff\/wp-json\/wp\/v2\/media\/2101"}],"wp:attachment":[{"href":"https:\/\/www.naturparkmagazin.de\/am-stettiner-haff\/wp-json\/wp\/v2\/media?parent=2104"}],"wp:term":[{"taxonomy":"category","embeddable":true,"href":"https:\/\/www.naturparkmagazin.de\/am-stettiner-haff\/wp-json\/wp\/v2\/categories?post=2104"},{"taxonomy":"post_tag","embeddable":true,"href":"https:\/\/www.naturparkmagazin.de\/am-stettiner-haff\/wp-json\/wp\/v2\/tags?post=2104"}],"curies":[{"name":"wp","href":"https:\/\/api.w.org\/{rel}","templated":true}]}}