{"id":2127,"date":"2017-04-18T11:45:49","date_gmt":"2017-04-18T09:45:49","guid":{"rendered":"http:\/\/www.naturparkmagazin.de\/am-stettiner-haff\/?p=2127"},"modified":"2017-04-18T11:45:49","modified_gmt":"2017-04-18T09:45:49","slug":"start-in-die-saison-2017","status":"publish","type":"post","link":"https:\/\/www.naturparkmagazin.de\/am-stettiner-haff\/start-in-die-saison-2017\/","title":{"rendered":"Start in die Saison 2017"},"content":{"rendered":"<p><span style=\"color: #000000;font-family: Arial\">Auch wenn eigentlich immer Saison im Naturpark ist, startet ab Mitte Mai der Naturpark \u201eAm Stettiner Haff\u201c mit den \u201eSaison\u00f6ffnungszeiten\u201c in die diesj\u00e4hrige Hauptsaison. <\/span><\/p>\n<p><span style=\"color: #000000;font-family: Arial\">Ab dem 15. Mai 2017 \u00f6ffnen sich die T\u00fcren des Naturparkinformationszentrums wieder an sechs Tagen in der Woche. Von montags bis freitags kann die Ausstellung von 9:30 \u2013 17:00 Uhr und samstags von 10:00 \u2013 16:00 Uhr besichtigt werden. <\/span><\/p>\n<p><span style=\"color: #000000;font-family: Arial\">Neben der interaktiven Ausstellung zum Naturpark h\u00e4lt das Team des Naturparks auch zahlreiche Tipps zu Veranstaltungen und Sehensw\u00fcrdigkeiten in der Naturparkregion bereit. <\/span><\/p>\n<p><a href=\"https:\/\/www.naturparkmagazin.de\/am-stettiner-haff\/wp-content\/uploads\/sites\/29\/Gefuehrte_Wanderungen_2017.jpg\"><img decoding=\"async\" loading=\"lazy\" class=\"aligncenter size-full wp-image-2128\" src=\"https:\/\/www.naturparkmagazin.de\/am-stettiner-haff\/wp-content\/uploads\/sites\/29\/Gefuehrte_Wanderungen_2017.jpg\" alt=\"Gefuehrte_Wanderungen_2017\" width=\"445\" height=\"926\" srcset=\"https:\/\/www.naturparkmagazin.de\/am-stettiner-haff\/wp-content\/uploads\/sites\/29\/Gefuehrte_Wanderungen_2017.jpg 445w, https:\/\/www.naturparkmagazin.de\/am-stettiner-haff\/wp-content\/uploads\/sites\/29\/Gefuehrte_Wanderungen_2017-300x624.jpg 300w, https:\/\/www.naturparkmagazin.de\/am-stettiner-haff\/wp-content\/uploads\/sites\/29\/Gefuehrte_Wanderungen_2017-200x416.jpg 200w\" sizes=\"(max-width: 445px) 100vw, 445px\" \/><\/a><\/p>\n<p>&nbsp;<\/p>\n<p><span style=\"color: #000000;font-family: Arial\">Eine aktuelle Brosch\u00fcre zum Thema gef\u00fchrte Wanderungen wird es nat\u00fcrlich auch wie gewohnt geben. So wird die Brosch\u00fcre \u201eNatur erleben am Stettiner Haff\u201c ab voraussichtlich Anfang Mai in allen Touristeninformationen der Region und nat\u00fcrlich im Besucherinformationszentrum des Naturparks erh\u00e4ltlich sein.<\/span><\/p>\n<p>&nbsp;<\/p>\n","protected":false},"excerpt":{"rendered":"<p>Auch wenn eigentlich immer Saison im Naturpark ist, startet ab Mitte Mai der Naturpark \u201eAm Stettiner Haff\u201c mit den \u201eSaison\u00f6ffnungszeiten\u201c in die diesj\u00e4hrige Hauptsaison.  Ab dem 15. Mai 2017 \u00f6ffnen sich die T\u00fcren des Naturparkinformationszentrums wieder an sechs Tagen in der Woche. <\/p>\n","protected":false},"author":26,"featured_media":2128,"comment_status":"open","ping_status":"open","sticky":false,"template":"","format":"standard","meta":[],"categories":[7],"tags":[],"yoast_head":"<!-- This site is optimized with the Yoast SEO plugin v19.10 - https:\/\/yoast.com\/wordpress\/plugins\/seo\/ -->\n<title>Start in die Saison 2017 - Naturpark Am Stettiner Haff<\/title>\n<meta name=\"robots\" content=\"index, follow, max-snippet:-1, max-image-preview:large, max-video-preview:-1\" \/>\n<link rel=\"canonical\" href=\"https:\/\/www.naturparkmagazin.de\/am-stettiner-haff\/start-in-die-saison-2017\/\" \/>\n<meta property=\"og:locale\" content=\"de_DE\" \/>\n<meta property=\"og:type\" content=\"article\" \/>\n<meta property=\"og:title\" content=\"Start in die Saison 2017 - Naturpark Am Stettiner Haff\" \/>\n<meta property=\"og:description\" content=\"Auch wenn eigentlich immer Saison im Naturpark ist, startet ab Mitte Mai der Naturpark \u201eAm Stettiner Haff\u201c mit den \u201eSaison\u00f6ffnungszeiten\u201c in die diesj\u00e4hrige Hauptsaison. Ab dem 15. Mai 2017 \u00f6ffnen sich die T\u00fcren des Naturparkinformationszentrums wieder an sechs Tagen in der Woche.\" \/>\n<meta property=\"og:url\" content=\"https:\/\/www.naturparkmagazin.de\/am-stettiner-haff\/start-in-die-saison-2017\/\" \/>\n<meta property=\"og:site_name\" content=\"Naturpark Am Stettiner Haff\" \/>\n<meta property=\"article:published_time\" content=\"2017-04-18T09:45:49+00:00\" \/>\n<meta property=\"og:image\" content=\"https:\/\/www.naturparkmagazin.de\/am-stettiner-haff\/wp-content\/uploads\/sites\/29\/Gefuehrte_Wanderungen_2017.jpg\" \/>\n\t<meta property=\"og:image:width\" content=\"445\" \/>\n\t<meta property=\"og:image:height\" content=\"926\" \/>\n\t<meta property=\"og:image:type\" content=\"image\/jpeg\" \/>\n<meta name=\"author\" content=\"Jochen Elberskirch\" \/>\n<meta name=\"twitter:label1\" content=\"Verfasst von\" \/>\n\t<meta name=\"twitter:data1\" content=\"Jochen Elberskirch\" \/>\n\t<meta name=\"twitter:label2\" content=\"Gesch\u00e4tzte Lesezeit\" \/>\n\t<meta name=\"twitter:data2\" content=\"1\u00a0Minute\" \/>\n<script type=\"application\/ld+json\" class=\"yoast-schema-graph\">{\"@context\":\"https:\/\/schema.org\",\"@graph\":[{\"@type\":\"WebPage\",\"@id\":\"https:\/\/www.naturparkmagazin.de\/am-stettiner-haff\/start-in-die-saison-2017\/\",\"url\":\"https:\/\/www.naturparkmagazin.de\/am-stettiner-haff\/start-in-die-saison-2017\/\",\"name\":\"Start in die Saison 2017 - Naturpark Am Stettiner Haff\",\"isPartOf\":{\"@id\":\"https:\/\/www.naturparkmagazin.de\/am-stettiner-haff\/#website\"},\"datePublished\":\"2017-04-18T09:45:49+00:00\",\"dateModified\":\"2017-04-18T09:45:49+00:00\",\"author\":{\"@id\":\"https:\/\/www.naturparkmagazin.de\/am-stettiner-haff\/#\/schema\/person\/4a7208080dbbfb024d81129b7960c725\"},\"breadcrumb\":{\"@id\":\"https:\/\/www.naturparkmagazin.de\/am-stettiner-haff\/start-in-die-saison-2017\/#breadcrumb\"},\"inLanguage\":\"de\",\"potentialAction\":[{\"@type\":\"ReadAction\",\"target\":[\"https:\/\/www.naturparkmagazin.de\/am-stettiner-haff\/start-in-die-saison-2017\/\"]}]},{\"@type\":\"BreadcrumbList\",\"@id\":\"https:\/\/www.naturparkmagazin.de\/am-stettiner-haff\/start-in-die-saison-2017\/#breadcrumb\",\"itemListElement\":[{\"@type\":\"ListItem\",\"position\":1,\"name\":\"Home\",\"item\":\"https:\/\/www.naturparkmagazin.de\/am-stettiner-haff\/\"},{\"@type\":\"ListItem\",\"position\":2,\"name\":\"Start in die Saison 2017\"}]},{\"@type\":\"WebSite\",\"@id\":\"https:\/\/www.naturparkmagazin.de\/am-stettiner-haff\/#website\",\"url\":\"https:\/\/www.naturparkmagazin.de\/am-stettiner-haff\/\",\"name\":\"Naturpark Am Stettiner Haff\",\"description\":\"\",\"potentialAction\":[{\"@type\":\"SearchAction\",\"target\":{\"@type\":\"EntryPoint\",\"urlTemplate\":\"https:\/\/www.naturparkmagazin.de\/am-stettiner-haff\/?s={search_term_string}\"},\"query-input\":\"required name=search_term_string\"}],\"inLanguage\":\"de\"},{\"@type\":\"Person\",\"@id\":\"https:\/\/www.naturparkmagazin.de\/am-stettiner-haff\/#\/schema\/person\/4a7208080dbbfb024d81129b7960c725\",\"name\":\"Jochen Elberskirch\",\"sameAs\":[\"http:\/\/www.naturpark-am-stettiner-haff.de\"],\"url\":\"https:\/\/www.naturparkmagazin.de\/am-stettiner-haff\/author\/jochenelberskirch\/\"}]}<\/script>\n<!-- \/ Yoast SEO plugin. -->","yoast_head_json":{"title":"Start in die Saison 2017 - Naturpark Am Stettiner Haff","robots":{"index":"index","follow":"follow","max-snippet":"max-snippet:-1","max-image-preview":"max-image-preview:large","max-video-preview":"max-video-preview:-1"},"canonical":"https:\/\/www.naturparkmagazin.de\/am-stettiner-haff\/start-in-die-saison-2017\/","og_locale":"de_DE","og_type":"article","og_title":"Start in die Saison 2017 - Naturpark Am Stettiner Haff","og_description":"Auch wenn eigentlich immer Saison im Naturpark ist, startet ab Mitte Mai der Naturpark \u201eAm Stettiner Haff\u201c mit den \u201eSaison\u00f6ffnungszeiten\u201c in die diesj\u00e4hrige Hauptsaison. Ab dem 15. Mai 2017 \u00f6ffnen sich die T\u00fcren des Naturparkinformationszentrums wieder an sechs Tagen in der Woche.","og_url":"https:\/\/www.naturparkmagazin.de\/am-stettiner-haff\/start-in-die-saison-2017\/","og_site_name":"Naturpark Am Stettiner Haff","article_published_time":"2017-04-18T09:45:49+00:00","og_image":[{"width":445,"height":926,"url":"https:\/\/www.naturparkmagazin.de\/am-stettiner-haff\/wp-content\/uploads\/sites\/29\/Gefuehrte_Wanderungen_2017.jpg","type":"image\/jpeg"}],"author":"Jochen Elberskirch","twitter_misc":{"Verfasst von":"Jochen Elberskirch","Gesch\u00e4tzte Lesezeit":"1\u00a0Minute"},"schema":{"@context":"https:\/\/schema.org","@graph":[{"@type":"WebPage","@id":"https:\/\/www.naturparkmagazin.de\/am-stettiner-haff\/start-in-die-saison-2017\/","url":"https:\/\/www.naturparkmagazin.de\/am-stettiner-haff\/start-in-die-saison-2017\/","name":"Start in die Saison 2017 - Naturpark Am Stettiner Haff","isPartOf":{"@id":"https:\/\/www.naturparkmagazin.de\/am-stettiner-haff\/#website"},"datePublished":"2017-04-18T09:45:49+00:00","dateModified":"2017-04-18T09:45:49+00:00","author":{"@id":"https:\/\/www.naturparkmagazin.de\/am-stettiner-haff\/#\/schema\/person\/4a7208080dbbfb024d81129b7960c725"},"breadcrumb":{"@id":"https:\/\/www.naturparkmagazin.de\/am-stettiner-haff\/start-in-die-saison-2017\/#breadcrumb"},"inLanguage":"de","potentialAction":[{"@type":"ReadAction","target":["https:\/\/www.naturparkmagazin.de\/am-stettiner-haff\/start-in-die-saison-2017\/"]}]},{"@type":"BreadcrumbList","@id":"https:\/\/www.naturparkmagazin.de\/am-stettiner-haff\/start-in-die-saison-2017\/#breadcrumb","itemListElement":[{"@type":"ListItem","position":1,"name":"Home","item":"https:\/\/www.naturparkmagazin.de\/am-stettiner-haff\/"},{"@type":"ListItem","position":2,"name":"Start in die Saison 2017"}]},{"@type":"WebSite","@id":"https:\/\/www.naturparkmagazin.de\/am-stettiner-haff\/#website","url":"https:\/\/www.naturparkmagazin.de\/am-stettiner-haff\/","name":"Naturpark Am Stettiner Haff","description":"","potentialAction":[{"@type":"SearchAction","target":{"@type":"EntryPoint","urlTemplate":"https:\/\/www.naturparkmagazin.de\/am-stettiner-haff\/?s={search_term_string}"},"query-input":"required name=search_term_string"}],"inLanguage":"de"},{"@type":"Person","@id":"https:\/\/www.naturparkmagazin.de\/am-stettiner-haff\/#\/schema\/person\/4a7208080dbbfb024d81129b7960c725","name":"Jochen Elberskirch","sameAs":["http:\/\/www.naturpark-am-stettiner-haff.de"],"url":"https:\/\/www.naturparkmagazin.de\/am-stettiner-haff\/author\/jochenelberskirch\/"}]}},"_links":{"self":[{"href":"https:\/\/www.naturparkmagazin.de\/am-stettiner-haff\/wp-json\/wp\/v2\/posts\/2127"}],"collection":[{"href":"https:\/\/www.naturparkmagazin.de\/am-stettiner-haff\/wp-json\/wp\/v2\/posts"}],"about":[{"href":"https:\/\/www.naturparkmagazin.de\/am-stettiner-haff\/wp-json\/wp\/v2\/types\/post"}],"author":[{"embeddable":true,"href":"https:\/\/www.naturparkmagazin.de\/am-stettiner-haff\/wp-json\/wp\/v2\/users\/26"}],"replies":[{"embeddable":true,"href":"https:\/\/www.naturparkmagazin.de\/am-stettiner-haff\/wp-json\/wp\/v2\/comments?post=2127"}],"version-history":[{"count":3,"href":"https:\/\/www.naturparkmagazin.de\/am-stettiner-haff\/wp-json\/wp\/v2\/posts\/2127\/revisions"}],"predecessor-version":[{"id":2131,"href":"https:\/\/www.naturparkmagazin.de\/am-stettiner-haff\/wp-json\/wp\/v2\/posts\/2127\/revisions\/2131"}],"wp:featuredmedia":[{"embeddable":true,"href":"https:\/\/www.naturparkmagazin.de\/am-stettiner-haff\/wp-json\/wp\/v2\/media\/2128"}],"wp:attachment":[{"href":"https:\/\/www.naturparkmagazin.de\/am-stettiner-haff\/wp-json\/wp\/v2\/media?parent=2127"}],"wp:term":[{"taxonomy":"category","embeddable":true,"href":"https:\/\/www.naturparkmagazin.de\/am-stettiner-haff\/wp-json\/wp\/v2\/categories?post=2127"},{"taxonomy":"post_tag","embeddable":true,"href":"https:\/\/www.naturparkmagazin.de\/am-stettiner-haff\/wp-json\/wp\/v2\/tags?post=2127"}],"curies":[{"name":"wp","href":"https:\/\/api.w.org\/{rel}","templated":true}]}}