{"id":2148,"date":"2017-05-16T14:35:32","date_gmt":"2017-05-16T12:35:32","guid":{"rendered":"http:\/\/www.naturparkmagazin.de\/am-stettiner-haff\/?p=2148"},"modified":"2017-05-23T13:47:44","modified_gmt":"2017-05-23T11:47:44","slug":"stammtisch-im-gruenen","status":"publish","type":"post","link":"https:\/\/www.naturparkmagazin.de\/am-stettiner-haff\/stammtisch-im-gruenen\/","title":{"rendered":"Stammtisch im Gr\u00fcnen"},"content":{"rendered":"<p>Am 07. Juni 2017 ist es wieder soweit: Der letzte Naturpark-Stammtisch vor der Sommerpause l\u00e4dt alle Interessierten ein sich mit dem F\u00f6rderverein des Naturparkes und den Mitarbeitern der Naturparkverwaltung im Naturpark zu treffen. In diesem Jahr folgen wir der Einladung der Pommernkogge \u201eUcra\u201c. Zur gewohnten Zeit, ab 18:30 Uhr treffen wir uns im Stadthafen von Ueckerm\u00fcnde an der Kogge.<\/p>\n<p>Auch der Stammtisch im Gr\u00fcnen bietet die M\u00f6glichkeit sich \u00fcber Themen rund um den Naturpark auszutauschen und zu informieren. Und in geselliger Runde mit den Aktiven des F\u00f6rdervereins und den Mitarbeitern der Naturparkverwaltung gibt es die Gelegenheit ins Gespr\u00e4ch zu kommen.<\/p>\n<p>Das Team des Naturparks und des Naturpark-F\u00f6rdervereins freuen sich auf Ihr Kommen.<\/p>\n<div id=\"attachment_2151\" style=\"width: 778px\" class=\"wp-caption aligncenter\"><a href=\"https:\/\/www.naturparkmagazin.de\/am-stettiner-haff\/wp-content\/uploads\/sites\/29\/Kogge-mit-Segel2.jpg\"><img aria-describedby=\"caption-attachment-2151\" decoding=\"async\" loading=\"lazy\" class=\"size-full wp-image-2151\" src=\"https:\/\/www.naturparkmagazin.de\/am-stettiner-haff\/wp-content\/uploads\/sites\/29\/Kogge-mit-Segel2.jpg\" alt=\"Foto: Uta Sommer\" width=\"768\" height=\"987\" srcset=\"https:\/\/www.naturparkmagazin.de\/am-stettiner-haff\/wp-content\/uploads\/sites\/29\/Kogge-mit-Segel2.jpg 768w, https:\/\/www.naturparkmagazin.de\/am-stettiner-haff\/wp-content\/uploads\/sites\/29\/Kogge-mit-Segel2-300x386.jpg 300w, https:\/\/www.naturparkmagazin.de\/am-stettiner-haff\/wp-content\/uploads\/sites\/29\/Kogge-mit-Segel2-620x797.jpg 620w, https:\/\/www.naturparkmagazin.de\/am-stettiner-haff\/wp-content\/uploads\/sites\/29\/Kogge-mit-Segel2-670x861.jpg 670w, https:\/\/www.naturparkmagazin.de\/am-stettiner-haff\/wp-content\/uploads\/sites\/29\/Kogge-mit-Segel2-200x257.jpg 200w\" sizes=\"(max-width: 768px) 100vw, 768px\" \/><\/a><p id=\"caption-attachment-2151\" class=\"wp-caption-text\">Foto: Uta Sommer<\/p><\/div>\n","protected":false},"excerpt":{"rendered":"<p>Am 07. Juni 2017 ist es wieder soweit: Der letzte Naturpark-Stammtisch vor der Sommerpause l\u00e4dt alle Interessierten ein sich mit dem F\u00f6rderverein des Naturparkes und den Mitarbeitern der Naturparkverwaltung im Naturpark zu treffen.<\/p>\n","protected":false},"author":26,"featured_media":2151,"comment_status":"open","ping_status":"open","sticky":false,"template":"","format":"standard","meta":[],"categories":[11],"tags":[],"yoast_head":"<!-- This site is optimized with the Yoast SEO plugin v19.10 - https:\/\/yoast.com\/wordpress\/plugins\/seo\/ -->\n<title>Stammtisch im Gr\u00fcnen - Naturpark Am Stettiner Haff<\/title>\n<meta name=\"robots\" content=\"index, follow, max-snippet:-1, max-image-preview:large, max-video-preview:-1\" \/>\n<link rel=\"canonical\" href=\"https:\/\/www.naturparkmagazin.de\/am-stettiner-haff\/stammtisch-im-gruenen\/\" \/>\n<meta property=\"og:locale\" content=\"de_DE\" \/>\n<meta property=\"og:type\" content=\"article\" \/>\n<meta property=\"og:title\" content=\"Stammtisch im Gr\u00fcnen - Naturpark Am Stettiner Haff\" \/>\n<meta property=\"og:description\" content=\"Am 07. Juni 2017 ist es wieder soweit: Der letzte Naturpark-Stammtisch vor der Sommerpause l\u00e4dt alle Interessierten ein sich mit dem F\u00f6rderverein des Naturparkes und den Mitarbeitern der Naturparkverwaltung im Naturpark zu treffen.\" \/>\n<meta property=\"og:url\" content=\"https:\/\/www.naturparkmagazin.de\/am-stettiner-haff\/stammtisch-im-gruenen\/\" \/>\n<meta property=\"og:site_name\" content=\"Naturpark Am Stettiner Haff\" \/>\n<meta property=\"article:published_time\" content=\"2017-05-16T12:35:32+00:00\" \/>\n<meta property=\"article:modified_time\" content=\"2017-05-23T11:47:44+00:00\" \/>\n<meta property=\"og:image\" content=\"https:\/\/www.naturparkmagazin.de\/am-stettiner-haff\/wp-content\/uploads\/sites\/29\/Kogge-mit-Segel2.jpg\" \/>\n\t<meta property=\"og:image:width\" content=\"768\" \/>\n\t<meta property=\"og:image:height\" content=\"987\" \/>\n\t<meta property=\"og:image:type\" content=\"image\/jpeg\" \/>\n<meta name=\"author\" content=\"Jochen Elberskirch\" \/>\n<meta name=\"twitter:label1\" content=\"Verfasst von\" \/>\n\t<meta name=\"twitter:data1\" content=\"Jochen Elberskirch\" \/>\n\t<meta name=\"twitter:label2\" content=\"Gesch\u00e4tzte Lesezeit\" \/>\n\t<meta name=\"twitter:data2\" content=\"1\u00a0Minute\" \/>\n<script type=\"application\/ld+json\" class=\"yoast-schema-graph\">{\"@context\":\"https:\/\/schema.org\",\"@graph\":[{\"@type\":\"WebPage\",\"@id\":\"https:\/\/www.naturparkmagazin.de\/am-stettiner-haff\/stammtisch-im-gruenen\/\",\"url\":\"https:\/\/www.naturparkmagazin.de\/am-stettiner-haff\/stammtisch-im-gruenen\/\",\"name\":\"Stammtisch im Gr\u00fcnen - Naturpark Am Stettiner Haff\",\"isPartOf\":{\"@id\":\"https:\/\/www.naturparkmagazin.de\/am-stettiner-haff\/#website\"},\"datePublished\":\"2017-05-16T12:35:32+00:00\",\"dateModified\":\"2017-05-23T11:47:44+00:00\",\"author\":{\"@id\":\"https:\/\/www.naturparkmagazin.de\/am-stettiner-haff\/#\/schema\/person\/4a7208080dbbfb024d81129b7960c725\"},\"breadcrumb\":{\"@id\":\"https:\/\/www.naturparkmagazin.de\/am-stettiner-haff\/stammtisch-im-gruenen\/#breadcrumb\"},\"inLanguage\":\"de\",\"potentialAction\":[{\"@type\":\"ReadAction\",\"target\":[\"https:\/\/www.naturparkmagazin.de\/am-stettiner-haff\/stammtisch-im-gruenen\/\"]}]},{\"@type\":\"BreadcrumbList\",\"@id\":\"https:\/\/www.naturparkmagazin.de\/am-stettiner-haff\/stammtisch-im-gruenen\/#breadcrumb\",\"itemListElement\":[{\"@type\":\"ListItem\",\"position\":1,\"name\":\"Home\",\"item\":\"https:\/\/www.naturparkmagazin.de\/am-stettiner-haff\/\"},{\"@type\":\"ListItem\",\"position\":2,\"name\":\"Stammtisch im Gr\u00fcnen\"}]},{\"@type\":\"WebSite\",\"@id\":\"https:\/\/www.naturparkmagazin.de\/am-stettiner-haff\/#website\",\"url\":\"https:\/\/www.naturparkmagazin.de\/am-stettiner-haff\/\",\"name\":\"Naturpark Am Stettiner Haff\",\"description\":\"\",\"potentialAction\":[{\"@type\":\"SearchAction\",\"target\":{\"@type\":\"EntryPoint\",\"urlTemplate\":\"https:\/\/www.naturparkmagazin.de\/am-stettiner-haff\/?s={search_term_string}\"},\"query-input\":\"required name=search_term_string\"}],\"inLanguage\":\"de\"},{\"@type\":\"Person\",\"@id\":\"https:\/\/www.naturparkmagazin.de\/am-stettiner-haff\/#\/schema\/person\/4a7208080dbbfb024d81129b7960c725\",\"name\":\"Jochen Elberskirch\",\"sameAs\":[\"http:\/\/www.naturpark-am-stettiner-haff.de\"],\"url\":\"https:\/\/www.naturparkmagazin.de\/am-stettiner-haff\/author\/jochenelberskirch\/\"}]}<\/script>\n<!-- \/ Yoast SEO plugin. -->","yoast_head_json":{"title":"Stammtisch im Gr\u00fcnen - Naturpark Am Stettiner Haff","robots":{"index":"index","follow":"follow","max-snippet":"max-snippet:-1","max-image-preview":"max-image-preview:large","max-video-preview":"max-video-preview:-1"},"canonical":"https:\/\/www.naturparkmagazin.de\/am-stettiner-haff\/stammtisch-im-gruenen\/","og_locale":"de_DE","og_type":"article","og_title":"Stammtisch im Gr\u00fcnen - Naturpark Am Stettiner Haff","og_description":"Am 07. Juni 2017 ist es wieder soweit: Der letzte Naturpark-Stammtisch vor der Sommerpause l\u00e4dt alle Interessierten ein sich mit dem F\u00f6rderverein des Naturparkes und den Mitarbeitern der Naturparkverwaltung im Naturpark zu treffen.","og_url":"https:\/\/www.naturparkmagazin.de\/am-stettiner-haff\/stammtisch-im-gruenen\/","og_site_name":"Naturpark Am Stettiner Haff","article_published_time":"2017-05-16T12:35:32+00:00","article_modified_time":"2017-05-23T11:47:44+00:00","og_image":[{"width":768,"height":987,"url":"https:\/\/www.naturparkmagazin.de\/am-stettiner-haff\/wp-content\/uploads\/sites\/29\/Kogge-mit-Segel2.jpg","type":"image\/jpeg"}],"author":"Jochen Elberskirch","twitter_misc":{"Verfasst von":"Jochen Elberskirch","Gesch\u00e4tzte Lesezeit":"1\u00a0Minute"},"schema":{"@context":"https:\/\/schema.org","@graph":[{"@type":"WebPage","@id":"https:\/\/www.naturparkmagazin.de\/am-stettiner-haff\/stammtisch-im-gruenen\/","url":"https:\/\/www.naturparkmagazin.de\/am-stettiner-haff\/stammtisch-im-gruenen\/","name":"Stammtisch im Gr\u00fcnen - Naturpark Am Stettiner Haff","isPartOf":{"@id":"https:\/\/www.naturparkmagazin.de\/am-stettiner-haff\/#website"},"datePublished":"2017-05-16T12:35:32+00:00","dateModified":"2017-05-23T11:47:44+00:00","author":{"@id":"https:\/\/www.naturparkmagazin.de\/am-stettiner-haff\/#\/schema\/person\/4a7208080dbbfb024d81129b7960c725"},"breadcrumb":{"@id":"https:\/\/www.naturparkmagazin.de\/am-stettiner-haff\/stammtisch-im-gruenen\/#breadcrumb"},"inLanguage":"de","potentialAction":[{"@type":"ReadAction","target":["https:\/\/www.naturparkmagazin.de\/am-stettiner-haff\/stammtisch-im-gruenen\/"]}]},{"@type":"BreadcrumbList","@id":"https:\/\/www.naturparkmagazin.de\/am-stettiner-haff\/stammtisch-im-gruenen\/#breadcrumb","itemListElement":[{"@type":"ListItem","position":1,"name":"Home","item":"https:\/\/www.naturparkmagazin.de\/am-stettiner-haff\/"},{"@type":"ListItem","position":2,"name":"Stammtisch im Gr\u00fcnen"}]},{"@type":"WebSite","@id":"https:\/\/www.naturparkmagazin.de\/am-stettiner-haff\/#website","url":"https:\/\/www.naturparkmagazin.de\/am-stettiner-haff\/","name":"Naturpark Am Stettiner Haff","description":"","potentialAction":[{"@type":"SearchAction","target":{"@type":"EntryPoint","urlTemplate":"https:\/\/www.naturparkmagazin.de\/am-stettiner-haff\/?s={search_term_string}"},"query-input":"required name=search_term_string"}],"inLanguage":"de"},{"@type":"Person","@id":"https:\/\/www.naturparkmagazin.de\/am-stettiner-haff\/#\/schema\/person\/4a7208080dbbfb024d81129b7960c725","name":"Jochen Elberskirch","sameAs":["http:\/\/www.naturpark-am-stettiner-haff.de"],"url":"https:\/\/www.naturparkmagazin.de\/am-stettiner-haff\/author\/jochenelberskirch\/"}]}},"_links":{"self":[{"href":"https:\/\/www.naturparkmagazin.de\/am-stettiner-haff\/wp-json\/wp\/v2\/posts\/2148"}],"collection":[{"href":"https:\/\/www.naturparkmagazin.de\/am-stettiner-haff\/wp-json\/wp\/v2\/posts"}],"about":[{"href":"https:\/\/www.naturparkmagazin.de\/am-stettiner-haff\/wp-json\/wp\/v2\/types\/post"}],"author":[{"embeddable":true,"href":"https:\/\/www.naturparkmagazin.de\/am-stettiner-haff\/wp-json\/wp\/v2\/users\/26"}],"replies":[{"embeddable":true,"href":"https:\/\/www.naturparkmagazin.de\/am-stettiner-haff\/wp-json\/wp\/v2\/comments?post=2148"}],"version-history":[{"count":3,"href":"https:\/\/www.naturparkmagazin.de\/am-stettiner-haff\/wp-json\/wp\/v2\/posts\/2148\/revisions"}],"predecessor-version":[{"id":2155,"href":"https:\/\/www.naturparkmagazin.de\/am-stettiner-haff\/wp-json\/wp\/v2\/posts\/2148\/revisions\/2155"}],"wp:featuredmedia":[{"embeddable":true,"href":"https:\/\/www.naturparkmagazin.de\/am-stettiner-haff\/wp-json\/wp\/v2\/media\/2151"}],"wp:attachment":[{"href":"https:\/\/www.naturparkmagazin.de\/am-stettiner-haff\/wp-json\/wp\/v2\/media?parent=2148"}],"wp:term":[{"taxonomy":"category","embeddable":true,"href":"https:\/\/www.naturparkmagazin.de\/am-stettiner-haff\/wp-json\/wp\/v2\/categories?post=2148"},{"taxonomy":"post_tag","embeddable":true,"href":"https:\/\/www.naturparkmagazin.de\/am-stettiner-haff\/wp-json\/wp\/v2\/tags?post=2148"}],"curies":[{"name":"wp","href":"https:\/\/api.w.org\/{rel}","templated":true}]}}