{"id":2158,"date":"2017-06-15T12:00:09","date_gmt":"2017-06-15T10:00:09","guid":{"rendered":"http:\/\/www.naturparkmagazin.de\/am-stettiner-haff\/?p=2158"},"modified":"2017-06-27T12:52:17","modified_gmt":"2017-06-27T10:52:17","slug":"orchideen-monitoring","status":"publish","type":"post","link":"https:\/\/www.naturparkmagazin.de\/am-stettiner-haff\/orchideen-monitoring\/","title":{"rendered":"Orchideen-Monitoring"},"content":{"rendered":"<p>Auf den Orchideenwiesen im Naturpark ist das j\u00e4hrliche Monitoring mit Hilfe von ehrenamtlichen Helfern, Mitarbeitern des Forstamtes Rothem\u00fchl und den Mitarbeitern des Naturparkes durchgef\u00fchrt worden.<\/p>\n<p>Am 05. und 06.06.2017 haben J. Paulisch, F. Joisten und J. Henke im Ahlbecker Fenn im Bereich Vorsee die Orchideen gez\u00e4hlt.<\/p>\n<p>Um die Anzahl m\u00f6glichst genau festzustellen, wurden mit Hilfe von 50 Meter langen Schn\u00fcren drei Meter breite Transekte gebildet und ausgez\u00e4hlt. F\u00fcr die 1,5 Hektar ben\u00f6tigten die Z\u00e4hler ca. 6 Stunden. Im Ergebnis wurden das Steifbl\u00e4ttrige Knabenkraut und das Breitbl\u00e4ttrige Knabenkraut mit ingesamt 4732 Planzen im Mischbestand gez\u00e4hlt.<\/p>\n<p>Erstmalig konnte das Sumpfknabenkraut mit einem Exemplar nachgewiesen werden.<\/p>\n<p>&nbsp;<\/p>\n<div id=\"attachment_2159\" style=\"width: 817px\" class=\"wp-caption aligncenter\"><a href=\"https:\/\/www.naturparkmagazin.de\/am-stettiner-haff\/wp-content\/uploads\/sites\/29\/Josi-und-Knabenkraut.jpg\"><img aria-describedby=\"caption-attachment-2159\" decoding=\"async\" loading=\"lazy\" class=\"wp-image-2159 size-full\" src=\"https:\/\/www.naturparkmagazin.de\/am-stettiner-haff\/wp-content\/uploads\/sites\/29\/Josi-und-Knabenkraut.jpg\" alt=\"ein pr\u00e4chtiges Exemplar des Steifbl\u00e4ttrigen Knabenkrautes mit unserer F\u00d6J J. Paulisch\" width=\"807\" height=\"768\" srcset=\"https:\/\/www.naturparkmagazin.de\/am-stettiner-haff\/wp-content\/uploads\/sites\/29\/Josi-und-Knabenkraut.jpg 807w, https:\/\/www.naturparkmagazin.de\/am-stettiner-haff\/wp-content\/uploads\/sites\/29\/Josi-und-Knabenkraut-300x286.jpg 300w, https:\/\/www.naturparkmagazin.de\/am-stettiner-haff\/wp-content\/uploads\/sites\/29\/Josi-und-Knabenkraut-620x590.jpg 620w, https:\/\/www.naturparkmagazin.de\/am-stettiner-haff\/wp-content\/uploads\/sites\/29\/Josi-und-Knabenkraut-30x30.jpg 30w, https:\/\/www.naturparkmagazin.de\/am-stettiner-haff\/wp-content\/uploads\/sites\/29\/Josi-und-Knabenkraut-670x638.jpg 670w, https:\/\/www.naturparkmagazin.de\/am-stettiner-haff\/wp-content\/uploads\/sites\/29\/Josi-und-Knabenkraut-200x190.jpg 200w\" sizes=\"(max-width: 807px) 100vw, 807px\" \/><\/a><p id=\"caption-attachment-2159\" class=\"wp-caption-text\">ein pr\u00e4chtiges Exemplar des Steifbl\u00e4ttrigen Knabenkrautes mit unserer F\u00d6J J. Paulisch<\/p><\/div>\n","protected":false},"excerpt":{"rendered":"<p>Auf den Orchideenwiesen im Naturpark ist das j\u00e4hrliche Monitoring mit Hilfe von ehrenamtlichen Helfern, Mitarbeitern des Forstamtes Rothem\u00fchl und den Mitarbeitern des Naturparkes durchgef\u00fchrt worden.<\/p>\n","protected":false},"author":26,"featured_media":2159,"comment_status":"open","ping_status":"open","sticky":false,"template":"","format":"standard","meta":[],"categories":[7],"tags":[],"yoast_head":"<!-- This site is optimized with the Yoast SEO plugin v19.10 - https:\/\/yoast.com\/wordpress\/plugins\/seo\/ -->\n<title>Orchideen-Monitoring - Naturpark Am Stettiner Haff<\/title>\n<meta name=\"robots\" content=\"index, follow, max-snippet:-1, max-image-preview:large, max-video-preview:-1\" \/>\n<link rel=\"canonical\" href=\"https:\/\/www.naturparkmagazin.de\/am-stettiner-haff\/orchideen-monitoring\/\" \/>\n<meta property=\"og:locale\" content=\"de_DE\" \/>\n<meta property=\"og:type\" content=\"article\" \/>\n<meta property=\"og:title\" content=\"Orchideen-Monitoring - Naturpark Am Stettiner Haff\" \/>\n<meta property=\"og:description\" content=\"Auf den Orchideenwiesen im Naturpark ist das j\u00e4hrliche Monitoring mit Hilfe von ehrenamtlichen Helfern, Mitarbeitern des Forstamtes Rothem\u00fchl und den Mitarbeitern des Naturparkes durchgef\u00fchrt worden.\" \/>\n<meta property=\"og:url\" content=\"https:\/\/www.naturparkmagazin.de\/am-stettiner-haff\/orchideen-monitoring\/\" \/>\n<meta property=\"og:site_name\" content=\"Naturpark Am Stettiner Haff\" \/>\n<meta property=\"article:published_time\" content=\"2017-06-15T10:00:09+00:00\" \/>\n<meta property=\"article:modified_time\" content=\"2017-06-27T10:52:17+00:00\" \/>\n<meta property=\"og:image\" content=\"https:\/\/www.naturparkmagazin.de\/am-stettiner-haff\/wp-content\/uploads\/sites\/29\/Josi-und-Knabenkraut.jpg\" \/>\n\t<meta property=\"og:image:width\" content=\"807\" \/>\n\t<meta property=\"og:image:height\" content=\"768\" \/>\n\t<meta property=\"og:image:type\" content=\"image\/jpeg\" \/>\n<meta name=\"author\" content=\"Jochen Elberskirch\" \/>\n<meta name=\"twitter:label1\" content=\"Verfasst von\" \/>\n\t<meta name=\"twitter:data1\" content=\"Jochen Elberskirch\" \/>\n\t<meta name=\"twitter:label2\" content=\"Gesch\u00e4tzte Lesezeit\" \/>\n\t<meta name=\"twitter:data2\" content=\"1\u00a0Minute\" \/>\n<script type=\"application\/ld+json\" class=\"yoast-schema-graph\">{\"@context\":\"https:\/\/schema.org\",\"@graph\":[{\"@type\":\"WebPage\",\"@id\":\"https:\/\/www.naturparkmagazin.de\/am-stettiner-haff\/orchideen-monitoring\/\",\"url\":\"https:\/\/www.naturparkmagazin.de\/am-stettiner-haff\/orchideen-monitoring\/\",\"name\":\"Orchideen-Monitoring - Naturpark Am Stettiner Haff\",\"isPartOf\":{\"@id\":\"https:\/\/www.naturparkmagazin.de\/am-stettiner-haff\/#website\"},\"datePublished\":\"2017-06-15T10:00:09+00:00\",\"dateModified\":\"2017-06-27T10:52:17+00:00\",\"author\":{\"@id\":\"https:\/\/www.naturparkmagazin.de\/am-stettiner-haff\/#\/schema\/person\/4a7208080dbbfb024d81129b7960c725\"},\"breadcrumb\":{\"@id\":\"https:\/\/www.naturparkmagazin.de\/am-stettiner-haff\/orchideen-monitoring\/#breadcrumb\"},\"inLanguage\":\"de\",\"potentialAction\":[{\"@type\":\"ReadAction\",\"target\":[\"https:\/\/www.naturparkmagazin.de\/am-stettiner-haff\/orchideen-monitoring\/\"]}]},{\"@type\":\"BreadcrumbList\",\"@id\":\"https:\/\/www.naturparkmagazin.de\/am-stettiner-haff\/orchideen-monitoring\/#breadcrumb\",\"itemListElement\":[{\"@type\":\"ListItem\",\"position\":1,\"name\":\"Home\",\"item\":\"https:\/\/www.naturparkmagazin.de\/am-stettiner-haff\/\"},{\"@type\":\"ListItem\",\"position\":2,\"name\":\"Orchideen-Monitoring\"}]},{\"@type\":\"WebSite\",\"@id\":\"https:\/\/www.naturparkmagazin.de\/am-stettiner-haff\/#website\",\"url\":\"https:\/\/www.naturparkmagazin.de\/am-stettiner-haff\/\",\"name\":\"Naturpark Am Stettiner Haff\",\"description\":\"\",\"potentialAction\":[{\"@type\":\"SearchAction\",\"target\":{\"@type\":\"EntryPoint\",\"urlTemplate\":\"https:\/\/www.naturparkmagazin.de\/am-stettiner-haff\/?s={search_term_string}\"},\"query-input\":\"required name=search_term_string\"}],\"inLanguage\":\"de\"},{\"@type\":\"Person\",\"@id\":\"https:\/\/www.naturparkmagazin.de\/am-stettiner-haff\/#\/schema\/person\/4a7208080dbbfb024d81129b7960c725\",\"name\":\"Jochen Elberskirch\",\"sameAs\":[\"http:\/\/www.naturpark-am-stettiner-haff.de\"],\"url\":\"https:\/\/www.naturparkmagazin.de\/am-stettiner-haff\/author\/jochenelberskirch\/\"}]}<\/script>\n<!-- \/ Yoast SEO plugin. -->","yoast_head_json":{"title":"Orchideen-Monitoring - Naturpark Am Stettiner Haff","robots":{"index":"index","follow":"follow","max-snippet":"max-snippet:-1","max-image-preview":"max-image-preview:large","max-video-preview":"max-video-preview:-1"},"canonical":"https:\/\/www.naturparkmagazin.de\/am-stettiner-haff\/orchideen-monitoring\/","og_locale":"de_DE","og_type":"article","og_title":"Orchideen-Monitoring - Naturpark Am Stettiner Haff","og_description":"Auf den Orchideenwiesen im Naturpark ist das j\u00e4hrliche Monitoring mit Hilfe von ehrenamtlichen Helfern, Mitarbeitern des Forstamtes Rothem\u00fchl und den Mitarbeitern des Naturparkes durchgef\u00fchrt worden.","og_url":"https:\/\/www.naturparkmagazin.de\/am-stettiner-haff\/orchideen-monitoring\/","og_site_name":"Naturpark Am Stettiner Haff","article_published_time":"2017-06-15T10:00:09+00:00","article_modified_time":"2017-06-27T10:52:17+00:00","og_image":[{"width":807,"height":768,"url":"https:\/\/www.naturparkmagazin.de\/am-stettiner-haff\/wp-content\/uploads\/sites\/29\/Josi-und-Knabenkraut.jpg","type":"image\/jpeg"}],"author":"Jochen Elberskirch","twitter_misc":{"Verfasst von":"Jochen Elberskirch","Gesch\u00e4tzte Lesezeit":"1\u00a0Minute"},"schema":{"@context":"https:\/\/schema.org","@graph":[{"@type":"WebPage","@id":"https:\/\/www.naturparkmagazin.de\/am-stettiner-haff\/orchideen-monitoring\/","url":"https:\/\/www.naturparkmagazin.de\/am-stettiner-haff\/orchideen-monitoring\/","name":"Orchideen-Monitoring - Naturpark Am Stettiner Haff","isPartOf":{"@id":"https:\/\/www.naturparkmagazin.de\/am-stettiner-haff\/#website"},"datePublished":"2017-06-15T10:00:09+00:00","dateModified":"2017-06-27T10:52:17+00:00","author":{"@id":"https:\/\/www.naturparkmagazin.de\/am-stettiner-haff\/#\/schema\/person\/4a7208080dbbfb024d81129b7960c725"},"breadcrumb":{"@id":"https:\/\/www.naturparkmagazin.de\/am-stettiner-haff\/orchideen-monitoring\/#breadcrumb"},"inLanguage":"de","potentialAction":[{"@type":"ReadAction","target":["https:\/\/www.naturparkmagazin.de\/am-stettiner-haff\/orchideen-monitoring\/"]}]},{"@type":"BreadcrumbList","@id":"https:\/\/www.naturparkmagazin.de\/am-stettiner-haff\/orchideen-monitoring\/#breadcrumb","itemListElement":[{"@type":"ListItem","position":1,"name":"Home","item":"https:\/\/www.naturparkmagazin.de\/am-stettiner-haff\/"},{"@type":"ListItem","position":2,"name":"Orchideen-Monitoring"}]},{"@type":"WebSite","@id":"https:\/\/www.naturparkmagazin.de\/am-stettiner-haff\/#website","url":"https:\/\/www.naturparkmagazin.de\/am-stettiner-haff\/","name":"Naturpark Am Stettiner Haff","description":"","potentialAction":[{"@type":"SearchAction","target":{"@type":"EntryPoint","urlTemplate":"https:\/\/www.naturparkmagazin.de\/am-stettiner-haff\/?s={search_term_string}"},"query-input":"required name=search_term_string"}],"inLanguage":"de"},{"@type":"Person","@id":"https:\/\/www.naturparkmagazin.de\/am-stettiner-haff\/#\/schema\/person\/4a7208080dbbfb024d81129b7960c725","name":"Jochen Elberskirch","sameAs":["http:\/\/www.naturpark-am-stettiner-haff.de"],"url":"https:\/\/www.naturparkmagazin.de\/am-stettiner-haff\/author\/jochenelberskirch\/"}]}},"_links":{"self":[{"href":"https:\/\/www.naturparkmagazin.de\/am-stettiner-haff\/wp-json\/wp\/v2\/posts\/2158"}],"collection":[{"href":"https:\/\/www.naturparkmagazin.de\/am-stettiner-haff\/wp-json\/wp\/v2\/posts"}],"about":[{"href":"https:\/\/www.naturparkmagazin.de\/am-stettiner-haff\/wp-json\/wp\/v2\/types\/post"}],"author":[{"embeddable":true,"href":"https:\/\/www.naturparkmagazin.de\/am-stettiner-haff\/wp-json\/wp\/v2\/users\/26"}],"replies":[{"embeddable":true,"href":"https:\/\/www.naturparkmagazin.de\/am-stettiner-haff\/wp-json\/wp\/v2\/comments?post=2158"}],"version-history":[{"count":2,"href":"https:\/\/www.naturparkmagazin.de\/am-stettiner-haff\/wp-json\/wp\/v2\/posts\/2158\/revisions"}],"predecessor-version":[{"id":2165,"href":"https:\/\/www.naturparkmagazin.de\/am-stettiner-haff\/wp-json\/wp\/v2\/posts\/2158\/revisions\/2165"}],"wp:featuredmedia":[{"embeddable":true,"href":"https:\/\/www.naturparkmagazin.de\/am-stettiner-haff\/wp-json\/wp\/v2\/media\/2159"}],"wp:attachment":[{"href":"https:\/\/www.naturparkmagazin.de\/am-stettiner-haff\/wp-json\/wp\/v2\/media?parent=2158"}],"wp:term":[{"taxonomy":"category","embeddable":true,"href":"https:\/\/www.naturparkmagazin.de\/am-stettiner-haff\/wp-json\/wp\/v2\/categories?post=2158"},{"taxonomy":"post_tag","embeddable":true,"href":"https:\/\/www.naturparkmagazin.de\/am-stettiner-haff\/wp-json\/wp\/v2\/tags?post=2158"}],"curies":[{"name":"wp","href":"https:\/\/api.w.org\/{rel}","templated":true}]}}