{"id":2169,"date":"2017-07-14T12:10:04","date_gmt":"2017-07-14T10:10:04","guid":{"rendered":"http:\/\/www.naturparkmagazin.de\/am-stettiner-haff\/?p=2169"},"modified":"2021-08-02T13:27:48","modified_gmt":"2021-08-02T11:27:48","slug":"bundespraesident-besucht-naturpark","status":"publish","type":"post","link":"https:\/\/www.naturparkmagazin.de\/am-stettiner-haff\/bundespraesident-besucht-naturpark\/","title":{"rendered":"Bundespr\u00e4sident besucht Naturpark"},"content":{"rendered":"<div id=\"attachment_2186\" style=\"width: 630px\" class=\"wp-caption aligncenter\"><a href=\"https:\/\/www.naturparkmagazin.de\/am-stettiner-haff\/wp-content\/uploads\/sites\/29\/Auf_dem_Flo\u00df.jpg\"><img aria-describedby=\"caption-attachment-2186\" decoding=\"async\" loading=\"lazy\" class=\"size-large wp-image-2186\" src=\"https:\/\/www.naturparkmagazin.de\/am-stettiner-haff\/wp-content\/uploads\/sites\/29\/Auf_dem_Flo\u00df-940x529.jpg\" alt=\"Flo\u00dffahrt dem Bundespr\u00e4sidenten\" width=\"620\" height=\"349\" srcset=\"https:\/\/www.naturparkmagazin.de\/am-stettiner-haff\/wp-content\/uploads\/sites\/29\/Auf_dem_Flo\u00df-940x529.jpg 940w, https:\/\/www.naturparkmagazin.de\/am-stettiner-haff\/wp-content\/uploads\/sites\/29\/Auf_dem_Flo\u00df-300x169.jpg 300w, https:\/\/www.naturparkmagazin.de\/am-stettiner-haff\/wp-content\/uploads\/sites\/29\/Auf_dem_Flo\u00df-620x349.jpg 620w, https:\/\/www.naturparkmagazin.de\/am-stettiner-haff\/wp-content\/uploads\/sites\/29\/Auf_dem_Flo\u00df-670x377.jpg 670w, https:\/\/www.naturparkmagazin.de\/am-stettiner-haff\/wp-content\/uploads\/sites\/29\/Auf_dem_Flo\u00df-200x113.jpg 200w, https:\/\/www.naturparkmagazin.de\/am-stettiner-haff\/wp-content\/uploads\/sites\/29\/Auf_dem_Flo\u00df.jpg 1296w\" sizes=\"(max-width: 620px) 100vw, 620px\" \/><\/a><p id=\"caption-attachment-2186\" class=\"wp-caption-text\">Flo\u00dffahrt mit dem Bundespr\u00e4sidenten<\/p><\/div>\n<p>Anl\u00e4sslich des Antrittsbesuches in Mecklenburg-Vorpommern im Rahmen seiner Deutschlandreise besuchte der Bundespr\u00e4sident Herr Frank-Walter Steinmeier mit\u00a0seiner Ehefrau Elke B\u00fcdenbender den Naturpark \u201eAm Stettiner Haff\u201c. Begleitet wurde der Bundespr\u00e4sident von\u00a0 der Ministerpr\u00e4sidentin Mecklenburg-Vorpommerns Manuela Schwesig sowie dem Staatssekret\u00e4r Patrik Dahlemann. Bei\u00a0einer Fahrt mit dem Flo\u00df auf der Randow und der Uecker pr\u00e4sentierte der Natur- und Landschaftsf\u00fchrer Detlef Ertelt dem Bundespr\u00e4sidenten und\u00a0seinen Begleitern sowie eingeladenen G\u00e4sten\u00a0die Sch\u00f6nheit der\u00a0Naturpark-Region. Au\u00dferdem\u00a0nahm\u00a0sich der Bundespr\u00e4sident die Zeit,\u00a0um\u00a0mit den geladenen G\u00e4sten ins Gespr\u00e4ch zu kommen. Neben regionalen Vertretern aus Politik und Wirtschaft, waren auch Vertreter ehrenamtlicher Initiativen eingeladen. So pr\u00e4sentieren die Buchkinder vom Stettiner Haff ihre j\u00fcngsten Werke und die Sielmanns Natur-Ranger des Teams L\u00f6cknitz berichteten \u00fcber ihren Einsatz f\u00fcr die Natur. Die drei anwesenden Teilnehmer des freiwilligen \u00f6kologischen Jahres nutzen die Gelegenheit, um den Bundespr\u00e4sidenten und die Ministerpr\u00e4sidentin auf die immer schlechter werdende Finanzausstattung dieses Bundesprogramms aufmerksam zu machen.<\/p>\n<div id=\"attachment_2185\" style=\"width: 740px\" class=\"wp-caption aligncenter\"><a href=\"https:\/\/www.naturparkmagazin.de\/am-stettiner-haff\/wp-content\/uploads\/sites\/29\/Foejler_im-Gespraech1.jpg\"><img aria-describedby=\"caption-attachment-2185\" decoding=\"async\" loading=\"lazy\" class=\"size-full wp-image-2185\" src=\"https:\/\/www.naturparkmagazin.de\/am-stettiner-haff\/wp-content\/uploads\/sites\/29\/Foejler_im-Gespraech1.jpg\" alt=\"Teilnehmer des freiwilligen \u00f6kologischen Jahres im Gespr\u00e4ch mit dem Bundespr\u00e4sidenten\" width=\"730\" height=\"1296\" srcset=\"https:\/\/www.naturparkmagazin.de\/am-stettiner-haff\/wp-content\/uploads\/sites\/29\/Foejler_im-Gespraech1.jpg 730w, https:\/\/www.naturparkmagazin.de\/am-stettiner-haff\/wp-content\/uploads\/sites\/29\/Foejler_im-Gespraech1-300x533.jpg 300w, https:\/\/www.naturparkmagazin.de\/am-stettiner-haff\/wp-content\/uploads\/sites\/29\/Foejler_im-Gespraech1-620x1101.jpg 620w, https:\/\/www.naturparkmagazin.de\/am-stettiner-haff\/wp-content\/uploads\/sites\/29\/Foejler_im-Gespraech1-670x1189.jpg 670w, https:\/\/www.naturparkmagazin.de\/am-stettiner-haff\/wp-content\/uploads\/sites\/29\/Foejler_im-Gespraech1-200x355.jpg 200w\" sizes=\"(max-width: 730px) 100vw, 730px\" \/><\/a><p id=\"caption-attachment-2185\" class=\"wp-caption-text\">Teilnehmer des freiwilligen \u00f6kologischen Jahres im Gespr\u00e4ch mit dem Bundespr\u00e4sidenten<\/p><\/div>\n<p>&nbsp;<\/p>\n<p><a href=\"https:\/\/www.naturparkmagazin.de\/am-stettiner-haff\/wp-content\/uploads\/sites\/29\/Detlef-Ertelt.jpg\">\u00a0<\/a><\/p>\n","protected":false},"excerpt":{"rendered":"<p>Anl\u00e4sslich des Antrittsbesuches in Mecklenburg-Vorpommern im Rahmen seiner Deutschlandreise besuchte der Bundespr\u00e4sident Herr Frank-Walter Steinmeier mit seiner Ehefrau Elke B\u00fcdenbender den Naturpark \u201eAm Stettiner Haff\u201c.<\/p>\n","protected":false},"author":26,"featured_media":2188,"comment_status":"open","ping_status":"open","sticky":false,"template":"","format":"standard","meta":[],"categories":[7],"tags":[],"yoast_head":"<!-- This site is optimized with the Yoast SEO plugin v19.10 - https:\/\/yoast.com\/wordpress\/plugins\/seo\/ -->\n<title>Bundespr\u00e4sident besucht Naturpark - Naturpark Am Stettiner Haff<\/title>\n<meta name=\"robots\" content=\"index, follow, max-snippet:-1, max-image-preview:large, max-video-preview:-1\" \/>\n<link rel=\"canonical\" href=\"https:\/\/www.naturparkmagazin.de\/am-stettiner-haff\/bundespraesident-besucht-naturpark\/\" \/>\n<meta property=\"og:locale\" content=\"de_DE\" \/>\n<meta property=\"og:type\" content=\"article\" \/>\n<meta property=\"og:title\" content=\"Bundespr\u00e4sident besucht Naturpark - Naturpark Am Stettiner Haff\" \/>\n<meta property=\"og:description\" content=\"Anl\u00e4sslich des Antrittsbesuches in Mecklenburg-Vorpommern im Rahmen seiner Deutschlandreise besuchte der Bundespr\u00e4sident Herr Frank-Walter Steinmeier mit seiner Ehefrau Elke B\u00fcdenbender den Naturpark \u201eAm Stettiner Haff\u201c.\" \/>\n<meta property=\"og:url\" content=\"https:\/\/www.naturparkmagazin.de\/am-stettiner-haff\/bundespraesident-besucht-naturpark\/\" \/>\n<meta property=\"og:site_name\" content=\"Naturpark Am Stettiner Haff\" \/>\n<meta property=\"article:published_time\" content=\"2017-07-14T10:10:04+00:00\" \/>\n<meta property=\"article:modified_time\" content=\"2021-08-02T11:27:48+00:00\" \/>\n<meta property=\"og:image\" content=\"https:\/\/www.naturparkmagazin.de\/am-stettiner-haff\/wp-content\/uploads\/sites\/29\/DSC01816zugeschnitten.jpg\" \/>\n\t<meta property=\"og:image:width\" content=\"942\" \/>\n\t<meta property=\"og:image:height\" content=\"480\" \/>\n\t<meta property=\"og:image:type\" content=\"image\/jpeg\" \/>\n<meta name=\"author\" content=\"Jochen Elberskirch\" \/>\n<meta name=\"twitter:label1\" content=\"Verfasst von\" \/>\n\t<meta name=\"twitter:data1\" content=\"Jochen Elberskirch\" \/>\n\t<meta name=\"twitter:label2\" content=\"Gesch\u00e4tzte Lesezeit\" \/>\n\t<meta name=\"twitter:data2\" content=\"1\u00a0Minute\" \/>\n<script type=\"application\/ld+json\" class=\"yoast-schema-graph\">{\"@context\":\"https:\/\/schema.org\",\"@graph\":[{\"@type\":\"WebPage\",\"@id\":\"https:\/\/www.naturparkmagazin.de\/am-stettiner-haff\/bundespraesident-besucht-naturpark\/\",\"url\":\"https:\/\/www.naturparkmagazin.de\/am-stettiner-haff\/bundespraesident-besucht-naturpark\/\",\"name\":\"Bundespr\u00e4sident besucht Naturpark - Naturpark Am Stettiner Haff\",\"isPartOf\":{\"@id\":\"https:\/\/www.naturparkmagazin.de\/am-stettiner-haff\/#website\"},\"datePublished\":\"2017-07-14T10:10:04+00:00\",\"dateModified\":\"2021-08-02T11:27:48+00:00\",\"author\":{\"@id\":\"https:\/\/www.naturparkmagazin.de\/am-stettiner-haff\/#\/schema\/person\/4a7208080dbbfb024d81129b7960c725\"},\"breadcrumb\":{\"@id\":\"https:\/\/www.naturparkmagazin.de\/am-stettiner-haff\/bundespraesident-besucht-naturpark\/#breadcrumb\"},\"inLanguage\":\"de\",\"potentialAction\":[{\"@type\":\"ReadAction\",\"target\":[\"https:\/\/www.naturparkmagazin.de\/am-stettiner-haff\/bundespraesident-besucht-naturpark\/\"]}]},{\"@type\":\"BreadcrumbList\",\"@id\":\"https:\/\/www.naturparkmagazin.de\/am-stettiner-haff\/bundespraesident-besucht-naturpark\/#breadcrumb\",\"itemListElement\":[{\"@type\":\"ListItem\",\"position\":1,\"name\":\"Home\",\"item\":\"https:\/\/www.naturparkmagazin.de\/am-stettiner-haff\/\"},{\"@type\":\"ListItem\",\"position\":2,\"name\":\"Bundespr\u00e4sident besucht Naturpark\"}]},{\"@type\":\"WebSite\",\"@id\":\"https:\/\/www.naturparkmagazin.de\/am-stettiner-haff\/#website\",\"url\":\"https:\/\/www.naturparkmagazin.de\/am-stettiner-haff\/\",\"name\":\"Naturpark Am Stettiner Haff\",\"description\":\"\",\"potentialAction\":[{\"@type\":\"SearchAction\",\"target\":{\"@type\":\"EntryPoint\",\"urlTemplate\":\"https:\/\/www.naturparkmagazin.de\/am-stettiner-haff\/?s={search_term_string}\"},\"query-input\":\"required name=search_term_string\"}],\"inLanguage\":\"de\"},{\"@type\":\"Person\",\"@id\":\"https:\/\/www.naturparkmagazin.de\/am-stettiner-haff\/#\/schema\/person\/4a7208080dbbfb024d81129b7960c725\",\"name\":\"Jochen Elberskirch\",\"sameAs\":[\"http:\/\/www.naturpark-am-stettiner-haff.de\"],\"url\":\"https:\/\/www.naturparkmagazin.de\/am-stettiner-haff\/author\/jochenelberskirch\/\"}]}<\/script>\n<!-- \/ Yoast SEO plugin. -->","yoast_head_json":{"title":"Bundespr\u00e4sident besucht Naturpark - Naturpark Am Stettiner Haff","robots":{"index":"index","follow":"follow","max-snippet":"max-snippet:-1","max-image-preview":"max-image-preview:large","max-video-preview":"max-video-preview:-1"},"canonical":"https:\/\/www.naturparkmagazin.de\/am-stettiner-haff\/bundespraesident-besucht-naturpark\/","og_locale":"de_DE","og_type":"article","og_title":"Bundespr\u00e4sident besucht Naturpark - Naturpark Am Stettiner Haff","og_description":"Anl\u00e4sslich des Antrittsbesuches in Mecklenburg-Vorpommern im Rahmen seiner Deutschlandreise besuchte der Bundespr\u00e4sident Herr Frank-Walter Steinmeier mit seiner Ehefrau Elke B\u00fcdenbender den Naturpark \u201eAm Stettiner Haff\u201c.","og_url":"https:\/\/www.naturparkmagazin.de\/am-stettiner-haff\/bundespraesident-besucht-naturpark\/","og_site_name":"Naturpark Am Stettiner Haff","article_published_time":"2017-07-14T10:10:04+00:00","article_modified_time":"2021-08-02T11:27:48+00:00","og_image":[{"width":942,"height":480,"url":"https:\/\/www.naturparkmagazin.de\/am-stettiner-haff\/wp-content\/uploads\/sites\/29\/DSC01816zugeschnitten.jpg","type":"image\/jpeg"}],"author":"Jochen Elberskirch","twitter_misc":{"Verfasst von":"Jochen Elberskirch","Gesch\u00e4tzte Lesezeit":"1\u00a0Minute"},"schema":{"@context":"https:\/\/schema.org","@graph":[{"@type":"WebPage","@id":"https:\/\/www.naturparkmagazin.de\/am-stettiner-haff\/bundespraesident-besucht-naturpark\/","url":"https:\/\/www.naturparkmagazin.de\/am-stettiner-haff\/bundespraesident-besucht-naturpark\/","name":"Bundespr\u00e4sident besucht Naturpark - Naturpark Am Stettiner Haff","isPartOf":{"@id":"https:\/\/www.naturparkmagazin.de\/am-stettiner-haff\/#website"},"datePublished":"2017-07-14T10:10:04+00:00","dateModified":"2021-08-02T11:27:48+00:00","author":{"@id":"https:\/\/www.naturparkmagazin.de\/am-stettiner-haff\/#\/schema\/person\/4a7208080dbbfb024d81129b7960c725"},"breadcrumb":{"@id":"https:\/\/www.naturparkmagazin.de\/am-stettiner-haff\/bundespraesident-besucht-naturpark\/#breadcrumb"},"inLanguage":"de","potentialAction":[{"@type":"ReadAction","target":["https:\/\/www.naturparkmagazin.de\/am-stettiner-haff\/bundespraesident-besucht-naturpark\/"]}]},{"@type":"BreadcrumbList","@id":"https:\/\/www.naturparkmagazin.de\/am-stettiner-haff\/bundespraesident-besucht-naturpark\/#breadcrumb","itemListElement":[{"@type":"ListItem","position":1,"name":"Home","item":"https:\/\/www.naturparkmagazin.de\/am-stettiner-haff\/"},{"@type":"ListItem","position":2,"name":"Bundespr\u00e4sident besucht Naturpark"}]},{"@type":"WebSite","@id":"https:\/\/www.naturparkmagazin.de\/am-stettiner-haff\/#website","url":"https:\/\/www.naturparkmagazin.de\/am-stettiner-haff\/","name":"Naturpark Am Stettiner Haff","description":"","potentialAction":[{"@type":"SearchAction","target":{"@type":"EntryPoint","urlTemplate":"https:\/\/www.naturparkmagazin.de\/am-stettiner-haff\/?s={search_term_string}"},"query-input":"required name=search_term_string"}],"inLanguage":"de"},{"@type":"Person","@id":"https:\/\/www.naturparkmagazin.de\/am-stettiner-haff\/#\/schema\/person\/4a7208080dbbfb024d81129b7960c725","name":"Jochen Elberskirch","sameAs":["http:\/\/www.naturpark-am-stettiner-haff.de"],"url":"https:\/\/www.naturparkmagazin.de\/am-stettiner-haff\/author\/jochenelberskirch\/"}]}},"_links":{"self":[{"href":"https:\/\/www.naturparkmagazin.de\/am-stettiner-haff\/wp-json\/wp\/v2\/posts\/2169"}],"collection":[{"href":"https:\/\/www.naturparkmagazin.de\/am-stettiner-haff\/wp-json\/wp\/v2\/posts"}],"about":[{"href":"https:\/\/www.naturparkmagazin.de\/am-stettiner-haff\/wp-json\/wp\/v2\/types\/post"}],"author":[{"embeddable":true,"href":"https:\/\/www.naturparkmagazin.de\/am-stettiner-haff\/wp-json\/wp\/v2\/users\/26"}],"replies":[{"embeddable":true,"href":"https:\/\/www.naturparkmagazin.de\/am-stettiner-haff\/wp-json\/wp\/v2\/comments?post=2169"}],"version-history":[{"count":8,"href":"https:\/\/www.naturparkmagazin.de\/am-stettiner-haff\/wp-json\/wp\/v2\/posts\/2169\/revisions"}],"predecessor-version":[{"id":2183,"href":"https:\/\/www.naturparkmagazin.de\/am-stettiner-haff\/wp-json\/wp\/v2\/posts\/2169\/revisions\/2183"}],"wp:featuredmedia":[{"embeddable":true,"href":"https:\/\/www.naturparkmagazin.de\/am-stettiner-haff\/wp-json\/wp\/v2\/media\/2188"}],"wp:attachment":[{"href":"https:\/\/www.naturparkmagazin.de\/am-stettiner-haff\/wp-json\/wp\/v2\/media?parent=2169"}],"wp:term":[{"taxonomy":"category","embeddable":true,"href":"https:\/\/www.naturparkmagazin.de\/am-stettiner-haff\/wp-json\/wp\/v2\/categories?post=2169"},{"taxonomy":"post_tag","embeddable":true,"href":"https:\/\/www.naturparkmagazin.de\/am-stettiner-haff\/wp-json\/wp\/v2\/tags?post=2169"}],"curies":[{"name":"wp","href":"https:\/\/api.w.org\/{rel}","templated":true}]}}