{"id":2173,"date":"2017-07-14T12:10:14","date_gmt":"2017-07-14T10:10:14","guid":{"rendered":"http:\/\/www.naturparkmagazin.de\/am-stettiner-haff\/?p=2173"},"modified":"2017-09-19T09:21:09","modified_gmt":"2017-09-19T07:21:09","slug":"8-workcamp-im-naturpark","status":"publish","type":"post","link":"https:\/\/www.naturparkmagazin.de\/am-stettiner-haff\/8-workcamp-im-naturpark\/","title":{"rendered":"8. Workcamp im Naturpark"},"content":{"rendered":"<p>In der Zeit vom 7. bis zum 21. August findet das achte Workcamp im Naturpark statt. Freiwillige aus Serbien, Taiwan, T\u00fcrkei Spanien, Frankreich, Italien und Mexiko werden im Ukranenland helfen die Hafenanlage zu erweitern und im Castrum Torgluwe bei Reparaturarbeiten an bestehenden Geb\u00e4uden t\u00e4tig sein. Das Workcamp wird durch die F\u00d6Jlerin des Naturparkes Josi geleitet. F\u00fcr Josi ist das der kr\u00f6nende Abschlu\u00df ihres freiwilligen Jahres, das am 31. August endet. Bei der Campleitung wird Josi durch die Mitarbeiter des Ukranenlandes und des Naturparkes unterst\u00fctzt.<\/p>\n<p>Auch wenn f\u00fcr die Campteilnehmer Arbeit und Freizeit vielleicht miteinander verschmelzen, wie bei Sommerfest im Ukranenland, soll ihnen wird neben der Arbeit ein rundes Freizeitprogramm geboten.So ist beispielsweise angedacht gemeinsam den Naturpark zu erkunden und vielleicht auch eine Ausfahrt mit der Pommernkogge Uckra zu unternehmen.<\/p>\n<p>Wir freuen uns auf die Campteilnehmer, eine spannende Zeit und w\u00fcnschen ein gutes Gelingen.<\/p>\n<p>Erm\u00f6glicht wird das Workcamp durch die F\u00f6rderung der Norddeutschen Stiftung f\u00fcr Umwelt (NUE)\u00a0und Entwicklung und durch die Unterst\u00fctzung des Naturparkes.<\/p>\n<p>&nbsp;<\/p>\n<p><a href=\"http:\/\/www.vjf.de\" target=\"_blank\"><img decoding=\"async\" loading=\"lazy\" class=\"aligncenter size-full wp-image-2174\" src=\"https:\/\/www.naturparkmagazin.de\/am-stettiner-haff\/wp-content\/uploads\/sites\/29\/Logo-vjf-h144.png\" alt=\"Logo-vjf-h144\" width=\"192\" height=\"144\" srcset=\"https:\/\/www.naturparkmagazin.de\/am-stettiner-haff\/wp-content\/uploads\/sites\/29\/Logo-vjf-h144.png 192w, https:\/\/www.naturparkmagazin.de\/am-stettiner-haff\/wp-content\/uploads\/sites\/29\/Logo-vjf-h144-180x135.png 180w, https:\/\/www.naturparkmagazin.de\/am-stettiner-haff\/wp-content\/uploads\/sites\/29\/Logo-vjf-h144-95x71.png 95w\" sizes=\"(max-width: 192px) 100vw, 192px\" \/><\/a> <a href=\"http:\/\/www.ukranenland.de\" target=\"_blank\"><img decoding=\"async\" loading=\"lazy\" class=\"aligncenter size-large wp-image-2175\" src=\"https:\/\/www.naturparkmagazin.de\/am-stettiner-haff\/wp-content\/uploads\/sites\/29\/Ukranenland.png\" alt=\"Ukranenland\" width=\"375\" height=\"218\" srcset=\"https:\/\/www.naturparkmagazin.de\/am-stettiner-haff\/wp-content\/uploads\/sites\/29\/Ukranenland.png 375w, https:\/\/www.naturparkmagazin.de\/am-stettiner-haff\/wp-content\/uploads\/sites\/29\/Ukranenland-300x174.png 300w, https:\/\/www.naturparkmagazin.de\/am-stettiner-haff\/wp-content\/uploads\/sites\/29\/Ukranenland-200x116.png 200w\" sizes=\"(max-width: 375px) 100vw, 375px\" \/><\/a><a href=\"http:\/\/www.nue-stiftung.de\/\" target=\"_blank\"><img decoding=\"async\" loading=\"lazy\" class=\"aligncenter wp-image-2242\" src=\"https:\/\/www.naturparkmagazin.de\/am-stettiner-haff\/wp-content\/uploads\/sites\/29\/nue_schwarz-940x316.jpg\" alt=\"nue_schwarz\" width=\"300\" height=\"101\" srcset=\"https:\/\/www.naturparkmagazin.de\/am-stettiner-haff\/wp-content\/uploads\/sites\/29\/nue_schwarz-940x316.jpg 940w, https:\/\/www.naturparkmagazin.de\/am-stettiner-haff\/wp-content\/uploads\/sites\/29\/nue_schwarz-300x101.jpg 300w, https:\/\/www.naturparkmagazin.de\/am-stettiner-haff\/wp-content\/uploads\/sites\/29\/nue_schwarz-620x208.jpg 620w, https:\/\/www.naturparkmagazin.de\/am-stettiner-haff\/wp-content\/uploads\/sites\/29\/nue_schwarz-670x225.jpg 670w, https:\/\/www.naturparkmagazin.de\/am-stettiner-haff\/wp-content\/uploads\/sites\/29\/nue_schwarz-200x67.jpg 200w\" sizes=\"(max-width: 300px) 100vw, 300px\" \/><\/a><img decoding=\"async\" loading=\"lazy\" class=\"aligncenter wp-image-2243\" src=\"https:\/\/www.naturparkmagazin.de\/am-stettiner-haff\/wp-content\/uploads\/sites\/29\/BINGO-Logo.jpg\" alt=\"\" width=\"200\" height=\"184\" srcset=\"https:\/\/www.naturparkmagazin.de\/am-stettiner-haff\/wp-content\/uploads\/sites\/29\/BINGO-Logo.jpg 928w, https:\/\/www.naturparkmagazin.de\/am-stettiner-haff\/wp-content\/uploads\/sites\/29\/BINGO-Logo-300x276.jpg 300w, https:\/\/www.naturparkmagazin.de\/am-stettiner-haff\/wp-content\/uploads\/sites\/29\/BINGO-Logo-620x571.jpg 620w, https:\/\/www.naturparkmagazin.de\/am-stettiner-haff\/wp-content\/uploads\/sites\/29\/BINGO-Logo-670x617.jpg 670w, https:\/\/www.naturparkmagazin.de\/am-stettiner-haff\/wp-content\/uploads\/sites\/29\/BINGO-Logo-200x184.jpg 200w\" sizes=\"(max-width: 200px) 100vw, 200px\" \/><\/p>\n","protected":false},"excerpt":{"rendered":"<p>In der Zeit vom 7. bis zum 21. August findet das achte Workcamp mit Freiwilligen aus Serbien, Taiwan, T\u00fcrkei Spanien, Frankreich, Italien und Mexiko im Naturpark statt.<\/p>\n","protected":false},"author":26,"featured_media":2179,"comment_status":"open","ping_status":"open","sticky":false,"template":"","format":"standard","meta":[],"categories":[7],"tags":[],"yoast_head":"<!-- This site is optimized with the Yoast SEO plugin v19.10 - https:\/\/yoast.com\/wordpress\/plugins\/seo\/ -->\n<title>8. Workcamp im Naturpark - Naturpark Am Stettiner Haff<\/title>\n<meta name=\"robots\" content=\"index, follow, max-snippet:-1, max-image-preview:large, max-video-preview:-1\" \/>\n<link rel=\"canonical\" href=\"https:\/\/www.naturparkmagazin.de\/am-stettiner-haff\/8-workcamp-im-naturpark\/\" \/>\n<meta property=\"og:locale\" content=\"de_DE\" \/>\n<meta property=\"og:type\" content=\"article\" \/>\n<meta property=\"og:title\" content=\"8. Workcamp im Naturpark - Naturpark Am Stettiner Haff\" \/>\n<meta property=\"og:description\" content=\"In der Zeit vom 7. bis zum 21. August findet das achte Workcamp mit Freiwilligen aus Serbien, Taiwan, T\u00fcrkei Spanien, Frankreich, Italien und Mexiko im Naturpark statt.\" \/>\n<meta property=\"og:url\" content=\"https:\/\/www.naturparkmagazin.de\/am-stettiner-haff\/8-workcamp-im-naturpark\/\" \/>\n<meta property=\"og:site_name\" content=\"Naturpark Am Stettiner Haff\" \/>\n<meta property=\"article:published_time\" content=\"2017-07-14T10:10:14+00:00\" \/>\n<meta property=\"article:modified_time\" content=\"2017-09-19T07:21:09+00:00\" \/>\n<meta property=\"og:image\" content=\"https:\/\/www.naturparkmagazin.de\/am-stettiner-haff\/wp-content\/uploads\/sites\/29\/Ukranenland.jpg\" \/>\n\t<meta property=\"og:image:width\" content=\"819\" \/>\n\t<meta property=\"og:image:height\" content=\"614\" \/>\n\t<meta property=\"og:image:type\" content=\"image\/jpeg\" \/>\n<meta name=\"author\" content=\"Jochen Elberskirch\" \/>\n<meta name=\"twitter:label1\" content=\"Verfasst von\" \/>\n\t<meta name=\"twitter:data1\" content=\"Jochen Elberskirch\" \/>\n\t<meta name=\"twitter:label2\" content=\"Gesch\u00e4tzte Lesezeit\" \/>\n\t<meta name=\"twitter:data2\" content=\"1\u00a0Minute\" \/>\n<script type=\"application\/ld+json\" class=\"yoast-schema-graph\">{\"@context\":\"https:\/\/schema.org\",\"@graph\":[{\"@type\":\"WebPage\",\"@id\":\"https:\/\/www.naturparkmagazin.de\/am-stettiner-haff\/8-workcamp-im-naturpark\/\",\"url\":\"https:\/\/www.naturparkmagazin.de\/am-stettiner-haff\/8-workcamp-im-naturpark\/\",\"name\":\"8. Workcamp im Naturpark - Naturpark Am Stettiner Haff\",\"isPartOf\":{\"@id\":\"https:\/\/www.naturparkmagazin.de\/am-stettiner-haff\/#website\"},\"datePublished\":\"2017-07-14T10:10:14+00:00\",\"dateModified\":\"2017-09-19T07:21:09+00:00\",\"author\":{\"@id\":\"https:\/\/www.naturparkmagazin.de\/am-stettiner-haff\/#\/schema\/person\/4a7208080dbbfb024d81129b7960c725\"},\"breadcrumb\":{\"@id\":\"https:\/\/www.naturparkmagazin.de\/am-stettiner-haff\/8-workcamp-im-naturpark\/#breadcrumb\"},\"inLanguage\":\"de\",\"potentialAction\":[{\"@type\":\"ReadAction\",\"target\":[\"https:\/\/www.naturparkmagazin.de\/am-stettiner-haff\/8-workcamp-im-naturpark\/\"]}]},{\"@type\":\"BreadcrumbList\",\"@id\":\"https:\/\/www.naturparkmagazin.de\/am-stettiner-haff\/8-workcamp-im-naturpark\/#breadcrumb\",\"itemListElement\":[{\"@type\":\"ListItem\",\"position\":1,\"name\":\"Home\",\"item\":\"https:\/\/www.naturparkmagazin.de\/am-stettiner-haff\/\"},{\"@type\":\"ListItem\",\"position\":2,\"name\":\"8. Workcamp im Naturpark\"}]},{\"@type\":\"WebSite\",\"@id\":\"https:\/\/www.naturparkmagazin.de\/am-stettiner-haff\/#website\",\"url\":\"https:\/\/www.naturparkmagazin.de\/am-stettiner-haff\/\",\"name\":\"Naturpark Am Stettiner Haff\",\"description\":\"\",\"potentialAction\":[{\"@type\":\"SearchAction\",\"target\":{\"@type\":\"EntryPoint\",\"urlTemplate\":\"https:\/\/www.naturparkmagazin.de\/am-stettiner-haff\/?s={search_term_string}\"},\"query-input\":\"required name=search_term_string\"}],\"inLanguage\":\"de\"},{\"@type\":\"Person\",\"@id\":\"https:\/\/www.naturparkmagazin.de\/am-stettiner-haff\/#\/schema\/person\/4a7208080dbbfb024d81129b7960c725\",\"name\":\"Jochen Elberskirch\",\"sameAs\":[\"http:\/\/www.naturpark-am-stettiner-haff.de\"],\"url\":\"https:\/\/www.naturparkmagazin.de\/am-stettiner-haff\/author\/jochenelberskirch\/\"}]}<\/script>\n<!-- \/ Yoast SEO plugin. -->","yoast_head_json":{"title":"8. Workcamp im Naturpark - Naturpark Am Stettiner Haff","robots":{"index":"index","follow":"follow","max-snippet":"max-snippet:-1","max-image-preview":"max-image-preview:large","max-video-preview":"max-video-preview:-1"},"canonical":"https:\/\/www.naturparkmagazin.de\/am-stettiner-haff\/8-workcamp-im-naturpark\/","og_locale":"de_DE","og_type":"article","og_title":"8. Workcamp im Naturpark - Naturpark Am Stettiner Haff","og_description":"In der Zeit vom 7. bis zum 21. August findet das achte Workcamp mit Freiwilligen aus Serbien, Taiwan, T\u00fcrkei Spanien, Frankreich, Italien und Mexiko im Naturpark statt.","og_url":"https:\/\/www.naturparkmagazin.de\/am-stettiner-haff\/8-workcamp-im-naturpark\/","og_site_name":"Naturpark Am Stettiner Haff","article_published_time":"2017-07-14T10:10:14+00:00","article_modified_time":"2017-09-19T07:21:09+00:00","og_image":[{"width":819,"height":614,"url":"https:\/\/www.naturparkmagazin.de\/am-stettiner-haff\/wp-content\/uploads\/sites\/29\/Ukranenland.jpg","type":"image\/jpeg"}],"author":"Jochen Elberskirch","twitter_misc":{"Verfasst von":"Jochen Elberskirch","Gesch\u00e4tzte Lesezeit":"1\u00a0Minute"},"schema":{"@context":"https:\/\/schema.org","@graph":[{"@type":"WebPage","@id":"https:\/\/www.naturparkmagazin.de\/am-stettiner-haff\/8-workcamp-im-naturpark\/","url":"https:\/\/www.naturparkmagazin.de\/am-stettiner-haff\/8-workcamp-im-naturpark\/","name":"8. Workcamp im Naturpark - Naturpark Am Stettiner Haff","isPartOf":{"@id":"https:\/\/www.naturparkmagazin.de\/am-stettiner-haff\/#website"},"datePublished":"2017-07-14T10:10:14+00:00","dateModified":"2017-09-19T07:21:09+00:00","author":{"@id":"https:\/\/www.naturparkmagazin.de\/am-stettiner-haff\/#\/schema\/person\/4a7208080dbbfb024d81129b7960c725"},"breadcrumb":{"@id":"https:\/\/www.naturparkmagazin.de\/am-stettiner-haff\/8-workcamp-im-naturpark\/#breadcrumb"},"inLanguage":"de","potentialAction":[{"@type":"ReadAction","target":["https:\/\/www.naturparkmagazin.de\/am-stettiner-haff\/8-workcamp-im-naturpark\/"]}]},{"@type":"BreadcrumbList","@id":"https:\/\/www.naturparkmagazin.de\/am-stettiner-haff\/8-workcamp-im-naturpark\/#breadcrumb","itemListElement":[{"@type":"ListItem","position":1,"name":"Home","item":"https:\/\/www.naturparkmagazin.de\/am-stettiner-haff\/"},{"@type":"ListItem","position":2,"name":"8. Workcamp im Naturpark"}]},{"@type":"WebSite","@id":"https:\/\/www.naturparkmagazin.de\/am-stettiner-haff\/#website","url":"https:\/\/www.naturparkmagazin.de\/am-stettiner-haff\/","name":"Naturpark Am Stettiner Haff","description":"","potentialAction":[{"@type":"SearchAction","target":{"@type":"EntryPoint","urlTemplate":"https:\/\/www.naturparkmagazin.de\/am-stettiner-haff\/?s={search_term_string}"},"query-input":"required name=search_term_string"}],"inLanguage":"de"},{"@type":"Person","@id":"https:\/\/www.naturparkmagazin.de\/am-stettiner-haff\/#\/schema\/person\/4a7208080dbbfb024d81129b7960c725","name":"Jochen Elberskirch","sameAs":["http:\/\/www.naturpark-am-stettiner-haff.de"],"url":"https:\/\/www.naturparkmagazin.de\/am-stettiner-haff\/author\/jochenelberskirch\/"}]}},"_links":{"self":[{"href":"https:\/\/www.naturparkmagazin.de\/am-stettiner-haff\/wp-json\/wp\/v2\/posts\/2173"}],"collection":[{"href":"https:\/\/www.naturparkmagazin.de\/am-stettiner-haff\/wp-json\/wp\/v2\/posts"}],"about":[{"href":"https:\/\/www.naturparkmagazin.de\/am-stettiner-haff\/wp-json\/wp\/v2\/types\/post"}],"author":[{"embeddable":true,"href":"https:\/\/www.naturparkmagazin.de\/am-stettiner-haff\/wp-json\/wp\/v2\/users\/26"}],"replies":[{"embeddable":true,"href":"https:\/\/www.naturparkmagazin.de\/am-stettiner-haff\/wp-json\/wp\/v2\/comments?post=2173"}],"version-history":[{"count":7,"href":"https:\/\/www.naturparkmagazin.de\/am-stettiner-haff\/wp-json\/wp\/v2\/posts\/2173\/revisions"}],"predecessor-version":[{"id":2244,"href":"https:\/\/www.naturparkmagazin.de\/am-stettiner-haff\/wp-json\/wp\/v2\/posts\/2173\/revisions\/2244"}],"wp:featuredmedia":[{"embeddable":true,"href":"https:\/\/www.naturparkmagazin.de\/am-stettiner-haff\/wp-json\/wp\/v2\/media\/2179"}],"wp:attachment":[{"href":"https:\/\/www.naturparkmagazin.de\/am-stettiner-haff\/wp-json\/wp\/v2\/media?parent=2173"}],"wp:term":[{"taxonomy":"category","embeddable":true,"href":"https:\/\/www.naturparkmagazin.de\/am-stettiner-haff\/wp-json\/wp\/v2\/categories?post=2173"},{"taxonomy":"post_tag","embeddable":true,"href":"https:\/\/www.naturparkmagazin.de\/am-stettiner-haff\/wp-json\/wp\/v2\/tags?post=2173"}],"curies":[{"name":"wp","href":"https:\/\/api.w.org\/{rel}","templated":true}]}}