{"id":2209,"date":"2017-08-16T11:07:20","date_gmt":"2017-08-16T09:07:20","guid":{"rendered":"http:\/\/www.naturparkmagazin.de\/am-stettiner-haff\/?p=2209"},"modified":"2017-08-30T16:45:40","modified_gmt":"2017-08-30T14:45:40","slug":"zeigt-her-eure-fotos","status":"publish","type":"post","link":"https:\/\/www.naturparkmagazin.de\/am-stettiner-haff\/zeigt-her-eure-fotos\/","title":{"rendered":"Zeigt her Eure Fotos!"},"content":{"rendered":"<p>Ein Schnappschuss mit Folgen:<\/p>\n<p>Auch in der gut untersuchten Natur im Naturpark ist man nicht vor \u00dcberraschungen sicher. So hatten die engagierten Schmetterlingsforscher der Region bis vor einigen Jahren keine Kenntnis vom Vorkommen des Kleinen Eisvogels <em>(Limenitis camilla).<\/em><\/p>\n<p><a href=\"https:\/\/www.naturparkmagazin.de\/am-stettiner-haff\/wp-content\/uploads\/sites\/29\/Kleiner-Eisvogel.jpg\"><img decoding=\"async\" loading=\"lazy\" class=\"aligncenter size-large wp-image-2206\" src=\"https:\/\/www.naturparkmagazin.de\/am-stettiner-haff\/wp-content\/uploads\/sites\/29\/Kleiner-Eisvogel-940x637.jpg\" alt=\"Kleiner Eisvogel\" width=\"620\" height=\"420\" srcset=\"https:\/\/www.naturparkmagazin.de\/am-stettiner-haff\/wp-content\/uploads\/sites\/29\/Kleiner-Eisvogel-940x637.jpg 940w, https:\/\/www.naturparkmagazin.de\/am-stettiner-haff\/wp-content\/uploads\/sites\/29\/Kleiner-Eisvogel-300x203.jpg 300w, https:\/\/www.naturparkmagazin.de\/am-stettiner-haff\/wp-content\/uploads\/sites\/29\/Kleiner-Eisvogel-620x420.jpg 620w, https:\/\/www.naturparkmagazin.de\/am-stettiner-haff\/wp-content\/uploads\/sites\/29\/Kleiner-Eisvogel-670x454.jpg 670w, https:\/\/www.naturparkmagazin.de\/am-stettiner-haff\/wp-content\/uploads\/sites\/29\/Kleiner-Eisvogel-200x136.jpg 200w, https:\/\/www.naturparkmagazin.de\/am-stettiner-haff\/wp-content\/uploads\/sites\/29\/Kleiner-Eisvogel.jpg 1024w\" sizes=\"(max-width: 620px) 100vw, 620px\" \/><\/a>Die Ursache daf\u00fcr liegt in der Lebensweise dieses Tagfalters. Von Mitte Juni bis Mitte August l\u00e4sst sich der Falter beobachten, nicht an Bl\u00fcten sondern vorwiegend an feuchten Bodenstellen und sehr dicht \u00fcber dem Boden fliegend auf engen, schattigen und mit dichtem Laub \u00fcberdachten Waldwegen. Auch saugen die Falter an Tierkot und am Honigtau der Blattl\u00e4use.<\/p>\n<p>Die Weibchen legen die Eier an den Futterpflanzen der Raupen, vorwiegend die Rote Heckenkirsche (<em>Lonicera xylosteum<\/em>) ab. Die Raupen schl\u00fcpfen im August und \u00fcberwintern in einer T\u00fcte aus einem Blatt und Seide. Im Fr\u00fchjahr fressen die Raupen weiter, verpuppen sich Ende Mai bis Anfang Juni und nach 14 Tagen schl\u00fcpft die neue Generation des Kleinen Eisvogels.<\/p>\n<p>In den letzten drei Jahren konnten einzelne Falter in einem Gebiet fotografiert werden. Dank der Digitalfotografie ist es m\u00f6glich, Arten nachzuweisen, so wie in diesem Fall den Kleine Eisvogel, der in der Roten Liste der gef\u00e4hrdeten Arten aufgef\u00fchrt ist.<\/p>\n<p>&nbsp;<\/p>\n","protected":false},"excerpt":{"rendered":"<p>Die engagierten Schmetterlingsforscher der Region hatten bis vor einigen Jahren keine Kenntnis vom Vorkommen des Kleinen Eisvogels (Limenitis camilla).<\/p>\n","protected":false},"author":26,"featured_media":2206,"comment_status":"open","ping_status":"open","sticky":false,"template":"","format":"standard","meta":[],"categories":[7],"tags":[],"yoast_head":"<!-- This site is optimized with the Yoast SEO plugin v19.10 - https:\/\/yoast.com\/wordpress\/plugins\/seo\/ -->\n<title>Zeigt her Eure Fotos! - Naturpark Am Stettiner Haff<\/title>\n<meta name=\"robots\" content=\"index, follow, max-snippet:-1, max-image-preview:large, max-video-preview:-1\" \/>\n<link rel=\"canonical\" href=\"https:\/\/www.naturparkmagazin.de\/am-stettiner-haff\/zeigt-her-eure-fotos\/\" \/>\n<meta property=\"og:locale\" content=\"de_DE\" \/>\n<meta property=\"og:type\" content=\"article\" \/>\n<meta property=\"og:title\" content=\"Zeigt her Eure Fotos! - Naturpark Am Stettiner Haff\" \/>\n<meta property=\"og:description\" content=\"Die engagierten Schmetterlingsforscher der Region hatten bis vor einigen Jahren keine Kenntnis vom Vorkommen des Kleinen Eisvogels (Limenitis camilla).\" \/>\n<meta property=\"og:url\" content=\"https:\/\/www.naturparkmagazin.de\/am-stettiner-haff\/zeigt-her-eure-fotos\/\" \/>\n<meta property=\"og:site_name\" content=\"Naturpark Am Stettiner Haff\" \/>\n<meta property=\"article:published_time\" content=\"2017-08-16T09:07:20+00:00\" \/>\n<meta property=\"article:modified_time\" content=\"2017-08-30T14:45:40+00:00\" \/>\n<meta property=\"og:image\" content=\"https:\/\/www.naturparkmagazin.de\/am-stettiner-haff\/wp-content\/uploads\/sites\/29\/Kleiner-Eisvogel.jpg\" \/>\n\t<meta property=\"og:image:width\" content=\"1024\" \/>\n\t<meta property=\"og:image:height\" content=\"694\" \/>\n\t<meta property=\"og:image:type\" content=\"image\/jpeg\" \/>\n<meta name=\"author\" content=\"Jochen Elberskirch\" \/>\n<meta name=\"twitter:label1\" content=\"Verfasst von\" \/>\n\t<meta name=\"twitter:data1\" content=\"Jochen Elberskirch\" \/>\n\t<meta name=\"twitter:label2\" content=\"Gesch\u00e4tzte Lesezeit\" \/>\n\t<meta name=\"twitter:data2\" content=\"1\u00a0Minute\" \/>\n<script type=\"application\/ld+json\" class=\"yoast-schema-graph\">{\"@context\":\"https:\/\/schema.org\",\"@graph\":[{\"@type\":\"WebPage\",\"@id\":\"https:\/\/www.naturparkmagazin.de\/am-stettiner-haff\/zeigt-her-eure-fotos\/\",\"url\":\"https:\/\/www.naturparkmagazin.de\/am-stettiner-haff\/zeigt-her-eure-fotos\/\",\"name\":\"Zeigt her Eure Fotos! - Naturpark Am Stettiner Haff\",\"isPartOf\":{\"@id\":\"https:\/\/www.naturparkmagazin.de\/am-stettiner-haff\/#website\"},\"datePublished\":\"2017-08-16T09:07:20+00:00\",\"dateModified\":\"2017-08-30T14:45:40+00:00\",\"author\":{\"@id\":\"https:\/\/www.naturparkmagazin.de\/am-stettiner-haff\/#\/schema\/person\/4a7208080dbbfb024d81129b7960c725\"},\"breadcrumb\":{\"@id\":\"https:\/\/www.naturparkmagazin.de\/am-stettiner-haff\/zeigt-her-eure-fotos\/#breadcrumb\"},\"inLanguage\":\"de\",\"potentialAction\":[{\"@type\":\"ReadAction\",\"target\":[\"https:\/\/www.naturparkmagazin.de\/am-stettiner-haff\/zeigt-her-eure-fotos\/\"]}]},{\"@type\":\"BreadcrumbList\",\"@id\":\"https:\/\/www.naturparkmagazin.de\/am-stettiner-haff\/zeigt-her-eure-fotos\/#breadcrumb\",\"itemListElement\":[{\"@type\":\"ListItem\",\"position\":1,\"name\":\"Home\",\"item\":\"https:\/\/www.naturparkmagazin.de\/am-stettiner-haff\/\"},{\"@type\":\"ListItem\",\"position\":2,\"name\":\"Zeigt her Eure Fotos!\"}]},{\"@type\":\"WebSite\",\"@id\":\"https:\/\/www.naturparkmagazin.de\/am-stettiner-haff\/#website\",\"url\":\"https:\/\/www.naturparkmagazin.de\/am-stettiner-haff\/\",\"name\":\"Naturpark Am Stettiner Haff\",\"description\":\"\",\"potentialAction\":[{\"@type\":\"SearchAction\",\"target\":{\"@type\":\"EntryPoint\",\"urlTemplate\":\"https:\/\/www.naturparkmagazin.de\/am-stettiner-haff\/?s={search_term_string}\"},\"query-input\":\"required name=search_term_string\"}],\"inLanguage\":\"de\"},{\"@type\":\"Person\",\"@id\":\"https:\/\/www.naturparkmagazin.de\/am-stettiner-haff\/#\/schema\/person\/4a7208080dbbfb024d81129b7960c725\",\"name\":\"Jochen Elberskirch\",\"sameAs\":[\"http:\/\/www.naturpark-am-stettiner-haff.de\"],\"url\":\"https:\/\/www.naturparkmagazin.de\/am-stettiner-haff\/author\/jochenelberskirch\/\"}]}<\/script>\n<!-- \/ Yoast SEO plugin. -->","yoast_head_json":{"title":"Zeigt her Eure Fotos! - Naturpark Am Stettiner Haff","robots":{"index":"index","follow":"follow","max-snippet":"max-snippet:-1","max-image-preview":"max-image-preview:large","max-video-preview":"max-video-preview:-1"},"canonical":"https:\/\/www.naturparkmagazin.de\/am-stettiner-haff\/zeigt-her-eure-fotos\/","og_locale":"de_DE","og_type":"article","og_title":"Zeigt her Eure Fotos! - Naturpark Am Stettiner Haff","og_description":"Die engagierten Schmetterlingsforscher der Region hatten bis vor einigen Jahren keine Kenntnis vom Vorkommen des Kleinen Eisvogels (Limenitis camilla).","og_url":"https:\/\/www.naturparkmagazin.de\/am-stettiner-haff\/zeigt-her-eure-fotos\/","og_site_name":"Naturpark Am Stettiner Haff","article_published_time":"2017-08-16T09:07:20+00:00","article_modified_time":"2017-08-30T14:45:40+00:00","og_image":[{"width":1024,"height":694,"url":"https:\/\/www.naturparkmagazin.de\/am-stettiner-haff\/wp-content\/uploads\/sites\/29\/Kleiner-Eisvogel.jpg","type":"image\/jpeg"}],"author":"Jochen Elberskirch","twitter_misc":{"Verfasst von":"Jochen Elberskirch","Gesch\u00e4tzte Lesezeit":"1\u00a0Minute"},"schema":{"@context":"https:\/\/schema.org","@graph":[{"@type":"WebPage","@id":"https:\/\/www.naturparkmagazin.de\/am-stettiner-haff\/zeigt-her-eure-fotos\/","url":"https:\/\/www.naturparkmagazin.de\/am-stettiner-haff\/zeigt-her-eure-fotos\/","name":"Zeigt her Eure Fotos! - Naturpark Am Stettiner Haff","isPartOf":{"@id":"https:\/\/www.naturparkmagazin.de\/am-stettiner-haff\/#website"},"datePublished":"2017-08-16T09:07:20+00:00","dateModified":"2017-08-30T14:45:40+00:00","author":{"@id":"https:\/\/www.naturparkmagazin.de\/am-stettiner-haff\/#\/schema\/person\/4a7208080dbbfb024d81129b7960c725"},"breadcrumb":{"@id":"https:\/\/www.naturparkmagazin.de\/am-stettiner-haff\/zeigt-her-eure-fotos\/#breadcrumb"},"inLanguage":"de","potentialAction":[{"@type":"ReadAction","target":["https:\/\/www.naturparkmagazin.de\/am-stettiner-haff\/zeigt-her-eure-fotos\/"]}]},{"@type":"BreadcrumbList","@id":"https:\/\/www.naturparkmagazin.de\/am-stettiner-haff\/zeigt-her-eure-fotos\/#breadcrumb","itemListElement":[{"@type":"ListItem","position":1,"name":"Home","item":"https:\/\/www.naturparkmagazin.de\/am-stettiner-haff\/"},{"@type":"ListItem","position":2,"name":"Zeigt her Eure Fotos!"}]},{"@type":"WebSite","@id":"https:\/\/www.naturparkmagazin.de\/am-stettiner-haff\/#website","url":"https:\/\/www.naturparkmagazin.de\/am-stettiner-haff\/","name":"Naturpark Am Stettiner Haff","description":"","potentialAction":[{"@type":"SearchAction","target":{"@type":"EntryPoint","urlTemplate":"https:\/\/www.naturparkmagazin.de\/am-stettiner-haff\/?s={search_term_string}"},"query-input":"required name=search_term_string"}],"inLanguage":"de"},{"@type":"Person","@id":"https:\/\/www.naturparkmagazin.de\/am-stettiner-haff\/#\/schema\/person\/4a7208080dbbfb024d81129b7960c725","name":"Jochen Elberskirch","sameAs":["http:\/\/www.naturpark-am-stettiner-haff.de"],"url":"https:\/\/www.naturparkmagazin.de\/am-stettiner-haff\/author\/jochenelberskirch\/"}]}},"_links":{"self":[{"href":"https:\/\/www.naturparkmagazin.de\/am-stettiner-haff\/wp-json\/wp\/v2\/posts\/2209"}],"collection":[{"href":"https:\/\/www.naturparkmagazin.de\/am-stettiner-haff\/wp-json\/wp\/v2\/posts"}],"about":[{"href":"https:\/\/www.naturparkmagazin.de\/am-stettiner-haff\/wp-json\/wp\/v2\/types\/post"}],"author":[{"embeddable":true,"href":"https:\/\/www.naturparkmagazin.de\/am-stettiner-haff\/wp-json\/wp\/v2\/users\/26"}],"replies":[{"embeddable":true,"href":"https:\/\/www.naturparkmagazin.de\/am-stettiner-haff\/wp-json\/wp\/v2\/comments?post=2209"}],"version-history":[{"count":3,"href":"https:\/\/www.naturparkmagazin.de\/am-stettiner-haff\/wp-json\/wp\/v2\/posts\/2209\/revisions"}],"predecessor-version":[{"id":2217,"href":"https:\/\/www.naturparkmagazin.de\/am-stettiner-haff\/wp-json\/wp\/v2\/posts\/2209\/revisions\/2217"}],"wp:featuredmedia":[{"embeddable":true,"href":"https:\/\/www.naturparkmagazin.de\/am-stettiner-haff\/wp-json\/wp\/v2\/media\/2206"}],"wp:attachment":[{"href":"https:\/\/www.naturparkmagazin.de\/am-stettiner-haff\/wp-json\/wp\/v2\/media?parent=2209"}],"wp:term":[{"taxonomy":"category","embeddable":true,"href":"https:\/\/www.naturparkmagazin.de\/am-stettiner-haff\/wp-json\/wp\/v2\/categories?post=2209"},{"taxonomy":"post_tag","embeddable":true,"href":"https:\/\/www.naturparkmagazin.de\/am-stettiner-haff\/wp-json\/wp\/v2\/tags?post=2209"}],"curies":[{"name":"wp","href":"https:\/\/api.w.org\/{rel}","templated":true}]}}