{"id":2234,"date":"2017-09-18T12:36:24","date_gmt":"2017-09-18T10:36:24","guid":{"rendered":"http:\/\/www.naturparkmagazin.de\/am-stettiner-haff\/?p=2234"},"modified":"2017-09-20T08:02:04","modified_gmt":"2017-09-20T06:02:04","slug":"erfolgreiche-brut-der-wiesenweihe-in-unzugaenglichem-moor","status":"publish","type":"post","link":"https:\/\/www.naturparkmagazin.de\/am-stettiner-haff\/erfolgreiche-brut-der-wiesenweihe-in-unzugaenglichem-moor\/","title":{"rendered":"Erfolgreiche Brut der Wiesenweihe in unzug\u00e4nglichem Moor"},"content":{"rendered":"<p>Das im Naturpark \u201eAm Stettiner Haff\u201c gelegene Ahlbecker Fenn ist mit etwa 1100 ha das gr\u00f6\u00dfte Kalkdurchstr\u00f6mungsmoor Deutschlands. Es entstand als im 18. Jahrhundert auf Gehei\u00df von K\u00f6nig Friedrich II von Preussen der Ahlbecker See zur Gewinnung von Wiesen abgelassen wurde. Der Plan gelang jedoch nicht und statt Wiesen entstand ein Moor, aus dem es nur unter gr\u00f6\u00dften M\u00fchen gelang, d\u00fcrftiges Streu zu ernten.<\/p>\n<div id=\"attachment_2236\" style=\"width: 630px\" class=\"wp-caption aligncenter\"><a href=\"https:\/\/www.naturparkmagazin.de\/am-stettiner-haff\/wp-content\/uploads\/sites\/29\/Wiesenweihe-2.jpg\"><img aria-describedby=\"caption-attachment-2236\" decoding=\"async\" loading=\"lazy\" class=\"size-large wp-image-2236\" src=\"https:\/\/www.naturparkmagazin.de\/am-stettiner-haff\/wp-content\/uploads\/sites\/29\/Wiesenweihe-2-940x627.jpg\" alt=\"Wiesenweihe\" width=\"620\" height=\"414\" srcset=\"https:\/\/www.naturparkmagazin.de\/am-stettiner-haff\/wp-content\/uploads\/sites\/29\/Wiesenweihe-2-940x627.jpg 940w, https:\/\/www.naturparkmagazin.de\/am-stettiner-haff\/wp-content\/uploads\/sites\/29\/Wiesenweihe-2-300x200.jpg 300w, https:\/\/www.naturparkmagazin.de\/am-stettiner-haff\/wp-content\/uploads\/sites\/29\/Wiesenweihe-2-620x413.jpg 620w, https:\/\/www.naturparkmagazin.de\/am-stettiner-haff\/wp-content\/uploads\/sites\/29\/Wiesenweihe-2-670x447.jpg 670w, https:\/\/www.naturparkmagazin.de\/am-stettiner-haff\/wp-content\/uploads\/sites\/29\/Wiesenweihe-2-200x133.jpg 200w\" sizes=\"(max-width: 620px) 100vw, 620px\" \/><\/a><p id=\"caption-attachment-2236\" class=\"wp-caption-text\">Wiesenweihe<\/p><\/div>\n<p>Mittlerweile gibt es \u00fcberhaupt keine menschliche Nutzung, des unbegehbaren Schwingmoores, mehr und die Natur entwickelt sich v\u00f6llig unbeeinflusst. Das seit 1987 unter Naturschutz stehende Ahlbecker Fenn, auch Ahlbecker Seegrund genannt, beherbergt eine beeindruckende Tier und Pflanzenwelt. Der Wasserhaushalt sorgt daf\u00fcr, dass auf mehreren Quadratkilometern zusammenh\u00e4ngende baumlose Moorwiesen entstanden sind. Diese Wiesen werden nachweislich seit etwa 1920 von Wiesenweihen als Brutplatz genutzt. Diese am Boden br\u00fctende Art, von dehnen etwa 40 Paare in Mecklenburg- Vorpommern br\u00fcten, nutzt das Ahlbecker Fenn mit bis zu 2 Brutpaaren. Vom Aussichtsturm am Ludwigshofer See l\u00e4sst sich das Brut und Jagdgebiet der Weihen mit einem Fernglas gut beobachten. Anfang August 2017 konnte hier von Besucher des Naturparks das erfolgreiche Ausfliegen der Jungv\u00f6gel aus 2 Wiesenweihenbruten beobachtet werden. Wiesenweihen die sonst in Norddeutschland aktuell meist in Getreidefeldern br\u00fcten und dabei besonders unter aus m\u00e4hen bei der Ernte leiden, finden im Naturpark\u201c Am Stettiner Haff\u201c noch ihr urspr\u00fcngliches Brutbiotop.<\/p>\n<p>Frank Joisten<\/p>\n<div id=\"attachment_2238\" style=\"width: 630px\" class=\"wp-caption aligncenter\"><a href=\"https:\/\/www.naturparkmagazin.de\/am-stettiner-haff\/wp-content\/uploads\/sites\/29\/AhlbeckerFennbearbeitet.jpg\"><img aria-describedby=\"caption-attachment-2238\" decoding=\"async\" loading=\"lazy\" class=\"size-large wp-image-2238\" src=\"https:\/\/www.naturparkmagazin.de\/am-stettiner-haff\/wp-content\/uploads\/sites\/29\/AhlbeckerFennbearbeitet-940x572.jpg\" alt=\"Ahlbecker Fenn - hier ist die Wiesenweihe zu Hause\" width=\"620\" height=\"377\" srcset=\"https:\/\/www.naturparkmagazin.de\/am-stettiner-haff\/wp-content\/uploads\/sites\/29\/AhlbeckerFennbearbeitet-940x572.jpg 940w, https:\/\/www.naturparkmagazin.de\/am-stettiner-haff\/wp-content\/uploads\/sites\/29\/AhlbeckerFennbearbeitet-300x183.jpg 300w, https:\/\/www.naturparkmagazin.de\/am-stettiner-haff\/wp-content\/uploads\/sites\/29\/AhlbeckerFennbearbeitet-620x377.jpg 620w, https:\/\/www.naturparkmagazin.de\/am-stettiner-haff\/wp-content\/uploads\/sites\/29\/AhlbeckerFennbearbeitet-670x408.jpg 670w, https:\/\/www.naturparkmagazin.de\/am-stettiner-haff\/wp-content\/uploads\/sites\/29\/AhlbeckerFennbearbeitet-200x122.jpg 200w, https:\/\/www.naturparkmagazin.de\/am-stettiner-haff\/wp-content\/uploads\/sites\/29\/AhlbeckerFennbearbeitet.jpg 1536w\" sizes=\"(max-width: 620px) 100vw, 620px\" \/><\/a><p id=\"caption-attachment-2238\" class=\"wp-caption-text\">Ahlbecker Fenn &#8211; hier ist die Wiesenweihe zu Hause (Foto: W. Graupner)<\/p><\/div>\n","protected":false},"excerpt":{"rendered":"<p>Das im Naturpark \u201eAm Stettiner Haff\u201c gelegene Ahlbecker Fenn ist mit etwa 1100 ha das gr\u00f6\u00dfte Kalkdurchstr\u00f6mungsmoor Deutschlands. <\/p>\n","protected":false},"author":26,"featured_media":2236,"comment_status":"open","ping_status":"open","sticky":false,"template":"","format":"standard","meta":[],"categories":[7],"tags":[],"yoast_head":"<!-- This site is optimized with the Yoast SEO plugin v19.10 - https:\/\/yoast.com\/wordpress\/plugins\/seo\/ -->\n<title>Erfolgreiche Brut der Wiesenweihe in unzug\u00e4nglichem Moor - Naturpark Am Stettiner Haff<\/title>\n<meta name=\"robots\" content=\"index, follow, max-snippet:-1, max-image-preview:large, max-video-preview:-1\" \/>\n<link rel=\"canonical\" href=\"https:\/\/www.naturparkmagazin.de\/am-stettiner-haff\/erfolgreiche-brut-der-wiesenweihe-in-unzugaenglichem-moor\/\" \/>\n<meta property=\"og:locale\" content=\"de_DE\" \/>\n<meta property=\"og:type\" content=\"article\" \/>\n<meta property=\"og:title\" content=\"Erfolgreiche Brut der Wiesenweihe in unzug\u00e4nglichem Moor - Naturpark Am Stettiner Haff\" \/>\n<meta property=\"og:description\" content=\"Das im Naturpark \u201eAm Stettiner Haff\u201c gelegene Ahlbecker Fenn ist mit etwa 1100 ha das gr\u00f6\u00dfte Kalkdurchstr\u00f6mungsmoor Deutschlands.\" \/>\n<meta property=\"og:url\" content=\"https:\/\/www.naturparkmagazin.de\/am-stettiner-haff\/erfolgreiche-brut-der-wiesenweihe-in-unzugaenglichem-moor\/\" \/>\n<meta property=\"og:site_name\" content=\"Naturpark Am Stettiner Haff\" \/>\n<meta property=\"article:published_time\" content=\"2017-09-18T10:36:24+00:00\" \/>\n<meta property=\"article:modified_time\" content=\"2017-09-20T06:02:04+00:00\" \/>\n<meta property=\"og:image\" content=\"https:\/\/www.naturparkmagazin.de\/am-stettiner-haff\/wp-content\/uploads\/sites\/29\/Wiesenweihe-2.jpg\" \/>\n\t<meta property=\"og:image:width\" content=\"5472\" \/>\n\t<meta property=\"og:image:height\" content=\"3648\" \/>\n\t<meta property=\"og:image:type\" content=\"image\/jpeg\" \/>\n<meta name=\"author\" content=\"Jochen Elberskirch\" \/>\n<meta name=\"twitter:label1\" content=\"Verfasst von\" \/>\n\t<meta name=\"twitter:data1\" content=\"Jochen Elberskirch\" \/>\n\t<meta name=\"twitter:label2\" content=\"Gesch\u00e4tzte Lesezeit\" \/>\n\t<meta name=\"twitter:data2\" content=\"1\u00a0Minute\" \/>\n<script type=\"application\/ld+json\" class=\"yoast-schema-graph\">{\"@context\":\"https:\/\/schema.org\",\"@graph\":[{\"@type\":\"WebPage\",\"@id\":\"https:\/\/www.naturparkmagazin.de\/am-stettiner-haff\/erfolgreiche-brut-der-wiesenweihe-in-unzugaenglichem-moor\/\",\"url\":\"https:\/\/www.naturparkmagazin.de\/am-stettiner-haff\/erfolgreiche-brut-der-wiesenweihe-in-unzugaenglichem-moor\/\",\"name\":\"Erfolgreiche Brut der Wiesenweihe in unzug\u00e4nglichem Moor - Naturpark Am Stettiner Haff\",\"isPartOf\":{\"@id\":\"https:\/\/www.naturparkmagazin.de\/am-stettiner-haff\/#website\"},\"datePublished\":\"2017-09-18T10:36:24+00:00\",\"dateModified\":\"2017-09-20T06:02:04+00:00\",\"author\":{\"@id\":\"https:\/\/www.naturparkmagazin.de\/am-stettiner-haff\/#\/schema\/person\/4a7208080dbbfb024d81129b7960c725\"},\"breadcrumb\":{\"@id\":\"https:\/\/www.naturparkmagazin.de\/am-stettiner-haff\/erfolgreiche-brut-der-wiesenweihe-in-unzugaenglichem-moor\/#breadcrumb\"},\"inLanguage\":\"de\",\"potentialAction\":[{\"@type\":\"ReadAction\",\"target\":[\"https:\/\/www.naturparkmagazin.de\/am-stettiner-haff\/erfolgreiche-brut-der-wiesenweihe-in-unzugaenglichem-moor\/\"]}]},{\"@type\":\"BreadcrumbList\",\"@id\":\"https:\/\/www.naturparkmagazin.de\/am-stettiner-haff\/erfolgreiche-brut-der-wiesenweihe-in-unzugaenglichem-moor\/#breadcrumb\",\"itemListElement\":[{\"@type\":\"ListItem\",\"position\":1,\"name\":\"Home\",\"item\":\"https:\/\/www.naturparkmagazin.de\/am-stettiner-haff\/\"},{\"@type\":\"ListItem\",\"position\":2,\"name\":\"Erfolgreiche Brut der Wiesenweihe in unzug\u00e4nglichem Moor\"}]},{\"@type\":\"WebSite\",\"@id\":\"https:\/\/www.naturparkmagazin.de\/am-stettiner-haff\/#website\",\"url\":\"https:\/\/www.naturparkmagazin.de\/am-stettiner-haff\/\",\"name\":\"Naturpark Am Stettiner Haff\",\"description\":\"\",\"potentialAction\":[{\"@type\":\"SearchAction\",\"target\":{\"@type\":\"EntryPoint\",\"urlTemplate\":\"https:\/\/www.naturparkmagazin.de\/am-stettiner-haff\/?s={search_term_string}\"},\"query-input\":\"required name=search_term_string\"}],\"inLanguage\":\"de\"},{\"@type\":\"Person\",\"@id\":\"https:\/\/www.naturparkmagazin.de\/am-stettiner-haff\/#\/schema\/person\/4a7208080dbbfb024d81129b7960c725\",\"name\":\"Jochen Elberskirch\",\"sameAs\":[\"http:\/\/www.naturpark-am-stettiner-haff.de\"],\"url\":\"https:\/\/www.naturparkmagazin.de\/am-stettiner-haff\/author\/jochenelberskirch\/\"}]}<\/script>\n<!-- \/ Yoast SEO plugin. -->","yoast_head_json":{"title":"Erfolgreiche Brut der Wiesenweihe in unzug\u00e4nglichem Moor - Naturpark Am Stettiner Haff","robots":{"index":"index","follow":"follow","max-snippet":"max-snippet:-1","max-image-preview":"max-image-preview:large","max-video-preview":"max-video-preview:-1"},"canonical":"https:\/\/www.naturparkmagazin.de\/am-stettiner-haff\/erfolgreiche-brut-der-wiesenweihe-in-unzugaenglichem-moor\/","og_locale":"de_DE","og_type":"article","og_title":"Erfolgreiche Brut der Wiesenweihe in unzug\u00e4nglichem Moor - Naturpark Am Stettiner Haff","og_description":"Das im Naturpark \u201eAm Stettiner Haff\u201c gelegene Ahlbecker Fenn ist mit etwa 1100 ha das gr\u00f6\u00dfte Kalkdurchstr\u00f6mungsmoor Deutschlands.","og_url":"https:\/\/www.naturparkmagazin.de\/am-stettiner-haff\/erfolgreiche-brut-der-wiesenweihe-in-unzugaenglichem-moor\/","og_site_name":"Naturpark Am Stettiner Haff","article_published_time":"2017-09-18T10:36:24+00:00","article_modified_time":"2017-09-20T06:02:04+00:00","og_image":[{"width":5472,"height":3648,"url":"https:\/\/www.naturparkmagazin.de\/am-stettiner-haff\/wp-content\/uploads\/sites\/29\/Wiesenweihe-2.jpg","type":"image\/jpeg"}],"author":"Jochen Elberskirch","twitter_misc":{"Verfasst von":"Jochen Elberskirch","Gesch\u00e4tzte Lesezeit":"1\u00a0Minute"},"schema":{"@context":"https:\/\/schema.org","@graph":[{"@type":"WebPage","@id":"https:\/\/www.naturparkmagazin.de\/am-stettiner-haff\/erfolgreiche-brut-der-wiesenweihe-in-unzugaenglichem-moor\/","url":"https:\/\/www.naturparkmagazin.de\/am-stettiner-haff\/erfolgreiche-brut-der-wiesenweihe-in-unzugaenglichem-moor\/","name":"Erfolgreiche Brut der Wiesenweihe in unzug\u00e4nglichem Moor - Naturpark Am Stettiner Haff","isPartOf":{"@id":"https:\/\/www.naturparkmagazin.de\/am-stettiner-haff\/#website"},"datePublished":"2017-09-18T10:36:24+00:00","dateModified":"2017-09-20T06:02:04+00:00","author":{"@id":"https:\/\/www.naturparkmagazin.de\/am-stettiner-haff\/#\/schema\/person\/4a7208080dbbfb024d81129b7960c725"},"breadcrumb":{"@id":"https:\/\/www.naturparkmagazin.de\/am-stettiner-haff\/erfolgreiche-brut-der-wiesenweihe-in-unzugaenglichem-moor\/#breadcrumb"},"inLanguage":"de","potentialAction":[{"@type":"ReadAction","target":["https:\/\/www.naturparkmagazin.de\/am-stettiner-haff\/erfolgreiche-brut-der-wiesenweihe-in-unzugaenglichem-moor\/"]}]},{"@type":"BreadcrumbList","@id":"https:\/\/www.naturparkmagazin.de\/am-stettiner-haff\/erfolgreiche-brut-der-wiesenweihe-in-unzugaenglichem-moor\/#breadcrumb","itemListElement":[{"@type":"ListItem","position":1,"name":"Home","item":"https:\/\/www.naturparkmagazin.de\/am-stettiner-haff\/"},{"@type":"ListItem","position":2,"name":"Erfolgreiche Brut der Wiesenweihe in unzug\u00e4nglichem Moor"}]},{"@type":"WebSite","@id":"https:\/\/www.naturparkmagazin.de\/am-stettiner-haff\/#website","url":"https:\/\/www.naturparkmagazin.de\/am-stettiner-haff\/","name":"Naturpark Am Stettiner Haff","description":"","potentialAction":[{"@type":"SearchAction","target":{"@type":"EntryPoint","urlTemplate":"https:\/\/www.naturparkmagazin.de\/am-stettiner-haff\/?s={search_term_string}"},"query-input":"required name=search_term_string"}],"inLanguage":"de"},{"@type":"Person","@id":"https:\/\/www.naturparkmagazin.de\/am-stettiner-haff\/#\/schema\/person\/4a7208080dbbfb024d81129b7960c725","name":"Jochen Elberskirch","sameAs":["http:\/\/www.naturpark-am-stettiner-haff.de"],"url":"https:\/\/www.naturparkmagazin.de\/am-stettiner-haff\/author\/jochenelberskirch\/"}]}},"_links":{"self":[{"href":"https:\/\/www.naturparkmagazin.de\/am-stettiner-haff\/wp-json\/wp\/v2\/posts\/2234"}],"collection":[{"href":"https:\/\/www.naturparkmagazin.de\/am-stettiner-haff\/wp-json\/wp\/v2\/posts"}],"about":[{"href":"https:\/\/www.naturparkmagazin.de\/am-stettiner-haff\/wp-json\/wp\/v2\/types\/post"}],"author":[{"embeddable":true,"href":"https:\/\/www.naturparkmagazin.de\/am-stettiner-haff\/wp-json\/wp\/v2\/users\/26"}],"replies":[{"embeddable":true,"href":"https:\/\/www.naturparkmagazin.de\/am-stettiner-haff\/wp-json\/wp\/v2\/comments?post=2234"}],"version-history":[{"count":3,"href":"https:\/\/www.naturparkmagazin.de\/am-stettiner-haff\/wp-json\/wp\/v2\/posts\/2234\/revisions"}],"predecessor-version":[{"id":2247,"href":"https:\/\/www.naturparkmagazin.de\/am-stettiner-haff\/wp-json\/wp\/v2\/posts\/2234\/revisions\/2247"}],"wp:featuredmedia":[{"embeddable":true,"href":"https:\/\/www.naturparkmagazin.de\/am-stettiner-haff\/wp-json\/wp\/v2\/media\/2236"}],"wp:attachment":[{"href":"https:\/\/www.naturparkmagazin.de\/am-stettiner-haff\/wp-json\/wp\/v2\/media?parent=2234"}],"wp:term":[{"taxonomy":"category","embeddable":true,"href":"https:\/\/www.naturparkmagazin.de\/am-stettiner-haff\/wp-json\/wp\/v2\/categories?post=2234"},{"taxonomy":"post_tag","embeddable":true,"href":"https:\/\/www.naturparkmagazin.de\/am-stettiner-haff\/wp-json\/wp\/v2\/tags?post=2234"}],"curies":[{"name":"wp","href":"https:\/\/api.w.org\/{rel}","templated":true}]}}