{"id":2270,"date":"2017-11-15T10:00:25","date_gmt":"2017-11-15T09:00:25","guid":{"rendered":"http:\/\/www.naturparkmagazin.de\/am-stettiner-haff\/?p=2270"},"modified":"2017-11-08T12:49:54","modified_gmt":"2017-11-08T11:49:54","slug":"auch-im-naturpark-weihnachtet-es-schon","status":"publish","type":"post","link":"https:\/\/www.naturparkmagazin.de\/am-stettiner-haff\/auch-im-naturpark-weihnachtet-es-schon\/","title":{"rendered":"Auch im Naturpark weihnachtet es schon"},"content":{"rendered":"<div id=\"attachment_1140\" style=\"width: 630px\" class=\"wp-caption aligncenter\"><a href=\"https:\/\/www.naturparkmagazin.de\/am-stettiner-haff\/wp-content\/uploads\/sites\/29\/Weihnachtliche_Blaubeescheune.jpg\"><img aria-describedby=\"caption-attachment-1140\" decoding=\"async\" loading=\"lazy\" class=\"size-large wp-image-1140\" src=\"https:\/\/www.naturparkmagazin.de\/am-stettiner-haff\/wp-content\/uploads\/sites\/29\/Weihnachtliche_Blaubeescheune-940x705.jpg\" alt=\"weihnachtlich geschm\u00fcckte Blaubeerscheune Eggesin (Foto: Naturpark-F\u00f6rderverein)\" width=\"620\" height=\"465\" srcset=\"https:\/\/www.naturparkmagazin.de\/am-stettiner-haff\/wp-content\/uploads\/sites\/29\/Weihnachtliche_Blaubeescheune-940x705.jpg 940w, https:\/\/www.naturparkmagazin.de\/am-stettiner-haff\/wp-content\/uploads\/sites\/29\/Weihnachtliche_Blaubeescheune-300x225.jpg 300w, https:\/\/www.naturparkmagazin.de\/am-stettiner-haff\/wp-content\/uploads\/sites\/29\/Weihnachtliche_Blaubeescheune-620x465.jpg 620w, https:\/\/www.naturparkmagazin.de\/am-stettiner-haff\/wp-content\/uploads\/sites\/29\/Weihnachtliche_Blaubeescheune-580x435.jpg 580w, https:\/\/www.naturparkmagazin.de\/am-stettiner-haff\/wp-content\/uploads\/sites\/29\/Weihnachtliche_Blaubeescheune-420x315.jpg 420w, https:\/\/www.naturparkmagazin.de\/am-stettiner-haff\/wp-content\/uploads\/sites\/29\/Weihnachtliche_Blaubeescheune-180x135.jpg 180w, https:\/\/www.naturparkmagazin.de\/am-stettiner-haff\/wp-content\/uploads\/sites\/29\/Weihnachtliche_Blaubeescheune-95x71.jpg 95w, https:\/\/www.naturparkmagazin.de\/am-stettiner-haff\/wp-content\/uploads\/sites\/29\/Weihnachtliche_Blaubeescheune-670x503.jpg 670w, https:\/\/www.naturparkmagazin.de\/am-stettiner-haff\/wp-content\/uploads\/sites\/29\/Weihnachtliche_Blaubeescheune-200x150.jpg 200w, https:\/\/www.naturparkmagazin.de\/am-stettiner-haff\/wp-content\/uploads\/sites\/29\/Weihnachtliche_Blaubeescheune.jpg 1536w\" sizes=\"(max-width: 620px) 100vw, 620px\" \/><\/a><p id=\"caption-attachment-1140\" class=\"wp-caption-text\">weihnachtlich geschm\u00fcckte Blaubeerscheune Eggesin (Foto: Naturpark-F\u00f6rderverein)<\/p><\/div>\n<p>Mit der Vorweihnachtszeit hat eine der anstrengendsten Zeiten des Jahres begonnen. Erfahrungsgem\u00e4\u00df jagt ein Termin den n\u00e4chsten und die Tage sind meist viel zu kurz,\u00a0denn Weihnachten r\u00fcckt unausweichlich immer n\u00e4her. Bis zum &#8222;Heiligen Abend&#8220; gib es noch unz\u00e4hlige Dinge vorzubereiten und zu organisieren&#8230;<\/p>\n<p>Aber gerade die Adventszeit ist\u00a0auch eine der sch\u00f6nsten und intensivsten Abschnitte des Jahres. \u00dcberall erstrahlen H\u00e4user und G\u00e4rten im festlichen Glanz und der Duft von Lebkuchen und Gl\u00fchwein liegt an vielen Orten in der Luft.<\/p>\n<p>In der Naturparkregion laden St\u00e4dte und Gemeinden wird vielerorts zum Adventssingen bzw. zum Adventskonzert ein. Hinzu kommen die zahlreichen\u00a0\u00a0 unterschiedlichen Weihnachtsm\u00e4rkte der Region, die zum Bummeln und Verweilen einladen. Also viele Gr\u00fcnde und Gelegenheiten den &#8222;Jahresendstress&#8220; einfach einmal zu vergessen und sich\u00a0in eine (be-) sinnliche Vorweihnachtszeit entf\u00fchren\u00a0zu lassen!<\/p>\n<p>Eine kleine Auswahl der vorweihnachtlichen Aktivit\u00e4ten sei Ihnen an dieser Stelle empfohlen:<\/p>\n<ul>\n<li>01.12.2017\u00a0&#8211; Adventskonzert in der Kirche L\u00f6cknitz mit dem Brandenburgischen Konzertorchesters Eberswalde (18:30 Uhr)<\/li>\n<li>02.12.2017 &#8211; Adventsmarkt\u00a0 auf dem Burggel\u00e4nde L\u00f6cknitz (ab 14:00 Uhr)<\/li>\n<li>02.12.2017\u00a0&#8211; M\u00fchlenweihnacht in L\u00fcbs (ab 15:00 Uhr)<\/li>\n<li>02.12.2017 &#8211; Brennholztag in Eggesin \u2013 der etwas andere Weihnachtsmarkt (ab 12:00 Uhr am Vierseiten Hof)<\/li>\n<li>02.12.2017 &#8211; Weihnachtsmarkt in Strasburg<\/li>\n<li>02.\u00a0und 03.12. 2017 \u2013 Weihnachtsmarkt\u00a0in Torgelow<\/li>\n<li>03.12.2017 &#8211; Weihnachtsmarkt an der Kirch in Meiersberg (ab 15:00 Uhr)<\/li>\n<li>03.12.2017 &#8211; Adventsmarkt in Hintersee<\/li>\n<li>03.12.2017 &#8211;\u00a0Bl\u00e4serkonzert im Kerzenschein in der St. Marien Kirche\u00a0Pasewalk (17:00 Uhr)<\/li>\n<li>06.12.2017\u00a0\u2013 Nikolausbesuch im Tierpark Ueckerm\u00fcnde (Vormittag)<\/li>\n<li>08.12.2017 &#8211; Weihnachtskonzert in der Marienkirche Ueckerm\u00fcnde (19:00 Uhr)<\/li>\n<li>08.\u00a0bis 10.12.2017 \u2013 \u00a0Weihnachtsmarkt in Pasewalk<\/li>\n<li>09.12.2017 &#8211; Weihnachtsmarkt in Liepgarten<\/li>\n<li>09.12.2017 &#8211; Adventsdorf Rieth, kreative Bewohner feiern mit ihren G\u00e4sten Advent<\/li>\n<li>10.12.2017 &#8211; Weihnachtsmarkt in Leopoldshagen<\/li>\n<li>10.12.2017 &#8211;\u00a0Weihnachtsmarkt in Luckow<\/li>\n<li>14.12.2017 &#8211; \u00a0Weihnachtskonzert mit dem Brandenburgischen Konzertorchester Eberswalde\u2013 Ueckersaal Torgelow (19:30 Uhr)<\/li>\n<li>16.12.2017 &#8211; Weihnachtsmarkt in Altwarp<\/li>\n<li>16.\u00a0und 17.12.2017 \u2013 17. Ueckerm\u00fcnder Weihnachtsmarkt<\/li>\n<li>17.1202017 &#8211; Weihnachtsmarkt M\u00f6nkebude (ab 14:30 Uhr)<\/li>\n<li>17.12.2017 &#8211; Weihnachsoratorium von. J.S. Bach in der St. Marien Kirche\u00a0Pasewalk (19:00 Uhr)<\/li>\n<li>19.12.2017 &#8211; Weihnachtskonzert im Historischen &#8222;U&#8220; Pasewalk (19:00 Uhr)<\/li>\n<li>22.12.2017 &#8211; Bl\u00e4sermusik im Kerzenschein (19:00 Uhr\u00a0Christuskirche Torgelow)<\/li>\n<\/ul>\n<p>&nbsp;<\/p>\n","protected":false},"excerpt":{"rendered":"<p>Mit der Vorweihnachtszeit hat eine der anstrengendsten Zeiten des Jahres begonnen. Erfahrungsgem\u00e4\u00df jagt ein Termin den n\u00e4chsten und die Tage sind meist viel zu kurz, denn Weihnachten r\u00fcckt unausweichlich immer n\u00e4her. Bis zum &#8222;Heiligen Abend&#8220; gib es noch unz\u00e4hlige Dinge vorzubereiten und zu organisieren&#8230;<\/p>\n","protected":false},"author":26,"featured_media":1993,"comment_status":"open","ping_status":"open","sticky":false,"template":"","format":"standard","meta":[],"categories":[11],"tags":[],"yoast_head":"<!-- This site is optimized with the Yoast SEO plugin v19.10 - https:\/\/yoast.com\/wordpress\/plugins\/seo\/ -->\n<title>Auch im Naturpark weihnachtet es schon - Naturpark Am Stettiner Haff<\/title>\n<meta name=\"robots\" content=\"index, follow, max-snippet:-1, max-image-preview:large, max-video-preview:-1\" \/>\n<link rel=\"canonical\" href=\"https:\/\/www.naturparkmagazin.de\/am-stettiner-haff\/auch-im-naturpark-weihnachtet-es-schon\/\" \/>\n<meta property=\"og:locale\" content=\"de_DE\" \/>\n<meta property=\"og:type\" content=\"article\" \/>\n<meta property=\"og:title\" content=\"Auch im Naturpark weihnachtet es schon - Naturpark Am Stettiner Haff\" \/>\n<meta property=\"og:description\" content=\"Mit der Vorweihnachtszeit hat eine der anstrengendsten Zeiten des Jahres begonnen. Erfahrungsgem\u00e4\u00df jagt ein Termin den n\u00e4chsten und die Tage sind meist viel zu kurz, denn Weihnachten r\u00fcckt unausweichlich immer n\u00e4her. Bis zum &quot;Heiligen Abend&quot; gib es noch unz\u00e4hlige Dinge vorzubereiten und zu organisieren...\" \/>\n<meta property=\"og:url\" content=\"https:\/\/www.naturparkmagazin.de\/am-stettiner-haff\/auch-im-naturpark-weihnachtet-es-schon\/\" \/>\n<meta property=\"og:site_name\" content=\"Naturpark Am Stettiner Haff\" \/>\n<meta property=\"article:published_time\" content=\"2017-11-15T09:00:25+00:00\" \/>\n<meta property=\"article:modified_time\" content=\"2017-11-08T11:49:54+00:00\" \/>\n<meta property=\"og:image\" content=\"https:\/\/www.naturparkmagazin.de\/am-stettiner-haff\/wp-content\/uploads\/sites\/29\/Adventsdorf-Rieth-Hof-Kulturscheune-Rieth-Adventsmarkt-Weihnachstmarkt.jpg\" \/>\n\t<meta property=\"og:image:width\" content=\"1556\" \/>\n\t<meta property=\"og:image:height\" content=\"1037\" \/>\n\t<meta property=\"og:image:type\" content=\"image\/jpeg\" \/>\n<meta name=\"author\" content=\"Jochen Elberskirch\" \/>\n<meta name=\"twitter:label1\" content=\"Verfasst von\" \/>\n\t<meta name=\"twitter:data1\" content=\"Jochen Elberskirch\" \/>\n\t<meta name=\"twitter:label2\" content=\"Gesch\u00e4tzte Lesezeit\" \/>\n\t<meta name=\"twitter:data2\" content=\"2\u00a0Minuten\" \/>\n<script type=\"application\/ld+json\" class=\"yoast-schema-graph\">{\"@context\":\"https:\/\/schema.org\",\"@graph\":[{\"@type\":\"WebPage\",\"@id\":\"https:\/\/www.naturparkmagazin.de\/am-stettiner-haff\/auch-im-naturpark-weihnachtet-es-schon\/\",\"url\":\"https:\/\/www.naturparkmagazin.de\/am-stettiner-haff\/auch-im-naturpark-weihnachtet-es-schon\/\",\"name\":\"Auch im Naturpark weihnachtet es schon - Naturpark Am Stettiner Haff\",\"isPartOf\":{\"@id\":\"https:\/\/www.naturparkmagazin.de\/am-stettiner-haff\/#website\"},\"datePublished\":\"2017-11-15T09:00:25+00:00\",\"dateModified\":\"2017-11-08T11:49:54+00:00\",\"author\":{\"@id\":\"https:\/\/www.naturparkmagazin.de\/am-stettiner-haff\/#\/schema\/person\/4a7208080dbbfb024d81129b7960c725\"},\"breadcrumb\":{\"@id\":\"https:\/\/www.naturparkmagazin.de\/am-stettiner-haff\/auch-im-naturpark-weihnachtet-es-schon\/#breadcrumb\"},\"inLanguage\":\"de\",\"potentialAction\":[{\"@type\":\"ReadAction\",\"target\":[\"https:\/\/www.naturparkmagazin.de\/am-stettiner-haff\/auch-im-naturpark-weihnachtet-es-schon\/\"]}]},{\"@type\":\"BreadcrumbList\",\"@id\":\"https:\/\/www.naturparkmagazin.de\/am-stettiner-haff\/auch-im-naturpark-weihnachtet-es-schon\/#breadcrumb\",\"itemListElement\":[{\"@type\":\"ListItem\",\"position\":1,\"name\":\"Home\",\"item\":\"https:\/\/www.naturparkmagazin.de\/am-stettiner-haff\/\"},{\"@type\":\"ListItem\",\"position\":2,\"name\":\"Auch im Naturpark weihnachtet es schon\"}]},{\"@type\":\"WebSite\",\"@id\":\"https:\/\/www.naturparkmagazin.de\/am-stettiner-haff\/#website\",\"url\":\"https:\/\/www.naturparkmagazin.de\/am-stettiner-haff\/\",\"name\":\"Naturpark Am Stettiner Haff\",\"description\":\"\",\"potentialAction\":[{\"@type\":\"SearchAction\",\"target\":{\"@type\":\"EntryPoint\",\"urlTemplate\":\"https:\/\/www.naturparkmagazin.de\/am-stettiner-haff\/?s={search_term_string}\"},\"query-input\":\"required name=search_term_string\"}],\"inLanguage\":\"de\"},{\"@type\":\"Person\",\"@id\":\"https:\/\/www.naturparkmagazin.de\/am-stettiner-haff\/#\/schema\/person\/4a7208080dbbfb024d81129b7960c725\",\"name\":\"Jochen Elberskirch\",\"sameAs\":[\"http:\/\/www.naturpark-am-stettiner-haff.de\"],\"url\":\"https:\/\/www.naturparkmagazin.de\/am-stettiner-haff\/author\/jochenelberskirch\/\"}]}<\/script>\n<!-- \/ Yoast SEO plugin. -->","yoast_head_json":{"title":"Auch im Naturpark weihnachtet es schon - Naturpark Am Stettiner Haff","robots":{"index":"index","follow":"follow","max-snippet":"max-snippet:-1","max-image-preview":"max-image-preview:large","max-video-preview":"max-video-preview:-1"},"canonical":"https:\/\/www.naturparkmagazin.de\/am-stettiner-haff\/auch-im-naturpark-weihnachtet-es-schon\/","og_locale":"de_DE","og_type":"article","og_title":"Auch im Naturpark weihnachtet es schon - Naturpark Am Stettiner Haff","og_description":"Mit der Vorweihnachtszeit hat eine der anstrengendsten Zeiten des Jahres begonnen. Erfahrungsgem\u00e4\u00df jagt ein Termin den n\u00e4chsten und die Tage sind meist viel zu kurz, denn Weihnachten r\u00fcckt unausweichlich immer n\u00e4her. Bis zum \"Heiligen Abend\" gib es noch unz\u00e4hlige Dinge vorzubereiten und zu organisieren...","og_url":"https:\/\/www.naturparkmagazin.de\/am-stettiner-haff\/auch-im-naturpark-weihnachtet-es-schon\/","og_site_name":"Naturpark Am Stettiner Haff","article_published_time":"2017-11-15T09:00:25+00:00","article_modified_time":"2017-11-08T11:49:54+00:00","og_image":[{"width":1556,"height":1037,"url":"https:\/\/www.naturparkmagazin.de\/am-stettiner-haff\/wp-content\/uploads\/sites\/29\/Adventsdorf-Rieth-Hof-Kulturscheune-Rieth-Adventsmarkt-Weihnachstmarkt.jpg","type":"image\/jpeg"}],"author":"Jochen Elberskirch","twitter_misc":{"Verfasst von":"Jochen Elberskirch","Gesch\u00e4tzte Lesezeit":"2\u00a0Minuten"},"schema":{"@context":"https:\/\/schema.org","@graph":[{"@type":"WebPage","@id":"https:\/\/www.naturparkmagazin.de\/am-stettiner-haff\/auch-im-naturpark-weihnachtet-es-schon\/","url":"https:\/\/www.naturparkmagazin.de\/am-stettiner-haff\/auch-im-naturpark-weihnachtet-es-schon\/","name":"Auch im Naturpark weihnachtet es schon - Naturpark Am Stettiner Haff","isPartOf":{"@id":"https:\/\/www.naturparkmagazin.de\/am-stettiner-haff\/#website"},"datePublished":"2017-11-15T09:00:25+00:00","dateModified":"2017-11-08T11:49:54+00:00","author":{"@id":"https:\/\/www.naturparkmagazin.de\/am-stettiner-haff\/#\/schema\/person\/4a7208080dbbfb024d81129b7960c725"},"breadcrumb":{"@id":"https:\/\/www.naturparkmagazin.de\/am-stettiner-haff\/auch-im-naturpark-weihnachtet-es-schon\/#breadcrumb"},"inLanguage":"de","potentialAction":[{"@type":"ReadAction","target":["https:\/\/www.naturparkmagazin.de\/am-stettiner-haff\/auch-im-naturpark-weihnachtet-es-schon\/"]}]},{"@type":"BreadcrumbList","@id":"https:\/\/www.naturparkmagazin.de\/am-stettiner-haff\/auch-im-naturpark-weihnachtet-es-schon\/#breadcrumb","itemListElement":[{"@type":"ListItem","position":1,"name":"Home","item":"https:\/\/www.naturparkmagazin.de\/am-stettiner-haff\/"},{"@type":"ListItem","position":2,"name":"Auch im Naturpark weihnachtet es schon"}]},{"@type":"WebSite","@id":"https:\/\/www.naturparkmagazin.de\/am-stettiner-haff\/#website","url":"https:\/\/www.naturparkmagazin.de\/am-stettiner-haff\/","name":"Naturpark Am Stettiner Haff","description":"","potentialAction":[{"@type":"SearchAction","target":{"@type":"EntryPoint","urlTemplate":"https:\/\/www.naturparkmagazin.de\/am-stettiner-haff\/?s={search_term_string}"},"query-input":"required name=search_term_string"}],"inLanguage":"de"},{"@type":"Person","@id":"https:\/\/www.naturparkmagazin.de\/am-stettiner-haff\/#\/schema\/person\/4a7208080dbbfb024d81129b7960c725","name":"Jochen Elberskirch","sameAs":["http:\/\/www.naturpark-am-stettiner-haff.de"],"url":"https:\/\/www.naturparkmagazin.de\/am-stettiner-haff\/author\/jochenelberskirch\/"}]}},"_links":{"self":[{"href":"https:\/\/www.naturparkmagazin.de\/am-stettiner-haff\/wp-json\/wp\/v2\/posts\/2270"}],"collection":[{"href":"https:\/\/www.naturparkmagazin.de\/am-stettiner-haff\/wp-json\/wp\/v2\/posts"}],"about":[{"href":"https:\/\/www.naturparkmagazin.de\/am-stettiner-haff\/wp-json\/wp\/v2\/types\/post"}],"author":[{"embeddable":true,"href":"https:\/\/www.naturparkmagazin.de\/am-stettiner-haff\/wp-json\/wp\/v2\/users\/26"}],"replies":[{"embeddable":true,"href":"https:\/\/www.naturparkmagazin.de\/am-stettiner-haff\/wp-json\/wp\/v2\/comments?post=2270"}],"version-history":[{"count":5,"href":"https:\/\/www.naturparkmagazin.de\/am-stettiner-haff\/wp-json\/wp\/v2\/posts\/2270\/revisions"}],"predecessor-version":[{"id":2275,"href":"https:\/\/www.naturparkmagazin.de\/am-stettiner-haff\/wp-json\/wp\/v2\/posts\/2270\/revisions\/2275"}],"wp:featuredmedia":[{"embeddable":true,"href":"https:\/\/www.naturparkmagazin.de\/am-stettiner-haff\/wp-json\/wp\/v2\/media\/1993"}],"wp:attachment":[{"href":"https:\/\/www.naturparkmagazin.de\/am-stettiner-haff\/wp-json\/wp\/v2\/media?parent=2270"}],"wp:term":[{"taxonomy":"category","embeddable":true,"href":"https:\/\/www.naturparkmagazin.de\/am-stettiner-haff\/wp-json\/wp\/v2\/categories?post=2270"},{"taxonomy":"post_tag","embeddable":true,"href":"https:\/\/www.naturparkmagazin.de\/am-stettiner-haff\/wp-json\/wp\/v2\/tags?post=2270"}],"curies":[{"name":"wp","href":"https:\/\/api.w.org\/{rel}","templated":true}]}}