{"id":2276,"date":"2017-11-15T10:05:28","date_gmt":"2017-11-15T09:05:28","guid":{"rendered":"http:\/\/www.naturparkmagazin.de\/am-stettiner-haff\/?p=2276"},"modified":"2017-11-08T13:00:14","modified_gmt":"2017-11-08T12:00:14","slug":"adventsdorf-in-rieth-am-see-2017-vorweihnachtliche-freude-fuer-die-ganze-familie-und-alle-weihnachtsfreunde","status":"publish","type":"post","link":"https:\/\/www.naturparkmagazin.de\/am-stettiner-haff\/adventsdorf-in-rieth-am-see-2017-vorweihnachtliche-freude-fuer-die-ganze-familie-und-alle-weihnachtsfreunde\/","title":{"rendered":"Adventsdorf in Rieth am See 2017 &#8211; Vorweihnachtliche Freude f\u00fcr die ganze Familie und alle Weihnachtsfreunde"},"content":{"rendered":"<div id=\"attachment_1994\" style=\"width: 515px\" class=\"wp-caption aligncenter\"><a href=\"https:\/\/www.naturparkmagazin.de\/am-stettiner-haff\/wp-content\/uploads\/sites\/29\/Adventsdorf-Rieth-Alte-Molkerei-Hof-Cafe-de-Kl\u00f6nstuw-copyright-kulturscheune-Rieth-de.jpg\"><img aria-describedby=\"caption-attachment-1994\" decoding=\"async\" loading=\"lazy\" class=\"size-full wp-image-1994\" src=\"https:\/\/www.naturparkmagazin.de\/am-stettiner-haff\/wp-content\/uploads\/sites\/29\/Adventsdorf-Rieth-Alte-Molkerei-Hof-Cafe-de-Kl\u00f6nstuw-copyright-kulturscheune-Rieth-de.jpg\" alt=\"Adventsdorf Rieth - Alte Molkerei (Foto: Kulturscheune Rieth)\" width=\"505\" height=\"338\" srcset=\"https:\/\/www.naturparkmagazin.de\/am-stettiner-haff\/wp-content\/uploads\/sites\/29\/Adventsdorf-Rieth-Alte-Molkerei-Hof-Cafe-de-Kl\u00f6nstuw-copyright-kulturscheune-Rieth-de.jpg 505w, https:\/\/www.naturparkmagazin.de\/am-stettiner-haff\/wp-content\/uploads\/sites\/29\/Adventsdorf-Rieth-Alte-Molkerei-Hof-Cafe-de-Kl\u00f6nstuw-copyright-kulturscheune-Rieth-de-300x201.jpg 300w, https:\/\/www.naturparkmagazin.de\/am-stettiner-haff\/wp-content\/uploads\/sites\/29\/Adventsdorf-Rieth-Alte-Molkerei-Hof-Cafe-de-Kl\u00f6nstuw-copyright-kulturscheune-Rieth-de-200x134.jpg 200w\" sizes=\"(max-width: 505px) 100vw, 505px\" \/><\/a><p id=\"caption-attachment-1994\" class=\"wp-caption-text\">Adventsdorf Rieth &#8211; Alte Molkerei (Foto: Kulturscheune Rieth)<\/p><\/div>\n<p>ein Beitrag von Tino Sammler, Rieth<\/p>\n<p>&nbsp;<\/p>\n<p>Zum vierten Mal begr\u00fc\u00dft das Adventsdorf Rieth am 9. Dezember ab 15.00 Uhr alle Freunde der Vorweihnachtszeit.<\/p>\n<p>Festlich leuchtenden Sterne und Kerzenlichter zeigen den Weg zu den Viele weihnachtlich dekorierten St\u00e4nden und Veranstaltungsr\u00e4umen. Dem Cafe \u201ede Kl\u00f6nstuw\u201c, dem Gesundhaus Klatschmohn, der Kulturscheune, dem kleinen Buswarteh\u00e4uschen, der alten Waage am Herrengarten, der Kreativwerkstatt von Uli Siedl oder der alten Schule.<\/p>\n<p>&nbsp;<\/p>\n<div id=\"attachment_2277\" style=\"width: 310px\" class=\"wp-caption aligncenter\"><a href=\"https:\/\/www.naturparkmagazin.de\/am-stettiner-haff\/wp-content\/uploads\/sites\/29\/IMG_7311-klein.jpg\"><img aria-describedby=\"caption-attachment-2277\" decoding=\"async\" loading=\"lazy\" class=\"wp-image-2277 size-thumbnail\" src=\"https:\/\/www.naturparkmagazin.de\/am-stettiner-haff\/wp-content\/uploads\/sites\/29\/IMG_7311-klein-300x450.jpg\" alt=\"Kulturscheune Rieth\" width=\"300\" height=\"450\" srcset=\"https:\/\/www.naturparkmagazin.de\/am-stettiner-haff\/wp-content\/uploads\/sites\/29\/IMG_7311-klein-300x450.jpg 300w, https:\/\/www.naturparkmagazin.de\/am-stettiner-haff\/wp-content\/uploads\/sites\/29\/IMG_7311-klein-620x930.jpg 620w, https:\/\/www.naturparkmagazin.de\/am-stettiner-haff\/wp-content\/uploads\/sites\/29\/IMG_7311-klein-670x1005.jpg 670w, https:\/\/www.naturparkmagazin.de\/am-stettiner-haff\/wp-content\/uploads\/sites\/29\/IMG_7311-klein-200x300.jpg 200w, https:\/\/www.naturparkmagazin.de\/am-stettiner-haff\/wp-content\/uploads\/sites\/29\/IMG_7311-klein.jpg 864w\" sizes=\"(max-width: 300px) 100vw, 300px\" \/><\/a><p id=\"caption-attachment-2277\" class=\"wp-caption-text\">Kulturscheune Rieth<\/p><\/div>\n<p>Finden Sie liebevoll handgefertigte Weihnachtsdekorationen, einmalig sch\u00f6ne Geschenke, Korbwaren oder verschiedenste Leckerrein wie: Honig vom Haff, die Riether Rauchwurst, Gl\u00fchwein, Punsch, Grog und hei\u00dfe Schokolade, ger\u00f6stete Mandeln, Ullis legend\u00e4re Kartoffelpuffer, warmen Apfelstrudel oder R\u00e4ucherfisch .<\/p>\n<p>In der Dorfkirche wird es um 15 Uhr ein weihnachtliches Konzert geben. Der Weihnachtsmann kommt in diesem Jahr mit der Feuerwehr nach Rieth.<\/p>\n<p>Alle Termine und Orte werden wie immer per Flyer bekannt gegeben \u2013 fragen Sie einfach an den St\u00e4nden nach.<\/p>\n<p>Das Adventsdorf schlie\u00dft die Pforten nach 19.00 Uhr. Besucher werden gebeten, das Auto m\u00f6glichst auf den Parkplatz am Dorfeingang und entlang des Ahlbecker Wegs abzustellen \u2013 es sind viele Fu\u00dfg\u00e4nger auf den Stra\u00dfen unterwegs.<\/p>\n<p>Der Dorfverein Rieth am See e.V. und die vielen kleinen H\u00e4ndler freuen sich auf Ihren Besuch.<\/p>\n<p>&nbsp;<\/p>\n<p>&nbsp;<\/p>\n<p>&nbsp;<\/p>\n","protected":false},"excerpt":{"rendered":"<p>Zum vierten Mal begr\u00fc\u00dft das Adventsdorf Rieth am 9. Dezember ab 15.00 Uhr alle Freunde der Vorweihnachtszeit.<\/p>\n<p>Festlich leuchtenden Sterne und Kerzenlichter zeigen den Weg zu den Viele weihnachtlich dekorierten St\u00e4nden und Veranstaltungsr\u00e4umen. Dem Cafe \u201ede Kl\u00f6nstuw\u201c, dem Gesundhaus Klatschmohn, der Kulturscheune, dem kleinen Buswarteh\u00e4uschen, der alten Waage am Herrengarten, der Kreativwerkstatt von Uli Siedl oder der alten Schule.<\/p>\n","protected":false},"author":26,"featured_media":1994,"comment_status":"open","ping_status":"open","sticky":false,"template":"","format":"standard","meta":[],"categories":[11],"tags":[],"yoast_head":"<!-- This site is optimized with the Yoast SEO plugin v19.10 - https:\/\/yoast.com\/wordpress\/plugins\/seo\/ -->\n<title>Adventsdorf in Rieth am See 2017 - Vorweihnachtliche Freude f\u00fcr die ganze Familie und alle Weihnachtsfreunde - Naturpark Am Stettiner Haff<\/title>\n<meta name=\"robots\" content=\"index, follow, max-snippet:-1, max-image-preview:large, max-video-preview:-1\" \/>\n<link rel=\"canonical\" href=\"https:\/\/www.naturparkmagazin.de\/am-stettiner-haff\/adventsdorf-in-rieth-am-see-2017-vorweihnachtliche-freude-fuer-die-ganze-familie-und-alle-weihnachtsfreunde\/\" \/>\n<meta property=\"og:locale\" content=\"de_DE\" \/>\n<meta property=\"og:type\" content=\"article\" \/>\n<meta property=\"og:title\" content=\"Adventsdorf in Rieth am See 2017 - Vorweihnachtliche Freude f\u00fcr die ganze Familie und alle Weihnachtsfreunde - Naturpark Am Stettiner Haff\" \/>\n<meta property=\"og:description\" content=\"Zum vierten Mal begr\u00fc\u00dft das Adventsdorf Rieth am 9. Dezember ab 15.00 Uhr alle Freunde der Vorweihnachtszeit.  Festlich leuchtenden Sterne und Kerzenlichter zeigen den Weg zu den Viele weihnachtlich dekorierten St\u00e4nden und Veranstaltungsr\u00e4umen. Dem Cafe \u201ede Kl\u00f6nstuw\u201c, dem Gesundhaus Klatschmohn, der Kulturscheune, dem kleinen Buswarteh\u00e4uschen, der alten Waage am Herrengarten, der Kreativwerkstatt von Uli Siedl oder der alten Schule.\" \/>\n<meta property=\"og:url\" content=\"https:\/\/www.naturparkmagazin.de\/am-stettiner-haff\/adventsdorf-in-rieth-am-see-2017-vorweihnachtliche-freude-fuer-die-ganze-familie-und-alle-weihnachtsfreunde\/\" \/>\n<meta property=\"og:site_name\" content=\"Naturpark Am Stettiner Haff\" \/>\n<meta property=\"article:published_time\" content=\"2017-11-15T09:05:28+00:00\" \/>\n<meta property=\"article:modified_time\" content=\"2017-11-08T12:00:14+00:00\" \/>\n<meta property=\"og:image\" content=\"https:\/\/www.naturparkmagazin.de\/am-stettiner-haff\/wp-content\/uploads\/sites\/29\/Adventsdorf-Rieth-Alte-Molkerei-Hof-Cafe-de-Kl\u00f6nstuw-copyright-kulturscheune-Rieth-de.jpg\" \/>\n\t<meta property=\"og:image:width\" content=\"505\" \/>\n\t<meta property=\"og:image:height\" content=\"338\" \/>\n\t<meta property=\"og:image:type\" content=\"image\/jpeg\" \/>\n<meta name=\"author\" content=\"Jochen Elberskirch\" \/>\n<meta name=\"twitter:label1\" content=\"Verfasst von\" \/>\n\t<meta name=\"twitter:data1\" content=\"Jochen Elberskirch\" \/>\n\t<meta name=\"twitter:label2\" content=\"Gesch\u00e4tzte Lesezeit\" \/>\n\t<meta name=\"twitter:data2\" content=\"1\u00a0Minute\" \/>\n<script type=\"application\/ld+json\" class=\"yoast-schema-graph\">{\"@context\":\"https:\/\/schema.org\",\"@graph\":[{\"@type\":\"WebPage\",\"@id\":\"https:\/\/www.naturparkmagazin.de\/am-stettiner-haff\/adventsdorf-in-rieth-am-see-2017-vorweihnachtliche-freude-fuer-die-ganze-familie-und-alle-weihnachtsfreunde\/\",\"url\":\"https:\/\/www.naturparkmagazin.de\/am-stettiner-haff\/adventsdorf-in-rieth-am-see-2017-vorweihnachtliche-freude-fuer-die-ganze-familie-und-alle-weihnachtsfreunde\/\",\"name\":\"Adventsdorf in Rieth am See 2017 - Vorweihnachtliche Freude f\u00fcr die ganze Familie und alle Weihnachtsfreunde - Naturpark Am Stettiner Haff\",\"isPartOf\":{\"@id\":\"https:\/\/www.naturparkmagazin.de\/am-stettiner-haff\/#website\"},\"datePublished\":\"2017-11-15T09:05:28+00:00\",\"dateModified\":\"2017-11-08T12:00:14+00:00\",\"author\":{\"@id\":\"https:\/\/www.naturparkmagazin.de\/am-stettiner-haff\/#\/schema\/person\/4a7208080dbbfb024d81129b7960c725\"},\"breadcrumb\":{\"@id\":\"https:\/\/www.naturparkmagazin.de\/am-stettiner-haff\/adventsdorf-in-rieth-am-see-2017-vorweihnachtliche-freude-fuer-die-ganze-familie-und-alle-weihnachtsfreunde\/#breadcrumb\"},\"inLanguage\":\"de\",\"potentialAction\":[{\"@type\":\"ReadAction\",\"target\":[\"https:\/\/www.naturparkmagazin.de\/am-stettiner-haff\/adventsdorf-in-rieth-am-see-2017-vorweihnachtliche-freude-fuer-die-ganze-familie-und-alle-weihnachtsfreunde\/\"]}]},{\"@type\":\"BreadcrumbList\",\"@id\":\"https:\/\/www.naturparkmagazin.de\/am-stettiner-haff\/adventsdorf-in-rieth-am-see-2017-vorweihnachtliche-freude-fuer-die-ganze-familie-und-alle-weihnachtsfreunde\/#breadcrumb\",\"itemListElement\":[{\"@type\":\"ListItem\",\"position\":1,\"name\":\"Home\",\"item\":\"https:\/\/www.naturparkmagazin.de\/am-stettiner-haff\/\"},{\"@type\":\"ListItem\",\"position\":2,\"name\":\"Adventsdorf in Rieth am See 2017 &#8211; Vorweihnachtliche Freude f\u00fcr die ganze Familie und alle Weihnachtsfreunde\"}]},{\"@type\":\"WebSite\",\"@id\":\"https:\/\/www.naturparkmagazin.de\/am-stettiner-haff\/#website\",\"url\":\"https:\/\/www.naturparkmagazin.de\/am-stettiner-haff\/\",\"name\":\"Naturpark Am Stettiner Haff\",\"description\":\"\",\"potentialAction\":[{\"@type\":\"SearchAction\",\"target\":{\"@type\":\"EntryPoint\",\"urlTemplate\":\"https:\/\/www.naturparkmagazin.de\/am-stettiner-haff\/?s={search_term_string}\"},\"query-input\":\"required name=search_term_string\"}],\"inLanguage\":\"de\"},{\"@type\":\"Person\",\"@id\":\"https:\/\/www.naturparkmagazin.de\/am-stettiner-haff\/#\/schema\/person\/4a7208080dbbfb024d81129b7960c725\",\"name\":\"Jochen Elberskirch\",\"sameAs\":[\"http:\/\/www.naturpark-am-stettiner-haff.de\"],\"url\":\"https:\/\/www.naturparkmagazin.de\/am-stettiner-haff\/author\/jochenelberskirch\/\"}]}<\/script>\n<!-- \/ Yoast SEO plugin. -->","yoast_head_json":{"title":"Adventsdorf in Rieth am See 2017 - Vorweihnachtliche Freude f\u00fcr die ganze Familie und alle Weihnachtsfreunde - Naturpark Am Stettiner Haff","robots":{"index":"index","follow":"follow","max-snippet":"max-snippet:-1","max-image-preview":"max-image-preview:large","max-video-preview":"max-video-preview:-1"},"canonical":"https:\/\/www.naturparkmagazin.de\/am-stettiner-haff\/adventsdorf-in-rieth-am-see-2017-vorweihnachtliche-freude-fuer-die-ganze-familie-und-alle-weihnachtsfreunde\/","og_locale":"de_DE","og_type":"article","og_title":"Adventsdorf in Rieth am See 2017 - Vorweihnachtliche Freude f\u00fcr die ganze Familie und alle Weihnachtsfreunde - Naturpark Am Stettiner Haff","og_description":"Zum vierten Mal begr\u00fc\u00dft das Adventsdorf Rieth am 9. Dezember ab 15.00 Uhr alle Freunde der Vorweihnachtszeit.  Festlich leuchtenden Sterne und Kerzenlichter zeigen den Weg zu den Viele weihnachtlich dekorierten St\u00e4nden und Veranstaltungsr\u00e4umen. Dem Cafe \u201ede Kl\u00f6nstuw\u201c, dem Gesundhaus Klatschmohn, der Kulturscheune, dem kleinen Buswarteh\u00e4uschen, der alten Waage am Herrengarten, der Kreativwerkstatt von Uli Siedl oder der alten Schule.","og_url":"https:\/\/www.naturparkmagazin.de\/am-stettiner-haff\/adventsdorf-in-rieth-am-see-2017-vorweihnachtliche-freude-fuer-die-ganze-familie-und-alle-weihnachtsfreunde\/","og_site_name":"Naturpark Am Stettiner Haff","article_published_time":"2017-11-15T09:05:28+00:00","article_modified_time":"2017-11-08T12:00:14+00:00","og_image":[{"width":505,"height":338,"url":"https:\/\/www.naturparkmagazin.de\/am-stettiner-haff\/wp-content\/uploads\/sites\/29\/Adventsdorf-Rieth-Alte-Molkerei-Hof-Cafe-de-Kl\u00f6nstuw-copyright-kulturscheune-Rieth-de.jpg","type":"image\/jpeg"}],"author":"Jochen Elberskirch","twitter_misc":{"Verfasst von":"Jochen Elberskirch","Gesch\u00e4tzte Lesezeit":"1\u00a0Minute"},"schema":{"@context":"https:\/\/schema.org","@graph":[{"@type":"WebPage","@id":"https:\/\/www.naturparkmagazin.de\/am-stettiner-haff\/adventsdorf-in-rieth-am-see-2017-vorweihnachtliche-freude-fuer-die-ganze-familie-und-alle-weihnachtsfreunde\/","url":"https:\/\/www.naturparkmagazin.de\/am-stettiner-haff\/adventsdorf-in-rieth-am-see-2017-vorweihnachtliche-freude-fuer-die-ganze-familie-und-alle-weihnachtsfreunde\/","name":"Adventsdorf in Rieth am See 2017 - Vorweihnachtliche Freude f\u00fcr die ganze Familie und alle Weihnachtsfreunde - Naturpark Am Stettiner Haff","isPartOf":{"@id":"https:\/\/www.naturparkmagazin.de\/am-stettiner-haff\/#website"},"datePublished":"2017-11-15T09:05:28+00:00","dateModified":"2017-11-08T12:00:14+00:00","author":{"@id":"https:\/\/www.naturparkmagazin.de\/am-stettiner-haff\/#\/schema\/person\/4a7208080dbbfb024d81129b7960c725"},"breadcrumb":{"@id":"https:\/\/www.naturparkmagazin.de\/am-stettiner-haff\/adventsdorf-in-rieth-am-see-2017-vorweihnachtliche-freude-fuer-die-ganze-familie-und-alle-weihnachtsfreunde\/#breadcrumb"},"inLanguage":"de","potentialAction":[{"@type":"ReadAction","target":["https:\/\/www.naturparkmagazin.de\/am-stettiner-haff\/adventsdorf-in-rieth-am-see-2017-vorweihnachtliche-freude-fuer-die-ganze-familie-und-alle-weihnachtsfreunde\/"]}]},{"@type":"BreadcrumbList","@id":"https:\/\/www.naturparkmagazin.de\/am-stettiner-haff\/adventsdorf-in-rieth-am-see-2017-vorweihnachtliche-freude-fuer-die-ganze-familie-und-alle-weihnachtsfreunde\/#breadcrumb","itemListElement":[{"@type":"ListItem","position":1,"name":"Home","item":"https:\/\/www.naturparkmagazin.de\/am-stettiner-haff\/"},{"@type":"ListItem","position":2,"name":"Adventsdorf in Rieth am See 2017 &#8211; Vorweihnachtliche Freude f\u00fcr die ganze Familie und alle Weihnachtsfreunde"}]},{"@type":"WebSite","@id":"https:\/\/www.naturparkmagazin.de\/am-stettiner-haff\/#website","url":"https:\/\/www.naturparkmagazin.de\/am-stettiner-haff\/","name":"Naturpark Am Stettiner Haff","description":"","potentialAction":[{"@type":"SearchAction","target":{"@type":"EntryPoint","urlTemplate":"https:\/\/www.naturparkmagazin.de\/am-stettiner-haff\/?s={search_term_string}"},"query-input":"required name=search_term_string"}],"inLanguage":"de"},{"@type":"Person","@id":"https:\/\/www.naturparkmagazin.de\/am-stettiner-haff\/#\/schema\/person\/4a7208080dbbfb024d81129b7960c725","name":"Jochen Elberskirch","sameAs":["http:\/\/www.naturpark-am-stettiner-haff.de"],"url":"https:\/\/www.naturparkmagazin.de\/am-stettiner-haff\/author\/jochenelberskirch\/"}]}},"_links":{"self":[{"href":"https:\/\/www.naturparkmagazin.de\/am-stettiner-haff\/wp-json\/wp\/v2\/posts\/2276"}],"collection":[{"href":"https:\/\/www.naturparkmagazin.de\/am-stettiner-haff\/wp-json\/wp\/v2\/posts"}],"about":[{"href":"https:\/\/www.naturparkmagazin.de\/am-stettiner-haff\/wp-json\/wp\/v2\/types\/post"}],"author":[{"embeddable":true,"href":"https:\/\/www.naturparkmagazin.de\/am-stettiner-haff\/wp-json\/wp\/v2\/users\/26"}],"replies":[{"embeddable":true,"href":"https:\/\/www.naturparkmagazin.de\/am-stettiner-haff\/wp-json\/wp\/v2\/comments?post=2276"}],"version-history":[{"count":3,"href":"https:\/\/www.naturparkmagazin.de\/am-stettiner-haff\/wp-json\/wp\/v2\/posts\/2276\/revisions"}],"predecessor-version":[{"id":2281,"href":"https:\/\/www.naturparkmagazin.de\/am-stettiner-haff\/wp-json\/wp\/v2\/posts\/2276\/revisions\/2281"}],"wp:featuredmedia":[{"embeddable":true,"href":"https:\/\/www.naturparkmagazin.de\/am-stettiner-haff\/wp-json\/wp\/v2\/media\/1994"}],"wp:attachment":[{"href":"https:\/\/www.naturparkmagazin.de\/am-stettiner-haff\/wp-json\/wp\/v2\/media?parent=2276"}],"wp:term":[{"taxonomy":"category","embeddable":true,"href":"https:\/\/www.naturparkmagazin.de\/am-stettiner-haff\/wp-json\/wp\/v2\/categories?post=2276"},{"taxonomy":"post_tag","embeddable":true,"href":"https:\/\/www.naturparkmagazin.de\/am-stettiner-haff\/wp-json\/wp\/v2\/tags?post=2276"}],"curies":[{"name":"wp","href":"https:\/\/api.w.org\/{rel}","templated":true}]}}