{"id":2282,"date":"2017-11-15T14:49:31","date_gmt":"2017-11-15T13:49:31","guid":{"rendered":"http:\/\/www.naturparkmagazin.de\/am-stettiner-haff\/?p=2282"},"modified":"2017-11-29T11:00:53","modified_gmt":"2017-11-29T10:00:53","slug":"neue-ausstellung-im-besucherinformationszentrum-am-bahnhof-eggesin-eroeffnet","status":"publish","type":"post","link":"https:\/\/www.naturparkmagazin.de\/am-stettiner-haff\/neue-ausstellung-im-besucherinformationszentrum-am-bahnhof-eggesin-eroeffnet\/","title":{"rendered":"Neue Ausstellung im Besucherinformationszentrum am Bahnhof Eggesin er\u00f6ffnet"},"content":{"rendered":"<p>Am 10. November 2017 wurde im Rahmen einer kleinen Vernissage die neue Wechselausstellung im Besucherinformationszentrum des Naturparks am Bahnhof Eggesin er\u00f6ffnet. Gezeigt werden nun Werke des Erwachsenenkurses Malerei des Kreativzentrums Eggesin mit Bez\u00fcgen zu Flora und Fauna.<\/p>\n<p>&nbsp;<\/p>\n<div id=\"attachment_2284\" style=\"width: 630px\" class=\"wp-caption aligncenter\"><a href=\"https:\/\/www.naturparkmagazin.de\/am-stettiner-haff\/wp-content\/uploads\/sites\/29\/Vernissage-klein.jpg\"><img aria-describedby=\"caption-attachment-2284\" decoding=\"async\" loading=\"lazy\" class=\"size-medium wp-image-2284\" src=\"https:\/\/www.naturparkmagazin.de\/am-stettiner-haff\/wp-content\/uploads\/sites\/29\/Vernissage-klein-620x371.jpg\" alt=\"Neue Wechselausstellung (Foto: Naturpark)\" width=\"620\" height=\"371\" srcset=\"https:\/\/www.naturparkmagazin.de\/am-stettiner-haff\/wp-content\/uploads\/sites\/29\/Vernissage-klein-620x371.jpg 620w, https:\/\/www.naturparkmagazin.de\/am-stettiner-haff\/wp-content\/uploads\/sites\/29\/Vernissage-klein-300x179.jpg 300w, https:\/\/www.naturparkmagazin.de\/am-stettiner-haff\/wp-content\/uploads\/sites\/29\/Vernissage-klein-940x562.jpg 940w, https:\/\/www.naturparkmagazin.de\/am-stettiner-haff\/wp-content\/uploads\/sites\/29\/Vernissage-klein-670x401.jpg 670w, https:\/\/www.naturparkmagazin.de\/am-stettiner-haff\/wp-content\/uploads\/sites\/29\/Vernissage-klein-200x120.jpg 200w\" sizes=\"(max-width: 620px) 100vw, 620px\" \/><\/a><p id=\"caption-attachment-2284\" class=\"wp-caption-text\">Neue Wechselausstellung (Foto: Naturpark)<\/p><\/div>\n<p>In gem\u00fctlicher Atmosph\u00e4re stellten sich die K\u00fcnstlerinnen des Erwachsenenkurses Malerei des Kreativzentrums Eggesin, unter der Leitung von Frau Radloff den Fragen der Besucher.<\/p>\n<p>&nbsp;<\/p>\n<p>Die Ausstellung kann bis Ende des Jahres w\u00e4hrend der regul\u00e4ren \u00d6ffnungszeiten des Naturparkinformationszentrum von montags \u2013 freitags in der Zeit von 10:00 \u2013 15:00 Uhr \u00a0besichtigt werden. Zus\u00e4tzliche Termine k\u00f6nnen bei Bedarf telefonisch unter 039779 \u2013 2968 0 vereinbart werden. Der Eintritt ist, wie f\u00fcr die gesamte Ausstellung des Naturparks kostenfrei.<\/p>\n<p>&nbsp;<\/p>\n<p>Die Ausstellung im Besucherinformationszentrum ist als Erg\u00e4nzung zur Galerie in der Kulturscheune Eggesin gedacht, wo derzeit auch die K\u00fcnstlerinnen und K\u00fcnstler des Erwachsenenkurses Malerei ihre Werke der \u00d6ffentlichkeit pr\u00e4sentieren \u2013 dort jedoch mit anderen Motiven. Ein Besuch beider Ausstellungen wird daher kunstinteressierten G\u00e4sten empfohlen.<\/p>\n","protected":false},"excerpt":{"rendered":"<p>Am 10. November 2017 wurde im Rahmen einer kleinen Vernissage die neue Wechselausstellung im Besucherinformationszentrum des Naturparks am Bahnhof Eggesin er\u00f6ffnet. <\/p>\n","protected":false},"author":26,"featured_media":2286,"comment_status":"open","ping_status":"open","sticky":false,"template":"","format":"standard","meta":[],"categories":[7],"tags":[],"yoast_head":"<!-- This site is optimized with the Yoast SEO plugin v19.10 - https:\/\/yoast.com\/wordpress\/plugins\/seo\/ -->\n<title>Neue Ausstellung im Besucherinformationszentrum am Bahnhof Eggesin er\u00f6ffnet - Naturpark Am Stettiner Haff<\/title>\n<meta name=\"robots\" content=\"index, follow, max-snippet:-1, max-image-preview:large, max-video-preview:-1\" \/>\n<link rel=\"canonical\" href=\"https:\/\/www.naturparkmagazin.de\/am-stettiner-haff\/neue-ausstellung-im-besucherinformationszentrum-am-bahnhof-eggesin-eroeffnet\/\" \/>\n<meta property=\"og:locale\" content=\"de_DE\" \/>\n<meta property=\"og:type\" content=\"article\" \/>\n<meta property=\"og:title\" content=\"Neue Ausstellung im Besucherinformationszentrum am Bahnhof Eggesin er\u00f6ffnet - Naturpark Am Stettiner Haff\" \/>\n<meta property=\"og:description\" content=\"Am 10. November 2017 wurde im Rahmen einer kleinen Vernissage die neue Wechselausstellung im Besucherinformationszentrum des Naturparks am Bahnhof Eggesin er\u00f6ffnet.\" \/>\n<meta property=\"og:url\" content=\"https:\/\/www.naturparkmagazin.de\/am-stettiner-haff\/neue-ausstellung-im-besucherinformationszentrum-am-bahnhof-eggesin-eroeffnet\/\" \/>\n<meta property=\"og:site_name\" content=\"Naturpark Am Stettiner Haff\" \/>\n<meta property=\"article:published_time\" content=\"2017-11-15T13:49:31+00:00\" \/>\n<meta property=\"article:modified_time\" content=\"2017-11-29T10:00:53+00:00\" \/>\n<meta property=\"og:image\" content=\"https:\/\/www.naturparkmagazin.de\/am-stettiner-haff\/wp-content\/uploads\/sites\/29\/DSC01849-kleiner.jpg\" \/>\n\t<meta property=\"og:image:width\" content=\"1944\" \/>\n\t<meta property=\"og:image:height\" content=\"1095\" \/>\n\t<meta property=\"og:image:type\" content=\"image\/jpeg\" \/>\n<meta name=\"author\" content=\"Jochen Elberskirch\" \/>\n<meta name=\"twitter:label1\" content=\"Verfasst von\" \/>\n\t<meta name=\"twitter:data1\" content=\"Jochen Elberskirch\" \/>\n\t<meta name=\"twitter:label2\" content=\"Gesch\u00e4tzte Lesezeit\" \/>\n\t<meta name=\"twitter:data2\" content=\"1\u00a0Minute\" \/>\n<script type=\"application\/ld+json\" class=\"yoast-schema-graph\">{\"@context\":\"https:\/\/schema.org\",\"@graph\":[{\"@type\":\"WebPage\",\"@id\":\"https:\/\/www.naturparkmagazin.de\/am-stettiner-haff\/neue-ausstellung-im-besucherinformationszentrum-am-bahnhof-eggesin-eroeffnet\/\",\"url\":\"https:\/\/www.naturparkmagazin.de\/am-stettiner-haff\/neue-ausstellung-im-besucherinformationszentrum-am-bahnhof-eggesin-eroeffnet\/\",\"name\":\"Neue Ausstellung im Besucherinformationszentrum am Bahnhof Eggesin er\u00f6ffnet - Naturpark Am Stettiner Haff\",\"isPartOf\":{\"@id\":\"https:\/\/www.naturparkmagazin.de\/am-stettiner-haff\/#website\"},\"datePublished\":\"2017-11-15T13:49:31+00:00\",\"dateModified\":\"2017-11-29T10:00:53+00:00\",\"author\":{\"@id\":\"https:\/\/www.naturparkmagazin.de\/am-stettiner-haff\/#\/schema\/person\/4a7208080dbbfb024d81129b7960c725\"},\"breadcrumb\":{\"@id\":\"https:\/\/www.naturparkmagazin.de\/am-stettiner-haff\/neue-ausstellung-im-besucherinformationszentrum-am-bahnhof-eggesin-eroeffnet\/#breadcrumb\"},\"inLanguage\":\"de\",\"potentialAction\":[{\"@type\":\"ReadAction\",\"target\":[\"https:\/\/www.naturparkmagazin.de\/am-stettiner-haff\/neue-ausstellung-im-besucherinformationszentrum-am-bahnhof-eggesin-eroeffnet\/\"]}]},{\"@type\":\"BreadcrumbList\",\"@id\":\"https:\/\/www.naturparkmagazin.de\/am-stettiner-haff\/neue-ausstellung-im-besucherinformationszentrum-am-bahnhof-eggesin-eroeffnet\/#breadcrumb\",\"itemListElement\":[{\"@type\":\"ListItem\",\"position\":1,\"name\":\"Home\",\"item\":\"https:\/\/www.naturparkmagazin.de\/am-stettiner-haff\/\"},{\"@type\":\"ListItem\",\"position\":2,\"name\":\"Neue Ausstellung im Besucherinformationszentrum am Bahnhof Eggesin er\u00f6ffnet\"}]},{\"@type\":\"WebSite\",\"@id\":\"https:\/\/www.naturparkmagazin.de\/am-stettiner-haff\/#website\",\"url\":\"https:\/\/www.naturparkmagazin.de\/am-stettiner-haff\/\",\"name\":\"Naturpark Am Stettiner Haff\",\"description\":\"\",\"potentialAction\":[{\"@type\":\"SearchAction\",\"target\":{\"@type\":\"EntryPoint\",\"urlTemplate\":\"https:\/\/www.naturparkmagazin.de\/am-stettiner-haff\/?s={search_term_string}\"},\"query-input\":\"required name=search_term_string\"}],\"inLanguage\":\"de\"},{\"@type\":\"Person\",\"@id\":\"https:\/\/www.naturparkmagazin.de\/am-stettiner-haff\/#\/schema\/person\/4a7208080dbbfb024d81129b7960c725\",\"name\":\"Jochen Elberskirch\",\"sameAs\":[\"http:\/\/www.naturpark-am-stettiner-haff.de\"],\"url\":\"https:\/\/www.naturparkmagazin.de\/am-stettiner-haff\/author\/jochenelberskirch\/\"}]}<\/script>\n<!-- \/ Yoast SEO plugin. -->","yoast_head_json":{"title":"Neue Ausstellung im Besucherinformationszentrum am Bahnhof Eggesin er\u00f6ffnet - Naturpark Am Stettiner Haff","robots":{"index":"index","follow":"follow","max-snippet":"max-snippet:-1","max-image-preview":"max-image-preview:large","max-video-preview":"max-video-preview:-1"},"canonical":"https:\/\/www.naturparkmagazin.de\/am-stettiner-haff\/neue-ausstellung-im-besucherinformationszentrum-am-bahnhof-eggesin-eroeffnet\/","og_locale":"de_DE","og_type":"article","og_title":"Neue Ausstellung im Besucherinformationszentrum am Bahnhof Eggesin er\u00f6ffnet - Naturpark Am Stettiner Haff","og_description":"Am 10. November 2017 wurde im Rahmen einer kleinen Vernissage die neue Wechselausstellung im Besucherinformationszentrum des Naturparks am Bahnhof Eggesin er\u00f6ffnet.","og_url":"https:\/\/www.naturparkmagazin.de\/am-stettiner-haff\/neue-ausstellung-im-besucherinformationszentrum-am-bahnhof-eggesin-eroeffnet\/","og_site_name":"Naturpark Am Stettiner Haff","article_published_time":"2017-11-15T13:49:31+00:00","article_modified_time":"2017-11-29T10:00:53+00:00","og_image":[{"width":1944,"height":1095,"url":"https:\/\/www.naturparkmagazin.de\/am-stettiner-haff\/wp-content\/uploads\/sites\/29\/DSC01849-kleiner.jpg","type":"image\/jpeg"}],"author":"Jochen Elberskirch","twitter_misc":{"Verfasst von":"Jochen Elberskirch","Gesch\u00e4tzte Lesezeit":"1\u00a0Minute"},"schema":{"@context":"https:\/\/schema.org","@graph":[{"@type":"WebPage","@id":"https:\/\/www.naturparkmagazin.de\/am-stettiner-haff\/neue-ausstellung-im-besucherinformationszentrum-am-bahnhof-eggesin-eroeffnet\/","url":"https:\/\/www.naturparkmagazin.de\/am-stettiner-haff\/neue-ausstellung-im-besucherinformationszentrum-am-bahnhof-eggesin-eroeffnet\/","name":"Neue Ausstellung im Besucherinformationszentrum am Bahnhof Eggesin er\u00f6ffnet - Naturpark Am Stettiner Haff","isPartOf":{"@id":"https:\/\/www.naturparkmagazin.de\/am-stettiner-haff\/#website"},"datePublished":"2017-11-15T13:49:31+00:00","dateModified":"2017-11-29T10:00:53+00:00","author":{"@id":"https:\/\/www.naturparkmagazin.de\/am-stettiner-haff\/#\/schema\/person\/4a7208080dbbfb024d81129b7960c725"},"breadcrumb":{"@id":"https:\/\/www.naturparkmagazin.de\/am-stettiner-haff\/neue-ausstellung-im-besucherinformationszentrum-am-bahnhof-eggesin-eroeffnet\/#breadcrumb"},"inLanguage":"de","potentialAction":[{"@type":"ReadAction","target":["https:\/\/www.naturparkmagazin.de\/am-stettiner-haff\/neue-ausstellung-im-besucherinformationszentrum-am-bahnhof-eggesin-eroeffnet\/"]}]},{"@type":"BreadcrumbList","@id":"https:\/\/www.naturparkmagazin.de\/am-stettiner-haff\/neue-ausstellung-im-besucherinformationszentrum-am-bahnhof-eggesin-eroeffnet\/#breadcrumb","itemListElement":[{"@type":"ListItem","position":1,"name":"Home","item":"https:\/\/www.naturparkmagazin.de\/am-stettiner-haff\/"},{"@type":"ListItem","position":2,"name":"Neue Ausstellung im Besucherinformationszentrum am Bahnhof Eggesin er\u00f6ffnet"}]},{"@type":"WebSite","@id":"https:\/\/www.naturparkmagazin.de\/am-stettiner-haff\/#website","url":"https:\/\/www.naturparkmagazin.de\/am-stettiner-haff\/","name":"Naturpark Am Stettiner Haff","description":"","potentialAction":[{"@type":"SearchAction","target":{"@type":"EntryPoint","urlTemplate":"https:\/\/www.naturparkmagazin.de\/am-stettiner-haff\/?s={search_term_string}"},"query-input":"required name=search_term_string"}],"inLanguage":"de"},{"@type":"Person","@id":"https:\/\/www.naturparkmagazin.de\/am-stettiner-haff\/#\/schema\/person\/4a7208080dbbfb024d81129b7960c725","name":"Jochen Elberskirch","sameAs":["http:\/\/www.naturpark-am-stettiner-haff.de"],"url":"https:\/\/www.naturparkmagazin.de\/am-stettiner-haff\/author\/jochenelberskirch\/"}]}},"_links":{"self":[{"href":"https:\/\/www.naturparkmagazin.de\/am-stettiner-haff\/wp-json\/wp\/v2\/posts\/2282"}],"collection":[{"href":"https:\/\/www.naturparkmagazin.de\/am-stettiner-haff\/wp-json\/wp\/v2\/posts"}],"about":[{"href":"https:\/\/www.naturparkmagazin.de\/am-stettiner-haff\/wp-json\/wp\/v2\/types\/post"}],"author":[{"embeddable":true,"href":"https:\/\/www.naturparkmagazin.de\/am-stettiner-haff\/wp-json\/wp\/v2\/users\/26"}],"replies":[{"embeddable":true,"href":"https:\/\/www.naturparkmagazin.de\/am-stettiner-haff\/wp-json\/wp\/v2\/comments?post=2282"}],"version-history":[{"count":3,"href":"https:\/\/www.naturparkmagazin.de\/am-stettiner-haff\/wp-json\/wp\/v2\/posts\/2282\/revisions"}],"predecessor-version":[{"id":2304,"href":"https:\/\/www.naturparkmagazin.de\/am-stettiner-haff\/wp-json\/wp\/v2\/posts\/2282\/revisions\/2304"}],"wp:featuredmedia":[{"embeddable":true,"href":"https:\/\/www.naturparkmagazin.de\/am-stettiner-haff\/wp-json\/wp\/v2\/media\/2286"}],"wp:attachment":[{"href":"https:\/\/www.naturparkmagazin.de\/am-stettiner-haff\/wp-json\/wp\/v2\/media?parent=2282"}],"wp:term":[{"taxonomy":"category","embeddable":true,"href":"https:\/\/www.naturparkmagazin.de\/am-stettiner-haff\/wp-json\/wp\/v2\/categories?post=2282"},{"taxonomy":"post_tag","embeddable":true,"href":"https:\/\/www.naturparkmagazin.de\/am-stettiner-haff\/wp-json\/wp\/v2\/tags?post=2282"}],"curies":[{"name":"wp","href":"https:\/\/api.w.org\/{rel}","templated":true}]}}