{"id":2359,"date":"2018-03-13T09:50:17","date_gmt":"2018-03-13T08:50:17","guid":{"rendered":"http:\/\/www.naturparkmagazin.de\/am-stettiner-haff\/?p=2359"},"modified":"2018-03-13T09:50:17","modified_gmt":"2018-03-13T08:50:17","slug":"konsumkritische-tage-in-pasewalk-11-maerz-bis-13-mai-2018","status":"publish","type":"post","link":"https:\/\/www.naturparkmagazin.de\/am-stettiner-haff\/konsumkritische-tage-in-pasewalk-11-maerz-bis-13-mai-2018\/","title":{"rendered":"Konsumkritische Tage in Pasewalk 11. M\u00e4rz bis 13. Mai 2018"},"content":{"rendered":"<p>Das Museum Pasewalk l\u00e4d herzlich ein, an den Konsumkritischen Aktionstagen in Pasewalk teilzunehmen. Das Museum hat am Sonntag, den 11. M\u00e4rz um 14.00 Uhr mit Ausstellungser\u00f6ffnung \u201eKonsum\u201c im Museum begonnen und dabei wurden die Aktionen vorgestellt. Es konnten Bio- und Fairtrade-Produkte verkostet werden.<\/p>\n<p>&nbsp;<\/p>\n<p><a href=\"http:\/\/pasewalk.de\/de\/aktuelles\/veranstaltungen\/getarticle\/detail\/11032018-1400-uhr-ausstellungseroeffnung-konsum-im-museum\/\" target=\"_blank\"><img decoding=\"async\" loading=\"lazy\" class=\" size-full wp-image-2360 aligncenter\" src=\"https:\/\/www.naturparkmagazin.de\/am-stettiner-haff\/wp-content\/uploads\/sites\/29\/Ausstellungseroeffnung.jpg\" alt=\"Ausstellungseroeffnung\" width=\"649\" height=\"914\" srcset=\"https:\/\/www.naturparkmagazin.de\/am-stettiner-haff\/wp-content\/uploads\/sites\/29\/Ausstellungseroeffnung.jpg 649w, https:\/\/www.naturparkmagazin.de\/am-stettiner-haff\/wp-content\/uploads\/sites\/29\/Ausstellungseroeffnung-300x422.jpg 300w, https:\/\/www.naturparkmagazin.de\/am-stettiner-haff\/wp-content\/uploads\/sites\/29\/Ausstellungseroeffnung-620x873.jpg 620w, https:\/\/www.naturparkmagazin.de\/am-stettiner-haff\/wp-content\/uploads\/sites\/29\/Ausstellungseroeffnung-200x282.jpg 200w\" sizes=\"(max-width: 649px) 100vw, 649px\" \/><\/a><\/p>\n<p>Zum Weltverbrauchertag am 15. M\u00e4rz wurde im Museum um 18.00 Uhr ein Film \u00fcber Nachhaltigkeit: \u201eKommen R\u00fchrger\u00e4te in den Himmel?\u201cgezeigt.<\/p>\n<p>Weitere Veranstaltungen:<\/p>\n<ul>\n<li>am 11. April um 18.30 Uhr organisieren wir einen Diskussionsabend mit Impulsvortr\u00e4gen<\/li>\n<li>zum Abschluss am 13. Mai wird zum Internationalen Museumstag ein Fr\u00fchlingsmarkt mit zahlreichen (lehrreichen) Attraktionen f\u00fcr ganze Familien organisiert.<\/li>\n<\/ul>\n<ul>\n<li>konsumkritische Stadtrundg\u00e4nge f\u00fcr die Sch\u00fcler- und Erwachsenengruppen<\/li>\n<li>Workshops &#8222;Upcyckling&#8220; f\u00fcr Kindergarten- und Sch\u00fclergruppen<\/li>\n<li>Tauschtisch im Museum<\/li>\n<\/ul>\n<p>W\u00e4hrend der gesamten Laufzeit der Konsumkritischen Aktionstage k\u00f6nnen die kostenfreien Workshops f\u00fcr Kinder-, Sch\u00fcler- und Seniorengruppen gebucht werden. F\u00fcr Oberstufensch\u00fcler und Erwachsenengruppen bieten wir zus\u00e4tzlich den Konsumkritischen Stadtrundgang an.<\/p>\n<p>&nbsp;<\/p>\n<p>Kontakt:\u00a0\u00a0\u00a0\u00a0\u00a0\u00a0\u00a0 <a href=\"http:\/\/pasewalk.de\/de\/kultur-freizeit\/stadtmuseum\/\">Museum Pasewalk<\/a><\/p>\n<p>Prenzlauer Str. 23a<\/p>\n<p>17309 Pasewalk<\/p>\n<p>Tel.:03973 251 234<\/p>\n<p><a href=\"mailto:museum@pasewalk.de\">museum@pasewalk.de<\/a><\/p>\n","protected":false},"excerpt":{"rendered":"<p>Das Museum Pasewalk l\u00e4d herzlich ein, an den Konsumkritischen Aktionstagen in Pasewalk teilzunehmen. Das Museum hat am Sonntag, den 11. M\u00e4rz um 14.00 Uhr mit Ausstellungser\u00f6ffnung \u201eKonsum\u201c im Museum begonnen und dabei wurden die Aktionen vorgestellt. Es konnten Bio- und Fairtrade-Produkte verkostet werden. &nbsp; Zum Weltverbrauchertag am 15. M\u00e4rz wurde im Museum um 18.00 Uhr<\/p>\n","protected":false},"author":26,"featured_media":2360,"comment_status":"open","ping_status":"open","sticky":false,"template":"","format":"standard","meta":[],"categories":[11],"tags":[1069],"yoast_head":"<!-- This site is optimized with the Yoast SEO plugin v19.10 - https:\/\/yoast.com\/wordpress\/plugins\/seo\/ -->\n<title>Konsumkritische Tage in Pasewalk 11. M\u00e4rz bis 13. Mai 2018 - Naturpark Am Stettiner Haff<\/title>\n<meta name=\"robots\" content=\"index, follow, max-snippet:-1, max-image-preview:large, max-video-preview:-1\" \/>\n<link rel=\"canonical\" href=\"https:\/\/www.naturparkmagazin.de\/am-stettiner-haff\/konsumkritische-tage-in-pasewalk-11-maerz-bis-13-mai-2018\/\" \/>\n<meta property=\"og:locale\" content=\"de_DE\" \/>\n<meta property=\"og:type\" content=\"article\" \/>\n<meta property=\"og:title\" content=\"Konsumkritische Tage in Pasewalk 11. M\u00e4rz bis 13. Mai 2018 - Naturpark Am Stettiner Haff\" \/>\n<meta property=\"og:description\" content=\"Das Museum Pasewalk l\u00e4d herzlich ein, an den Konsumkritischen Aktionstagen in Pasewalk teilzunehmen. Das Museum hat am Sonntag, den 11. M\u00e4rz um 14.00 Uhr mit Ausstellungser\u00f6ffnung \u201eKonsum\u201c im Museum begonnen und dabei wurden die Aktionen vorgestellt. Es konnten Bio- und Fairtrade-Produkte verkostet werden. &nbsp; Zum Weltverbrauchertag am 15. M\u00e4rz wurde im Museum um 18.00 Uhr\" \/>\n<meta property=\"og:url\" content=\"https:\/\/www.naturparkmagazin.de\/am-stettiner-haff\/konsumkritische-tage-in-pasewalk-11-maerz-bis-13-mai-2018\/\" \/>\n<meta property=\"og:site_name\" content=\"Naturpark Am Stettiner Haff\" \/>\n<meta property=\"article:published_time\" content=\"2018-03-13T08:50:17+00:00\" \/>\n<meta property=\"og:image\" content=\"https:\/\/www.naturparkmagazin.de\/am-stettiner-haff\/wp-content\/uploads\/sites\/29\/Ausstellungseroeffnung.jpg\" \/>\n\t<meta property=\"og:image:width\" content=\"649\" \/>\n\t<meta property=\"og:image:height\" content=\"914\" \/>\n\t<meta property=\"og:image:type\" content=\"image\/jpeg\" \/>\n<meta name=\"author\" content=\"Jochen Elberskirch\" \/>\n<meta name=\"twitter:label1\" content=\"Verfasst von\" \/>\n\t<meta name=\"twitter:data1\" content=\"Jochen Elberskirch\" \/>\n\t<meta name=\"twitter:label2\" content=\"Gesch\u00e4tzte Lesezeit\" \/>\n\t<meta name=\"twitter:data2\" content=\"1\u00a0Minute\" \/>\n<script type=\"application\/ld+json\" class=\"yoast-schema-graph\">{\"@context\":\"https:\/\/schema.org\",\"@graph\":[{\"@type\":\"WebPage\",\"@id\":\"https:\/\/www.naturparkmagazin.de\/am-stettiner-haff\/konsumkritische-tage-in-pasewalk-11-maerz-bis-13-mai-2018\/\",\"url\":\"https:\/\/www.naturparkmagazin.de\/am-stettiner-haff\/konsumkritische-tage-in-pasewalk-11-maerz-bis-13-mai-2018\/\",\"name\":\"Konsumkritische Tage in Pasewalk 11. M\u00e4rz bis 13. Mai 2018 - Naturpark Am Stettiner Haff\",\"isPartOf\":{\"@id\":\"https:\/\/www.naturparkmagazin.de\/am-stettiner-haff\/#website\"},\"datePublished\":\"2018-03-13T08:50:17+00:00\",\"dateModified\":\"2018-03-13T08:50:17+00:00\",\"author\":{\"@id\":\"https:\/\/www.naturparkmagazin.de\/am-stettiner-haff\/#\/schema\/person\/4a7208080dbbfb024d81129b7960c725\"},\"breadcrumb\":{\"@id\":\"https:\/\/www.naturparkmagazin.de\/am-stettiner-haff\/konsumkritische-tage-in-pasewalk-11-maerz-bis-13-mai-2018\/#breadcrumb\"},\"inLanguage\":\"de\",\"potentialAction\":[{\"@type\":\"ReadAction\",\"target\":[\"https:\/\/www.naturparkmagazin.de\/am-stettiner-haff\/konsumkritische-tage-in-pasewalk-11-maerz-bis-13-mai-2018\/\"]}]},{\"@type\":\"BreadcrumbList\",\"@id\":\"https:\/\/www.naturparkmagazin.de\/am-stettiner-haff\/konsumkritische-tage-in-pasewalk-11-maerz-bis-13-mai-2018\/#breadcrumb\",\"itemListElement\":[{\"@type\":\"ListItem\",\"position\":1,\"name\":\"Home\",\"item\":\"https:\/\/www.naturparkmagazin.de\/am-stettiner-haff\/\"},{\"@type\":\"ListItem\",\"position\":2,\"name\":\"Konsumkritische Tage in Pasewalk 11. M\u00e4rz bis 13. Mai 2018\"}]},{\"@type\":\"WebSite\",\"@id\":\"https:\/\/www.naturparkmagazin.de\/am-stettiner-haff\/#website\",\"url\":\"https:\/\/www.naturparkmagazin.de\/am-stettiner-haff\/\",\"name\":\"Naturpark Am Stettiner Haff\",\"description\":\"\",\"potentialAction\":[{\"@type\":\"SearchAction\",\"target\":{\"@type\":\"EntryPoint\",\"urlTemplate\":\"https:\/\/www.naturparkmagazin.de\/am-stettiner-haff\/?s={search_term_string}\"},\"query-input\":\"required name=search_term_string\"}],\"inLanguage\":\"de\"},{\"@type\":\"Person\",\"@id\":\"https:\/\/www.naturparkmagazin.de\/am-stettiner-haff\/#\/schema\/person\/4a7208080dbbfb024d81129b7960c725\",\"name\":\"Jochen Elberskirch\",\"sameAs\":[\"http:\/\/www.naturpark-am-stettiner-haff.de\"],\"url\":\"https:\/\/www.naturparkmagazin.de\/am-stettiner-haff\/author\/jochenelberskirch\/\"}]}<\/script>\n<!-- \/ Yoast SEO plugin. -->","yoast_head_json":{"title":"Konsumkritische Tage in Pasewalk 11. M\u00e4rz bis 13. Mai 2018 - Naturpark Am Stettiner Haff","robots":{"index":"index","follow":"follow","max-snippet":"max-snippet:-1","max-image-preview":"max-image-preview:large","max-video-preview":"max-video-preview:-1"},"canonical":"https:\/\/www.naturparkmagazin.de\/am-stettiner-haff\/konsumkritische-tage-in-pasewalk-11-maerz-bis-13-mai-2018\/","og_locale":"de_DE","og_type":"article","og_title":"Konsumkritische Tage in Pasewalk 11. M\u00e4rz bis 13. Mai 2018 - Naturpark Am Stettiner Haff","og_description":"Das Museum Pasewalk l\u00e4d herzlich ein, an den Konsumkritischen Aktionstagen in Pasewalk teilzunehmen. Das Museum hat am Sonntag, den 11. M\u00e4rz um 14.00 Uhr mit Ausstellungser\u00f6ffnung \u201eKonsum\u201c im Museum begonnen und dabei wurden die Aktionen vorgestellt. Es konnten Bio- und Fairtrade-Produkte verkostet werden. &nbsp; Zum Weltverbrauchertag am 15. M\u00e4rz wurde im Museum um 18.00 Uhr","og_url":"https:\/\/www.naturparkmagazin.de\/am-stettiner-haff\/konsumkritische-tage-in-pasewalk-11-maerz-bis-13-mai-2018\/","og_site_name":"Naturpark Am Stettiner Haff","article_published_time":"2018-03-13T08:50:17+00:00","og_image":[{"width":649,"height":914,"url":"https:\/\/www.naturparkmagazin.de\/am-stettiner-haff\/wp-content\/uploads\/sites\/29\/Ausstellungseroeffnung.jpg","type":"image\/jpeg"}],"author":"Jochen Elberskirch","twitter_misc":{"Verfasst von":"Jochen Elberskirch","Gesch\u00e4tzte Lesezeit":"1\u00a0Minute"},"schema":{"@context":"https:\/\/schema.org","@graph":[{"@type":"WebPage","@id":"https:\/\/www.naturparkmagazin.de\/am-stettiner-haff\/konsumkritische-tage-in-pasewalk-11-maerz-bis-13-mai-2018\/","url":"https:\/\/www.naturparkmagazin.de\/am-stettiner-haff\/konsumkritische-tage-in-pasewalk-11-maerz-bis-13-mai-2018\/","name":"Konsumkritische Tage in Pasewalk 11. M\u00e4rz bis 13. Mai 2018 - Naturpark Am Stettiner Haff","isPartOf":{"@id":"https:\/\/www.naturparkmagazin.de\/am-stettiner-haff\/#website"},"datePublished":"2018-03-13T08:50:17+00:00","dateModified":"2018-03-13T08:50:17+00:00","author":{"@id":"https:\/\/www.naturparkmagazin.de\/am-stettiner-haff\/#\/schema\/person\/4a7208080dbbfb024d81129b7960c725"},"breadcrumb":{"@id":"https:\/\/www.naturparkmagazin.de\/am-stettiner-haff\/konsumkritische-tage-in-pasewalk-11-maerz-bis-13-mai-2018\/#breadcrumb"},"inLanguage":"de","potentialAction":[{"@type":"ReadAction","target":["https:\/\/www.naturparkmagazin.de\/am-stettiner-haff\/konsumkritische-tage-in-pasewalk-11-maerz-bis-13-mai-2018\/"]}]},{"@type":"BreadcrumbList","@id":"https:\/\/www.naturparkmagazin.de\/am-stettiner-haff\/konsumkritische-tage-in-pasewalk-11-maerz-bis-13-mai-2018\/#breadcrumb","itemListElement":[{"@type":"ListItem","position":1,"name":"Home","item":"https:\/\/www.naturparkmagazin.de\/am-stettiner-haff\/"},{"@type":"ListItem","position":2,"name":"Konsumkritische Tage in Pasewalk 11. M\u00e4rz bis 13. Mai 2018"}]},{"@type":"WebSite","@id":"https:\/\/www.naturparkmagazin.de\/am-stettiner-haff\/#website","url":"https:\/\/www.naturparkmagazin.de\/am-stettiner-haff\/","name":"Naturpark Am Stettiner Haff","description":"","potentialAction":[{"@type":"SearchAction","target":{"@type":"EntryPoint","urlTemplate":"https:\/\/www.naturparkmagazin.de\/am-stettiner-haff\/?s={search_term_string}"},"query-input":"required name=search_term_string"}],"inLanguage":"de"},{"@type":"Person","@id":"https:\/\/www.naturparkmagazin.de\/am-stettiner-haff\/#\/schema\/person\/4a7208080dbbfb024d81129b7960c725","name":"Jochen Elberskirch","sameAs":["http:\/\/www.naturpark-am-stettiner-haff.de"],"url":"https:\/\/www.naturparkmagazin.de\/am-stettiner-haff\/author\/jochenelberskirch\/"}]}},"_links":{"self":[{"href":"https:\/\/www.naturparkmagazin.de\/am-stettiner-haff\/wp-json\/wp\/v2\/posts\/2359"}],"collection":[{"href":"https:\/\/www.naturparkmagazin.de\/am-stettiner-haff\/wp-json\/wp\/v2\/posts"}],"about":[{"href":"https:\/\/www.naturparkmagazin.de\/am-stettiner-haff\/wp-json\/wp\/v2\/types\/post"}],"author":[{"embeddable":true,"href":"https:\/\/www.naturparkmagazin.de\/am-stettiner-haff\/wp-json\/wp\/v2\/users\/26"}],"replies":[{"embeddable":true,"href":"https:\/\/www.naturparkmagazin.de\/am-stettiner-haff\/wp-json\/wp\/v2\/comments?post=2359"}],"version-history":[{"count":3,"href":"https:\/\/www.naturparkmagazin.de\/am-stettiner-haff\/wp-json\/wp\/v2\/posts\/2359\/revisions"}],"predecessor-version":[{"id":2363,"href":"https:\/\/www.naturparkmagazin.de\/am-stettiner-haff\/wp-json\/wp\/v2\/posts\/2359\/revisions\/2363"}],"wp:featuredmedia":[{"embeddable":true,"href":"https:\/\/www.naturparkmagazin.de\/am-stettiner-haff\/wp-json\/wp\/v2\/media\/2360"}],"wp:attachment":[{"href":"https:\/\/www.naturparkmagazin.de\/am-stettiner-haff\/wp-json\/wp\/v2\/media?parent=2359"}],"wp:term":[{"taxonomy":"category","embeddable":true,"href":"https:\/\/www.naturparkmagazin.de\/am-stettiner-haff\/wp-json\/wp\/v2\/categories?post=2359"},{"taxonomy":"post_tag","embeddable":true,"href":"https:\/\/www.naturparkmagazin.de\/am-stettiner-haff\/wp-json\/wp\/v2\/tags?post=2359"}],"curies":[{"name":"wp","href":"https:\/\/api.w.org\/{rel}","templated":true}]}}