{"id":2370,"date":"2018-04-13T11:01:20","date_gmt":"2018-04-13T09:01:20","guid":{"rendered":"http:\/\/www.naturparkmagazin.de\/am-stettiner-haff\/?p=2370"},"modified":"2018-04-25T11:00:16","modified_gmt":"2018-04-25T09:00:16","slug":"konsumkritische-tage-in-pasewalk-neigen-sich-dem-ende-zu","status":"publish","type":"post","link":"https:\/\/www.naturparkmagazin.de\/am-stettiner-haff\/konsumkritische-tage-in-pasewalk-neigen-sich-dem-ende-zu\/","title":{"rendered":"Konsumkritische Tage in Pasewalk neigen sich dem Ende zu"},"content":{"rendered":"<p>Am <strong>13. Mai 2018<\/strong> findet im Rahmen des 41. Internationalen Museumstages die Abschlu\u00dfveranstaltung der Konsumkritischen Tage im Museum der Stadt Pasewalk statt.<\/p>\n<p>Ab <strong>14 Uhr<\/strong> erwartet die Besucher ein Fr\u00fchlingsmarkt und vielen Attraktionen f\u00fcr die ganze Familie.<\/p>\n<p>&nbsp;<\/p>\n<p>Veranstaltungen w\u00e4rend der Konsumkritischen Tage:<\/p>\n<ul>\n<li>zum Abschluss am 13. Mai wird zum Internationalen Museumstag ein Fr\u00fchlingsmarkt mit zahlreichen (lehrreichen) Attraktionen f\u00fcr ganze Familien organisiert.<\/li>\n<\/ul>\n<ul>\n<li>konsumkritische Stadtrundg\u00e4nge f\u00fcr die Sch\u00fcler- und Erwachsenengruppen<\/li>\n<li>Workshops &#8222;Upcyckling&#8220; f\u00fcr Kindergarten- und Sch\u00fclergruppen<\/li>\n<li>Tauschtisch im Museum<\/li>\n<\/ul>\n<p>&nbsp;<\/p>\n<p>W\u00e4hrend der gesamten Laufzeit der Konsumkritischen Aktionstage k\u00f6nnen die kostenfreien Workshops f\u00fcr Kinder-, Sch\u00fcler- und Seniorengruppen gebucht werden. F\u00fcr Oberstufensch\u00fcler und Erwachsenengruppen bieten wir zus\u00e4tzlich den Konsumkritischen Stadtrundgang an.<\/p>\n<p>&nbsp;<\/p>\n<p>Kontakt:\u00a0\u00a0\u00a0\u00a0\u00a0\u00a0\u00a0\u00a0\u00a0\u00a0 <a href=\"http:\/\/pasewalk.de\/de\/kultur-freizeit\/stadtmuseum\/\">Museum Pasewalk<\/a><\/p>\n<p>Prenzlauer Str. 23a<\/p>\n<p>17309 Pasewalk<\/p>\n<p>Tel.:03973 251 234<\/p>\n<p><a href=\"mailto:museum@pasewalk.de\">museum@pasewalk.de<\/a><\/p>\n<p>&nbsp;<\/p>\n<p><a href=\"https:\/\/www.naturparkmagazin.de\/am-stettiner-haff\/wp-content\/uploads\/sites\/29\/Ausstellungseroeffnung.jpg\"><img decoding=\"async\" loading=\"lazy\" class=\"aligncenter size-full wp-image-2360\" src=\"https:\/\/www.naturparkmagazin.de\/am-stettiner-haff\/wp-content\/uploads\/sites\/29\/Ausstellungseroeffnung.jpg\" alt=\"Ausstellungseroeffnung\" width=\"649\" height=\"914\" srcset=\"https:\/\/www.naturparkmagazin.de\/am-stettiner-haff\/wp-content\/uploads\/sites\/29\/Ausstellungseroeffnung.jpg 649w, https:\/\/www.naturparkmagazin.de\/am-stettiner-haff\/wp-content\/uploads\/sites\/29\/Ausstellungseroeffnung-300x422.jpg 300w, https:\/\/www.naturparkmagazin.de\/am-stettiner-haff\/wp-content\/uploads\/sites\/29\/Ausstellungseroeffnung-620x873.jpg 620w, https:\/\/www.naturparkmagazin.de\/am-stettiner-haff\/wp-content\/uploads\/sites\/29\/Ausstellungseroeffnung-200x282.jpg 200w\" sizes=\"(max-width: 649px) 100vw, 649px\" \/><\/a><\/p>\n","protected":false},"excerpt":{"rendered":"<p>Zum Abschluss am 13. Mai wird zum Internationalen Museumstag ein Fr\u00fchlingsmarkt mit zahlreichen Attraktionen f\u00fcr ganze Familien organisiert.<\/p>\n","protected":false},"author":26,"featured_media":2371,"comment_status":"open","ping_status":"open","sticky":false,"template":"","format":"standard","meta":[],"categories":[11],"tags":[],"yoast_head":"<!-- This site is optimized with the Yoast SEO plugin v19.10 - https:\/\/yoast.com\/wordpress\/plugins\/seo\/ -->\n<title>Konsumkritische Tage in Pasewalk neigen sich dem Ende zu - Naturpark Am Stettiner Haff<\/title>\n<meta name=\"robots\" content=\"index, follow, max-snippet:-1, max-image-preview:large, max-video-preview:-1\" \/>\n<link rel=\"canonical\" href=\"https:\/\/www.naturparkmagazin.de\/am-stettiner-haff\/konsumkritische-tage-in-pasewalk-neigen-sich-dem-ende-zu\/\" \/>\n<meta property=\"og:locale\" content=\"de_DE\" \/>\n<meta property=\"og:type\" content=\"article\" \/>\n<meta property=\"og:title\" content=\"Konsumkritische Tage in Pasewalk neigen sich dem Ende zu - Naturpark Am Stettiner Haff\" \/>\n<meta property=\"og:description\" content=\"Zum Abschluss am 13. Mai wird zum Internationalen Museumstag ein Fr\u00fchlingsmarkt mit zahlreichen Attraktionen f\u00fcr ganze Familien organisiert.\" \/>\n<meta property=\"og:url\" content=\"https:\/\/www.naturparkmagazin.de\/am-stettiner-haff\/konsumkritische-tage-in-pasewalk-neigen-sich-dem-ende-zu\/\" \/>\n<meta property=\"og:site_name\" content=\"Naturpark Am Stettiner Haff\" \/>\n<meta property=\"article:published_time\" content=\"2018-04-13T09:01:20+00:00\" \/>\n<meta property=\"article:modified_time\" content=\"2018-04-25T09:00:16+00:00\" \/>\n<meta property=\"og:image\" content=\"https:\/\/www.naturparkmagazin.de\/am-stettiner-haff\/wp-content\/uploads\/sites\/29\/Film-Ausschnitt.jpg\" \/>\n\t<meta property=\"og:image:width\" content=\"348\" \/>\n\t<meta property=\"og:image:height\" content=\"153\" \/>\n\t<meta property=\"og:image:type\" content=\"image\/jpeg\" \/>\n<meta name=\"author\" content=\"Jochen Elberskirch\" \/>\n<meta name=\"twitter:label1\" content=\"Verfasst von\" \/>\n\t<meta name=\"twitter:data1\" content=\"Jochen Elberskirch\" \/>\n\t<meta name=\"twitter:label2\" content=\"Gesch\u00e4tzte Lesezeit\" \/>\n\t<meta name=\"twitter:data2\" content=\"1\u00a0Minute\" \/>\n<script type=\"application\/ld+json\" class=\"yoast-schema-graph\">{\"@context\":\"https:\/\/schema.org\",\"@graph\":[{\"@type\":\"WebPage\",\"@id\":\"https:\/\/www.naturparkmagazin.de\/am-stettiner-haff\/konsumkritische-tage-in-pasewalk-neigen-sich-dem-ende-zu\/\",\"url\":\"https:\/\/www.naturparkmagazin.de\/am-stettiner-haff\/konsumkritische-tage-in-pasewalk-neigen-sich-dem-ende-zu\/\",\"name\":\"Konsumkritische Tage in Pasewalk neigen sich dem Ende zu - Naturpark Am Stettiner Haff\",\"isPartOf\":{\"@id\":\"https:\/\/www.naturparkmagazin.de\/am-stettiner-haff\/#website\"},\"datePublished\":\"2018-04-13T09:01:20+00:00\",\"dateModified\":\"2018-04-25T09:00:16+00:00\",\"author\":{\"@id\":\"https:\/\/www.naturparkmagazin.de\/am-stettiner-haff\/#\/schema\/person\/4a7208080dbbfb024d81129b7960c725\"},\"breadcrumb\":{\"@id\":\"https:\/\/www.naturparkmagazin.de\/am-stettiner-haff\/konsumkritische-tage-in-pasewalk-neigen-sich-dem-ende-zu\/#breadcrumb\"},\"inLanguage\":\"de\",\"potentialAction\":[{\"@type\":\"ReadAction\",\"target\":[\"https:\/\/www.naturparkmagazin.de\/am-stettiner-haff\/konsumkritische-tage-in-pasewalk-neigen-sich-dem-ende-zu\/\"]}]},{\"@type\":\"BreadcrumbList\",\"@id\":\"https:\/\/www.naturparkmagazin.de\/am-stettiner-haff\/konsumkritische-tage-in-pasewalk-neigen-sich-dem-ende-zu\/#breadcrumb\",\"itemListElement\":[{\"@type\":\"ListItem\",\"position\":1,\"name\":\"Home\",\"item\":\"https:\/\/www.naturparkmagazin.de\/am-stettiner-haff\/\"},{\"@type\":\"ListItem\",\"position\":2,\"name\":\"Konsumkritische Tage in Pasewalk neigen sich dem Ende zu\"}]},{\"@type\":\"WebSite\",\"@id\":\"https:\/\/www.naturparkmagazin.de\/am-stettiner-haff\/#website\",\"url\":\"https:\/\/www.naturparkmagazin.de\/am-stettiner-haff\/\",\"name\":\"Naturpark Am Stettiner Haff\",\"description\":\"\",\"potentialAction\":[{\"@type\":\"SearchAction\",\"target\":{\"@type\":\"EntryPoint\",\"urlTemplate\":\"https:\/\/www.naturparkmagazin.de\/am-stettiner-haff\/?s={search_term_string}\"},\"query-input\":\"required name=search_term_string\"}],\"inLanguage\":\"de\"},{\"@type\":\"Person\",\"@id\":\"https:\/\/www.naturparkmagazin.de\/am-stettiner-haff\/#\/schema\/person\/4a7208080dbbfb024d81129b7960c725\",\"name\":\"Jochen Elberskirch\",\"sameAs\":[\"http:\/\/www.naturpark-am-stettiner-haff.de\"],\"url\":\"https:\/\/www.naturparkmagazin.de\/am-stettiner-haff\/author\/jochenelberskirch\/\"}]}<\/script>\n<!-- \/ Yoast SEO plugin. -->","yoast_head_json":{"title":"Konsumkritische Tage in Pasewalk neigen sich dem Ende zu - Naturpark Am Stettiner Haff","robots":{"index":"index","follow":"follow","max-snippet":"max-snippet:-1","max-image-preview":"max-image-preview:large","max-video-preview":"max-video-preview:-1"},"canonical":"https:\/\/www.naturparkmagazin.de\/am-stettiner-haff\/konsumkritische-tage-in-pasewalk-neigen-sich-dem-ende-zu\/","og_locale":"de_DE","og_type":"article","og_title":"Konsumkritische Tage in Pasewalk neigen sich dem Ende zu - Naturpark Am Stettiner Haff","og_description":"Zum Abschluss am 13. Mai wird zum Internationalen Museumstag ein Fr\u00fchlingsmarkt mit zahlreichen Attraktionen f\u00fcr ganze Familien organisiert.","og_url":"https:\/\/www.naturparkmagazin.de\/am-stettiner-haff\/konsumkritische-tage-in-pasewalk-neigen-sich-dem-ende-zu\/","og_site_name":"Naturpark Am Stettiner Haff","article_published_time":"2018-04-13T09:01:20+00:00","article_modified_time":"2018-04-25T09:00:16+00:00","og_image":[{"width":348,"height":153,"url":"https:\/\/www.naturparkmagazin.de\/am-stettiner-haff\/wp-content\/uploads\/sites\/29\/Film-Ausschnitt.jpg","type":"image\/jpeg"}],"author":"Jochen Elberskirch","twitter_misc":{"Verfasst von":"Jochen Elberskirch","Gesch\u00e4tzte Lesezeit":"1\u00a0Minute"},"schema":{"@context":"https:\/\/schema.org","@graph":[{"@type":"WebPage","@id":"https:\/\/www.naturparkmagazin.de\/am-stettiner-haff\/konsumkritische-tage-in-pasewalk-neigen-sich-dem-ende-zu\/","url":"https:\/\/www.naturparkmagazin.de\/am-stettiner-haff\/konsumkritische-tage-in-pasewalk-neigen-sich-dem-ende-zu\/","name":"Konsumkritische Tage in Pasewalk neigen sich dem Ende zu - Naturpark Am Stettiner Haff","isPartOf":{"@id":"https:\/\/www.naturparkmagazin.de\/am-stettiner-haff\/#website"},"datePublished":"2018-04-13T09:01:20+00:00","dateModified":"2018-04-25T09:00:16+00:00","author":{"@id":"https:\/\/www.naturparkmagazin.de\/am-stettiner-haff\/#\/schema\/person\/4a7208080dbbfb024d81129b7960c725"},"breadcrumb":{"@id":"https:\/\/www.naturparkmagazin.de\/am-stettiner-haff\/konsumkritische-tage-in-pasewalk-neigen-sich-dem-ende-zu\/#breadcrumb"},"inLanguage":"de","potentialAction":[{"@type":"ReadAction","target":["https:\/\/www.naturparkmagazin.de\/am-stettiner-haff\/konsumkritische-tage-in-pasewalk-neigen-sich-dem-ende-zu\/"]}]},{"@type":"BreadcrumbList","@id":"https:\/\/www.naturparkmagazin.de\/am-stettiner-haff\/konsumkritische-tage-in-pasewalk-neigen-sich-dem-ende-zu\/#breadcrumb","itemListElement":[{"@type":"ListItem","position":1,"name":"Home","item":"https:\/\/www.naturparkmagazin.de\/am-stettiner-haff\/"},{"@type":"ListItem","position":2,"name":"Konsumkritische Tage in Pasewalk neigen sich dem Ende zu"}]},{"@type":"WebSite","@id":"https:\/\/www.naturparkmagazin.de\/am-stettiner-haff\/#website","url":"https:\/\/www.naturparkmagazin.de\/am-stettiner-haff\/","name":"Naturpark Am Stettiner Haff","description":"","potentialAction":[{"@type":"SearchAction","target":{"@type":"EntryPoint","urlTemplate":"https:\/\/www.naturparkmagazin.de\/am-stettiner-haff\/?s={search_term_string}"},"query-input":"required name=search_term_string"}],"inLanguage":"de"},{"@type":"Person","@id":"https:\/\/www.naturparkmagazin.de\/am-stettiner-haff\/#\/schema\/person\/4a7208080dbbfb024d81129b7960c725","name":"Jochen Elberskirch","sameAs":["http:\/\/www.naturpark-am-stettiner-haff.de"],"url":"https:\/\/www.naturparkmagazin.de\/am-stettiner-haff\/author\/jochenelberskirch\/"}]}},"_links":{"self":[{"href":"https:\/\/www.naturparkmagazin.de\/am-stettiner-haff\/wp-json\/wp\/v2\/posts\/2370"}],"collection":[{"href":"https:\/\/www.naturparkmagazin.de\/am-stettiner-haff\/wp-json\/wp\/v2\/posts"}],"about":[{"href":"https:\/\/www.naturparkmagazin.de\/am-stettiner-haff\/wp-json\/wp\/v2\/types\/post"}],"author":[{"embeddable":true,"href":"https:\/\/www.naturparkmagazin.de\/am-stettiner-haff\/wp-json\/wp\/v2\/users\/26"}],"replies":[{"embeddable":true,"href":"https:\/\/www.naturparkmagazin.de\/am-stettiner-haff\/wp-json\/wp\/v2\/comments?post=2370"}],"version-history":[{"count":4,"href":"https:\/\/www.naturparkmagazin.de\/am-stettiner-haff\/wp-json\/wp\/v2\/posts\/2370\/revisions"}],"predecessor-version":[{"id":2383,"href":"https:\/\/www.naturparkmagazin.de\/am-stettiner-haff\/wp-json\/wp\/v2\/posts\/2370\/revisions\/2383"}],"wp:featuredmedia":[{"embeddable":true,"href":"https:\/\/www.naturparkmagazin.de\/am-stettiner-haff\/wp-json\/wp\/v2\/media\/2371"}],"wp:attachment":[{"href":"https:\/\/www.naturparkmagazin.de\/am-stettiner-haff\/wp-json\/wp\/v2\/media?parent=2370"}],"wp:term":[{"taxonomy":"category","embeddable":true,"href":"https:\/\/www.naturparkmagazin.de\/am-stettiner-haff\/wp-json\/wp\/v2\/categories?post=2370"},{"taxonomy":"post_tag","embeddable":true,"href":"https:\/\/www.naturparkmagazin.de\/am-stettiner-haff\/wp-json\/wp\/v2\/tags?post=2370"}],"curies":[{"name":"wp","href":"https:\/\/api.w.org\/{rel}","templated":true}]}}