{"id":2385,"date":"2018-05-15T15:46:32","date_gmt":"2018-05-15T13:46:32","guid":{"rendered":"http:\/\/www.naturparkmagazin.de\/am-stettiner-haff\/?p=2385"},"modified":"2018-10-25T07:44:20","modified_gmt":"2018-10-25T05:44:20","slug":"stammtisch-im-gruenen-mit-weltacker-talk","status":"publish","type":"post","link":"https:\/\/www.naturparkmagazin.de\/am-stettiner-haff\/stammtisch-im-gruenen-mit-weltacker-talk\/","title":{"rendered":"Stammtisch im Gr\u00fcnen mit Weltacker-Talk"},"content":{"rendered":"<p>Es ist wieder soweit &#8211; der Stammtisch im Gr\u00fcnen steht an:<\/p>\n<p>Am <strong>06. Juni 2018 ab 18:30 Uhr<\/strong> laden der Naturpark-F\u00f6rderverein und die Naturpark-Verwaltung in Kooperation mit dem Mitglied des RCE Stettiner Haff\u00a0&#8222;H\u00f6fegemeinschaft Pommern&#8220;\u00a0alle Interessierten zum Stammtisch im Gr\u00fcnen mit Weltacker-Talk direkte am Weltacker in Rothenklempenow ein.<\/p>\n<p><a href=\"https:\/\/www.naturparkmagazin.de\/am-stettiner-haff\/wp-content\/uploads\/sites\/29\/Weltacker.jpg\"><img decoding=\"async\" loading=\"lazy\" class=\"aligncenter size-full wp-image-2367\" src=\"https:\/\/www.naturparkmagazin.de\/am-stettiner-haff\/wp-content\/uploads\/sites\/29\/Weltacker.jpg\" alt=\"Weltacker\" width=\"1024\" height=\"576\" srcset=\"https:\/\/www.naturparkmagazin.de\/am-stettiner-haff\/wp-content\/uploads\/sites\/29\/Weltacker.jpg 1024w, https:\/\/www.naturparkmagazin.de\/am-stettiner-haff\/wp-content\/uploads\/sites\/29\/Weltacker-300x169.jpg 300w, https:\/\/www.naturparkmagazin.de\/am-stettiner-haff\/wp-content\/uploads\/sites\/29\/Weltacker-620x349.jpg 620w, https:\/\/www.naturparkmagazin.de\/am-stettiner-haff\/wp-content\/uploads\/sites\/29\/Weltacker-940x529.jpg 940w, https:\/\/www.naturparkmagazin.de\/am-stettiner-haff\/wp-content\/uploads\/sites\/29\/Weltacker-670x377.jpg 670w, https:\/\/www.naturparkmagazin.de\/am-stettiner-haff\/wp-content\/uploads\/sites\/29\/Weltacker-200x113.jpg 200w\" sizes=\"(max-width: 1024px) 100vw, 1024px\" \/><\/a><\/p>\n<p>Der <a href=\"http:\/\/hoefegemeinschaft-pommern.de\/includes\/unser-weltacker\/\" target=\"_blank\">Weltacker<\/a> und die \u201eWeltern\u00e4hrungs- und Best\u00e4uberinsekten-Ausstellung\u201c, die durch die <a class=\"siteheadline\" title=\"Ehrenamtsstiftung f\u00fcr MV - Stiftung f\u00fcr Ehrenamt und b\u00fcrgerschaftliches Engagement in Mecklenburg Vorpommern\" href=\"https:\/\/www.ehrenamtsstiftung-mv.de\/\">Stiftung f\u00fcr Ehrenamt und b\u00fcrgerschaftliches Engagement\nin Mecklenburg Vorpommern<\/a>\u00a0gef\u00f6rdert wurde, werden vorgestellt und k\u00f6nnen besichtigt werden. Die Akteure vor Ort stehen Rede und Antwort und freuen sich auf den Weltacker-Talk. Es besteht selbstverst\u00e4ndlich auch die M\u00f6glichkeit selbst auf dem Acker aktiv zu werden.<\/p>\n<p>Auch werden aktuelle Themen aus dem Naturpark und der Naturparkregion besprochen und es besteht die Gelegenheit mit den Mitarbeitern des Naturparke und den Aktiven des Naturpark-F\u00f6rdervereins ins Gespr\u00e4ch zu kommen.<\/p>\n<p>Die kulinarische Versorgung des Abends wird entgeltlich durch die H\u00f6fegemeinschaft abgesichert.<\/p>\n<p>Wir, der Naturpark-F\u00f6rderverein, die H\u00f6fegemeinschaft Pommern und das Team der Naturparkverwaltung, freuen uns auf Ihr Kommen.<\/p>\n<p>&nbsp;<\/p>\n<p>&nbsp;<\/p>\n","protected":false},"excerpt":{"rendered":"<p>Es ist wieder soweit &#8211; der Stammtisch im Gr\u00fcnen steht an: Am 06. Juni 2018 ab 18:30 Uhr.<\/p>\n","protected":false},"author":26,"featured_media":2406,"comment_status":"open","ping_status":"open","sticky":false,"template":"","format":"standard","meta":[],"categories":[7],"tags":[],"yoast_head":"<!-- This site is optimized with the Yoast SEO plugin v19.10 - https:\/\/yoast.com\/wordpress\/plugins\/seo\/ -->\n<title>Stammtisch im Gr\u00fcnen mit Weltacker-Talk - Naturpark Am Stettiner Haff<\/title>\n<meta name=\"robots\" content=\"index, follow, max-snippet:-1, max-image-preview:large, max-video-preview:-1\" \/>\n<link rel=\"canonical\" href=\"https:\/\/www.naturparkmagazin.de\/am-stettiner-haff\/stammtisch-im-gruenen-mit-weltacker-talk\/\" \/>\n<meta property=\"og:locale\" content=\"de_DE\" \/>\n<meta property=\"og:type\" content=\"article\" \/>\n<meta property=\"og:title\" content=\"Stammtisch im Gr\u00fcnen mit Weltacker-Talk - Naturpark Am Stettiner Haff\" \/>\n<meta property=\"og:description\" content=\"Es ist wieder soweit - der Stammtisch im Gr\u00fcnen steht an: Am 06. Juni 2018 ab 18:30 Uhr.\" \/>\n<meta property=\"og:url\" content=\"https:\/\/www.naturparkmagazin.de\/am-stettiner-haff\/stammtisch-im-gruenen-mit-weltacker-talk\/\" \/>\n<meta property=\"og:site_name\" content=\"Naturpark Am Stettiner Haff\" \/>\n<meta property=\"article:published_time\" content=\"2018-05-15T13:46:32+00:00\" \/>\n<meta property=\"article:modified_time\" content=\"2018-10-25T05:44:20+00:00\" \/>\n<meta property=\"og:image\" content=\"https:\/\/www.naturparkmagazin.de\/am-stettiner-haff\/wp-content\/uploads\/sites\/29\/20170718_101402.jpg\" \/>\n\t<meta property=\"og:image:width\" content=\"720\" \/>\n\t<meta property=\"og:image:height\" content=\"1280\" \/>\n\t<meta property=\"og:image:type\" content=\"image\/jpeg\" \/>\n<meta name=\"author\" content=\"Jochen Elberskirch\" \/>\n<meta name=\"twitter:label1\" content=\"Verfasst von\" \/>\n\t<meta name=\"twitter:data1\" content=\"Jochen Elberskirch\" \/>\n\t<meta name=\"twitter:label2\" content=\"Gesch\u00e4tzte Lesezeit\" \/>\n\t<meta name=\"twitter:data2\" content=\"1\u00a0Minute\" \/>\n<script type=\"application\/ld+json\" class=\"yoast-schema-graph\">{\"@context\":\"https:\/\/schema.org\",\"@graph\":[{\"@type\":\"WebPage\",\"@id\":\"https:\/\/www.naturparkmagazin.de\/am-stettiner-haff\/stammtisch-im-gruenen-mit-weltacker-talk\/\",\"url\":\"https:\/\/www.naturparkmagazin.de\/am-stettiner-haff\/stammtisch-im-gruenen-mit-weltacker-talk\/\",\"name\":\"Stammtisch im Gr\u00fcnen mit Weltacker-Talk - Naturpark Am Stettiner Haff\",\"isPartOf\":{\"@id\":\"https:\/\/www.naturparkmagazin.de\/am-stettiner-haff\/#website\"},\"datePublished\":\"2018-05-15T13:46:32+00:00\",\"dateModified\":\"2018-10-25T05:44:20+00:00\",\"author\":{\"@id\":\"https:\/\/www.naturparkmagazin.de\/am-stettiner-haff\/#\/schema\/person\/4a7208080dbbfb024d81129b7960c725\"},\"breadcrumb\":{\"@id\":\"https:\/\/www.naturparkmagazin.de\/am-stettiner-haff\/stammtisch-im-gruenen-mit-weltacker-talk\/#breadcrumb\"},\"inLanguage\":\"de\",\"potentialAction\":[{\"@type\":\"ReadAction\",\"target\":[\"https:\/\/www.naturparkmagazin.de\/am-stettiner-haff\/stammtisch-im-gruenen-mit-weltacker-talk\/\"]}]},{\"@type\":\"BreadcrumbList\",\"@id\":\"https:\/\/www.naturparkmagazin.de\/am-stettiner-haff\/stammtisch-im-gruenen-mit-weltacker-talk\/#breadcrumb\",\"itemListElement\":[{\"@type\":\"ListItem\",\"position\":1,\"name\":\"Home\",\"item\":\"https:\/\/www.naturparkmagazin.de\/am-stettiner-haff\/\"},{\"@type\":\"ListItem\",\"position\":2,\"name\":\"Stammtisch im Gr\u00fcnen mit Weltacker-Talk\"}]},{\"@type\":\"WebSite\",\"@id\":\"https:\/\/www.naturparkmagazin.de\/am-stettiner-haff\/#website\",\"url\":\"https:\/\/www.naturparkmagazin.de\/am-stettiner-haff\/\",\"name\":\"Naturpark Am Stettiner Haff\",\"description\":\"\",\"potentialAction\":[{\"@type\":\"SearchAction\",\"target\":{\"@type\":\"EntryPoint\",\"urlTemplate\":\"https:\/\/www.naturparkmagazin.de\/am-stettiner-haff\/?s={search_term_string}\"},\"query-input\":\"required name=search_term_string\"}],\"inLanguage\":\"de\"},{\"@type\":\"Person\",\"@id\":\"https:\/\/www.naturparkmagazin.de\/am-stettiner-haff\/#\/schema\/person\/4a7208080dbbfb024d81129b7960c725\",\"name\":\"Jochen Elberskirch\",\"sameAs\":[\"http:\/\/www.naturpark-am-stettiner-haff.de\"],\"url\":\"https:\/\/www.naturparkmagazin.de\/am-stettiner-haff\/author\/jochenelberskirch\/\"}]}<\/script>\n<!-- \/ Yoast SEO plugin. -->","yoast_head_json":{"title":"Stammtisch im Gr\u00fcnen mit Weltacker-Talk - Naturpark Am Stettiner Haff","robots":{"index":"index","follow":"follow","max-snippet":"max-snippet:-1","max-image-preview":"max-image-preview:large","max-video-preview":"max-video-preview:-1"},"canonical":"https:\/\/www.naturparkmagazin.de\/am-stettiner-haff\/stammtisch-im-gruenen-mit-weltacker-talk\/","og_locale":"de_DE","og_type":"article","og_title":"Stammtisch im Gr\u00fcnen mit Weltacker-Talk - Naturpark Am Stettiner Haff","og_description":"Es ist wieder soweit - der Stammtisch im Gr\u00fcnen steht an: Am 06. Juni 2018 ab 18:30 Uhr.","og_url":"https:\/\/www.naturparkmagazin.de\/am-stettiner-haff\/stammtisch-im-gruenen-mit-weltacker-talk\/","og_site_name":"Naturpark Am Stettiner Haff","article_published_time":"2018-05-15T13:46:32+00:00","article_modified_time":"2018-10-25T05:44:20+00:00","og_image":[{"width":720,"height":1280,"url":"https:\/\/www.naturparkmagazin.de\/am-stettiner-haff\/wp-content\/uploads\/sites\/29\/20170718_101402.jpg","type":"image\/jpeg"}],"author":"Jochen Elberskirch","twitter_misc":{"Verfasst von":"Jochen Elberskirch","Gesch\u00e4tzte Lesezeit":"1\u00a0Minute"},"schema":{"@context":"https:\/\/schema.org","@graph":[{"@type":"WebPage","@id":"https:\/\/www.naturparkmagazin.de\/am-stettiner-haff\/stammtisch-im-gruenen-mit-weltacker-talk\/","url":"https:\/\/www.naturparkmagazin.de\/am-stettiner-haff\/stammtisch-im-gruenen-mit-weltacker-talk\/","name":"Stammtisch im Gr\u00fcnen mit Weltacker-Talk - Naturpark Am Stettiner Haff","isPartOf":{"@id":"https:\/\/www.naturparkmagazin.de\/am-stettiner-haff\/#website"},"datePublished":"2018-05-15T13:46:32+00:00","dateModified":"2018-10-25T05:44:20+00:00","author":{"@id":"https:\/\/www.naturparkmagazin.de\/am-stettiner-haff\/#\/schema\/person\/4a7208080dbbfb024d81129b7960c725"},"breadcrumb":{"@id":"https:\/\/www.naturparkmagazin.de\/am-stettiner-haff\/stammtisch-im-gruenen-mit-weltacker-talk\/#breadcrumb"},"inLanguage":"de","potentialAction":[{"@type":"ReadAction","target":["https:\/\/www.naturparkmagazin.de\/am-stettiner-haff\/stammtisch-im-gruenen-mit-weltacker-talk\/"]}]},{"@type":"BreadcrumbList","@id":"https:\/\/www.naturparkmagazin.de\/am-stettiner-haff\/stammtisch-im-gruenen-mit-weltacker-talk\/#breadcrumb","itemListElement":[{"@type":"ListItem","position":1,"name":"Home","item":"https:\/\/www.naturparkmagazin.de\/am-stettiner-haff\/"},{"@type":"ListItem","position":2,"name":"Stammtisch im Gr\u00fcnen mit Weltacker-Talk"}]},{"@type":"WebSite","@id":"https:\/\/www.naturparkmagazin.de\/am-stettiner-haff\/#website","url":"https:\/\/www.naturparkmagazin.de\/am-stettiner-haff\/","name":"Naturpark Am Stettiner Haff","description":"","potentialAction":[{"@type":"SearchAction","target":{"@type":"EntryPoint","urlTemplate":"https:\/\/www.naturparkmagazin.de\/am-stettiner-haff\/?s={search_term_string}"},"query-input":"required name=search_term_string"}],"inLanguage":"de"},{"@type":"Person","@id":"https:\/\/www.naturparkmagazin.de\/am-stettiner-haff\/#\/schema\/person\/4a7208080dbbfb024d81129b7960c725","name":"Jochen Elberskirch","sameAs":["http:\/\/www.naturpark-am-stettiner-haff.de"],"url":"https:\/\/www.naturparkmagazin.de\/am-stettiner-haff\/author\/jochenelberskirch\/"}]}},"_links":{"self":[{"href":"https:\/\/www.naturparkmagazin.de\/am-stettiner-haff\/wp-json\/wp\/v2\/posts\/2385"}],"collection":[{"href":"https:\/\/www.naturparkmagazin.de\/am-stettiner-haff\/wp-json\/wp\/v2\/posts"}],"about":[{"href":"https:\/\/www.naturparkmagazin.de\/am-stettiner-haff\/wp-json\/wp\/v2\/types\/post"}],"author":[{"embeddable":true,"href":"https:\/\/www.naturparkmagazin.de\/am-stettiner-haff\/wp-json\/wp\/v2\/users\/26"}],"replies":[{"embeddable":true,"href":"https:\/\/www.naturparkmagazin.de\/am-stettiner-haff\/wp-json\/wp\/v2\/comments?post=2385"}],"version-history":[{"count":6,"href":"https:\/\/www.naturparkmagazin.de\/am-stettiner-haff\/wp-json\/wp\/v2\/posts\/2385\/revisions"}],"predecessor-version":[{"id":2492,"href":"https:\/\/www.naturparkmagazin.de\/am-stettiner-haff\/wp-json\/wp\/v2\/posts\/2385\/revisions\/2492"}],"wp:featuredmedia":[{"embeddable":true,"href":"https:\/\/www.naturparkmagazin.de\/am-stettiner-haff\/wp-json\/wp\/v2\/media\/2406"}],"wp:attachment":[{"href":"https:\/\/www.naturparkmagazin.de\/am-stettiner-haff\/wp-json\/wp\/v2\/media?parent=2385"}],"wp:term":[{"taxonomy":"category","embeddable":true,"href":"https:\/\/www.naturparkmagazin.de\/am-stettiner-haff\/wp-json\/wp\/v2\/categories?post=2385"},{"taxonomy":"post_tag","embeddable":true,"href":"https:\/\/www.naturparkmagazin.de\/am-stettiner-haff\/wp-json\/wp\/v2\/tags?post=2385"}],"curies":[{"name":"wp","href":"https:\/\/api.w.org\/{rel}","templated":true}]}}