{"id":2392,"date":"2018-05-15T16:02:01","date_gmt":"2018-05-15T14:02:01","guid":{"rendered":"http:\/\/www.naturparkmagazin.de\/am-stettiner-haff\/?p=2392"},"modified":"2018-05-18T09:25:35","modified_gmt":"2018-05-18T07:25:35","slug":"gefuehrte-wanderungen-2018","status":"publish","type":"post","link":"https:\/\/www.naturparkmagazin.de\/am-stettiner-haff\/gefuehrte-wanderungen-2018\/","title":{"rendered":"Natur erleben am Stettiner Haff 2018"},"content":{"rendered":"<p>Gerade noch rechtzeitig zum Saisonauftakt ist die aktuelle Wanderbrosch\u00fcre &#8222;Natur erleben am Stettiner Haff&#8220; in der Naturparkstation eingetroffen. \u00a0Und von dort auch gleich weiterverteilt worden.\u00a0 Infolge der vielseitigen Angebote ist das\u00a0Heft um ganze\u00a0acht Seiten gewachsen.<\/p>\n<p><a href=\"https:\/\/www.naturparkmagazin.de\/am-stettiner-haff\/wp-content\/uploads\/sites\/29\/Cover_2018.jpg\"><img decoding=\"async\" loading=\"lazy\" class=\"aligncenter size-full wp-image-2402\" src=\"https:\/\/www.naturparkmagazin.de\/am-stettiner-haff\/wp-content\/uploads\/sites\/29\/Cover_2018.jpg\" alt=\"Cover_2018\" width=\"323\" height=\"666\" srcset=\"https:\/\/www.naturparkmagazin.de\/am-stettiner-haff\/wp-content\/uploads\/sites\/29\/Cover_2018.jpg 323w, https:\/\/www.naturparkmagazin.de\/am-stettiner-haff\/wp-content\/uploads\/sites\/29\/Cover_2018-300x619.jpg 300w, https:\/\/www.naturparkmagazin.de\/am-stettiner-haff\/wp-content\/uploads\/sites\/29\/Cover_2018-200x412.jpg 200w\" sizes=\"(max-width: 323px) 100vw, 323px\" \/><\/a><\/p>\n<p>Einheimischen und G\u00e4sten steht das Heft ab sofort kostenfrei in den Tourismusinformationen der Naturparkregion und nat\u00fcrlich im Bildungs- und Informationszentrum des Naturparks am Bahnhof in Eggesin zur Verf\u00fcgung. Die digitale Variante kann \u00fcber die Webseiten des Naturpark-F\u00f6rdervereins heruntergeladen werden.<\/p>\n<p>(www.natur-und-leben-am-stettiner-haff.de)<\/p>\n<p>Viel Spa\u00df beim St\u00f6bern im Heft\u00a0und bei der\u00a0Teilnahme an den Angeboten.<\/p>\n<p>&nbsp;<\/p>\n<p>&nbsp;<\/p>\n<p>&nbsp;<\/p>\n<p>&nbsp;<\/p>\n","protected":false},"excerpt":{"rendered":"<p>Gerade noch rechtzeitig zum Saisonauftakt ist die aktuelle Wanderbrosch\u00fcre &#8222;Natur erleben am Stettiner Haff&#8220; in der Naturparkstation eingetroffen. \u00a0Und von dort auch gleich weiterverteilt worden.\u00a0 Infolge der vielseitigen Angebote ist das\u00a0Heft um ganze\u00a0acht Seiten gewachsen. Einheimischen und G\u00e4sten steht das Heft ab sofort kostenfrei in den Tourismusinformationen der Naturparkregion und nat\u00fcrlich im Bildungs- und Informationszentrum<\/p>\n","protected":false},"author":26,"featured_media":2402,"comment_status":"open","ping_status":"open","sticky":false,"template":"","format":"standard","meta":[],"categories":[11],"tags":[],"yoast_head":"<!-- This site is optimized with the Yoast SEO plugin v19.10 - https:\/\/yoast.com\/wordpress\/plugins\/seo\/ -->\n<title>Natur erleben am Stettiner Haff 2018 - Naturpark Am Stettiner Haff<\/title>\n<meta name=\"robots\" content=\"index, follow, max-snippet:-1, max-image-preview:large, max-video-preview:-1\" \/>\n<link rel=\"canonical\" href=\"https:\/\/www.naturparkmagazin.de\/am-stettiner-haff\/gefuehrte-wanderungen-2018\/\" \/>\n<meta property=\"og:locale\" content=\"de_DE\" \/>\n<meta property=\"og:type\" content=\"article\" \/>\n<meta property=\"og:title\" content=\"Natur erleben am Stettiner Haff 2018 - Naturpark Am Stettiner Haff\" \/>\n<meta property=\"og:description\" content=\"Gerade noch rechtzeitig zum Saisonauftakt ist die aktuelle Wanderbrosch\u00fcre &#8222;Natur erleben am Stettiner Haff&#8220; in der Naturparkstation eingetroffen. \u00a0Und von dort auch gleich weiterverteilt worden.\u00a0 Infolge der vielseitigen Angebote ist das\u00a0Heft um ganze\u00a0acht Seiten gewachsen. Einheimischen und G\u00e4sten steht das Heft ab sofort kostenfrei in den Tourismusinformationen der Naturparkregion und nat\u00fcrlich im Bildungs- und Informationszentrum\" \/>\n<meta property=\"og:url\" content=\"https:\/\/www.naturparkmagazin.de\/am-stettiner-haff\/gefuehrte-wanderungen-2018\/\" \/>\n<meta property=\"og:site_name\" content=\"Naturpark Am Stettiner Haff\" \/>\n<meta property=\"article:published_time\" content=\"2018-05-15T14:02:01+00:00\" \/>\n<meta property=\"article:modified_time\" content=\"2018-05-18T07:25:35+00:00\" \/>\n<meta property=\"og:image\" content=\"https:\/\/www.naturparkmagazin.de\/am-stettiner-haff\/wp-content\/uploads\/sites\/29\/Cover_2018.jpg\" \/>\n\t<meta property=\"og:image:width\" content=\"323\" \/>\n\t<meta property=\"og:image:height\" content=\"666\" \/>\n\t<meta property=\"og:image:type\" content=\"image\/jpeg\" \/>\n<meta name=\"author\" content=\"Jochen Elberskirch\" \/>\n<meta name=\"twitter:label1\" content=\"Verfasst von\" \/>\n\t<meta name=\"twitter:data1\" content=\"Jochen Elberskirch\" \/>\n\t<meta name=\"twitter:label2\" content=\"Gesch\u00e4tzte Lesezeit\" \/>\n\t<meta name=\"twitter:data2\" content=\"1\u00a0Minute\" \/>\n<script type=\"application\/ld+json\" class=\"yoast-schema-graph\">{\"@context\":\"https:\/\/schema.org\",\"@graph\":[{\"@type\":\"WebPage\",\"@id\":\"https:\/\/www.naturparkmagazin.de\/am-stettiner-haff\/gefuehrte-wanderungen-2018\/\",\"url\":\"https:\/\/www.naturparkmagazin.de\/am-stettiner-haff\/gefuehrte-wanderungen-2018\/\",\"name\":\"Natur erleben am Stettiner Haff 2018 - Naturpark Am Stettiner Haff\",\"isPartOf\":{\"@id\":\"https:\/\/www.naturparkmagazin.de\/am-stettiner-haff\/#website\"},\"datePublished\":\"2018-05-15T14:02:01+00:00\",\"dateModified\":\"2018-05-18T07:25:35+00:00\",\"author\":{\"@id\":\"https:\/\/www.naturparkmagazin.de\/am-stettiner-haff\/#\/schema\/person\/4a7208080dbbfb024d81129b7960c725\"},\"breadcrumb\":{\"@id\":\"https:\/\/www.naturparkmagazin.de\/am-stettiner-haff\/gefuehrte-wanderungen-2018\/#breadcrumb\"},\"inLanguage\":\"de\",\"potentialAction\":[{\"@type\":\"ReadAction\",\"target\":[\"https:\/\/www.naturparkmagazin.de\/am-stettiner-haff\/gefuehrte-wanderungen-2018\/\"]}]},{\"@type\":\"BreadcrumbList\",\"@id\":\"https:\/\/www.naturparkmagazin.de\/am-stettiner-haff\/gefuehrte-wanderungen-2018\/#breadcrumb\",\"itemListElement\":[{\"@type\":\"ListItem\",\"position\":1,\"name\":\"Home\",\"item\":\"https:\/\/www.naturparkmagazin.de\/am-stettiner-haff\/\"},{\"@type\":\"ListItem\",\"position\":2,\"name\":\"Natur erleben am Stettiner Haff 2018\"}]},{\"@type\":\"WebSite\",\"@id\":\"https:\/\/www.naturparkmagazin.de\/am-stettiner-haff\/#website\",\"url\":\"https:\/\/www.naturparkmagazin.de\/am-stettiner-haff\/\",\"name\":\"Naturpark Am Stettiner Haff\",\"description\":\"\",\"potentialAction\":[{\"@type\":\"SearchAction\",\"target\":{\"@type\":\"EntryPoint\",\"urlTemplate\":\"https:\/\/www.naturparkmagazin.de\/am-stettiner-haff\/?s={search_term_string}\"},\"query-input\":\"required name=search_term_string\"}],\"inLanguage\":\"de\"},{\"@type\":\"Person\",\"@id\":\"https:\/\/www.naturparkmagazin.de\/am-stettiner-haff\/#\/schema\/person\/4a7208080dbbfb024d81129b7960c725\",\"name\":\"Jochen Elberskirch\",\"sameAs\":[\"http:\/\/www.naturpark-am-stettiner-haff.de\"],\"url\":\"https:\/\/www.naturparkmagazin.de\/am-stettiner-haff\/author\/jochenelberskirch\/\"}]}<\/script>\n<!-- \/ Yoast SEO plugin. -->","yoast_head_json":{"title":"Natur erleben am Stettiner Haff 2018 - Naturpark Am Stettiner Haff","robots":{"index":"index","follow":"follow","max-snippet":"max-snippet:-1","max-image-preview":"max-image-preview:large","max-video-preview":"max-video-preview:-1"},"canonical":"https:\/\/www.naturparkmagazin.de\/am-stettiner-haff\/gefuehrte-wanderungen-2018\/","og_locale":"de_DE","og_type":"article","og_title":"Natur erleben am Stettiner Haff 2018 - Naturpark Am Stettiner Haff","og_description":"Gerade noch rechtzeitig zum Saisonauftakt ist die aktuelle Wanderbrosch\u00fcre &#8222;Natur erleben am Stettiner Haff&#8220; in der Naturparkstation eingetroffen. \u00a0Und von dort auch gleich weiterverteilt worden.\u00a0 Infolge der vielseitigen Angebote ist das\u00a0Heft um ganze\u00a0acht Seiten gewachsen. Einheimischen und G\u00e4sten steht das Heft ab sofort kostenfrei in den Tourismusinformationen der Naturparkregion und nat\u00fcrlich im Bildungs- und Informationszentrum","og_url":"https:\/\/www.naturparkmagazin.de\/am-stettiner-haff\/gefuehrte-wanderungen-2018\/","og_site_name":"Naturpark Am Stettiner Haff","article_published_time":"2018-05-15T14:02:01+00:00","article_modified_time":"2018-05-18T07:25:35+00:00","og_image":[{"width":323,"height":666,"url":"https:\/\/www.naturparkmagazin.de\/am-stettiner-haff\/wp-content\/uploads\/sites\/29\/Cover_2018.jpg","type":"image\/jpeg"}],"author":"Jochen Elberskirch","twitter_misc":{"Verfasst von":"Jochen Elberskirch","Gesch\u00e4tzte Lesezeit":"1\u00a0Minute"},"schema":{"@context":"https:\/\/schema.org","@graph":[{"@type":"WebPage","@id":"https:\/\/www.naturparkmagazin.de\/am-stettiner-haff\/gefuehrte-wanderungen-2018\/","url":"https:\/\/www.naturparkmagazin.de\/am-stettiner-haff\/gefuehrte-wanderungen-2018\/","name":"Natur erleben am Stettiner Haff 2018 - Naturpark Am Stettiner Haff","isPartOf":{"@id":"https:\/\/www.naturparkmagazin.de\/am-stettiner-haff\/#website"},"datePublished":"2018-05-15T14:02:01+00:00","dateModified":"2018-05-18T07:25:35+00:00","author":{"@id":"https:\/\/www.naturparkmagazin.de\/am-stettiner-haff\/#\/schema\/person\/4a7208080dbbfb024d81129b7960c725"},"breadcrumb":{"@id":"https:\/\/www.naturparkmagazin.de\/am-stettiner-haff\/gefuehrte-wanderungen-2018\/#breadcrumb"},"inLanguage":"de","potentialAction":[{"@type":"ReadAction","target":["https:\/\/www.naturparkmagazin.de\/am-stettiner-haff\/gefuehrte-wanderungen-2018\/"]}]},{"@type":"BreadcrumbList","@id":"https:\/\/www.naturparkmagazin.de\/am-stettiner-haff\/gefuehrte-wanderungen-2018\/#breadcrumb","itemListElement":[{"@type":"ListItem","position":1,"name":"Home","item":"https:\/\/www.naturparkmagazin.de\/am-stettiner-haff\/"},{"@type":"ListItem","position":2,"name":"Natur erleben am Stettiner Haff 2018"}]},{"@type":"WebSite","@id":"https:\/\/www.naturparkmagazin.de\/am-stettiner-haff\/#website","url":"https:\/\/www.naturparkmagazin.de\/am-stettiner-haff\/","name":"Naturpark Am Stettiner Haff","description":"","potentialAction":[{"@type":"SearchAction","target":{"@type":"EntryPoint","urlTemplate":"https:\/\/www.naturparkmagazin.de\/am-stettiner-haff\/?s={search_term_string}"},"query-input":"required name=search_term_string"}],"inLanguage":"de"},{"@type":"Person","@id":"https:\/\/www.naturparkmagazin.de\/am-stettiner-haff\/#\/schema\/person\/4a7208080dbbfb024d81129b7960c725","name":"Jochen Elberskirch","sameAs":["http:\/\/www.naturpark-am-stettiner-haff.de"],"url":"https:\/\/www.naturparkmagazin.de\/am-stettiner-haff\/author\/jochenelberskirch\/"}]}},"_links":{"self":[{"href":"https:\/\/www.naturparkmagazin.de\/am-stettiner-haff\/wp-json\/wp\/v2\/posts\/2392"}],"collection":[{"href":"https:\/\/www.naturparkmagazin.de\/am-stettiner-haff\/wp-json\/wp\/v2\/posts"}],"about":[{"href":"https:\/\/www.naturparkmagazin.de\/am-stettiner-haff\/wp-json\/wp\/v2\/types\/post"}],"author":[{"embeddable":true,"href":"https:\/\/www.naturparkmagazin.de\/am-stettiner-haff\/wp-json\/wp\/v2\/users\/26"}],"replies":[{"embeddable":true,"href":"https:\/\/www.naturparkmagazin.de\/am-stettiner-haff\/wp-json\/wp\/v2\/comments?post=2392"}],"version-history":[{"count":5,"href":"https:\/\/www.naturparkmagazin.de\/am-stettiner-haff\/wp-json\/wp\/v2\/posts\/2392\/revisions"}],"predecessor-version":[{"id":2404,"href":"https:\/\/www.naturparkmagazin.de\/am-stettiner-haff\/wp-json\/wp\/v2\/posts\/2392\/revisions\/2404"}],"wp:featuredmedia":[{"embeddable":true,"href":"https:\/\/www.naturparkmagazin.de\/am-stettiner-haff\/wp-json\/wp\/v2\/media\/2402"}],"wp:attachment":[{"href":"https:\/\/www.naturparkmagazin.de\/am-stettiner-haff\/wp-json\/wp\/v2\/media?parent=2392"}],"wp:term":[{"taxonomy":"category","embeddable":true,"href":"https:\/\/www.naturparkmagazin.de\/am-stettiner-haff\/wp-json\/wp\/v2\/categories?post=2392"},{"taxonomy":"post_tag","embeddable":true,"href":"https:\/\/www.naturparkmagazin.de\/am-stettiner-haff\/wp-json\/wp\/v2\/tags?post=2392"}],"curies":[{"name":"wp","href":"https:\/\/api.w.org\/{rel}","templated":true}]}}