{"id":2397,"date":"2018-05-15T16:06:36","date_gmt":"2018-05-15T14:06:36","guid":{"rendered":"http:\/\/www.naturparkmagazin.de\/am-stettiner-haff\/?p=2397"},"modified":"2018-05-29T15:43:31","modified_gmt":"2018-05-29T13:43:31","slug":"johanniter-kindertagesstaette-pustewind-in-luckow-kooperiert-mit-naturparkstation-am-stettiner-haff","status":"publish","type":"post","link":"https:\/\/www.naturparkmagazin.de\/am-stettiner-haff\/johanniter-kindertagesstaette-pustewind-in-luckow-kooperiert-mit-naturparkstation-am-stettiner-haff\/","title":{"rendered":"Johanniter-Kindertagesst\u00e4tte &#8222;Pustewind&#8220; in Luckow kooperiert mit Naturparkstation \u201eAm Stettiner Haff\u201c"},"content":{"rendered":"<p>Die naturp\u00e4dagogisch ausgerichtete Johanniter-Kita startet in neue Saison<\/p>\n<p>&nbsp;<\/p>\n<p>Mit dem Stethoskop B\u00e4ume abh\u00f6ren? Geht das eigentlich? Selbst wenn, was genau h\u00f6rt man denn da? Diese und viele andere Dinge konnten die Kinder der Johanniter-Kindertagesst\u00e4tte &#8222;Pustewind&#8220; in Luckow zusammen mit den Rangern vom Naturpark Am Stettiner Haff, Klaus-Dieter Schuldt und Carmen Kroschwald, k\u00fcrzlich erfahren.<\/p>\n<p>&nbsp;<\/p>\n<p>In Zusammenarbeit mit dem Naturpark Am Stettiner Haff erlernen die Kita-Kinder grundlegendes Wissen \u00fcber Gegebenheiten und Zusammenh\u00e4nge in der Natur. Unter dem Motto &#8222;Kindliche Entwicklung braucht Natur &#8220; schulen die Erzieherinnen der Johanniter-Kindertagesst\u00e4tte mit ihrem natur- und umweltp\u00e4dagogischen Konzept die Wahrnehmung der Kinder und sensibilisieren sie und deren Eltern f\u00fcr ihre Umwelt.<\/p>\n<p><a href=\"https:\/\/www.naturparkmagazin.de\/am-stettiner-haff\/wp-content\/uploads\/sites\/29\/pm_2018_1505_JUH_kita_luckow_naturparkstation_pflanzen.jpg\"><img decoding=\"async\" loading=\"lazy\" class=\"aligncenter size-full wp-image-2386\" src=\"https:\/\/www.naturparkmagazin.de\/am-stettiner-haff\/wp-content\/uploads\/sites\/29\/pm_2018_1505_JUH_kita_luckow_naturparkstation_pflanzen.jpg\" alt=\"pm_2018_1505_JUH_kita_luckow_naturparkstation_pflanzen\" width=\"1024\" height=\"498\" srcset=\"https:\/\/www.naturparkmagazin.de\/am-stettiner-haff\/wp-content\/uploads\/sites\/29\/pm_2018_1505_JUH_kita_luckow_naturparkstation_pflanzen.jpg 1024w, https:\/\/www.naturparkmagazin.de\/am-stettiner-haff\/wp-content\/uploads\/sites\/29\/pm_2018_1505_JUH_kita_luckow_naturparkstation_pflanzen-300x146.jpg 300w, https:\/\/www.naturparkmagazin.de\/am-stettiner-haff\/wp-content\/uploads\/sites\/29\/pm_2018_1505_JUH_kita_luckow_naturparkstation_pflanzen-620x302.jpg 620w, https:\/\/www.naturparkmagazin.de\/am-stettiner-haff\/wp-content\/uploads\/sites\/29\/pm_2018_1505_JUH_kita_luckow_naturparkstation_pflanzen-940x457.jpg 940w, https:\/\/www.naturparkmagazin.de\/am-stettiner-haff\/wp-content\/uploads\/sites\/29\/pm_2018_1505_JUH_kita_luckow_naturparkstation_pflanzen-670x326.jpg 670w, https:\/\/www.naturparkmagazin.de\/am-stettiner-haff\/wp-content\/uploads\/sites\/29\/pm_2018_1505_JUH_kita_luckow_naturparkstation_pflanzen-200x97.jpg 200w\" sizes=\"(max-width: 1024px) 100vw, 1024px\" \/><\/a><\/p>\n<p>Die meisten Verhaltensregeln waren den Kindern bekannt, bevor es mit der Exkursion in den naheliegenden Wald richtig losging: leise sein, um Tiere im Wald nicht zu verschrecken, keine Pflanzen herausrei\u00dfen oder abbrechen und selbstverst\u00e4ndlich auch keinen M\u00fcll in Wald werfen. Das Alter einer hohen und sehr dicken Buche lie\u00df sich von den Kindern nur sehr schwer sch\u00e4tzen. Die Altersangabe des Rangers mit 80 bis 100 Jahren, lies sich von den Kleinen dagegen einfacher in\u00b4s Verh\u00e4ltnis setzen: &#8222;So alt wie meine Oma&#8220;, rief Maximilian B. sichtlich begeistert. Beeindruckt von Ameisenberg, erkl\u00e4rte Ranger Klaus-Dieter Schuldt den beobachtenden Kindern, dass Waldameisen nicht nur ein Vielfaches ihres eigenen K\u00f6rpergewichtes tragen k\u00f6nnen, sondern auch W\u00e4rme mit dem K\u00f6rper aufnehmen und diese in den Bau tragen. Dies sei f\u00fcr die dort gelegten Eier und deren Entwicklung sehr wichtig. Rangerin Carmen Kroschwald brachte verschiedene Gl\u00e4ser mit jeweils geruchsintensiven Inhalten mit, wie Pfefferminze, Harz, Vanillezucker, Zwiebeln. &#8222;Riecht wie Nudeln&#8220;, assoziierte Alina B. als sie das Glas mit dem Zimt \u00f6ffnete. Ganz genau hinh\u00f6ren mussten die Kleinen beim Ger\u00e4usche-Memory. Jeweils zwei gleiche Dosen beinhalteten St\u00f6ckchen, Steine, Sand und Muscheln. Nicht immer schafften es alle Kinder, zwei gleiche Ger\u00e4usche zu erkennen. Wie unterschiedlich Kranich, Zeisig und Wildgans rufen war f\u00fcr die Kinder dagegen deutlicher zu erkennen. Verschiedene Baumrinden f\u00fchlen oder verschieden gro\u00dfe H\u00f6lzer sortieren &#8211; und zur Steigerung das Ganze mit verbundenen Augen &#8211; war eine kniffelige Aufgabe f\u00fcr die Kleinen und stellte den Tastsinn der Kinder geh\u00f6rig auf die Probe.<\/p>\n<p>&nbsp;<\/p>\n<p>Nicht grundlos wurde die Kindereinrichtung im Jahre 2013 als &#8222;Haus der kleinen Forscher&#8220; zertifiziert. H\u00f6ren, Sehen, Riechen, F\u00fchlen &#8211; genau damit praktizieren die Erzieherinnen der Kindertagesst\u00e4tte das naturp\u00e4dagogische Konzept im Alltag. Die Kinder basteln mit Naturmaterialien, experimentieren mit selbst gesammelten Dingen und erfahren die Jahreszeiten, das Wetter, die Entwicklungen in der Umgebung mit allen Sinnen.<\/p>\n<p>&nbsp;<\/p>\n<p>&#8222;Wir bringen seit vielen Jahren bereits unseren Kleinsten die Natur n\u00e4her, die sie umgibt. Unsere Kinder nehmen Ver\u00e4nderungen in ihrer Umwelt bewusst wahr und lernen das Leben mit und in der Natur kennen und sch\u00e4tzen. Natur regt die kindliche Kreativit\u00e4t an, indem sie Visualisierung und den Einsatz aller Sinne fordert. Wir sind stolz darauf ein &#8222;Haus der kleinen Forscher&#8220; zu sein&#8220;, berichtet Monika Ro\u00dffeldt, Leiterin der Einrichtung.<\/p>\n<p>&nbsp;<\/p>\n<p>Weil die Bl\u00e4tter bereits zu weit entwickelt waren, konnte das flie\u00dfende Wasser in den Birkenb\u00e4umen, das zur Blattbildung beitr\u00e4gt, mit dem Stethoskop zwar nicht geh\u00f6rt werden. Aber fest stand f\u00fcr alle, dass das im n\u00e4chsten Jahr nochmals versucht werden soll.<\/p>\n<p><img decoding=\"async\" loading=\"lazy\" class=\"aligncenter size-full wp-image-2387\" src=\"https:\/\/www.naturparkmagazin.de\/am-stettiner-haff\/wp-content\/uploads\/sites\/29\/pm_2018_1505_JUH_kita_luckow_naturparkstation_stethoskop.jpg\" alt=\"pm_2018_1505_JUH_kita_luckow_naturparkstation_stethoskop\" width=\"498\" height=\"1024\" srcset=\"https:\/\/www.naturparkmagazin.de\/am-stettiner-haff\/wp-content\/uploads\/sites\/29\/pm_2018_1505_JUH_kita_luckow_naturparkstation_stethoskop.jpg 498w, https:\/\/www.naturparkmagazin.de\/am-stettiner-haff\/wp-content\/uploads\/sites\/29\/pm_2018_1505_JUH_kita_luckow_naturparkstation_stethoskop-300x617.jpg 300w, https:\/\/www.naturparkmagazin.de\/am-stettiner-haff\/wp-content\/uploads\/sites\/29\/pm_2018_1505_JUH_kita_luckow_naturparkstation_stethoskop-200x411.jpg 200w\" sizes=\"(max-width: 498px) 100vw, 498px\" \/><\/p>\n<p>Naturbewusstsein bei Kindern<\/p>\n<p>&nbsp;<\/p>\n<p>Im Wald Tierstimmen h\u00f6ren und erkennen, Ger\u00fcche nach Tannenzapfen, feuchter Erde oder Pilzen wahrnehmen oder Naturmaterialien sammeln und Dinge daraus basteln: So haben viele Eltern die Natur in der Kindheit kennengelernt. Doch verschiedene Studien zeigen immer wieder, dass das Verh\u00e4ltnis von Kindern zur Natur schwindet. Der Umgang mit digitalen Medien nimmt in H\u00e4ufigkeit und Dauer einen immer gr\u00f6\u00dfer werdenden Stellenwert im Alltag ein. Wissen \u00fcber die Natur und deren Zusammenh\u00e4nge sind bereits vielen Erwachsenen bzw. Eltern fremd und\/oder verloren gegangen. Wie sollen dann die Kinder mit der Natur umgehen, sie ohne Vorbehalte kennenlernen, wenn ihnen dieses nicht nahegebracht wird? Die Kindertagesst\u00e4tte &#8222;Pustewind&#8220; steuert dieser Entwicklung mit ihrem natur- und umweltp\u00e4dagogischen Konzept entgegen, f\u00f6rdert den Entdeckergeist von M\u00e4dchen und Jungen, begleitet sie beim Forschen und tr\u00e4gt damit zur fr\u00fchkindlichen Bildung in diesem Bereich bei.<\/p>\n<p>&nbsp;<\/p>\n<p>Johanniter-Unfall-Hilfe e.V.<\/p>\n<p>&nbsp;<\/p>\n<p>Die Johanniter-Unfall-Hilfe ist mit ihren mehr als 20.000 Besch\u00e4ftigten, 36.000 ehrenamtlichen Helferinnen und Helfern und rund 1,3 Millionen F\u00f6rdermitgliedern eine der gro\u00dfen Hilfsorganisationen in Deutschland und zugleich ein gro\u00dfes Unternehmen der Sozialwirtschaft. Die Johanniter engagieren sich in den Bereichen Rettungs- und Sanit\u00e4tsdienst, Katastrophenschutz, Betreuung und Pflege von alten und kranken Menschen, Fahrdienst f\u00fcr Menschen mit eingeschr\u00e4nkter Mobilit\u00e4t, Arbeit mit Kindern und Jugendlichen, Hospizarbeit und anderen Hilfeleistungen im karitativen Bereich sowie in der humanit\u00e4ren Hilfe im Ausland.<\/p>\n<p>&nbsp;<\/p>\n<p>Mehr Informationen zu den Johannitern finden Sie unter: www.johanniter.de\/.<\/p>\n<p>&nbsp;<\/p>\n<p>Allgemeines Spendenkonto der Johanniter-Unfall-Hilfe:<\/p>\n<p>Bank f\u00fcr Sozialwirtschaft, IBAN: DE94 3702 0500 0433 0433 00, BIC: BFSWDE33XXX<\/p>\n<p>&nbsp;<\/p>\n<p>Ansprechpartner\/-in<\/p>\n<p>Diana G\u00fcnster, Kommunikationsbeauftragte<\/p>\n<p>Tel. 03866 4622-25<\/p>\n<p>diana.guenster@johanniter.de<\/p>\n<p>&nbsp;<\/p>\n<p>Kontaktadresse<\/p>\n<p>Johanniter-Unfall-Hilfe e.V.<\/p>\n<p>Landesverband Nord<\/p>\n<p>Lindenallee 2, 19067 Leezen<\/p>\n<p>&nbsp;<\/p>\n<p>Internet<\/p>\n<p>www.johanniter.de\/nord<\/p>\n","protected":false},"excerpt":{"rendered":"<p>Mit dem Stethoskop B\u00e4ume abh\u00f6ren? Geht das eigentlich? Selbst wenn, was genau h\u00f6rt man denn da? Diese und viele andere Dinge konnten die Kinder k\u00fcrzlich erfahren.<\/p>\n","protected":false},"author":26,"featured_media":2387,"comment_status":"open","ping_status":"open","sticky":false,"template":"","format":"standard","meta":[],"categories":[7],"tags":[],"yoast_head":"<!-- This site is optimized with the Yoast SEO plugin v19.10 - https:\/\/yoast.com\/wordpress\/plugins\/seo\/ -->\n<title>Johanniter-Kindertagesst\u00e4tte &quot;Pustewind&quot; in Luckow kooperiert mit Naturparkstation \u201eAm Stettiner Haff\u201c - Naturpark Am Stettiner Haff<\/title>\n<meta name=\"robots\" content=\"index, follow, max-snippet:-1, max-image-preview:large, max-video-preview:-1\" \/>\n<link rel=\"canonical\" href=\"https:\/\/www.naturparkmagazin.de\/am-stettiner-haff\/johanniter-kindertagesstaette-pustewind-in-luckow-kooperiert-mit-naturparkstation-am-stettiner-haff\/\" \/>\n<meta property=\"og:locale\" content=\"de_DE\" \/>\n<meta property=\"og:type\" content=\"article\" \/>\n<meta property=\"og:title\" content=\"Johanniter-Kindertagesst\u00e4tte &quot;Pustewind&quot; in Luckow kooperiert mit Naturparkstation \u201eAm Stettiner Haff\u201c - Naturpark Am Stettiner Haff\" \/>\n<meta property=\"og:description\" content=\"Mit dem Stethoskop B\u00e4ume abh\u00f6ren? Geht das eigentlich? Selbst wenn, was genau h\u00f6rt man denn da? Diese und viele andere Dinge konnten die Kinder k\u00fcrzlich erfahren.\" \/>\n<meta property=\"og:url\" content=\"https:\/\/www.naturparkmagazin.de\/am-stettiner-haff\/johanniter-kindertagesstaette-pustewind-in-luckow-kooperiert-mit-naturparkstation-am-stettiner-haff\/\" \/>\n<meta property=\"og:site_name\" content=\"Naturpark Am Stettiner Haff\" \/>\n<meta property=\"article:published_time\" content=\"2018-05-15T14:06:36+00:00\" \/>\n<meta property=\"article:modified_time\" content=\"2018-05-29T13:43:31+00:00\" \/>\n<meta property=\"og:image\" content=\"https:\/\/www.naturparkmagazin.de\/am-stettiner-haff\/wp-content\/uploads\/sites\/29\/pm_2018_1505_JUH_kita_luckow_naturparkstation_stethoskop.jpg\" \/>\n\t<meta property=\"og:image:width\" content=\"498\" \/>\n\t<meta property=\"og:image:height\" content=\"1024\" \/>\n\t<meta property=\"og:image:type\" content=\"image\/jpeg\" \/>\n<meta name=\"author\" content=\"Jochen Elberskirch\" \/>\n<meta name=\"twitter:label1\" content=\"Verfasst von\" \/>\n\t<meta name=\"twitter:data1\" content=\"Jochen Elberskirch\" \/>\n\t<meta name=\"twitter:label2\" content=\"Gesch\u00e4tzte Lesezeit\" \/>\n\t<meta name=\"twitter:data2\" content=\"4\u00a0Minuten\" \/>\n<script type=\"application\/ld+json\" class=\"yoast-schema-graph\">{\"@context\":\"https:\/\/schema.org\",\"@graph\":[{\"@type\":\"WebPage\",\"@id\":\"https:\/\/www.naturparkmagazin.de\/am-stettiner-haff\/johanniter-kindertagesstaette-pustewind-in-luckow-kooperiert-mit-naturparkstation-am-stettiner-haff\/\",\"url\":\"https:\/\/www.naturparkmagazin.de\/am-stettiner-haff\/johanniter-kindertagesstaette-pustewind-in-luckow-kooperiert-mit-naturparkstation-am-stettiner-haff\/\",\"name\":\"Johanniter-Kindertagesst\u00e4tte \\\"Pustewind\\\" in Luckow kooperiert mit Naturparkstation \u201eAm Stettiner Haff\u201c - Naturpark Am Stettiner Haff\",\"isPartOf\":{\"@id\":\"https:\/\/www.naturparkmagazin.de\/am-stettiner-haff\/#website\"},\"datePublished\":\"2018-05-15T14:06:36+00:00\",\"dateModified\":\"2018-05-29T13:43:31+00:00\",\"author\":{\"@id\":\"https:\/\/www.naturparkmagazin.de\/am-stettiner-haff\/#\/schema\/person\/4a7208080dbbfb024d81129b7960c725\"},\"breadcrumb\":{\"@id\":\"https:\/\/www.naturparkmagazin.de\/am-stettiner-haff\/johanniter-kindertagesstaette-pustewind-in-luckow-kooperiert-mit-naturparkstation-am-stettiner-haff\/#breadcrumb\"},\"inLanguage\":\"de\",\"potentialAction\":[{\"@type\":\"ReadAction\",\"target\":[\"https:\/\/www.naturparkmagazin.de\/am-stettiner-haff\/johanniter-kindertagesstaette-pustewind-in-luckow-kooperiert-mit-naturparkstation-am-stettiner-haff\/\"]}]},{\"@type\":\"BreadcrumbList\",\"@id\":\"https:\/\/www.naturparkmagazin.de\/am-stettiner-haff\/johanniter-kindertagesstaette-pustewind-in-luckow-kooperiert-mit-naturparkstation-am-stettiner-haff\/#breadcrumb\",\"itemListElement\":[{\"@type\":\"ListItem\",\"position\":1,\"name\":\"Home\",\"item\":\"https:\/\/www.naturparkmagazin.de\/am-stettiner-haff\/\"},{\"@type\":\"ListItem\",\"position\":2,\"name\":\"Johanniter-Kindertagesst\u00e4tte &#8222;Pustewind&#8220; in Luckow kooperiert mit Naturparkstation \u201eAm Stettiner Haff\u201c\"}]},{\"@type\":\"WebSite\",\"@id\":\"https:\/\/www.naturparkmagazin.de\/am-stettiner-haff\/#website\",\"url\":\"https:\/\/www.naturparkmagazin.de\/am-stettiner-haff\/\",\"name\":\"Naturpark Am Stettiner Haff\",\"description\":\"\",\"potentialAction\":[{\"@type\":\"SearchAction\",\"target\":{\"@type\":\"EntryPoint\",\"urlTemplate\":\"https:\/\/www.naturparkmagazin.de\/am-stettiner-haff\/?s={search_term_string}\"},\"query-input\":\"required name=search_term_string\"}],\"inLanguage\":\"de\"},{\"@type\":\"Person\",\"@id\":\"https:\/\/www.naturparkmagazin.de\/am-stettiner-haff\/#\/schema\/person\/4a7208080dbbfb024d81129b7960c725\",\"name\":\"Jochen Elberskirch\",\"sameAs\":[\"http:\/\/www.naturpark-am-stettiner-haff.de\"],\"url\":\"https:\/\/www.naturparkmagazin.de\/am-stettiner-haff\/author\/jochenelberskirch\/\"}]}<\/script>\n<!-- \/ Yoast SEO plugin. -->","yoast_head_json":{"title":"Johanniter-Kindertagesst\u00e4tte \"Pustewind\" in Luckow kooperiert mit Naturparkstation \u201eAm Stettiner Haff\u201c - Naturpark Am Stettiner Haff","robots":{"index":"index","follow":"follow","max-snippet":"max-snippet:-1","max-image-preview":"max-image-preview:large","max-video-preview":"max-video-preview:-1"},"canonical":"https:\/\/www.naturparkmagazin.de\/am-stettiner-haff\/johanniter-kindertagesstaette-pustewind-in-luckow-kooperiert-mit-naturparkstation-am-stettiner-haff\/","og_locale":"de_DE","og_type":"article","og_title":"Johanniter-Kindertagesst\u00e4tte \"Pustewind\" in Luckow kooperiert mit Naturparkstation \u201eAm Stettiner Haff\u201c - Naturpark Am Stettiner Haff","og_description":"Mit dem Stethoskop B\u00e4ume abh\u00f6ren? Geht das eigentlich? Selbst wenn, was genau h\u00f6rt man denn da? Diese und viele andere Dinge konnten die Kinder k\u00fcrzlich erfahren.","og_url":"https:\/\/www.naturparkmagazin.de\/am-stettiner-haff\/johanniter-kindertagesstaette-pustewind-in-luckow-kooperiert-mit-naturparkstation-am-stettiner-haff\/","og_site_name":"Naturpark Am Stettiner Haff","article_published_time":"2018-05-15T14:06:36+00:00","article_modified_time":"2018-05-29T13:43:31+00:00","og_image":[{"width":498,"height":1024,"url":"https:\/\/www.naturparkmagazin.de\/am-stettiner-haff\/wp-content\/uploads\/sites\/29\/pm_2018_1505_JUH_kita_luckow_naturparkstation_stethoskop.jpg","type":"image\/jpeg"}],"author":"Jochen Elberskirch","twitter_misc":{"Verfasst von":"Jochen Elberskirch","Gesch\u00e4tzte Lesezeit":"4\u00a0Minuten"},"schema":{"@context":"https:\/\/schema.org","@graph":[{"@type":"WebPage","@id":"https:\/\/www.naturparkmagazin.de\/am-stettiner-haff\/johanniter-kindertagesstaette-pustewind-in-luckow-kooperiert-mit-naturparkstation-am-stettiner-haff\/","url":"https:\/\/www.naturparkmagazin.de\/am-stettiner-haff\/johanniter-kindertagesstaette-pustewind-in-luckow-kooperiert-mit-naturparkstation-am-stettiner-haff\/","name":"Johanniter-Kindertagesst\u00e4tte \"Pustewind\" in Luckow kooperiert mit Naturparkstation \u201eAm Stettiner Haff\u201c - Naturpark Am Stettiner Haff","isPartOf":{"@id":"https:\/\/www.naturparkmagazin.de\/am-stettiner-haff\/#website"},"datePublished":"2018-05-15T14:06:36+00:00","dateModified":"2018-05-29T13:43:31+00:00","author":{"@id":"https:\/\/www.naturparkmagazin.de\/am-stettiner-haff\/#\/schema\/person\/4a7208080dbbfb024d81129b7960c725"},"breadcrumb":{"@id":"https:\/\/www.naturparkmagazin.de\/am-stettiner-haff\/johanniter-kindertagesstaette-pustewind-in-luckow-kooperiert-mit-naturparkstation-am-stettiner-haff\/#breadcrumb"},"inLanguage":"de","potentialAction":[{"@type":"ReadAction","target":["https:\/\/www.naturparkmagazin.de\/am-stettiner-haff\/johanniter-kindertagesstaette-pustewind-in-luckow-kooperiert-mit-naturparkstation-am-stettiner-haff\/"]}]},{"@type":"BreadcrumbList","@id":"https:\/\/www.naturparkmagazin.de\/am-stettiner-haff\/johanniter-kindertagesstaette-pustewind-in-luckow-kooperiert-mit-naturparkstation-am-stettiner-haff\/#breadcrumb","itemListElement":[{"@type":"ListItem","position":1,"name":"Home","item":"https:\/\/www.naturparkmagazin.de\/am-stettiner-haff\/"},{"@type":"ListItem","position":2,"name":"Johanniter-Kindertagesst\u00e4tte &#8222;Pustewind&#8220; in Luckow kooperiert mit Naturparkstation \u201eAm Stettiner Haff\u201c"}]},{"@type":"WebSite","@id":"https:\/\/www.naturparkmagazin.de\/am-stettiner-haff\/#website","url":"https:\/\/www.naturparkmagazin.de\/am-stettiner-haff\/","name":"Naturpark Am Stettiner Haff","description":"","potentialAction":[{"@type":"SearchAction","target":{"@type":"EntryPoint","urlTemplate":"https:\/\/www.naturparkmagazin.de\/am-stettiner-haff\/?s={search_term_string}"},"query-input":"required name=search_term_string"}],"inLanguage":"de"},{"@type":"Person","@id":"https:\/\/www.naturparkmagazin.de\/am-stettiner-haff\/#\/schema\/person\/4a7208080dbbfb024d81129b7960c725","name":"Jochen Elberskirch","sameAs":["http:\/\/www.naturpark-am-stettiner-haff.de"],"url":"https:\/\/www.naturparkmagazin.de\/am-stettiner-haff\/author\/jochenelberskirch\/"}]}},"_links":{"self":[{"href":"https:\/\/www.naturparkmagazin.de\/am-stettiner-haff\/wp-json\/wp\/v2\/posts\/2397"}],"collection":[{"href":"https:\/\/www.naturparkmagazin.de\/am-stettiner-haff\/wp-json\/wp\/v2\/posts"}],"about":[{"href":"https:\/\/www.naturparkmagazin.de\/am-stettiner-haff\/wp-json\/wp\/v2\/types\/post"}],"author":[{"embeddable":true,"href":"https:\/\/www.naturparkmagazin.de\/am-stettiner-haff\/wp-json\/wp\/v2\/users\/26"}],"replies":[{"embeddable":true,"href":"https:\/\/www.naturparkmagazin.de\/am-stettiner-haff\/wp-json\/wp\/v2\/comments?post=2397"}],"version-history":[{"count":4,"href":"https:\/\/www.naturparkmagazin.de\/am-stettiner-haff\/wp-json\/wp\/v2\/posts\/2397\/revisions"}],"predecessor-version":[{"id":2410,"href":"https:\/\/www.naturparkmagazin.de\/am-stettiner-haff\/wp-json\/wp\/v2\/posts\/2397\/revisions\/2410"}],"wp:featuredmedia":[{"embeddable":true,"href":"https:\/\/www.naturparkmagazin.de\/am-stettiner-haff\/wp-json\/wp\/v2\/media\/2387"}],"wp:attachment":[{"href":"https:\/\/www.naturparkmagazin.de\/am-stettiner-haff\/wp-json\/wp\/v2\/media?parent=2397"}],"wp:term":[{"taxonomy":"category","embeddable":true,"href":"https:\/\/www.naturparkmagazin.de\/am-stettiner-haff\/wp-json\/wp\/v2\/categories?post=2397"},{"taxonomy":"post_tag","embeddable":true,"href":"https:\/\/www.naturparkmagazin.de\/am-stettiner-haff\/wp-json\/wp\/v2\/tags?post=2397"}],"curies":[{"name":"wp","href":"https:\/\/api.w.org\/{rel}","templated":true}]}}