{"id":2476,"date":"2018-09-17T10:40:07","date_gmt":"2018-09-17T08:40:07","guid":{"rendered":"https:\/\/www.naturparkmagazin.de\/am-stettiner-haff\/?p=2476"},"modified":"2018-09-26T15:32:30","modified_gmt":"2018-09-26T13:32:30","slug":"nicht-nur-der-herbst-ist-angekommen-ein-neues-foej-und-ein-praktikum-haben-begonnen","status":"publish","type":"post","link":"https:\/\/www.naturparkmagazin.de\/am-stettiner-haff\/nicht-nur-der-herbst-ist-angekommen-ein-neues-foej-und-ein-praktikum-haben-begonnen\/","title":{"rendered":"Nicht nur der Herbst ist angekommen \u2013 ein neues F\u00d6J und ein Praktikum haben begonnen"},"content":{"rendered":"<div id=\"attachment_2472\" style=\"width: 939px\" class=\"wp-caption aligncenter\"><a href=\"https:\/\/www.naturparkmagazin.de\/am-stettiner-haff\/wp-content\/uploads\/sites\/29\/F\u00d6J-Praktikant-klein.jpg\"><img aria-describedby=\"caption-attachment-2472\" decoding=\"async\" loading=\"lazy\" class=\"size-full wp-image-2472\" src=\"https:\/\/www.naturparkmagazin.de\/am-stettiner-haff\/wp-content\/uploads\/sites\/29\/F\u00d6J-Praktikant-klein.jpg\" alt=\"Simon und Lukas\" width=\"929\" height=\"768\" srcset=\"https:\/\/www.naturparkmagazin.de\/am-stettiner-haff\/wp-content\/uploads\/sites\/29\/F\u00d6J-Praktikant-klein.jpg 929w, https:\/\/www.naturparkmagazin.de\/am-stettiner-haff\/wp-content\/uploads\/sites\/29\/F\u00d6J-Praktikant-klein-300x248.jpg 300w, https:\/\/www.naturparkmagazin.de\/am-stettiner-haff\/wp-content\/uploads\/sites\/29\/F\u00d6J-Praktikant-klein-620x513.jpg 620w, https:\/\/www.naturparkmagazin.de\/am-stettiner-haff\/wp-content\/uploads\/sites\/29\/F\u00d6J-Praktikant-klein-670x554.jpg 670w, https:\/\/www.naturparkmagazin.de\/am-stettiner-haff\/wp-content\/uploads\/sites\/29\/F\u00d6J-Praktikant-klein-200x165.jpg 200w\" sizes=\"(max-width: 929px) 100vw, 929px\" \/><\/a><p id=\"caption-attachment-2472\" class=\"wp-caption-text\">Simon und Lukas<\/p><\/div>\n<p>Hallo mein Name ist Simon. Seit September mache ich ein Praktikum im Naturpark. Zurzeit studiere ich Landschaftsnutzung und Naturschutz an der Hochschule Eberswalde und muss in Folge dessen ein 14 w\u00f6chiges Praktikum absolvieren. Mein Wahl viel auf den Naturpark \u201eAm Stettiner Haff\u201c, da er landschaftlich sehr interessant ist durch seine unverbaute Haff K\u00fcste, gro\u00dfe Feuchtwiesen, die Moore, etc.<\/p>\n<p>&nbsp;<\/p>\n<p>Hallo mein Name ist Lukas. Ich habe im September mein F\u00d6J (Freiwilliges \u00f6kologisches Jahr) im Naturpark \u201eAm Stettiner Haff\u201c angefangen.Dieses freiwillige Jahr wollte ich machen ,um zu schauen, ob ich wirklich in meiner Zukunft etwas im gr\u00fcnen Bereich machen m\u00f6chte. Dabei fiel meine Entscheidung auf den Naturpark ,da dort ein weiter Bereich an Aufgaben abgedeckt wird und ein abwechslungsreiches Arbeitsbild entsteht. Somit erhoffe ich mir hier einen guten Einblick,um meine zuk\u00fcnftigen Wege zuplanen.<\/p>\n","protected":false},"excerpt":{"rendered":"<p>Simon und Lukas unterst\u00fctzen den Naturpark seit September im Rahmen eines Praktikums und eines freiwilligen \u00f6kologischen Jahres.<\/p>\n","protected":false},"author":26,"featured_media":2472,"comment_status":"open","ping_status":"open","sticky":false,"template":"","format":"standard","meta":[],"categories":[7],"tags":[],"yoast_head":"<!-- This site is optimized with the Yoast SEO plugin v19.10 - https:\/\/yoast.com\/wordpress\/plugins\/seo\/ -->\n<title>Nicht nur der Herbst ist angekommen \u2013 ein neues F\u00d6J und ein Praktikum haben begonnen - Naturpark Am Stettiner Haff<\/title>\n<meta name=\"robots\" content=\"index, follow, max-snippet:-1, max-image-preview:large, max-video-preview:-1\" \/>\n<link rel=\"canonical\" href=\"https:\/\/www.naturparkmagazin.de\/am-stettiner-haff\/nicht-nur-der-herbst-ist-angekommen-ein-neues-foej-und-ein-praktikum-haben-begonnen\/\" \/>\n<meta property=\"og:locale\" content=\"de_DE\" \/>\n<meta property=\"og:type\" content=\"article\" \/>\n<meta property=\"og:title\" content=\"Nicht nur der Herbst ist angekommen \u2013 ein neues F\u00d6J und ein Praktikum haben begonnen - Naturpark Am Stettiner Haff\" \/>\n<meta property=\"og:description\" content=\"Simon und Lukas unterst\u00fctzen den Naturpark seit September im Rahmen eines Praktikums und eines freiwilligen \u00f6kologischen Jahres.\" \/>\n<meta property=\"og:url\" content=\"https:\/\/www.naturparkmagazin.de\/am-stettiner-haff\/nicht-nur-der-herbst-ist-angekommen-ein-neues-foej-und-ein-praktikum-haben-begonnen\/\" \/>\n<meta property=\"og:site_name\" content=\"Naturpark Am Stettiner Haff\" \/>\n<meta property=\"article:published_time\" content=\"2018-09-17T08:40:07+00:00\" \/>\n<meta property=\"article:modified_time\" content=\"2018-09-26T13:32:30+00:00\" \/>\n<meta property=\"og:image\" content=\"https:\/\/www.naturparkmagazin.de\/am-stettiner-haff\/wp-content\/uploads\/sites\/29\/F\u00d6J-Praktikant-klein.jpg\" \/>\n\t<meta property=\"og:image:width\" content=\"929\" \/>\n\t<meta property=\"og:image:height\" content=\"768\" \/>\n\t<meta property=\"og:image:type\" content=\"image\/jpeg\" \/>\n<meta name=\"author\" content=\"Jochen Elberskirch\" \/>\n<meta name=\"twitter:label1\" content=\"Verfasst von\" \/>\n\t<meta name=\"twitter:data1\" content=\"Jochen Elberskirch\" \/>\n\t<meta name=\"twitter:label2\" content=\"Gesch\u00e4tzte Lesezeit\" \/>\n\t<meta name=\"twitter:data2\" content=\"1\u00a0Minute\" \/>\n<script type=\"application\/ld+json\" class=\"yoast-schema-graph\">{\"@context\":\"https:\/\/schema.org\",\"@graph\":[{\"@type\":\"WebPage\",\"@id\":\"https:\/\/www.naturparkmagazin.de\/am-stettiner-haff\/nicht-nur-der-herbst-ist-angekommen-ein-neues-foej-und-ein-praktikum-haben-begonnen\/\",\"url\":\"https:\/\/www.naturparkmagazin.de\/am-stettiner-haff\/nicht-nur-der-herbst-ist-angekommen-ein-neues-foej-und-ein-praktikum-haben-begonnen\/\",\"name\":\"Nicht nur der Herbst ist angekommen \u2013 ein neues F\u00d6J und ein Praktikum haben begonnen - Naturpark Am Stettiner Haff\",\"isPartOf\":{\"@id\":\"https:\/\/www.naturparkmagazin.de\/am-stettiner-haff\/#website\"},\"datePublished\":\"2018-09-17T08:40:07+00:00\",\"dateModified\":\"2018-09-26T13:32:30+00:00\",\"author\":{\"@id\":\"https:\/\/www.naturparkmagazin.de\/am-stettiner-haff\/#\/schema\/person\/4a7208080dbbfb024d81129b7960c725\"},\"breadcrumb\":{\"@id\":\"https:\/\/www.naturparkmagazin.de\/am-stettiner-haff\/nicht-nur-der-herbst-ist-angekommen-ein-neues-foej-und-ein-praktikum-haben-begonnen\/#breadcrumb\"},\"inLanguage\":\"de\",\"potentialAction\":[{\"@type\":\"ReadAction\",\"target\":[\"https:\/\/www.naturparkmagazin.de\/am-stettiner-haff\/nicht-nur-der-herbst-ist-angekommen-ein-neues-foej-und-ein-praktikum-haben-begonnen\/\"]}]},{\"@type\":\"BreadcrumbList\",\"@id\":\"https:\/\/www.naturparkmagazin.de\/am-stettiner-haff\/nicht-nur-der-herbst-ist-angekommen-ein-neues-foej-und-ein-praktikum-haben-begonnen\/#breadcrumb\",\"itemListElement\":[{\"@type\":\"ListItem\",\"position\":1,\"name\":\"Home\",\"item\":\"https:\/\/www.naturparkmagazin.de\/am-stettiner-haff\/\"},{\"@type\":\"ListItem\",\"position\":2,\"name\":\"Nicht nur der Herbst ist angekommen \u2013 ein neues F\u00d6J und ein Praktikum haben begonnen\"}]},{\"@type\":\"WebSite\",\"@id\":\"https:\/\/www.naturparkmagazin.de\/am-stettiner-haff\/#website\",\"url\":\"https:\/\/www.naturparkmagazin.de\/am-stettiner-haff\/\",\"name\":\"Naturpark Am Stettiner Haff\",\"description\":\"\",\"potentialAction\":[{\"@type\":\"SearchAction\",\"target\":{\"@type\":\"EntryPoint\",\"urlTemplate\":\"https:\/\/www.naturparkmagazin.de\/am-stettiner-haff\/?s={search_term_string}\"},\"query-input\":\"required name=search_term_string\"}],\"inLanguage\":\"de\"},{\"@type\":\"Person\",\"@id\":\"https:\/\/www.naturparkmagazin.de\/am-stettiner-haff\/#\/schema\/person\/4a7208080dbbfb024d81129b7960c725\",\"name\":\"Jochen Elberskirch\",\"sameAs\":[\"http:\/\/www.naturpark-am-stettiner-haff.de\"],\"url\":\"https:\/\/www.naturparkmagazin.de\/am-stettiner-haff\/author\/jochenelberskirch\/\"}]}<\/script>\n<!-- \/ Yoast SEO plugin. -->","yoast_head_json":{"title":"Nicht nur der Herbst ist angekommen \u2013 ein neues F\u00d6J und ein Praktikum haben begonnen - Naturpark Am Stettiner Haff","robots":{"index":"index","follow":"follow","max-snippet":"max-snippet:-1","max-image-preview":"max-image-preview:large","max-video-preview":"max-video-preview:-1"},"canonical":"https:\/\/www.naturparkmagazin.de\/am-stettiner-haff\/nicht-nur-der-herbst-ist-angekommen-ein-neues-foej-und-ein-praktikum-haben-begonnen\/","og_locale":"de_DE","og_type":"article","og_title":"Nicht nur der Herbst ist angekommen \u2013 ein neues F\u00d6J und ein Praktikum haben begonnen - Naturpark Am Stettiner Haff","og_description":"Simon und Lukas unterst\u00fctzen den Naturpark seit September im Rahmen eines Praktikums und eines freiwilligen \u00f6kologischen Jahres.","og_url":"https:\/\/www.naturparkmagazin.de\/am-stettiner-haff\/nicht-nur-der-herbst-ist-angekommen-ein-neues-foej-und-ein-praktikum-haben-begonnen\/","og_site_name":"Naturpark Am Stettiner Haff","article_published_time":"2018-09-17T08:40:07+00:00","article_modified_time":"2018-09-26T13:32:30+00:00","og_image":[{"width":929,"height":768,"url":"https:\/\/www.naturparkmagazin.de\/am-stettiner-haff\/wp-content\/uploads\/sites\/29\/F\u00d6J-Praktikant-klein.jpg","type":"image\/jpeg"}],"author":"Jochen Elberskirch","twitter_misc":{"Verfasst von":"Jochen Elberskirch","Gesch\u00e4tzte Lesezeit":"1\u00a0Minute"},"schema":{"@context":"https:\/\/schema.org","@graph":[{"@type":"WebPage","@id":"https:\/\/www.naturparkmagazin.de\/am-stettiner-haff\/nicht-nur-der-herbst-ist-angekommen-ein-neues-foej-und-ein-praktikum-haben-begonnen\/","url":"https:\/\/www.naturparkmagazin.de\/am-stettiner-haff\/nicht-nur-der-herbst-ist-angekommen-ein-neues-foej-und-ein-praktikum-haben-begonnen\/","name":"Nicht nur der Herbst ist angekommen \u2013 ein neues F\u00d6J und ein Praktikum haben begonnen - Naturpark Am Stettiner Haff","isPartOf":{"@id":"https:\/\/www.naturparkmagazin.de\/am-stettiner-haff\/#website"},"datePublished":"2018-09-17T08:40:07+00:00","dateModified":"2018-09-26T13:32:30+00:00","author":{"@id":"https:\/\/www.naturparkmagazin.de\/am-stettiner-haff\/#\/schema\/person\/4a7208080dbbfb024d81129b7960c725"},"breadcrumb":{"@id":"https:\/\/www.naturparkmagazin.de\/am-stettiner-haff\/nicht-nur-der-herbst-ist-angekommen-ein-neues-foej-und-ein-praktikum-haben-begonnen\/#breadcrumb"},"inLanguage":"de","potentialAction":[{"@type":"ReadAction","target":["https:\/\/www.naturparkmagazin.de\/am-stettiner-haff\/nicht-nur-der-herbst-ist-angekommen-ein-neues-foej-und-ein-praktikum-haben-begonnen\/"]}]},{"@type":"BreadcrumbList","@id":"https:\/\/www.naturparkmagazin.de\/am-stettiner-haff\/nicht-nur-der-herbst-ist-angekommen-ein-neues-foej-und-ein-praktikum-haben-begonnen\/#breadcrumb","itemListElement":[{"@type":"ListItem","position":1,"name":"Home","item":"https:\/\/www.naturparkmagazin.de\/am-stettiner-haff\/"},{"@type":"ListItem","position":2,"name":"Nicht nur der Herbst ist angekommen \u2013 ein neues F\u00d6J und ein Praktikum haben begonnen"}]},{"@type":"WebSite","@id":"https:\/\/www.naturparkmagazin.de\/am-stettiner-haff\/#website","url":"https:\/\/www.naturparkmagazin.de\/am-stettiner-haff\/","name":"Naturpark Am Stettiner Haff","description":"","potentialAction":[{"@type":"SearchAction","target":{"@type":"EntryPoint","urlTemplate":"https:\/\/www.naturparkmagazin.de\/am-stettiner-haff\/?s={search_term_string}"},"query-input":"required name=search_term_string"}],"inLanguage":"de"},{"@type":"Person","@id":"https:\/\/www.naturparkmagazin.de\/am-stettiner-haff\/#\/schema\/person\/4a7208080dbbfb024d81129b7960c725","name":"Jochen Elberskirch","sameAs":["http:\/\/www.naturpark-am-stettiner-haff.de"],"url":"https:\/\/www.naturparkmagazin.de\/am-stettiner-haff\/author\/jochenelberskirch\/"}]}},"_links":{"self":[{"href":"https:\/\/www.naturparkmagazin.de\/am-stettiner-haff\/wp-json\/wp\/v2\/posts\/2476"}],"collection":[{"href":"https:\/\/www.naturparkmagazin.de\/am-stettiner-haff\/wp-json\/wp\/v2\/posts"}],"about":[{"href":"https:\/\/www.naturparkmagazin.de\/am-stettiner-haff\/wp-json\/wp\/v2\/types\/post"}],"author":[{"embeddable":true,"href":"https:\/\/www.naturparkmagazin.de\/am-stettiner-haff\/wp-json\/wp\/v2\/users\/26"}],"replies":[{"embeddable":true,"href":"https:\/\/www.naturparkmagazin.de\/am-stettiner-haff\/wp-json\/wp\/v2\/comments?post=2476"}],"version-history":[{"count":3,"href":"https:\/\/www.naturparkmagazin.de\/am-stettiner-haff\/wp-json\/wp\/v2\/posts\/2476\/revisions"}],"predecessor-version":[{"id":2481,"href":"https:\/\/www.naturparkmagazin.de\/am-stettiner-haff\/wp-json\/wp\/v2\/posts\/2476\/revisions\/2481"}],"wp:featuredmedia":[{"embeddable":true,"href":"https:\/\/www.naturparkmagazin.de\/am-stettiner-haff\/wp-json\/wp\/v2\/media\/2472"}],"wp:attachment":[{"href":"https:\/\/www.naturparkmagazin.de\/am-stettiner-haff\/wp-json\/wp\/v2\/media?parent=2476"}],"wp:term":[{"taxonomy":"category","embeddable":true,"href":"https:\/\/www.naturparkmagazin.de\/am-stettiner-haff\/wp-json\/wp\/v2\/categories?post=2476"},{"taxonomy":"post_tag","embeddable":true,"href":"https:\/\/www.naturparkmagazin.de\/am-stettiner-haff\/wp-json\/wp\/v2\/tags?post=2476"}],"curies":[{"name":"wp","href":"https:\/\/api.w.org\/{rel}","templated":true}]}}