{"id":2496,"date":"2018-10-25T13:32:49","date_gmt":"2018-10-25T11:32:49","guid":{"rendered":"https:\/\/www.naturparkmagazin.de\/am-stettiner-haff\/?p=2496"},"modified":"2018-10-26T10:48:04","modified_gmt":"2018-10-26T08:48:04","slug":"der-rundweg-um-den-eggesiner-see-wurde-mit-eu-mitteln-neu-gestaltet","status":"publish","type":"post","link":"https:\/\/www.naturparkmagazin.de\/am-stettiner-haff\/der-rundweg-um-den-eggesiner-see-wurde-mit-eu-mitteln-neu-gestaltet\/","title":{"rendered":"Der Rundweg um den Eggesiner See wurde mit EU-Mitteln neu gestaltet"},"content":{"rendered":"<p><a href=\"https:\/\/www.naturparkmagazin.de\/am-stettiner-haff\/wp-content\/uploads\/sites\/29\/Eggesiner-See-1.jpg\"><img decoding=\"async\" loading=\"lazy\" class=\"aligncenter size-full wp-image-2497\" src=\"https:\/\/www.naturparkmagazin.de\/am-stettiner-haff\/wp-content\/uploads\/sites\/29\/Eggesiner-See-1.jpg\" alt=\"Eggesiner See-1\" width=\"1024\" height=\"683\" srcset=\"https:\/\/www.naturparkmagazin.de\/am-stettiner-haff\/wp-content\/uploads\/sites\/29\/Eggesiner-See-1.jpg 1024w, https:\/\/www.naturparkmagazin.de\/am-stettiner-haff\/wp-content\/uploads\/sites\/29\/Eggesiner-See-1-300x200.jpg 300w, https:\/\/www.naturparkmagazin.de\/am-stettiner-haff\/wp-content\/uploads\/sites\/29\/Eggesiner-See-1-620x414.jpg 620w, https:\/\/www.naturparkmagazin.de\/am-stettiner-haff\/wp-content\/uploads\/sites\/29\/Eggesiner-See-1-940x627.jpg 940w, https:\/\/www.naturparkmagazin.de\/am-stettiner-haff\/wp-content\/uploads\/sites\/29\/Eggesiner-See-1-670x447.jpg 670w, https:\/\/www.naturparkmagazin.de\/am-stettiner-haff\/wp-content\/uploads\/sites\/29\/Eggesiner-See-1-200x133.jpg 200w\" sizes=\"(max-width: 1024px) 100vw, 1024px\" \/><\/a><\/p>\n<p>Am 19. Oktober war es endlich soweit \u2013 der Staatssekret\u00e4r des Ministeriums f\u00fcr Landwirtschaft und Umwelt Mecklenburg-Vorpommern Herr Dr. Buchwald \u00fcbergab den neugestalteten Naturerlebnispfad rund um den Eggesiner See der \u00d6ffentlichkeit.<\/p>\n<p>&nbsp;<\/p>\n<p>Auf dem knapp sieben Kilometer langen Rundweg kann der Besucher auf zwanzig Schautafeln etwas \u00fcber die Entwicklung des Gebietes und vor allem \u00fcber seine tierischen und pflanzlichen Bewohner erfahren. Die Spielstation l\u00e4dt zum \u201eForschen\u201c, Entdecken und Verweilen ein.<\/p>\n<p>&nbsp;<\/p>\n<p>Der Anfang 2017 er\u00f6ffnete Aussichtsturm an der s\u00fcdlichen Seite des Eggesiner Sees ist in den Rundweg integriert und erm\u00f6glicht tiefe Einblicke in das Natura 2000 Gebiet.<\/p>\n<p>&nbsp;<\/p>\n<p>&nbsp;<\/p>\n<p>Konzipiert und Errichtet wurde der Naturerlebnispfades von Uwe Franzen aus Reppenstedt (Atelier Handwerk 2.0). Finanziert wurde der neue Naturerlebnispfad zu 75 % mit EU-Mitteln aus dem Font zur Entwicklung des l\u00e4ndlichen Raumes und zu 25 % mit Landesmitteln.<\/p>\n<p><a href=\"https:\/\/www.naturparkmagazin.de\/am-stettiner-haff\/wp-content\/uploads\/sites\/29\/Eggesiner-See-20.jpg\"><img decoding=\"async\" loading=\"lazy\" class=\"aligncenter size-full wp-image-2498\" src=\"https:\/\/www.naturparkmagazin.de\/am-stettiner-haff\/wp-content\/uploads\/sites\/29\/Eggesiner-See-20.jpg\" alt=\"Eggesiner See-20\" width=\"683\" height=\"1024\" srcset=\"https:\/\/www.naturparkmagazin.de\/am-stettiner-haff\/wp-content\/uploads\/sites\/29\/Eggesiner-See-20.jpg 683w, https:\/\/www.naturparkmagazin.de\/am-stettiner-haff\/wp-content\/uploads\/sites\/29\/Eggesiner-See-20-300x450.jpg 300w, https:\/\/www.naturparkmagazin.de\/am-stettiner-haff\/wp-content\/uploads\/sites\/29\/Eggesiner-See-20-620x930.jpg 620w, https:\/\/www.naturparkmagazin.de\/am-stettiner-haff\/wp-content\/uploads\/sites\/29\/Eggesiner-See-20-670x1005.jpg 670w, https:\/\/www.naturparkmagazin.de\/am-stettiner-haff\/wp-content\/uploads\/sites\/29\/Eggesiner-See-20-200x300.jpg 200w\" sizes=\"(max-width: 683px) 100vw, 683px\" \/><\/a><\/p>\n","protected":false},"excerpt":{"rendered":"<p>Am 19. Oktober \u00fcbergab der Staatssekret\u00e4r des Ministeriums f\u00fcr Landwirtschaft und Umwelt Mecklenburg-Vorpommern Herr Dr. Buchwald den neugestalteten Naturerlebnispfad rund um den Eggesiner See der \u00d6ffentlichkeit.<\/p>\n","protected":false},"author":26,"featured_media":2497,"comment_status":"open","ping_status":"open","sticky":false,"template":"","format":"standard","meta":[],"categories":[7],"tags":[],"yoast_head":"<!-- This site is optimized with the Yoast SEO plugin v19.10 - https:\/\/yoast.com\/wordpress\/plugins\/seo\/ -->\n<title>Der Rundweg um den Eggesiner See wurde mit EU-Mitteln neu gestaltet - Naturpark Am Stettiner Haff<\/title>\n<meta name=\"robots\" content=\"index, follow, max-snippet:-1, max-image-preview:large, max-video-preview:-1\" \/>\n<link rel=\"canonical\" href=\"https:\/\/www.naturparkmagazin.de\/am-stettiner-haff\/der-rundweg-um-den-eggesiner-see-wurde-mit-eu-mitteln-neu-gestaltet\/\" \/>\n<meta property=\"og:locale\" content=\"de_DE\" \/>\n<meta property=\"og:type\" content=\"article\" \/>\n<meta property=\"og:title\" content=\"Der Rundweg um den Eggesiner See wurde mit EU-Mitteln neu gestaltet - Naturpark Am Stettiner Haff\" \/>\n<meta property=\"og:description\" content=\"Am 19. Oktober \u00fcbergab der Staatssekret\u00e4r des Ministeriums f\u00fcr Landwirtschaft und Umwelt Mecklenburg-Vorpommern Herr Dr. Buchwald den neugestalteten Naturerlebnispfad rund um den Eggesiner See der \u00d6ffentlichkeit.\" \/>\n<meta property=\"og:url\" content=\"https:\/\/www.naturparkmagazin.de\/am-stettiner-haff\/der-rundweg-um-den-eggesiner-see-wurde-mit-eu-mitteln-neu-gestaltet\/\" \/>\n<meta property=\"og:site_name\" content=\"Naturpark Am Stettiner Haff\" \/>\n<meta property=\"article:published_time\" content=\"2018-10-25T11:32:49+00:00\" \/>\n<meta property=\"article:modified_time\" content=\"2018-10-26T08:48:04+00:00\" \/>\n<meta property=\"og:image\" content=\"https:\/\/www.naturparkmagazin.de\/am-stettiner-haff\/wp-content\/uploads\/sites\/29\/Eggesiner-See-1.jpg\" \/>\n\t<meta property=\"og:image:width\" content=\"1024\" \/>\n\t<meta property=\"og:image:height\" content=\"683\" \/>\n\t<meta property=\"og:image:type\" content=\"image\/jpeg\" \/>\n<meta name=\"author\" content=\"Jochen Elberskirch\" \/>\n<meta name=\"twitter:label1\" content=\"Verfasst von\" \/>\n\t<meta name=\"twitter:data1\" content=\"Jochen Elberskirch\" \/>\n\t<meta name=\"twitter:label2\" content=\"Gesch\u00e4tzte Lesezeit\" \/>\n\t<meta name=\"twitter:data2\" content=\"1\u00a0Minute\" \/>\n<script type=\"application\/ld+json\" class=\"yoast-schema-graph\">{\"@context\":\"https:\/\/schema.org\",\"@graph\":[{\"@type\":\"WebPage\",\"@id\":\"https:\/\/www.naturparkmagazin.de\/am-stettiner-haff\/der-rundweg-um-den-eggesiner-see-wurde-mit-eu-mitteln-neu-gestaltet\/\",\"url\":\"https:\/\/www.naturparkmagazin.de\/am-stettiner-haff\/der-rundweg-um-den-eggesiner-see-wurde-mit-eu-mitteln-neu-gestaltet\/\",\"name\":\"Der Rundweg um den Eggesiner See wurde mit EU-Mitteln neu gestaltet - Naturpark Am Stettiner Haff\",\"isPartOf\":{\"@id\":\"https:\/\/www.naturparkmagazin.de\/am-stettiner-haff\/#website\"},\"datePublished\":\"2018-10-25T11:32:49+00:00\",\"dateModified\":\"2018-10-26T08:48:04+00:00\",\"author\":{\"@id\":\"https:\/\/www.naturparkmagazin.de\/am-stettiner-haff\/#\/schema\/person\/4a7208080dbbfb024d81129b7960c725\"},\"breadcrumb\":{\"@id\":\"https:\/\/www.naturparkmagazin.de\/am-stettiner-haff\/der-rundweg-um-den-eggesiner-see-wurde-mit-eu-mitteln-neu-gestaltet\/#breadcrumb\"},\"inLanguage\":\"de\",\"potentialAction\":[{\"@type\":\"ReadAction\",\"target\":[\"https:\/\/www.naturparkmagazin.de\/am-stettiner-haff\/der-rundweg-um-den-eggesiner-see-wurde-mit-eu-mitteln-neu-gestaltet\/\"]}]},{\"@type\":\"BreadcrumbList\",\"@id\":\"https:\/\/www.naturparkmagazin.de\/am-stettiner-haff\/der-rundweg-um-den-eggesiner-see-wurde-mit-eu-mitteln-neu-gestaltet\/#breadcrumb\",\"itemListElement\":[{\"@type\":\"ListItem\",\"position\":1,\"name\":\"Home\",\"item\":\"https:\/\/www.naturparkmagazin.de\/am-stettiner-haff\/\"},{\"@type\":\"ListItem\",\"position\":2,\"name\":\"Der Rundweg um den Eggesiner See wurde mit EU-Mitteln neu gestaltet\"}]},{\"@type\":\"WebSite\",\"@id\":\"https:\/\/www.naturparkmagazin.de\/am-stettiner-haff\/#website\",\"url\":\"https:\/\/www.naturparkmagazin.de\/am-stettiner-haff\/\",\"name\":\"Naturpark Am Stettiner Haff\",\"description\":\"\",\"potentialAction\":[{\"@type\":\"SearchAction\",\"target\":{\"@type\":\"EntryPoint\",\"urlTemplate\":\"https:\/\/www.naturparkmagazin.de\/am-stettiner-haff\/?s={search_term_string}\"},\"query-input\":\"required name=search_term_string\"}],\"inLanguage\":\"de\"},{\"@type\":\"Person\",\"@id\":\"https:\/\/www.naturparkmagazin.de\/am-stettiner-haff\/#\/schema\/person\/4a7208080dbbfb024d81129b7960c725\",\"name\":\"Jochen Elberskirch\",\"sameAs\":[\"http:\/\/www.naturpark-am-stettiner-haff.de\"],\"url\":\"https:\/\/www.naturparkmagazin.de\/am-stettiner-haff\/author\/jochenelberskirch\/\"}]}<\/script>\n<!-- \/ Yoast SEO plugin. -->","yoast_head_json":{"title":"Der Rundweg um den Eggesiner See wurde mit EU-Mitteln neu gestaltet - Naturpark Am Stettiner Haff","robots":{"index":"index","follow":"follow","max-snippet":"max-snippet:-1","max-image-preview":"max-image-preview:large","max-video-preview":"max-video-preview:-1"},"canonical":"https:\/\/www.naturparkmagazin.de\/am-stettiner-haff\/der-rundweg-um-den-eggesiner-see-wurde-mit-eu-mitteln-neu-gestaltet\/","og_locale":"de_DE","og_type":"article","og_title":"Der Rundweg um den Eggesiner See wurde mit EU-Mitteln neu gestaltet - Naturpark Am Stettiner Haff","og_description":"Am 19. Oktober \u00fcbergab der Staatssekret\u00e4r des Ministeriums f\u00fcr Landwirtschaft und Umwelt Mecklenburg-Vorpommern Herr Dr. Buchwald den neugestalteten Naturerlebnispfad rund um den Eggesiner See der \u00d6ffentlichkeit.","og_url":"https:\/\/www.naturparkmagazin.de\/am-stettiner-haff\/der-rundweg-um-den-eggesiner-see-wurde-mit-eu-mitteln-neu-gestaltet\/","og_site_name":"Naturpark Am Stettiner Haff","article_published_time":"2018-10-25T11:32:49+00:00","article_modified_time":"2018-10-26T08:48:04+00:00","og_image":[{"width":1024,"height":683,"url":"https:\/\/www.naturparkmagazin.de\/am-stettiner-haff\/wp-content\/uploads\/sites\/29\/Eggesiner-See-1.jpg","type":"image\/jpeg"}],"author":"Jochen Elberskirch","twitter_misc":{"Verfasst von":"Jochen Elberskirch","Gesch\u00e4tzte Lesezeit":"1\u00a0Minute"},"schema":{"@context":"https:\/\/schema.org","@graph":[{"@type":"WebPage","@id":"https:\/\/www.naturparkmagazin.de\/am-stettiner-haff\/der-rundweg-um-den-eggesiner-see-wurde-mit-eu-mitteln-neu-gestaltet\/","url":"https:\/\/www.naturparkmagazin.de\/am-stettiner-haff\/der-rundweg-um-den-eggesiner-see-wurde-mit-eu-mitteln-neu-gestaltet\/","name":"Der Rundweg um den Eggesiner See wurde mit EU-Mitteln neu gestaltet - Naturpark Am Stettiner Haff","isPartOf":{"@id":"https:\/\/www.naturparkmagazin.de\/am-stettiner-haff\/#website"},"datePublished":"2018-10-25T11:32:49+00:00","dateModified":"2018-10-26T08:48:04+00:00","author":{"@id":"https:\/\/www.naturparkmagazin.de\/am-stettiner-haff\/#\/schema\/person\/4a7208080dbbfb024d81129b7960c725"},"breadcrumb":{"@id":"https:\/\/www.naturparkmagazin.de\/am-stettiner-haff\/der-rundweg-um-den-eggesiner-see-wurde-mit-eu-mitteln-neu-gestaltet\/#breadcrumb"},"inLanguage":"de","potentialAction":[{"@type":"ReadAction","target":["https:\/\/www.naturparkmagazin.de\/am-stettiner-haff\/der-rundweg-um-den-eggesiner-see-wurde-mit-eu-mitteln-neu-gestaltet\/"]}]},{"@type":"BreadcrumbList","@id":"https:\/\/www.naturparkmagazin.de\/am-stettiner-haff\/der-rundweg-um-den-eggesiner-see-wurde-mit-eu-mitteln-neu-gestaltet\/#breadcrumb","itemListElement":[{"@type":"ListItem","position":1,"name":"Home","item":"https:\/\/www.naturparkmagazin.de\/am-stettiner-haff\/"},{"@type":"ListItem","position":2,"name":"Der Rundweg um den Eggesiner See wurde mit EU-Mitteln neu gestaltet"}]},{"@type":"WebSite","@id":"https:\/\/www.naturparkmagazin.de\/am-stettiner-haff\/#website","url":"https:\/\/www.naturparkmagazin.de\/am-stettiner-haff\/","name":"Naturpark Am Stettiner Haff","description":"","potentialAction":[{"@type":"SearchAction","target":{"@type":"EntryPoint","urlTemplate":"https:\/\/www.naturparkmagazin.de\/am-stettiner-haff\/?s={search_term_string}"},"query-input":"required name=search_term_string"}],"inLanguage":"de"},{"@type":"Person","@id":"https:\/\/www.naturparkmagazin.de\/am-stettiner-haff\/#\/schema\/person\/4a7208080dbbfb024d81129b7960c725","name":"Jochen Elberskirch","sameAs":["http:\/\/www.naturpark-am-stettiner-haff.de"],"url":"https:\/\/www.naturparkmagazin.de\/am-stettiner-haff\/author\/jochenelberskirch\/"}]}},"_links":{"self":[{"href":"https:\/\/www.naturparkmagazin.de\/am-stettiner-haff\/wp-json\/wp\/v2\/posts\/2496"}],"collection":[{"href":"https:\/\/www.naturparkmagazin.de\/am-stettiner-haff\/wp-json\/wp\/v2\/posts"}],"about":[{"href":"https:\/\/www.naturparkmagazin.de\/am-stettiner-haff\/wp-json\/wp\/v2\/types\/post"}],"author":[{"embeddable":true,"href":"https:\/\/www.naturparkmagazin.de\/am-stettiner-haff\/wp-json\/wp\/v2\/users\/26"}],"replies":[{"embeddable":true,"href":"https:\/\/www.naturparkmagazin.de\/am-stettiner-haff\/wp-json\/wp\/v2\/comments?post=2496"}],"version-history":[{"count":4,"href":"https:\/\/www.naturparkmagazin.de\/am-stettiner-haff\/wp-json\/wp\/v2\/posts\/2496\/revisions"}],"predecessor-version":[{"id":2504,"href":"https:\/\/www.naturparkmagazin.de\/am-stettiner-haff\/wp-json\/wp\/v2\/posts\/2496\/revisions\/2504"}],"wp:featuredmedia":[{"embeddable":true,"href":"https:\/\/www.naturparkmagazin.de\/am-stettiner-haff\/wp-json\/wp\/v2\/media\/2497"}],"wp:attachment":[{"href":"https:\/\/www.naturparkmagazin.de\/am-stettiner-haff\/wp-json\/wp\/v2\/media?parent=2496"}],"wp:term":[{"taxonomy":"category","embeddable":true,"href":"https:\/\/www.naturparkmagazin.de\/am-stettiner-haff\/wp-json\/wp\/v2\/categories?post=2496"},{"taxonomy":"post_tag","embeddable":true,"href":"https:\/\/www.naturparkmagazin.de\/am-stettiner-haff\/wp-json\/wp\/v2\/tags?post=2496"}],"curies":[{"name":"wp","href":"https:\/\/api.w.org\/{rel}","templated":true}]}}