{"id":2506,"date":"2018-11-19T08:05:04","date_gmt":"2018-11-19T07:05:04","guid":{"rendered":"https:\/\/www.naturparkmagazin.de\/am-stettiner-haff\/?p=2506"},"modified":"2018-11-16T08:07:33","modified_gmt":"2018-11-16T07:07:33","slug":"klein-niedlich-aber-nicht-zu-unterschaetzen-naturpark-stammtisch-mit-thematischen-vortrag","status":"publish","type":"post","link":"https:\/\/www.naturparkmagazin.de\/am-stettiner-haff\/klein-niedlich-aber-nicht-zu-unterschaetzen-naturpark-stammtisch-mit-thematischen-vortrag\/","title":{"rendered":"Klein, niedlich, aber nicht zu untersch\u00e4tzen &#8211; Naturpark-Stammtisch mit thematischen Vortrag"},"content":{"rendered":"<p>Wie gewohnt findet der Naturpark-Stammtisch auch im Dezember am ersten Mittwoch im Monat, also am 5. Dezember 2018 statt. Nur die Zeit ist diesmal etwas ungewohnt. Los geht es bereits um <strong>17:30 Uhr<\/strong>. Und das aus gutem Grund. Die\u00a0Mitglieder\u00a0des Naturparkf\u00f6rdervereins und das Team des Naturparks haben sich f\u00fcr diesen Abend Verst\u00e4rkung aus dem Nationalpark M\u00fcritz eingeladen. Der Ranger und Umweltbildner Sebastian Krage\u00a0ist ein Fachmann auf dem Gebiet der Neozoen.<\/p>\n<div id=\"attachment_2512\" style=\"width: 978px\" class=\"wp-caption aligncenter\"><a href=\"https:\/\/www.naturparkmagazin.de\/am-stettiner-haff\/wp-content\/uploads\/sites\/29\/Waschbaer_50.jpg\"><img aria-describedby=\"caption-attachment-2512\" decoding=\"async\" loading=\"lazy\" class=\"size-full wp-image-2512\" src=\"https:\/\/www.naturparkmagazin.de\/am-stettiner-haff\/wp-content\/uploads\/sites\/29\/Waschbaer_50.jpg\" alt=\"Waschb\u00e4r-Portr\u00e4t (Foto: VDN\/T. Duschner)\" width=\"968\" height=\"648\" srcset=\"https:\/\/www.naturparkmagazin.de\/am-stettiner-haff\/wp-content\/uploads\/sites\/29\/Waschbaer_50.jpg 968w, https:\/\/www.naturparkmagazin.de\/am-stettiner-haff\/wp-content\/uploads\/sites\/29\/Waschbaer_50-300x201.jpg 300w, https:\/\/www.naturparkmagazin.de\/am-stettiner-haff\/wp-content\/uploads\/sites\/29\/Waschbaer_50-620x415.jpg 620w, https:\/\/www.naturparkmagazin.de\/am-stettiner-haff\/wp-content\/uploads\/sites\/29\/Waschbaer_50-940x629.jpg 940w, https:\/\/www.naturparkmagazin.de\/am-stettiner-haff\/wp-content\/uploads\/sites\/29\/Waschbaer_50-670x449.jpg 670w, https:\/\/www.naturparkmagazin.de\/am-stettiner-haff\/wp-content\/uploads\/sites\/29\/Waschbaer_50-200x134.jpg 200w\" sizes=\"(max-width: 968px) 100vw, 968px\" \/><\/a><p id=\"caption-attachment-2512\" class=\"wp-caption-text\">Waschb\u00e4r-Portr\u00e4t (Foto: VDN\/T. Duschner)<\/p><\/div>\n<p>&nbsp;<\/p>\n<p>Er besch\u00e4ftigt sich seit einiger Zeit mit einer nicht zu untersch\u00e4tzenden Art &#8211; dem Waschb\u00e4ren. In einem spannenden Vortrag wird er viel Wissenswertes \u00fcber Herkunft und Ausbreitung berichten und auf die damit einhergehenden Probleme im Zusammenleben mit uns Menschen eingehen. Auch wie man mit einfachen Mitteln diesen Problemen vorbeugen kann und was man tun kann, wenn man einen ungebetenen Untermieter zu Gast hat, wird er in seinem Vortrag erl\u00e4utern.<\/p>\n<p>Gerne beantwortet \u00a0der Referent nat\u00fcrlich auch Fragen von Interessierten.<\/p>\n<p>&nbsp;<\/p>\n<p>Selbstverst\u00e4ndlich k\u00f6nnen im Anschluss an den thematischen Teil auch alle anderen Themen rund um den Naturpark in gewohnter Naturpark-Stammtisch-Atmosph\u00e4re besprochen werden.<\/p>\n<p>Der Vorstand des Naturpark-F\u00f6rdervereins und das Team des Naturparks freuen sich auf viele interessierte G\u00e4ste.<\/p>\n","protected":false},"excerpt":{"rendered":"<p>Am gewohnten Tag zur ungewohnten Zeit. Naturpark-Stammtisch mit Vortrag zum Thema &#8222;Waschb\u00e4r&#8220;\nAm 5. Dezember 2018, um 17:30 Uhr im Besucherinformationszentrum am Bahnhof Eggesin. F\u00fcr n\u00e4here Infos bitte den Beitrag lesen.<\/p>\n","protected":false},"author":26,"featured_media":2512,"comment_status":"open","ping_status":"open","sticky":false,"template":"","format":"standard","meta":[],"categories":[11],"tags":[],"yoast_head":"<!-- This site is optimized with the Yoast SEO plugin v19.10 - https:\/\/yoast.com\/wordpress\/plugins\/seo\/ -->\n<title>Klein, niedlich, aber nicht zu untersch\u00e4tzen - Naturpark-Stammtisch mit thematischen Vortrag - Naturpark Am Stettiner Haff<\/title>\n<meta name=\"robots\" content=\"index, follow, max-snippet:-1, max-image-preview:large, max-video-preview:-1\" \/>\n<link rel=\"canonical\" href=\"https:\/\/www.naturparkmagazin.de\/am-stettiner-haff\/klein-niedlich-aber-nicht-zu-unterschaetzen-naturpark-stammtisch-mit-thematischen-vortrag\/\" \/>\n<meta property=\"og:locale\" content=\"de_DE\" \/>\n<meta property=\"og:type\" content=\"article\" \/>\n<meta property=\"og:title\" content=\"Klein, niedlich, aber nicht zu untersch\u00e4tzen - Naturpark-Stammtisch mit thematischen Vortrag - Naturpark Am Stettiner Haff\" \/>\n<meta property=\"og:description\" content=\"Am gewohnten Tag zur ungewohnten Zeit. Naturpark-Stammtisch mit Vortrag zum Thema &quot;Waschb\u00e4r&quot; Am 5. Dezember 2018, um 17:30 Uhr im Besucherinformationszentrum am Bahnhof Eggesin. F\u00fcr n\u00e4here Infos bitte den Beitrag lesen.\" \/>\n<meta property=\"og:url\" content=\"https:\/\/www.naturparkmagazin.de\/am-stettiner-haff\/klein-niedlich-aber-nicht-zu-unterschaetzen-naturpark-stammtisch-mit-thematischen-vortrag\/\" \/>\n<meta property=\"og:site_name\" content=\"Naturpark Am Stettiner Haff\" \/>\n<meta property=\"article:published_time\" content=\"2018-11-19T07:05:04+00:00\" \/>\n<meta property=\"article:modified_time\" content=\"2018-11-16T07:07:33+00:00\" \/>\n<meta property=\"og:image\" content=\"https:\/\/www.naturparkmagazin.de\/am-stettiner-haff\/wp-content\/uploads\/sites\/29\/Waschbaer_50.jpg\" \/>\n\t<meta property=\"og:image:width\" content=\"968\" \/>\n\t<meta property=\"og:image:height\" content=\"648\" \/>\n\t<meta property=\"og:image:type\" content=\"image\/jpeg\" \/>\n<meta name=\"author\" content=\"Jochen Elberskirch\" \/>\n<meta name=\"twitter:label1\" content=\"Verfasst von\" \/>\n\t<meta name=\"twitter:data1\" content=\"Jochen Elberskirch\" \/>\n\t<meta name=\"twitter:label2\" content=\"Gesch\u00e4tzte Lesezeit\" \/>\n\t<meta name=\"twitter:data2\" content=\"1\u00a0Minute\" \/>\n<script type=\"application\/ld+json\" class=\"yoast-schema-graph\">{\"@context\":\"https:\/\/schema.org\",\"@graph\":[{\"@type\":\"WebPage\",\"@id\":\"https:\/\/www.naturparkmagazin.de\/am-stettiner-haff\/klein-niedlich-aber-nicht-zu-unterschaetzen-naturpark-stammtisch-mit-thematischen-vortrag\/\",\"url\":\"https:\/\/www.naturparkmagazin.de\/am-stettiner-haff\/klein-niedlich-aber-nicht-zu-unterschaetzen-naturpark-stammtisch-mit-thematischen-vortrag\/\",\"name\":\"Klein, niedlich, aber nicht zu untersch\u00e4tzen - Naturpark-Stammtisch mit thematischen Vortrag - Naturpark Am Stettiner Haff\",\"isPartOf\":{\"@id\":\"https:\/\/www.naturparkmagazin.de\/am-stettiner-haff\/#website\"},\"datePublished\":\"2018-11-19T07:05:04+00:00\",\"dateModified\":\"2018-11-16T07:07:33+00:00\",\"author\":{\"@id\":\"https:\/\/www.naturparkmagazin.de\/am-stettiner-haff\/#\/schema\/person\/4a7208080dbbfb024d81129b7960c725\"},\"breadcrumb\":{\"@id\":\"https:\/\/www.naturparkmagazin.de\/am-stettiner-haff\/klein-niedlich-aber-nicht-zu-unterschaetzen-naturpark-stammtisch-mit-thematischen-vortrag\/#breadcrumb\"},\"inLanguage\":\"de\",\"potentialAction\":[{\"@type\":\"ReadAction\",\"target\":[\"https:\/\/www.naturparkmagazin.de\/am-stettiner-haff\/klein-niedlich-aber-nicht-zu-unterschaetzen-naturpark-stammtisch-mit-thematischen-vortrag\/\"]}]},{\"@type\":\"BreadcrumbList\",\"@id\":\"https:\/\/www.naturparkmagazin.de\/am-stettiner-haff\/klein-niedlich-aber-nicht-zu-unterschaetzen-naturpark-stammtisch-mit-thematischen-vortrag\/#breadcrumb\",\"itemListElement\":[{\"@type\":\"ListItem\",\"position\":1,\"name\":\"Home\",\"item\":\"https:\/\/www.naturparkmagazin.de\/am-stettiner-haff\/\"},{\"@type\":\"ListItem\",\"position\":2,\"name\":\"Klein, niedlich, aber nicht zu untersch\u00e4tzen &#8211; Naturpark-Stammtisch mit thematischen Vortrag\"}]},{\"@type\":\"WebSite\",\"@id\":\"https:\/\/www.naturparkmagazin.de\/am-stettiner-haff\/#website\",\"url\":\"https:\/\/www.naturparkmagazin.de\/am-stettiner-haff\/\",\"name\":\"Naturpark Am Stettiner Haff\",\"description\":\"\",\"potentialAction\":[{\"@type\":\"SearchAction\",\"target\":{\"@type\":\"EntryPoint\",\"urlTemplate\":\"https:\/\/www.naturparkmagazin.de\/am-stettiner-haff\/?s={search_term_string}\"},\"query-input\":\"required name=search_term_string\"}],\"inLanguage\":\"de\"},{\"@type\":\"Person\",\"@id\":\"https:\/\/www.naturparkmagazin.de\/am-stettiner-haff\/#\/schema\/person\/4a7208080dbbfb024d81129b7960c725\",\"name\":\"Jochen Elberskirch\",\"sameAs\":[\"http:\/\/www.naturpark-am-stettiner-haff.de\"],\"url\":\"https:\/\/www.naturparkmagazin.de\/am-stettiner-haff\/author\/jochenelberskirch\/\"}]}<\/script>\n<!-- \/ Yoast SEO plugin. -->","yoast_head_json":{"title":"Klein, niedlich, aber nicht zu untersch\u00e4tzen - Naturpark-Stammtisch mit thematischen Vortrag - Naturpark Am Stettiner Haff","robots":{"index":"index","follow":"follow","max-snippet":"max-snippet:-1","max-image-preview":"max-image-preview:large","max-video-preview":"max-video-preview:-1"},"canonical":"https:\/\/www.naturparkmagazin.de\/am-stettiner-haff\/klein-niedlich-aber-nicht-zu-unterschaetzen-naturpark-stammtisch-mit-thematischen-vortrag\/","og_locale":"de_DE","og_type":"article","og_title":"Klein, niedlich, aber nicht zu untersch\u00e4tzen - Naturpark-Stammtisch mit thematischen Vortrag - Naturpark Am Stettiner Haff","og_description":"Am gewohnten Tag zur ungewohnten Zeit. Naturpark-Stammtisch mit Vortrag zum Thema \"Waschb\u00e4r\" Am 5. Dezember 2018, um 17:30 Uhr im Besucherinformationszentrum am Bahnhof Eggesin. F\u00fcr n\u00e4here Infos bitte den Beitrag lesen.","og_url":"https:\/\/www.naturparkmagazin.de\/am-stettiner-haff\/klein-niedlich-aber-nicht-zu-unterschaetzen-naturpark-stammtisch-mit-thematischen-vortrag\/","og_site_name":"Naturpark Am Stettiner Haff","article_published_time":"2018-11-19T07:05:04+00:00","article_modified_time":"2018-11-16T07:07:33+00:00","og_image":[{"width":968,"height":648,"url":"https:\/\/www.naturparkmagazin.de\/am-stettiner-haff\/wp-content\/uploads\/sites\/29\/Waschbaer_50.jpg","type":"image\/jpeg"}],"author":"Jochen Elberskirch","twitter_misc":{"Verfasst von":"Jochen Elberskirch","Gesch\u00e4tzte Lesezeit":"1\u00a0Minute"},"schema":{"@context":"https:\/\/schema.org","@graph":[{"@type":"WebPage","@id":"https:\/\/www.naturparkmagazin.de\/am-stettiner-haff\/klein-niedlich-aber-nicht-zu-unterschaetzen-naturpark-stammtisch-mit-thematischen-vortrag\/","url":"https:\/\/www.naturparkmagazin.de\/am-stettiner-haff\/klein-niedlich-aber-nicht-zu-unterschaetzen-naturpark-stammtisch-mit-thematischen-vortrag\/","name":"Klein, niedlich, aber nicht zu untersch\u00e4tzen - Naturpark-Stammtisch mit thematischen Vortrag - Naturpark Am Stettiner Haff","isPartOf":{"@id":"https:\/\/www.naturparkmagazin.de\/am-stettiner-haff\/#website"},"datePublished":"2018-11-19T07:05:04+00:00","dateModified":"2018-11-16T07:07:33+00:00","author":{"@id":"https:\/\/www.naturparkmagazin.de\/am-stettiner-haff\/#\/schema\/person\/4a7208080dbbfb024d81129b7960c725"},"breadcrumb":{"@id":"https:\/\/www.naturparkmagazin.de\/am-stettiner-haff\/klein-niedlich-aber-nicht-zu-unterschaetzen-naturpark-stammtisch-mit-thematischen-vortrag\/#breadcrumb"},"inLanguage":"de","potentialAction":[{"@type":"ReadAction","target":["https:\/\/www.naturparkmagazin.de\/am-stettiner-haff\/klein-niedlich-aber-nicht-zu-unterschaetzen-naturpark-stammtisch-mit-thematischen-vortrag\/"]}]},{"@type":"BreadcrumbList","@id":"https:\/\/www.naturparkmagazin.de\/am-stettiner-haff\/klein-niedlich-aber-nicht-zu-unterschaetzen-naturpark-stammtisch-mit-thematischen-vortrag\/#breadcrumb","itemListElement":[{"@type":"ListItem","position":1,"name":"Home","item":"https:\/\/www.naturparkmagazin.de\/am-stettiner-haff\/"},{"@type":"ListItem","position":2,"name":"Klein, niedlich, aber nicht zu untersch\u00e4tzen &#8211; Naturpark-Stammtisch mit thematischen Vortrag"}]},{"@type":"WebSite","@id":"https:\/\/www.naturparkmagazin.de\/am-stettiner-haff\/#website","url":"https:\/\/www.naturparkmagazin.de\/am-stettiner-haff\/","name":"Naturpark Am Stettiner Haff","description":"","potentialAction":[{"@type":"SearchAction","target":{"@type":"EntryPoint","urlTemplate":"https:\/\/www.naturparkmagazin.de\/am-stettiner-haff\/?s={search_term_string}"},"query-input":"required name=search_term_string"}],"inLanguage":"de"},{"@type":"Person","@id":"https:\/\/www.naturparkmagazin.de\/am-stettiner-haff\/#\/schema\/person\/4a7208080dbbfb024d81129b7960c725","name":"Jochen Elberskirch","sameAs":["http:\/\/www.naturpark-am-stettiner-haff.de"],"url":"https:\/\/www.naturparkmagazin.de\/am-stettiner-haff\/author\/jochenelberskirch\/"}]}},"_links":{"self":[{"href":"https:\/\/www.naturparkmagazin.de\/am-stettiner-haff\/wp-json\/wp\/v2\/posts\/2506"}],"collection":[{"href":"https:\/\/www.naturparkmagazin.de\/am-stettiner-haff\/wp-json\/wp\/v2\/posts"}],"about":[{"href":"https:\/\/www.naturparkmagazin.de\/am-stettiner-haff\/wp-json\/wp\/v2\/types\/post"}],"author":[{"embeddable":true,"href":"https:\/\/www.naturparkmagazin.de\/am-stettiner-haff\/wp-json\/wp\/v2\/users\/26"}],"replies":[{"embeddable":true,"href":"https:\/\/www.naturparkmagazin.de\/am-stettiner-haff\/wp-json\/wp\/v2\/comments?post=2506"}],"version-history":[{"count":9,"href":"https:\/\/www.naturparkmagazin.de\/am-stettiner-haff\/wp-json\/wp\/v2\/posts\/2506\/revisions"}],"predecessor-version":[{"id":2536,"href":"https:\/\/www.naturparkmagazin.de\/am-stettiner-haff\/wp-json\/wp\/v2\/posts\/2506\/revisions\/2536"}],"wp:featuredmedia":[{"embeddable":true,"href":"https:\/\/www.naturparkmagazin.de\/am-stettiner-haff\/wp-json\/wp\/v2\/media\/2512"}],"wp:attachment":[{"href":"https:\/\/www.naturparkmagazin.de\/am-stettiner-haff\/wp-json\/wp\/v2\/media?parent=2506"}],"wp:term":[{"taxonomy":"category","embeddable":true,"href":"https:\/\/www.naturparkmagazin.de\/am-stettiner-haff\/wp-json\/wp\/v2\/categories?post=2506"},{"taxonomy":"post_tag","embeddable":true,"href":"https:\/\/www.naturparkmagazin.de\/am-stettiner-haff\/wp-json\/wp\/v2\/tags?post=2506"}],"curies":[{"name":"wp","href":"https:\/\/api.w.org\/{rel}","templated":true}]}}