{"id":2517,"date":"2018-11-19T09:50:25","date_gmt":"2018-11-19T08:50:25","guid":{"rendered":"https:\/\/www.naturparkmagazin.de\/am-stettiner-haff\/?p=2517"},"modified":"2018-11-20T16:01:26","modified_gmt":"2018-11-20T15:01:26","slug":"schon-wieder-steht-der-dezember-vor-der-tuer","status":"publish","type":"post","link":"https:\/\/www.naturparkmagazin.de\/am-stettiner-haff\/schon-wieder-steht-der-dezember-vor-der-tuer\/","title":{"rendered":"Schon wieder steht der Dezember vor der T\u00fcr &#8230;."},"content":{"rendered":"<p><a href=\"https:\/\/www.naturparkmagazin.de\/am-stettiner-haff\/wp-content\/uploads\/sites\/29\/Weihnachtswichtel.jpeg\"><img decoding=\"async\" loading=\"lazy\" class=\"aligncenter size-medium wp-image-2525\" src=\"https:\/\/www.naturparkmagazin.de\/am-stettiner-haff\/wp-content\/uploads\/sites\/29\/Weihnachtswichtel-620x349.jpeg\" alt=\"Weihnachtswichtel\" width=\"620\" height=\"349\" srcset=\"https:\/\/www.naturparkmagazin.de\/am-stettiner-haff\/wp-content\/uploads\/sites\/29\/Weihnachtswichtel-620x349.jpeg 620w, https:\/\/www.naturparkmagazin.de\/am-stettiner-haff\/wp-content\/uploads\/sites\/29\/Weihnachtswichtel-940x529.jpeg 940w, https:\/\/www.naturparkmagazin.de\/am-stettiner-haff\/wp-content\/uploads\/sites\/29\/Weihnachtswichtel-670x377.jpeg 670w, https:\/\/www.naturparkmagazin.de\/am-stettiner-haff\/wp-content\/uploads\/sites\/29\/Weihnachtswichtel-200x113.jpeg 200w\" sizes=\"(max-width: 620px) 100vw, 620px\" \/><\/a><\/p>\n<p>Der Sommer in diesem Jahr ist gef\u00fchlt gerade erst seit drei Wochen zu Ende und schon k\u00fcndigen sich mit gro\u00dfen Schritten und vielen Lichtern die Jahresendfeierlichkeiten an&#8230;<\/p>\n<p>Der Dezember steht vor der T\u00fcr und wartet darauf eingelassen zu werden. Aber Vorsicht er hat die Vorweihnachtszeit dabei, die vor lauter Terminen aus allen N\u00e4hten zu platzen scheint.<\/p>\n<p>Mit einer Portion n\u00f6tiger Gelassenheit lassen sich auch diese beiden gut in den Griff bekommen. Gerade die Adventszeit mit all ihren Kl\u00e4ngen, D\u00fcften und Lichtern l\u00e4dt doch f\u00f6rmlich dazu ein, sich auf das wesentliche zu besinnen &#8211; das Leben. Also genie\u00dfen sie, am besten in Begleitung von Menschen die ihnen besonders am Herzen liegen, diese sch\u00f6ne besinnliche Zeit des Lebens.<\/p>\n<p>Die vielen Weihnachts- und Adventsm\u00e4rkt in der Naturpark-Region eignen sich hierf\u00fcr ebenso, wie die zahlreichen Konzerte zum Zuh\u00f6ren und Mitsingen.<\/p>\n<p>Hier eine Auswahl von Angeboten:<\/p>\n<p>&nbsp;<\/p>\n<ul>\n<li>01.12.2018 &#8211; Brennholztag in Eggesin &#8211; der etwas andere Weihnachtsmarkt (ab 12:00 Uhr)<\/li>\n<li>01.12.2018 &#8211; Adventsmarkt\u00a0 auf dem Burggel\u00e4nde L\u00f6cknitz (ab 14:00 Uhr)<\/li>\n<li>01.12.2018 &#8211; Adventsmarkt Ferdinandshof (im &amp; am Brandstall)<\/li>\n<li>01.\u00a0und 02.12. 2018 &#8211; Weihnachtsmarkt\u00a0in Torgelow<\/li>\n<li>02.12.2018 &#8211; Adventskonzert der Kreismusikschule in\u00a0Ferdinandshof\u00a0(15:00 im Brandstall)<\/li>\n<li>02.12.2018 &#8211; Bl\u00e4sermusik im Kerzenschein &#8211;\u00a0Festliche Musik zum Advent (17:00 Uhr St. Marienkirche Pasewalk)<\/li>\n<li>06.12.2018 &#8211; Adventskonzert der Kreismusikschule\u00a0in Blumenthal (Dorfkirche Blumenthal 19:00 Uhr)<\/li>\n<li>07.12.2018 &#8211; Weihnachtskonzert in der Kirche L\u00f6cknitz mit dem Salonorchester des Eberswalder Konzertorchesters\u00a0(18:30 Uhr)<\/li>\n<li>07.\u00a0bis 09.12.2018- \u00a0Weihnachtsmarkt in Pasewalk<\/li>\n<li>08.12.2018 &#8211; <a title=\"Adventsdorf Rieth\" href=\"http:\/\/www.kulturscheune-rieth.de\/\">Adventsdorf Rieth<\/a>\u00a0(ab 15:00 Uhr)<\/li>\n<li>15. + 16.12.2018 &#8211; 18. Ueckerm\u00fcnder Weihnachtsmarkt<\/li>\n<li>15.12.2018 &#8211; Zauberhafter Advent (16:00 Uhr, Kulturforum\u00a0\u201eHistorisches U&#8220; &#8211; Pasewalk\u00a0)<\/li>\n<li>16.12.2018 &#8211; Weihnachtsmarkt in Blumenthal (Gel\u00e4nde des Sch\u00fctzenvereins)<\/li>\n<li>16.12.2018 &#8211; Adventskonzert &#8211; H\u00e4ndel: &#8222;Messias&#8220; (19:00 Uhr St. Marienkirche Pasewalk)<\/li>\n<li>20.12.2018 &#8211;\u00a0Weihnachtskonzert des Oskar-Picht-Gymnasiums Pasewalk (19:00 Uhr, Kulturforum\u00a0\u201eHistorisches U&#8220; &#8211; Pasewalk\u00a0)<\/li>\n<li>20.12.2018 &#8211; \u00a0Weihnachtskonzert mit dem Brandenburgischen Konzertorchester &#8211; Ueckersaal Torgelow (19:30 Uhr)<\/li>\n<li>21. 12.2018 &#8211; Bl\u00e4sermusik im Kerzenschein mit Martin Huss (Landesposaunenwart) (19:00 Uhr\u00a0Christuskirche Torgelow)<\/li>\n<li>23.12.2018 &#8211; 7. M\u00f6nkebuder Weihnachtsmarkt (ab 14:30 Uhr &#8211; Am Brink, Platz neben der Kirche )<\/li>\n<\/ul>\n","protected":false},"excerpt":{"rendered":"<p>Der Sommer in diesem Jahr ist gef\u00fchlt gerade erst seit drei Wochen zu Ende und schon k\u00fcndigen sich mit gro\u00dfen Schritten und vielen Lichtern die Jahresendfeierlichkeiten an&#8230;<\/p>\n<p>Der Dezember steht vor der T\u00fcr und wartet darauf eingelassen zu werden. Aber Vorsicht er hat die Vorweihnachtszeit dabei, die vor lauter Terminen aus allen N\u00e4hten zu platzen scheint.<\/p>\n","protected":false},"author":26,"featured_media":2525,"comment_status":"open","ping_status":"open","sticky":false,"template":"","format":"standard","meta":[],"categories":[11],"tags":[],"yoast_head":"<!-- This site is optimized with the Yoast SEO plugin v19.10 - https:\/\/yoast.com\/wordpress\/plugins\/seo\/ -->\n<title>Schon wieder steht der Dezember vor der T\u00fcr .... - Naturpark Am Stettiner Haff<\/title>\n<meta name=\"robots\" content=\"index, follow, max-snippet:-1, max-image-preview:large, max-video-preview:-1\" \/>\n<link rel=\"canonical\" href=\"https:\/\/www.naturparkmagazin.de\/am-stettiner-haff\/schon-wieder-steht-der-dezember-vor-der-tuer\/\" \/>\n<meta property=\"og:locale\" content=\"de_DE\" \/>\n<meta property=\"og:type\" content=\"article\" \/>\n<meta property=\"og:title\" content=\"Schon wieder steht der Dezember vor der T\u00fcr .... - Naturpark Am Stettiner Haff\" \/>\n<meta property=\"og:description\" content=\"Der Sommer in diesem Jahr ist gef\u00fchlt gerade erst seit drei Wochen zu Ende und schon k\u00fcndigen sich mit gro\u00dfen Schritten und vielen Lichtern die Jahresendfeierlichkeiten an...  Der Dezember steht vor der T\u00fcr und wartet darauf eingelassen zu werden. Aber Vorsicht er hat die Vorweihnachtszeit dabei, die vor lauter Terminen aus allen N\u00e4hten zu platzen scheint.\" \/>\n<meta property=\"og:url\" content=\"https:\/\/www.naturparkmagazin.de\/am-stettiner-haff\/schon-wieder-steht-der-dezember-vor-der-tuer\/\" \/>\n<meta property=\"og:site_name\" content=\"Naturpark Am Stettiner Haff\" \/>\n<meta property=\"article:published_time\" content=\"2018-11-19T08:50:25+00:00\" \/>\n<meta property=\"article:modified_time\" content=\"2018-11-20T15:01:26+00:00\" \/>\n<meta property=\"og:image\" content=\"https:\/\/www.naturparkmagazin.de\/am-stettiner-haff\/wp-content\/uploads\/sites\/29\/Weihnachtswichtel.jpeg\" \/>\n\t<meta property=\"og:image:width\" content=\"3264\" \/>\n\t<meta property=\"og:image:height\" content=\"1836\" \/>\n\t<meta property=\"og:image:type\" content=\"image\/jpeg\" \/>\n<meta name=\"author\" content=\"Jochen Elberskirch\" \/>\n<meta name=\"twitter:label1\" content=\"Verfasst von\" \/>\n\t<meta name=\"twitter:data1\" content=\"Jochen Elberskirch\" \/>\n\t<meta name=\"twitter:label2\" content=\"Gesch\u00e4tzte Lesezeit\" \/>\n\t<meta name=\"twitter:data2\" content=\"2\u00a0Minuten\" \/>\n<script type=\"application\/ld+json\" class=\"yoast-schema-graph\">{\"@context\":\"https:\/\/schema.org\",\"@graph\":[{\"@type\":\"WebPage\",\"@id\":\"https:\/\/www.naturparkmagazin.de\/am-stettiner-haff\/schon-wieder-steht-der-dezember-vor-der-tuer\/\",\"url\":\"https:\/\/www.naturparkmagazin.de\/am-stettiner-haff\/schon-wieder-steht-der-dezember-vor-der-tuer\/\",\"name\":\"Schon wieder steht der Dezember vor der T\u00fcr .... - Naturpark Am Stettiner Haff\",\"isPartOf\":{\"@id\":\"https:\/\/www.naturparkmagazin.de\/am-stettiner-haff\/#website\"},\"datePublished\":\"2018-11-19T08:50:25+00:00\",\"dateModified\":\"2018-11-20T15:01:26+00:00\",\"author\":{\"@id\":\"https:\/\/www.naturparkmagazin.de\/am-stettiner-haff\/#\/schema\/person\/4a7208080dbbfb024d81129b7960c725\"},\"breadcrumb\":{\"@id\":\"https:\/\/www.naturparkmagazin.de\/am-stettiner-haff\/schon-wieder-steht-der-dezember-vor-der-tuer\/#breadcrumb\"},\"inLanguage\":\"de\",\"potentialAction\":[{\"@type\":\"ReadAction\",\"target\":[\"https:\/\/www.naturparkmagazin.de\/am-stettiner-haff\/schon-wieder-steht-der-dezember-vor-der-tuer\/\"]}]},{\"@type\":\"BreadcrumbList\",\"@id\":\"https:\/\/www.naturparkmagazin.de\/am-stettiner-haff\/schon-wieder-steht-der-dezember-vor-der-tuer\/#breadcrumb\",\"itemListElement\":[{\"@type\":\"ListItem\",\"position\":1,\"name\":\"Home\",\"item\":\"https:\/\/www.naturparkmagazin.de\/am-stettiner-haff\/\"},{\"@type\":\"ListItem\",\"position\":2,\"name\":\"Schon wieder steht der Dezember vor der T\u00fcr &#8230;.\"}]},{\"@type\":\"WebSite\",\"@id\":\"https:\/\/www.naturparkmagazin.de\/am-stettiner-haff\/#website\",\"url\":\"https:\/\/www.naturparkmagazin.de\/am-stettiner-haff\/\",\"name\":\"Naturpark Am Stettiner Haff\",\"description\":\"\",\"potentialAction\":[{\"@type\":\"SearchAction\",\"target\":{\"@type\":\"EntryPoint\",\"urlTemplate\":\"https:\/\/www.naturparkmagazin.de\/am-stettiner-haff\/?s={search_term_string}\"},\"query-input\":\"required name=search_term_string\"}],\"inLanguage\":\"de\"},{\"@type\":\"Person\",\"@id\":\"https:\/\/www.naturparkmagazin.de\/am-stettiner-haff\/#\/schema\/person\/4a7208080dbbfb024d81129b7960c725\",\"name\":\"Jochen Elberskirch\",\"sameAs\":[\"http:\/\/www.naturpark-am-stettiner-haff.de\"],\"url\":\"https:\/\/www.naturparkmagazin.de\/am-stettiner-haff\/author\/jochenelberskirch\/\"}]}<\/script>\n<!-- \/ Yoast SEO plugin. -->","yoast_head_json":{"title":"Schon wieder steht der Dezember vor der T\u00fcr .... - Naturpark Am Stettiner Haff","robots":{"index":"index","follow":"follow","max-snippet":"max-snippet:-1","max-image-preview":"max-image-preview:large","max-video-preview":"max-video-preview:-1"},"canonical":"https:\/\/www.naturparkmagazin.de\/am-stettiner-haff\/schon-wieder-steht-der-dezember-vor-der-tuer\/","og_locale":"de_DE","og_type":"article","og_title":"Schon wieder steht der Dezember vor der T\u00fcr .... - Naturpark Am Stettiner Haff","og_description":"Der Sommer in diesem Jahr ist gef\u00fchlt gerade erst seit drei Wochen zu Ende und schon k\u00fcndigen sich mit gro\u00dfen Schritten und vielen Lichtern die Jahresendfeierlichkeiten an...  Der Dezember steht vor der T\u00fcr und wartet darauf eingelassen zu werden. Aber Vorsicht er hat die Vorweihnachtszeit dabei, die vor lauter Terminen aus allen N\u00e4hten zu platzen scheint.","og_url":"https:\/\/www.naturparkmagazin.de\/am-stettiner-haff\/schon-wieder-steht-der-dezember-vor-der-tuer\/","og_site_name":"Naturpark Am Stettiner Haff","article_published_time":"2018-11-19T08:50:25+00:00","article_modified_time":"2018-11-20T15:01:26+00:00","og_image":[{"width":3264,"height":1836,"url":"https:\/\/www.naturparkmagazin.de\/am-stettiner-haff\/wp-content\/uploads\/sites\/29\/Weihnachtswichtel.jpeg","type":"image\/jpeg"}],"author":"Jochen Elberskirch","twitter_misc":{"Verfasst von":"Jochen Elberskirch","Gesch\u00e4tzte Lesezeit":"2\u00a0Minuten"},"schema":{"@context":"https:\/\/schema.org","@graph":[{"@type":"WebPage","@id":"https:\/\/www.naturparkmagazin.de\/am-stettiner-haff\/schon-wieder-steht-der-dezember-vor-der-tuer\/","url":"https:\/\/www.naturparkmagazin.de\/am-stettiner-haff\/schon-wieder-steht-der-dezember-vor-der-tuer\/","name":"Schon wieder steht der Dezember vor der T\u00fcr .... - Naturpark Am Stettiner Haff","isPartOf":{"@id":"https:\/\/www.naturparkmagazin.de\/am-stettiner-haff\/#website"},"datePublished":"2018-11-19T08:50:25+00:00","dateModified":"2018-11-20T15:01:26+00:00","author":{"@id":"https:\/\/www.naturparkmagazin.de\/am-stettiner-haff\/#\/schema\/person\/4a7208080dbbfb024d81129b7960c725"},"breadcrumb":{"@id":"https:\/\/www.naturparkmagazin.de\/am-stettiner-haff\/schon-wieder-steht-der-dezember-vor-der-tuer\/#breadcrumb"},"inLanguage":"de","potentialAction":[{"@type":"ReadAction","target":["https:\/\/www.naturparkmagazin.de\/am-stettiner-haff\/schon-wieder-steht-der-dezember-vor-der-tuer\/"]}]},{"@type":"BreadcrumbList","@id":"https:\/\/www.naturparkmagazin.de\/am-stettiner-haff\/schon-wieder-steht-der-dezember-vor-der-tuer\/#breadcrumb","itemListElement":[{"@type":"ListItem","position":1,"name":"Home","item":"https:\/\/www.naturparkmagazin.de\/am-stettiner-haff\/"},{"@type":"ListItem","position":2,"name":"Schon wieder steht der Dezember vor der T\u00fcr &#8230;."}]},{"@type":"WebSite","@id":"https:\/\/www.naturparkmagazin.de\/am-stettiner-haff\/#website","url":"https:\/\/www.naturparkmagazin.de\/am-stettiner-haff\/","name":"Naturpark Am Stettiner Haff","description":"","potentialAction":[{"@type":"SearchAction","target":{"@type":"EntryPoint","urlTemplate":"https:\/\/www.naturparkmagazin.de\/am-stettiner-haff\/?s={search_term_string}"},"query-input":"required name=search_term_string"}],"inLanguage":"de"},{"@type":"Person","@id":"https:\/\/www.naturparkmagazin.de\/am-stettiner-haff\/#\/schema\/person\/4a7208080dbbfb024d81129b7960c725","name":"Jochen Elberskirch","sameAs":["http:\/\/www.naturpark-am-stettiner-haff.de"],"url":"https:\/\/www.naturparkmagazin.de\/am-stettiner-haff\/author\/jochenelberskirch\/"}]}},"_links":{"self":[{"href":"https:\/\/www.naturparkmagazin.de\/am-stettiner-haff\/wp-json\/wp\/v2\/posts\/2517"}],"collection":[{"href":"https:\/\/www.naturparkmagazin.de\/am-stettiner-haff\/wp-json\/wp\/v2\/posts"}],"about":[{"href":"https:\/\/www.naturparkmagazin.de\/am-stettiner-haff\/wp-json\/wp\/v2\/types\/post"}],"author":[{"embeddable":true,"href":"https:\/\/www.naturparkmagazin.de\/am-stettiner-haff\/wp-json\/wp\/v2\/users\/26"}],"replies":[{"embeddable":true,"href":"https:\/\/www.naturparkmagazin.de\/am-stettiner-haff\/wp-json\/wp\/v2\/comments?post=2517"}],"version-history":[{"count":13,"href":"https:\/\/www.naturparkmagazin.de\/am-stettiner-haff\/wp-json\/wp\/v2\/posts\/2517\/revisions"}],"predecessor-version":[{"id":2560,"href":"https:\/\/www.naturparkmagazin.de\/am-stettiner-haff\/wp-json\/wp\/v2\/posts\/2517\/revisions\/2560"}],"wp:featuredmedia":[{"embeddable":true,"href":"https:\/\/www.naturparkmagazin.de\/am-stettiner-haff\/wp-json\/wp\/v2\/media\/2525"}],"wp:attachment":[{"href":"https:\/\/www.naturparkmagazin.de\/am-stettiner-haff\/wp-json\/wp\/v2\/media?parent=2517"}],"wp:term":[{"taxonomy":"category","embeddable":true,"href":"https:\/\/www.naturparkmagazin.de\/am-stettiner-haff\/wp-json\/wp\/v2\/categories?post=2517"},{"taxonomy":"post_tag","embeddable":true,"href":"https:\/\/www.naturparkmagazin.de\/am-stettiner-haff\/wp-json\/wp\/v2\/tags?post=2517"}],"curies":[{"name":"wp","href":"https:\/\/api.w.org\/{rel}","templated":true}]}}