{"id":2537,"date":"2018-11-19T13:33:04","date_gmt":"2018-11-19T12:33:04","guid":{"rendered":"https:\/\/www.naturparkmagazin.de\/am-stettiner-haff\/?p=2537"},"modified":"2018-11-29T12:11:27","modified_gmt":"2018-11-29T11:11:27","slug":"eine-wanderung-in-das-martensche-bruch","status":"publish","type":"post","link":"https:\/\/www.naturparkmagazin.de\/am-stettiner-haff\/eine-wanderung-in-das-martensche-bruch\/","title":{"rendered":"Eine Wanderung in das Martensche Bruch"},"content":{"rendered":"<p>von\u00a0Herr Winfried Zimmermann (Wanderfreunde Haffk\u00fcste e.V. Eggesin)<\/p>\n<p>Am Sonnabend (17.11.2018) Vormittag trafen sich \u00fcber 70 Wanderlustige in Hintersee um eine Wanderung in das Martensche Bruch anzutreten. 9 polnische G\u00e4ste aus dem befreundeten \u00f6kologischen Verein \u201eSama Rama\u201c aus Police waren auch dabei.<\/p>\n<p>Los ging es bei herrlichem Herbstwetter \u00fcber Riether Neuhaus hinein in die endlosen W\u00e4lder der Ueckerm\u00fcnder Heide. Nach gut 2km erreichten die Wanderer die Grenze zur Republik Polen. Jenseits der Grenze liegt die kleine Urlaubersiedlung M\u00fctzelburg mit einer Oberf\u00f6rsterei.<\/p>\n<p>Die Wanderung wurde nun in s\u00fcdlicher Richtung fortgesetzt durch einen wundersch\u00f6nen lichtdurchfluteten Buchen-Mischwald. Nach \u00dcberqueren der Grenzstra\u00dfe erreichten die Wanderer den D\u00fcnenzug der Kammerberge. Diese nach der letzten Eiszeit entstandenen Sandh\u00fcgel machten uns aber kaum Probleme.<\/p>\n<p>Dann an einer Waldkreuzung ein auff\u00e4llig behauener Stein. Vor etwa 700 Jahren begann man Steine roh zu behauen und diese als Grenzmarkierung einzubringen. Hier trennte man die Flurst\u00fccksgrenzen der \u201eK\u00f6niglichen Heide\u201c von der \u201eStolzenburger Heide\u201c. Nun lagen noch einige 100m schwieriges Unterholz vor den Wanderern bis man den \u00dcbergang \u00fcber die Zopfenbecke fand. Hier soll es auch eine Wasserm\u00fchle gegeben haben.<\/p>\n<div id=\"attachment_2538\" style=\"width: 630px\" class=\"wp-caption aligncenter\"><a href=\"https:\/\/www.naturparkmagazin.de\/am-stettiner-haff\/wp-content\/uploads\/sites\/29\/IMG_1808.jpg\"><img aria-describedby=\"caption-attachment-2538\" decoding=\"async\" loading=\"lazy\" class=\"wp-image-2538 size-medium\" src=\"https:\/\/www.naturparkmagazin.de\/am-stettiner-haff\/wp-content\/uploads\/sites\/29\/IMG_1808-620x465.jpg\" alt=\"Start der Wanderung in Hintersee, W. Zimmermann\" width=\"620\" height=\"465\" srcset=\"https:\/\/www.naturparkmagazin.de\/am-stettiner-haff\/wp-content\/uploads\/sites\/29\/IMG_1808-620x465.jpg 620w, https:\/\/www.naturparkmagazin.de\/am-stettiner-haff\/wp-content\/uploads\/sites\/29\/IMG_1808-300x225.jpg 300w, https:\/\/www.naturparkmagazin.de\/am-stettiner-haff\/wp-content\/uploads\/sites\/29\/IMG_1808-940x705.jpg 940w, https:\/\/www.naturparkmagazin.de\/am-stettiner-haff\/wp-content\/uploads\/sites\/29\/IMG_1808-580x435.jpg 580w, https:\/\/www.naturparkmagazin.de\/am-stettiner-haff\/wp-content\/uploads\/sites\/29\/IMG_1808-420x315.jpg 420w, https:\/\/www.naturparkmagazin.de\/am-stettiner-haff\/wp-content\/uploads\/sites\/29\/IMG_1808-180x135.jpg 180w, https:\/\/www.naturparkmagazin.de\/am-stettiner-haff\/wp-content\/uploads\/sites\/29\/IMG_1808-95x71.jpg 95w, https:\/\/www.naturparkmagazin.de\/am-stettiner-haff\/wp-content\/uploads\/sites\/29\/IMG_1808-670x503.jpg 670w, https:\/\/www.naturparkmagazin.de\/am-stettiner-haff\/wp-content\/uploads\/sites\/29\/IMG_1808-200x150.jpg 200w, https:\/\/www.naturparkmagazin.de\/am-stettiner-haff\/wp-content\/uploads\/sites\/29\/IMG_1808.jpg 1024w\" sizes=\"(max-width: 620px) 100vw, 620px\" \/><\/a><p id=\"caption-attachment-2538\" class=\"wp-caption-text\">Start der Wanderung in Hintersee, W. Zimmermann<\/p><\/div>\n<div id=\"attachment_2541\" style=\"width: 630px\" class=\"wp-caption aligncenter\"><a href=\"https:\/\/www.naturparkmagazin.de\/am-stettiner-haff\/wp-content\/uploads\/sites\/29\/IMG_1826.jpg\"><img aria-describedby=\"caption-attachment-2541\" decoding=\"async\" loading=\"lazy\" class=\"wp-image-2541 size-medium\" src=\"https:\/\/www.naturparkmagazin.de\/am-stettiner-haff\/wp-content\/uploads\/sites\/29\/IMG_1826-620x465.jpg\" alt=\"Aussichtsplattform am Martenschen Bruch, W. Zimmermann\" width=\"620\" height=\"465\" srcset=\"https:\/\/www.naturparkmagazin.de\/am-stettiner-haff\/wp-content\/uploads\/sites\/29\/IMG_1826-620x465.jpg 620w, https:\/\/www.naturparkmagazin.de\/am-stettiner-haff\/wp-content\/uploads\/sites\/29\/IMG_1826-300x225.jpg 300w, https:\/\/www.naturparkmagazin.de\/am-stettiner-haff\/wp-content\/uploads\/sites\/29\/IMG_1826-940x705.jpg 940w, https:\/\/www.naturparkmagazin.de\/am-stettiner-haff\/wp-content\/uploads\/sites\/29\/IMG_1826-580x435.jpg 580w, https:\/\/www.naturparkmagazin.de\/am-stettiner-haff\/wp-content\/uploads\/sites\/29\/IMG_1826-420x315.jpg 420w, https:\/\/www.naturparkmagazin.de\/am-stettiner-haff\/wp-content\/uploads\/sites\/29\/IMG_1826-180x135.jpg 180w, https:\/\/www.naturparkmagazin.de\/am-stettiner-haff\/wp-content\/uploads\/sites\/29\/IMG_1826-95x71.jpg 95w, https:\/\/www.naturparkmagazin.de\/am-stettiner-haff\/wp-content\/uploads\/sites\/29\/IMG_1826-670x503.jpg 670w, https:\/\/www.naturparkmagazin.de\/am-stettiner-haff\/wp-content\/uploads\/sites\/29\/IMG_1826-200x150.jpg 200w, https:\/\/www.naturparkmagazin.de\/am-stettiner-haff\/wp-content\/uploads\/sites\/29\/IMG_1826.jpg 1024w\" sizes=\"(max-width: 620px) 100vw, 620px\" \/><\/a><p id=\"caption-attachment-2541\" class=\"wp-caption-text\">Aussichtsplattform am Martenschen Bruch, W. Zimmermann<\/p><\/div>\n<p>Nun war unser Zwischenziel die Aussichtsplattform am Martenschen Bruch erreicht. Der Revierf\u00f6rster vom Revier Glash\u00fctte erwartete die Gruppe bereits und berichtete Interessantes zur Wiedervern\u00e4ssung des Martenschen Bruchs. Vor etwa 50 Jahren fanden auf diesen Fl\u00e4chen Meliorationsarbeiten statt, damit diese anschlie\u00dfend landwirtschaftlich genutzt werden konnten. Da jetzt aber kein Interesse an einer landwirschaftlichen Nutzung besteht, werden diese Fl\u00e4chen durch die Deutsche Stiftung Umwelt durch Anhebung des Grundwasserspiegels wiedervern\u00e4sst. Diese Ma\u00dfnahme, die noch \u00fcber mehrere Jahre laufen wird, ist ein Ausgleich f\u00fcr den Bau der Erdgastrasse \u201eOPAL\u201c. Mit sieben regelbaren Staubauwerken soll der Wasserstand allm\u00e4hlichangehoben werden. Dieser Prozess wird in kurzen Abst\u00e4nden \u00fcberwacht, sodass es keine negativen Auswirkunen auf andere Bereiche geben kann. Es sind weiterhin derder Umbau des Waldbestandes und eine Teiverf\u00fcllung von Gr\u00e4ben sowie der R\u00fcckbau von Wegen und alten Wehren vorgesehen erfuhren die Wandersleute von Herrn Petri.<\/p>\n<p>Dann war es Zeit f\u00fcr eine Mittagsrast und Frau Mundry von der \u201eFennsch\u00e4nke\u201c in Hintersee versorgte die Wanderer mit einer schmackhaften Kartoffelsuppe. Gest\u00e4rkt konnten diese dann ihren Weg fortsetzen und erreichten bald den Alten Bahndamm der Randower Kleinbahn, die ja bis 1945 von St\u00f6ven bis Neuwarp fuhr. Die Wanderer mu\u00dften aber diesen letzten Abschnitt nach Hintersee auf Schusters Rappen bew\u00e4ltigen und erreichten nach 10km den Ausgangspunkt der Wanderung.<\/p>\n<p>&nbsp;<\/p>\n<p>Ausblick:<\/p>\n<p>Am 5.Januar 2019 treffen sich die Wanderer zum traditionellen Januarfeuer in Mewegen um 9.30 Uhr auf dem Festplatz. Die Wanderung f\u00fchrt durch den Regower Forst zum verlandeten Regowsee und zum Schwarzen See zur\u00fcck nach Mewegen.<\/p>\n","protected":false},"excerpt":{"rendered":"<p>70 Wanderlustige und 9 polnische G\u00e4ste aus dem befreundeten \u00f6kologischen Verein \u201eSama Rama\u201c aus Police trafen sich in Hintersee um eine Wanderung in das Martensche Bruch anzutreten. <\/p>\n","protected":false},"author":26,"featured_media":2540,"comment_status":"open","ping_status":"open","sticky":false,"template":"","format":"standard","meta":[],"categories":[7],"tags":[],"yoast_head":"<!-- This site is optimized with the Yoast SEO plugin v19.10 - https:\/\/yoast.com\/wordpress\/plugins\/seo\/ -->\n<title>Eine Wanderung in das Martensche Bruch - Naturpark Am Stettiner Haff<\/title>\n<meta name=\"robots\" content=\"index, follow, max-snippet:-1, max-image-preview:large, max-video-preview:-1\" \/>\n<link rel=\"canonical\" href=\"https:\/\/www.naturparkmagazin.de\/am-stettiner-haff\/eine-wanderung-in-das-martensche-bruch\/\" \/>\n<meta property=\"og:locale\" content=\"de_DE\" \/>\n<meta property=\"og:type\" content=\"article\" \/>\n<meta property=\"og:title\" content=\"Eine Wanderung in das Martensche Bruch - Naturpark Am Stettiner Haff\" \/>\n<meta property=\"og:description\" content=\"70 Wanderlustige und 9 polnische G\u00e4ste aus dem befreundeten \u00f6kologischen Verein \u201eSama Rama\u201c aus Police trafen sich in Hintersee um eine Wanderung in das Martensche Bruch anzutreten.\" \/>\n<meta property=\"og:url\" content=\"https:\/\/www.naturparkmagazin.de\/am-stettiner-haff\/eine-wanderung-in-das-martensche-bruch\/\" \/>\n<meta property=\"og:site_name\" content=\"Naturpark Am Stettiner Haff\" \/>\n<meta property=\"article:published_time\" content=\"2018-11-19T12:33:04+00:00\" \/>\n<meta property=\"article:modified_time\" content=\"2018-11-29T11:11:27+00:00\" \/>\n<meta property=\"og:image\" content=\"https:\/\/www.naturparkmagazin.de\/am-stettiner-haff\/wp-content\/uploads\/sites\/29\/IMG_1823a.jpg\" \/>\n\t<meta property=\"og:image:width\" content=\"477\" \/>\n\t<meta property=\"og:image:height\" content=\"483\" \/>\n\t<meta property=\"og:image:type\" content=\"image\/jpeg\" \/>\n<meta name=\"author\" content=\"Jochen Elberskirch\" \/>\n<meta name=\"twitter:label1\" content=\"Verfasst von\" \/>\n\t<meta name=\"twitter:data1\" content=\"Jochen Elberskirch\" \/>\n\t<meta name=\"twitter:label2\" content=\"Gesch\u00e4tzte Lesezeit\" \/>\n\t<meta name=\"twitter:data2\" content=\"2\u00a0Minuten\" \/>\n<script type=\"application\/ld+json\" class=\"yoast-schema-graph\">{\"@context\":\"https:\/\/schema.org\",\"@graph\":[{\"@type\":\"WebPage\",\"@id\":\"https:\/\/www.naturparkmagazin.de\/am-stettiner-haff\/eine-wanderung-in-das-martensche-bruch\/\",\"url\":\"https:\/\/www.naturparkmagazin.de\/am-stettiner-haff\/eine-wanderung-in-das-martensche-bruch\/\",\"name\":\"Eine Wanderung in das Martensche Bruch - Naturpark Am Stettiner Haff\",\"isPartOf\":{\"@id\":\"https:\/\/www.naturparkmagazin.de\/am-stettiner-haff\/#website\"},\"datePublished\":\"2018-11-19T12:33:04+00:00\",\"dateModified\":\"2018-11-29T11:11:27+00:00\",\"author\":{\"@id\":\"https:\/\/www.naturparkmagazin.de\/am-stettiner-haff\/#\/schema\/person\/4a7208080dbbfb024d81129b7960c725\"},\"breadcrumb\":{\"@id\":\"https:\/\/www.naturparkmagazin.de\/am-stettiner-haff\/eine-wanderung-in-das-martensche-bruch\/#breadcrumb\"},\"inLanguage\":\"de\",\"potentialAction\":[{\"@type\":\"ReadAction\",\"target\":[\"https:\/\/www.naturparkmagazin.de\/am-stettiner-haff\/eine-wanderung-in-das-martensche-bruch\/\"]}]},{\"@type\":\"BreadcrumbList\",\"@id\":\"https:\/\/www.naturparkmagazin.de\/am-stettiner-haff\/eine-wanderung-in-das-martensche-bruch\/#breadcrumb\",\"itemListElement\":[{\"@type\":\"ListItem\",\"position\":1,\"name\":\"Home\",\"item\":\"https:\/\/www.naturparkmagazin.de\/am-stettiner-haff\/\"},{\"@type\":\"ListItem\",\"position\":2,\"name\":\"Eine Wanderung in das Martensche Bruch\"}]},{\"@type\":\"WebSite\",\"@id\":\"https:\/\/www.naturparkmagazin.de\/am-stettiner-haff\/#website\",\"url\":\"https:\/\/www.naturparkmagazin.de\/am-stettiner-haff\/\",\"name\":\"Naturpark Am Stettiner Haff\",\"description\":\"\",\"potentialAction\":[{\"@type\":\"SearchAction\",\"target\":{\"@type\":\"EntryPoint\",\"urlTemplate\":\"https:\/\/www.naturparkmagazin.de\/am-stettiner-haff\/?s={search_term_string}\"},\"query-input\":\"required name=search_term_string\"}],\"inLanguage\":\"de\"},{\"@type\":\"Person\",\"@id\":\"https:\/\/www.naturparkmagazin.de\/am-stettiner-haff\/#\/schema\/person\/4a7208080dbbfb024d81129b7960c725\",\"name\":\"Jochen Elberskirch\",\"sameAs\":[\"http:\/\/www.naturpark-am-stettiner-haff.de\"],\"url\":\"https:\/\/www.naturparkmagazin.de\/am-stettiner-haff\/author\/jochenelberskirch\/\"}]}<\/script>\n<!-- \/ Yoast SEO plugin. -->","yoast_head_json":{"title":"Eine Wanderung in das Martensche Bruch - Naturpark Am Stettiner Haff","robots":{"index":"index","follow":"follow","max-snippet":"max-snippet:-1","max-image-preview":"max-image-preview:large","max-video-preview":"max-video-preview:-1"},"canonical":"https:\/\/www.naturparkmagazin.de\/am-stettiner-haff\/eine-wanderung-in-das-martensche-bruch\/","og_locale":"de_DE","og_type":"article","og_title":"Eine Wanderung in das Martensche Bruch - Naturpark Am Stettiner Haff","og_description":"70 Wanderlustige und 9 polnische G\u00e4ste aus dem befreundeten \u00f6kologischen Verein \u201eSama Rama\u201c aus Police trafen sich in Hintersee um eine Wanderung in das Martensche Bruch anzutreten.","og_url":"https:\/\/www.naturparkmagazin.de\/am-stettiner-haff\/eine-wanderung-in-das-martensche-bruch\/","og_site_name":"Naturpark Am Stettiner Haff","article_published_time":"2018-11-19T12:33:04+00:00","article_modified_time":"2018-11-29T11:11:27+00:00","og_image":[{"width":477,"height":483,"url":"https:\/\/www.naturparkmagazin.de\/am-stettiner-haff\/wp-content\/uploads\/sites\/29\/IMG_1823a.jpg","type":"image\/jpeg"}],"author":"Jochen Elberskirch","twitter_misc":{"Verfasst von":"Jochen Elberskirch","Gesch\u00e4tzte Lesezeit":"2\u00a0Minuten"},"schema":{"@context":"https:\/\/schema.org","@graph":[{"@type":"WebPage","@id":"https:\/\/www.naturparkmagazin.de\/am-stettiner-haff\/eine-wanderung-in-das-martensche-bruch\/","url":"https:\/\/www.naturparkmagazin.de\/am-stettiner-haff\/eine-wanderung-in-das-martensche-bruch\/","name":"Eine Wanderung in das Martensche Bruch - Naturpark Am Stettiner Haff","isPartOf":{"@id":"https:\/\/www.naturparkmagazin.de\/am-stettiner-haff\/#website"},"datePublished":"2018-11-19T12:33:04+00:00","dateModified":"2018-11-29T11:11:27+00:00","author":{"@id":"https:\/\/www.naturparkmagazin.de\/am-stettiner-haff\/#\/schema\/person\/4a7208080dbbfb024d81129b7960c725"},"breadcrumb":{"@id":"https:\/\/www.naturparkmagazin.de\/am-stettiner-haff\/eine-wanderung-in-das-martensche-bruch\/#breadcrumb"},"inLanguage":"de","potentialAction":[{"@type":"ReadAction","target":["https:\/\/www.naturparkmagazin.de\/am-stettiner-haff\/eine-wanderung-in-das-martensche-bruch\/"]}]},{"@type":"BreadcrumbList","@id":"https:\/\/www.naturparkmagazin.de\/am-stettiner-haff\/eine-wanderung-in-das-martensche-bruch\/#breadcrumb","itemListElement":[{"@type":"ListItem","position":1,"name":"Home","item":"https:\/\/www.naturparkmagazin.de\/am-stettiner-haff\/"},{"@type":"ListItem","position":2,"name":"Eine Wanderung in das Martensche Bruch"}]},{"@type":"WebSite","@id":"https:\/\/www.naturparkmagazin.de\/am-stettiner-haff\/#website","url":"https:\/\/www.naturparkmagazin.de\/am-stettiner-haff\/","name":"Naturpark Am Stettiner Haff","description":"","potentialAction":[{"@type":"SearchAction","target":{"@type":"EntryPoint","urlTemplate":"https:\/\/www.naturparkmagazin.de\/am-stettiner-haff\/?s={search_term_string}"},"query-input":"required name=search_term_string"}],"inLanguage":"de"},{"@type":"Person","@id":"https:\/\/www.naturparkmagazin.de\/am-stettiner-haff\/#\/schema\/person\/4a7208080dbbfb024d81129b7960c725","name":"Jochen Elberskirch","sameAs":["http:\/\/www.naturpark-am-stettiner-haff.de"],"url":"https:\/\/www.naturparkmagazin.de\/am-stettiner-haff\/author\/jochenelberskirch\/"}]}},"_links":{"self":[{"href":"https:\/\/www.naturparkmagazin.de\/am-stettiner-haff\/wp-json\/wp\/v2\/posts\/2537"}],"collection":[{"href":"https:\/\/www.naturparkmagazin.de\/am-stettiner-haff\/wp-json\/wp\/v2\/posts"}],"about":[{"href":"https:\/\/www.naturparkmagazin.de\/am-stettiner-haff\/wp-json\/wp\/v2\/types\/post"}],"author":[{"embeddable":true,"href":"https:\/\/www.naturparkmagazin.de\/am-stettiner-haff\/wp-json\/wp\/v2\/users\/26"}],"replies":[{"embeddable":true,"href":"https:\/\/www.naturparkmagazin.de\/am-stettiner-haff\/wp-json\/wp\/v2\/comments?post=2537"}],"version-history":[{"count":5,"href":"https:\/\/www.naturparkmagazin.de\/am-stettiner-haff\/wp-json\/wp\/v2\/posts\/2537\/revisions"}],"predecessor-version":[{"id":2566,"href":"https:\/\/www.naturparkmagazin.de\/am-stettiner-haff\/wp-json\/wp\/v2\/posts\/2537\/revisions\/2566"}],"wp:featuredmedia":[{"embeddable":true,"href":"https:\/\/www.naturparkmagazin.de\/am-stettiner-haff\/wp-json\/wp\/v2\/media\/2540"}],"wp:attachment":[{"href":"https:\/\/www.naturparkmagazin.de\/am-stettiner-haff\/wp-json\/wp\/v2\/media?parent=2537"}],"wp:term":[{"taxonomy":"category","embeddable":true,"href":"https:\/\/www.naturparkmagazin.de\/am-stettiner-haff\/wp-json\/wp\/v2\/categories?post=2537"},{"taxonomy":"post_tag","embeddable":true,"href":"https:\/\/www.naturparkmagazin.de\/am-stettiner-haff\/wp-json\/wp\/v2\/tags?post=2537"}],"curies":[{"name":"wp","href":"https:\/\/api.w.org\/{rel}","templated":true}]}}