{"id":2604,"date":"2019-02-20T12:02:16","date_gmt":"2019-02-20T11:02:16","guid":{"rendered":"https:\/\/www.naturparkmagazin.de\/am-stettiner-haff\/?p=2604"},"modified":"2019-02-27T12:27:49","modified_gmt":"2019-02-27T11:27:49","slug":"wandern-im-naturpark-am-stettiner-haff","status":"publish","type":"post","link":"https:\/\/www.naturparkmagazin.de\/am-stettiner-haff\/wandern-im-naturpark-am-stettiner-haff\/","title":{"rendered":"Wandern im Naturpark Am Stettiner Haff"},"content":{"rendered":"<div id=\"attachment_2607\" style=\"width: 510px\" class=\"wp-caption aligncenter\"><a href=\"https:\/\/www.naturparkmagazin.de\/am-stettiner-haff\/wp-content\/uploads\/sites\/29\/landschaft003-a-ahlbeck-18-03-12-1869_beitrag.jpg\"><img aria-describedby=\"caption-attachment-2607\" decoding=\"async\" loading=\"lazy\" class=\"size-full wp-image-2607\" src=\"https:\/\/www.naturparkmagazin.de\/am-stettiner-haff\/wp-content\/uploads\/sites\/29\/landschaft003-a-ahlbeck-18-03-12-1869_beitrag.jpg\" alt=\"Landschaft bei Ahlbeck - Copyright: VDN\/Axel K\u00fcster\" width=\"500\" height=\"300\" srcset=\"https:\/\/www.naturparkmagazin.de\/am-stettiner-haff\/wp-content\/uploads\/sites\/29\/landschaft003-a-ahlbeck-18-03-12-1869_beitrag.jpg 500w, https:\/\/www.naturparkmagazin.de\/am-stettiner-haff\/wp-content\/uploads\/sites\/29\/landschaft003-a-ahlbeck-18-03-12-1869_beitrag-300x180.jpg 300w, https:\/\/www.naturparkmagazin.de\/am-stettiner-haff\/wp-content\/uploads\/sites\/29\/landschaft003-a-ahlbeck-18-03-12-1869_beitrag-200x120.jpg 200w\" sizes=\"(max-width: 500px) 100vw, 500px\" \/><\/a><p id=\"caption-attachment-2607\" class=\"wp-caption-text\">Landschaft bei Ahlbeck &#8211; Copyright: VDN\/Axel K\u00fcster<\/p><\/div>\n<p>Zwischen den D\u00f6rfern Hintersee und Ludwigshof verl\u00e4uft ein ca. 3 km langer, flacher und wassergebundener Weg entlang des Naturschutzgebietes Ahlbecker Seegrund. Parkm\u00f6glichkeiten bestehen in den Ortschaften oder am Wegesrand.<\/p>\n<p>Einen ebenso beschaffenen und zudem z.T. asphaltierten Weg gibt es vom Tierpark Ueckerm\u00fcnde bis nach Meiersberg (ca. 7 km). Barrierefreie Parkpl\u00e4tze sind am Tierpark vorhanden.<\/p>\n<p><strong><a href=\"https:\/\/www.naturparke.de\/naturparke-erleben\/angebotssuche\/angebot\/wandern-im-naturpark-am-stettiner-haff\/odetail\/anfahrt.html\" target=\"_blank\">Anfahrtsbeschreibung<\/a><\/strong><\/p>\n","protected":false},"excerpt":{"rendered":"<p>Zwischen den D\u00f6rfern Hintersee und Ludwigshof verl\u00e4uft ein ca. 3 km langer, flacher und wassergebundener Weg entlang des Naturschutzgebietes Ahlbecker Seegrund. Parkm\u00f6glichkeiten bestehen in den Ortschaften oder am Wegesrand. Einen ebenso beschaffenen und zudem z.T. asphaltierten Weg gibt es vom Tierpark Ueckerm\u00fcnde bis nach Meiersberg (ca. 7 km). Barrierefreie Parkpl\u00e4tze sind am Tierpark vorhanden. Anfahrtsbeschreibung<\/p>\n","protected":false},"author":51,"featured_media":2608,"comment_status":"open","ping_status":"open","sticky":false,"template":"","format":"standard","meta":[],"categories":[11],"tags":[],"yoast_head":"<!-- This site is optimized with the Yoast SEO plugin v19.10 - https:\/\/yoast.com\/wordpress\/plugins\/seo\/ -->\n<title>Wandern im Naturpark Am Stettiner Haff - Naturpark Am Stettiner Haff<\/title>\n<meta name=\"robots\" content=\"index, follow, max-snippet:-1, max-image-preview:large, max-video-preview:-1\" \/>\n<link rel=\"canonical\" href=\"https:\/\/www.naturparkmagazin.de\/am-stettiner-haff\/wandern-im-naturpark-am-stettiner-haff\/\" \/>\n<meta property=\"og:locale\" content=\"de_DE\" \/>\n<meta property=\"og:type\" content=\"article\" \/>\n<meta property=\"og:title\" content=\"Wandern im Naturpark Am Stettiner Haff - Naturpark Am Stettiner Haff\" \/>\n<meta property=\"og:description\" content=\"Zwischen den D\u00f6rfern Hintersee und Ludwigshof verl\u00e4uft ein ca. 3 km langer, flacher und wassergebundener Weg entlang des Naturschutzgebietes Ahlbecker Seegrund. Parkm\u00f6glichkeiten bestehen in den Ortschaften oder am Wegesrand. Einen ebenso beschaffenen und zudem z.T. asphaltierten Weg gibt es vom Tierpark Ueckerm\u00fcnde bis nach Meiersberg (ca. 7 km). Barrierefreie Parkpl\u00e4tze sind am Tierpark vorhanden. Anfahrtsbeschreibung\" \/>\n<meta property=\"og:url\" content=\"https:\/\/www.naturparkmagazin.de\/am-stettiner-haff\/wandern-im-naturpark-am-stettiner-haff\/\" \/>\n<meta property=\"og:site_name\" content=\"Naturpark Am Stettiner Haff\" \/>\n<meta property=\"article:published_time\" content=\"2019-02-20T11:02:16+00:00\" \/>\n<meta property=\"article:modified_time\" content=\"2019-02-27T11:27:49+00:00\" \/>\n<meta property=\"og:image\" content=\"https:\/\/www.naturparkmagazin.de\/am-stettiner-haff\/wp-content\/uploads\/sites\/29\/landschaft003-a-ahlbeck-18-03-12-1869_beitragsbild.jpg\" \/>\n\t<meta property=\"og:image:width\" content=\"200\" \/>\n\t<meta property=\"og:image:height\" content=\"200\" \/>\n\t<meta property=\"og:image:type\" content=\"image\/jpeg\" \/>\n<meta name=\"author\" content=\"beatrixlosem\" \/>\n<meta name=\"twitter:label1\" content=\"Verfasst von\" \/>\n\t<meta name=\"twitter:data1\" content=\"beatrixlosem\" \/>\n<script type=\"application\/ld+json\" class=\"yoast-schema-graph\">{\"@context\":\"https:\/\/schema.org\",\"@graph\":[{\"@type\":\"WebPage\",\"@id\":\"https:\/\/www.naturparkmagazin.de\/am-stettiner-haff\/wandern-im-naturpark-am-stettiner-haff\/\",\"url\":\"https:\/\/www.naturparkmagazin.de\/am-stettiner-haff\/wandern-im-naturpark-am-stettiner-haff\/\",\"name\":\"Wandern im Naturpark Am Stettiner Haff - Naturpark Am Stettiner Haff\",\"isPartOf\":{\"@id\":\"https:\/\/www.naturparkmagazin.de\/am-stettiner-haff\/#website\"},\"datePublished\":\"2019-02-20T11:02:16+00:00\",\"dateModified\":\"2019-02-27T11:27:49+00:00\",\"author\":{\"@id\":\"https:\/\/www.naturparkmagazin.de\/am-stettiner-haff\/#\/schema\/person\/d71357578c318b6db03be60b1f60396b\"},\"breadcrumb\":{\"@id\":\"https:\/\/www.naturparkmagazin.de\/am-stettiner-haff\/wandern-im-naturpark-am-stettiner-haff\/#breadcrumb\"},\"inLanguage\":\"de\",\"potentialAction\":[{\"@type\":\"ReadAction\",\"target\":[\"https:\/\/www.naturparkmagazin.de\/am-stettiner-haff\/wandern-im-naturpark-am-stettiner-haff\/\"]}]},{\"@type\":\"BreadcrumbList\",\"@id\":\"https:\/\/www.naturparkmagazin.de\/am-stettiner-haff\/wandern-im-naturpark-am-stettiner-haff\/#breadcrumb\",\"itemListElement\":[{\"@type\":\"ListItem\",\"position\":1,\"name\":\"Home\",\"item\":\"https:\/\/www.naturparkmagazin.de\/am-stettiner-haff\/\"},{\"@type\":\"ListItem\",\"position\":2,\"name\":\"Wandern im Naturpark Am Stettiner Haff\"}]},{\"@type\":\"WebSite\",\"@id\":\"https:\/\/www.naturparkmagazin.de\/am-stettiner-haff\/#website\",\"url\":\"https:\/\/www.naturparkmagazin.de\/am-stettiner-haff\/\",\"name\":\"Naturpark Am Stettiner Haff\",\"description\":\"\",\"potentialAction\":[{\"@type\":\"SearchAction\",\"target\":{\"@type\":\"EntryPoint\",\"urlTemplate\":\"https:\/\/www.naturparkmagazin.de\/am-stettiner-haff\/?s={search_term_string}\"},\"query-input\":\"required name=search_term_string\"}],\"inLanguage\":\"de\"},{\"@type\":\"Person\",\"@id\":\"https:\/\/www.naturparkmagazin.de\/am-stettiner-haff\/#\/schema\/person\/d71357578c318b6db03be60b1f60396b\",\"name\":\"beatrixlosem\",\"url\":\"https:\/\/www.naturparkmagazin.de\/am-stettiner-haff\/author\/beatrixlosem\/\"}]}<\/script>\n<!-- \/ Yoast SEO plugin. -->","yoast_head_json":{"title":"Wandern im Naturpark Am Stettiner Haff - Naturpark Am Stettiner Haff","robots":{"index":"index","follow":"follow","max-snippet":"max-snippet:-1","max-image-preview":"max-image-preview:large","max-video-preview":"max-video-preview:-1"},"canonical":"https:\/\/www.naturparkmagazin.de\/am-stettiner-haff\/wandern-im-naturpark-am-stettiner-haff\/","og_locale":"de_DE","og_type":"article","og_title":"Wandern im Naturpark Am Stettiner Haff - Naturpark Am Stettiner Haff","og_description":"Zwischen den D\u00f6rfern Hintersee und Ludwigshof verl\u00e4uft ein ca. 3 km langer, flacher und wassergebundener Weg entlang des Naturschutzgebietes Ahlbecker Seegrund. Parkm\u00f6glichkeiten bestehen in den Ortschaften oder am Wegesrand. Einen ebenso beschaffenen und zudem z.T. asphaltierten Weg gibt es vom Tierpark Ueckerm\u00fcnde bis nach Meiersberg (ca. 7 km). Barrierefreie Parkpl\u00e4tze sind am Tierpark vorhanden. Anfahrtsbeschreibung","og_url":"https:\/\/www.naturparkmagazin.de\/am-stettiner-haff\/wandern-im-naturpark-am-stettiner-haff\/","og_site_name":"Naturpark Am Stettiner Haff","article_published_time":"2019-02-20T11:02:16+00:00","article_modified_time":"2019-02-27T11:27:49+00:00","og_image":[{"width":200,"height":200,"url":"https:\/\/www.naturparkmagazin.de\/am-stettiner-haff\/wp-content\/uploads\/sites\/29\/landschaft003-a-ahlbeck-18-03-12-1869_beitragsbild.jpg","type":"image\/jpeg"}],"author":"beatrixlosem","twitter_misc":{"Verfasst von":"beatrixlosem"},"schema":{"@context":"https:\/\/schema.org","@graph":[{"@type":"WebPage","@id":"https:\/\/www.naturparkmagazin.de\/am-stettiner-haff\/wandern-im-naturpark-am-stettiner-haff\/","url":"https:\/\/www.naturparkmagazin.de\/am-stettiner-haff\/wandern-im-naturpark-am-stettiner-haff\/","name":"Wandern im Naturpark Am Stettiner Haff - Naturpark Am Stettiner Haff","isPartOf":{"@id":"https:\/\/www.naturparkmagazin.de\/am-stettiner-haff\/#website"},"datePublished":"2019-02-20T11:02:16+00:00","dateModified":"2019-02-27T11:27:49+00:00","author":{"@id":"https:\/\/www.naturparkmagazin.de\/am-stettiner-haff\/#\/schema\/person\/d71357578c318b6db03be60b1f60396b"},"breadcrumb":{"@id":"https:\/\/www.naturparkmagazin.de\/am-stettiner-haff\/wandern-im-naturpark-am-stettiner-haff\/#breadcrumb"},"inLanguage":"de","potentialAction":[{"@type":"ReadAction","target":["https:\/\/www.naturparkmagazin.de\/am-stettiner-haff\/wandern-im-naturpark-am-stettiner-haff\/"]}]},{"@type":"BreadcrumbList","@id":"https:\/\/www.naturparkmagazin.de\/am-stettiner-haff\/wandern-im-naturpark-am-stettiner-haff\/#breadcrumb","itemListElement":[{"@type":"ListItem","position":1,"name":"Home","item":"https:\/\/www.naturparkmagazin.de\/am-stettiner-haff\/"},{"@type":"ListItem","position":2,"name":"Wandern im Naturpark Am Stettiner Haff"}]},{"@type":"WebSite","@id":"https:\/\/www.naturparkmagazin.de\/am-stettiner-haff\/#website","url":"https:\/\/www.naturparkmagazin.de\/am-stettiner-haff\/","name":"Naturpark Am Stettiner Haff","description":"","potentialAction":[{"@type":"SearchAction","target":{"@type":"EntryPoint","urlTemplate":"https:\/\/www.naturparkmagazin.de\/am-stettiner-haff\/?s={search_term_string}"},"query-input":"required name=search_term_string"}],"inLanguage":"de"},{"@type":"Person","@id":"https:\/\/www.naturparkmagazin.de\/am-stettiner-haff\/#\/schema\/person\/d71357578c318b6db03be60b1f60396b","name":"beatrixlosem","url":"https:\/\/www.naturparkmagazin.de\/am-stettiner-haff\/author\/beatrixlosem\/"}]}},"_links":{"self":[{"href":"https:\/\/www.naturparkmagazin.de\/am-stettiner-haff\/wp-json\/wp\/v2\/posts\/2604"}],"collection":[{"href":"https:\/\/www.naturparkmagazin.de\/am-stettiner-haff\/wp-json\/wp\/v2\/posts"}],"about":[{"href":"https:\/\/www.naturparkmagazin.de\/am-stettiner-haff\/wp-json\/wp\/v2\/types\/post"}],"author":[{"embeddable":true,"href":"https:\/\/www.naturparkmagazin.de\/am-stettiner-haff\/wp-json\/wp\/v2\/users\/51"}],"replies":[{"embeddable":true,"href":"https:\/\/www.naturparkmagazin.de\/am-stettiner-haff\/wp-json\/wp\/v2\/comments?post=2604"}],"version-history":[{"count":3,"href":"https:\/\/www.naturparkmagazin.de\/am-stettiner-haff\/wp-json\/wp\/v2\/posts\/2604\/revisions"}],"predecessor-version":[{"id":2609,"href":"https:\/\/www.naturparkmagazin.de\/am-stettiner-haff\/wp-json\/wp\/v2\/posts\/2604\/revisions\/2609"}],"wp:featuredmedia":[{"embeddable":true,"href":"https:\/\/www.naturparkmagazin.de\/am-stettiner-haff\/wp-json\/wp\/v2\/media\/2608"}],"wp:attachment":[{"href":"https:\/\/www.naturparkmagazin.de\/am-stettiner-haff\/wp-json\/wp\/v2\/media?parent=2604"}],"wp:term":[{"taxonomy":"category","embeddable":true,"href":"https:\/\/www.naturparkmagazin.de\/am-stettiner-haff\/wp-json\/wp\/v2\/categories?post=2604"},{"taxonomy":"post_tag","embeddable":true,"href":"https:\/\/www.naturparkmagazin.de\/am-stettiner-haff\/wp-json\/wp\/v2\/tags?post=2604"}],"curies":[{"name":"wp","href":"https:\/\/api.w.org\/{rel}","templated":true}]}}