{"id":261,"date":"2013-07-01T10:00:00","date_gmt":"2013-07-01T10:00:00","guid":{"rendered":"http:\/\/www.naturparkmagazin.de\/am-stettiner-haff\/?p=261"},"modified":"2013-10-30T17:36:33","modified_gmt":"2013-10-30T15:36:33","slug":"polnisch-deutsche-zusammenarbeit-im-naturpark","status":"publish","type":"post","link":"https:\/\/www.naturparkmagazin.de\/am-stettiner-haff\/polnisch-deutsche-zusammenarbeit-im-naturpark\/","title":{"rendered":"Polnisch-Deutsche Zusammenarbeit im Naturpark"},"content":{"rendered":"<p>Natur h\u00e4lt sich bekanntlich an keine Grenzen. So endet der Naturraum auch im Naturpark \u201eAm Stettiner Haff\u201c nicht an der Grenze zur Republik Polen. Seit Jahren pflegen daher die beiden Naturparke \u201eInsel Usedom\u201c und \u201eAm Stettiner Haff\u201c guten fachliche Kontakte zu den<i> <\/i>Naturschutzbeh\u00f6rden im benachbarten Polen.<!--more--><\/p>\n<p>Mitte letzten Jahres ist eine neue Beh\u00f6rde hinzugekommen &#8211; die Verwaltung der Landschaftsparks der Wojewodschaft Westpommerns, welche f\u00fcr die Landschaftsparke Cedy\u0144ski, Drawski, Dolina Dolnej Odry, I\u0144ski, Szczeci\u0144ski \u201ePuszcza Bukowa\u201d, Uj\u015bcie Warty zust\u00e4ndig ist. Die ehemalige Naturschutzkonservatorin Frau Dorota Janicka wurde als Direktorin dieser Verwaltung berufen und mit dem Aufbau der Beh\u00f6rde beauftragt. Eine Ihrer ersten Amtshandlungen war die Vorbereitung einer Kooperationsvereinbarung der neuen Verwaltung mit dem f\u00fcr die Naturparke M-V zust\u00e4ndigen Landesamt. Mit der Vereinbarung soll unter anderem die bislang gelebte Zusammenarbeit einen offiziellen Status erhalten.<\/p>\n<p>Zur Unterzeichnung der Vereinbarung hatte die Direktorin der Landschaftsparks den Direktor des Landesamtes f\u00fcr Umwelt, Naturschutz und Geologie M-V und die Mitarbeiter der beiden Naturparke eingeladen. Im Rahmen eines kleinen Festaktes wurden seitens der Landschaftsparkverwaltung die Landschaftsparke Westpommerns kurzvorgestellt. Und die beiden Leiter der deutschen Naturparke stellten ihrerseits ihre Gebiete kurz vor. Im Anschluss an die Pr\u00e4sentationen wurde dann die eigentliche Kooperationsvereinbarung von Frau Janicka und Herrn Dr. Lenschow (Abteilungsleiter Naturschutz und Gro\u00dfschutzgebiete) welcher den erkrankten Direktor des Landesamtes vertrat unterzeichnet.<\/p>\n<div id=\"attachment_262\" style=\"width: 630px\" class=\"wp-caption aligncenter\"><a href=\"https:\/\/www.naturparkmagazin.de\/am-stettiner-haff\/wp-content\/uploads\/sites\/29\/IMG_0444a.jpg\"><img aria-describedby=\"caption-attachment-262\" decoding=\"async\" loading=\"lazy\" class=\"size-medium wp-image-262 \" title=\"Dorota Janicka und Uwe Lenschow beim Unterzeichnen der Kooperationserkl\u00e4rung\" alt=\"Dorota Janicka und Uwe Lenschow beim Unterzeichnen der Kooperationserkl\u00e4rung\" src=\"https:\/\/www.naturparkmagazin.de\/am-stettiner-haff\/wp-content\/uploads\/sites\/29\/IMG_0444a-620x465.jpg\" width=\"620\" height=\"465\" srcset=\"https:\/\/www.naturparkmagazin.de\/am-stettiner-haff\/wp-content\/uploads\/sites\/29\/IMG_0444a-620x465.jpg 620w, https:\/\/www.naturparkmagazin.de\/am-stettiner-haff\/wp-content\/uploads\/sites\/29\/IMG_0444a-300x225.jpg 300w, https:\/\/www.naturparkmagazin.de\/am-stettiner-haff\/wp-content\/uploads\/sites\/29\/IMG_0444a-940x705.jpg 940w, https:\/\/www.naturparkmagazin.de\/am-stettiner-haff\/wp-content\/uploads\/sites\/29\/IMG_0444a-580x435.jpg 580w, https:\/\/www.naturparkmagazin.de\/am-stettiner-haff\/wp-content\/uploads\/sites\/29\/IMG_0444a-420x315.jpg 420w, https:\/\/www.naturparkmagazin.de\/am-stettiner-haff\/wp-content\/uploads\/sites\/29\/IMG_0444a-180x135.jpg 180w, https:\/\/www.naturparkmagazin.de\/am-stettiner-haff\/wp-content\/uploads\/sites\/29\/IMG_0444a-95x71.jpg 95w, https:\/\/www.naturparkmagazin.de\/am-stettiner-haff\/wp-content\/uploads\/sites\/29\/IMG_0444a-670x503.jpg 670w, https:\/\/www.naturparkmagazin.de\/am-stettiner-haff\/wp-content\/uploads\/sites\/29\/IMG_0444a-200x150.jpg 200w, https:\/\/www.naturparkmagazin.de\/am-stettiner-haff\/wp-content\/uploads\/sites\/29\/IMG_0444a.jpg 1500w\" sizes=\"(max-width: 620px) 100vw, 620px\" \/><\/a><p id=\"caption-attachment-262\" class=\"wp-caption-text\">Dorota Janicka und Uwe Lenschow beim Unterzeichnen der Kooperationserkl\u00e4rung<\/p><\/div>\n<p>&nbsp;<\/p>\n<p>Im Anschluss an den offiziellen Teil wurden gleich neue Termine f\u00fcr die k\u00fcnftige gemeinsame Arbeit vereinbart. So stehen im Sommer gemeinsame Exkursionen auf beiden Seiten der Grenze auf dem Programm.<\/p>\n","protected":false},"excerpt":{"rendered":"<p>Natur h\u00e4lt sich bekanntlich an keine Grenzen. So endet der Naturraum auch im Naturpark \u201eAm Stettiner Haff\u201c nicht an der Grenze zur Republik Polen. Seit Jahren pflegen daher die beiden Naturparke \u201eInsel Usedom\u201c und \u201eAm Stettiner Haff\u201c guten fachliche Kontakte zu den Naturschutzbeh\u00f6rden im benachbarten Polen.<\/p>\n","protected":false},"author":26,"featured_media":262,"comment_status":"open","ping_status":"open","sticky":false,"template":"","format":"standard","meta":[],"categories":[7],"tags":[],"yoast_head":"<!-- This site is optimized with the Yoast SEO plugin v19.10 - https:\/\/yoast.com\/wordpress\/plugins\/seo\/ -->\n<title>Polnisch-Deutsche Zusammenarbeit im Naturpark - Naturpark Am Stettiner Haff<\/title>\n<meta name=\"robots\" content=\"index, follow, max-snippet:-1, max-image-preview:large, max-video-preview:-1\" \/>\n<link rel=\"canonical\" href=\"https:\/\/www.naturparkmagazin.de\/am-stettiner-haff\/polnisch-deutsche-zusammenarbeit-im-naturpark\/\" \/>\n<meta property=\"og:locale\" content=\"de_DE\" \/>\n<meta property=\"og:type\" content=\"article\" \/>\n<meta property=\"og:title\" content=\"Polnisch-Deutsche Zusammenarbeit im Naturpark - Naturpark Am Stettiner Haff\" \/>\n<meta property=\"og:description\" content=\"Natur h\u00e4lt sich bekanntlich an keine Grenzen. So endet der Naturraum auch im Naturpark \u201eAm Stettiner Haff\u201c nicht an der Grenze zur Republik Polen. Seit Jahren pflegen daher die beiden Naturparke \u201eInsel Usedom\u201c und \u201eAm Stettiner Haff\u201c guten fachliche Kontakte zu den Naturschutzbeh\u00f6rden im benachbarten Polen.\" \/>\n<meta property=\"og:url\" content=\"https:\/\/www.naturparkmagazin.de\/am-stettiner-haff\/polnisch-deutsche-zusammenarbeit-im-naturpark\/\" \/>\n<meta property=\"og:site_name\" content=\"Naturpark Am Stettiner Haff\" \/>\n<meta property=\"article:published_time\" content=\"2013-07-01T10:00:00+00:00\" \/>\n<meta property=\"article:modified_time\" content=\"2013-10-30T15:36:33+00:00\" \/>\n<meta property=\"og:image\" content=\"https:\/\/www.naturparkmagazin.de\/am-stettiner-haff\/wp-content\/uploads\/sites\/29\/IMG_0444a.jpg\" \/>\n\t<meta property=\"og:image:width\" content=\"1500\" \/>\n\t<meta property=\"og:image:height\" content=\"1125\" \/>\n\t<meta property=\"og:image:type\" content=\"image\/jpeg\" \/>\n<meta name=\"author\" content=\"Jochen Elberskirch\" \/>\n<meta name=\"twitter:label1\" content=\"Verfasst von\" \/>\n\t<meta name=\"twitter:data1\" content=\"Jochen Elberskirch\" \/>\n\t<meta name=\"twitter:label2\" content=\"Gesch\u00e4tzte Lesezeit\" \/>\n\t<meta name=\"twitter:data2\" content=\"1\u00a0Minute\" \/>\n<script type=\"application\/ld+json\" class=\"yoast-schema-graph\">{\"@context\":\"https:\/\/schema.org\",\"@graph\":[{\"@type\":\"WebPage\",\"@id\":\"https:\/\/www.naturparkmagazin.de\/am-stettiner-haff\/polnisch-deutsche-zusammenarbeit-im-naturpark\/\",\"url\":\"https:\/\/www.naturparkmagazin.de\/am-stettiner-haff\/polnisch-deutsche-zusammenarbeit-im-naturpark\/\",\"name\":\"Polnisch-Deutsche Zusammenarbeit im Naturpark - Naturpark Am Stettiner Haff\",\"isPartOf\":{\"@id\":\"https:\/\/www.naturparkmagazin.de\/am-stettiner-haff\/#website\"},\"datePublished\":\"2013-07-01T10:00:00+00:00\",\"dateModified\":\"2013-10-30T15:36:33+00:00\",\"author\":{\"@id\":\"https:\/\/www.naturparkmagazin.de\/am-stettiner-haff\/#\/schema\/person\/4a7208080dbbfb024d81129b7960c725\"},\"breadcrumb\":{\"@id\":\"https:\/\/www.naturparkmagazin.de\/am-stettiner-haff\/polnisch-deutsche-zusammenarbeit-im-naturpark\/#breadcrumb\"},\"inLanguage\":\"de\",\"potentialAction\":[{\"@type\":\"ReadAction\",\"target\":[\"https:\/\/www.naturparkmagazin.de\/am-stettiner-haff\/polnisch-deutsche-zusammenarbeit-im-naturpark\/\"]}]},{\"@type\":\"BreadcrumbList\",\"@id\":\"https:\/\/www.naturparkmagazin.de\/am-stettiner-haff\/polnisch-deutsche-zusammenarbeit-im-naturpark\/#breadcrumb\",\"itemListElement\":[{\"@type\":\"ListItem\",\"position\":1,\"name\":\"Home\",\"item\":\"https:\/\/www.naturparkmagazin.de\/am-stettiner-haff\/\"},{\"@type\":\"ListItem\",\"position\":2,\"name\":\"Polnisch-Deutsche Zusammenarbeit im Naturpark\"}]},{\"@type\":\"WebSite\",\"@id\":\"https:\/\/www.naturparkmagazin.de\/am-stettiner-haff\/#website\",\"url\":\"https:\/\/www.naturparkmagazin.de\/am-stettiner-haff\/\",\"name\":\"Naturpark Am Stettiner Haff\",\"description\":\"\",\"potentialAction\":[{\"@type\":\"SearchAction\",\"target\":{\"@type\":\"EntryPoint\",\"urlTemplate\":\"https:\/\/www.naturparkmagazin.de\/am-stettiner-haff\/?s={search_term_string}\"},\"query-input\":\"required name=search_term_string\"}],\"inLanguage\":\"de\"},{\"@type\":\"Person\",\"@id\":\"https:\/\/www.naturparkmagazin.de\/am-stettiner-haff\/#\/schema\/person\/4a7208080dbbfb024d81129b7960c725\",\"name\":\"Jochen Elberskirch\",\"sameAs\":[\"http:\/\/www.naturpark-am-stettiner-haff.de\"],\"url\":\"https:\/\/www.naturparkmagazin.de\/am-stettiner-haff\/author\/jochenelberskirch\/\"}]}<\/script>\n<!-- \/ Yoast SEO plugin. -->","yoast_head_json":{"title":"Polnisch-Deutsche Zusammenarbeit im Naturpark - Naturpark Am Stettiner Haff","robots":{"index":"index","follow":"follow","max-snippet":"max-snippet:-1","max-image-preview":"max-image-preview:large","max-video-preview":"max-video-preview:-1"},"canonical":"https:\/\/www.naturparkmagazin.de\/am-stettiner-haff\/polnisch-deutsche-zusammenarbeit-im-naturpark\/","og_locale":"de_DE","og_type":"article","og_title":"Polnisch-Deutsche Zusammenarbeit im Naturpark - Naturpark Am Stettiner Haff","og_description":"Natur h\u00e4lt sich bekanntlich an keine Grenzen. So endet der Naturraum auch im Naturpark \u201eAm Stettiner Haff\u201c nicht an der Grenze zur Republik Polen. Seit Jahren pflegen daher die beiden Naturparke \u201eInsel Usedom\u201c und \u201eAm Stettiner Haff\u201c guten fachliche Kontakte zu den Naturschutzbeh\u00f6rden im benachbarten Polen.","og_url":"https:\/\/www.naturparkmagazin.de\/am-stettiner-haff\/polnisch-deutsche-zusammenarbeit-im-naturpark\/","og_site_name":"Naturpark Am Stettiner Haff","article_published_time":"2013-07-01T10:00:00+00:00","article_modified_time":"2013-10-30T15:36:33+00:00","og_image":[{"width":1500,"height":1125,"url":"https:\/\/www.naturparkmagazin.de\/am-stettiner-haff\/wp-content\/uploads\/sites\/29\/IMG_0444a.jpg","type":"image\/jpeg"}],"author":"Jochen Elberskirch","twitter_misc":{"Verfasst von":"Jochen Elberskirch","Gesch\u00e4tzte Lesezeit":"1\u00a0Minute"},"schema":{"@context":"https:\/\/schema.org","@graph":[{"@type":"WebPage","@id":"https:\/\/www.naturparkmagazin.de\/am-stettiner-haff\/polnisch-deutsche-zusammenarbeit-im-naturpark\/","url":"https:\/\/www.naturparkmagazin.de\/am-stettiner-haff\/polnisch-deutsche-zusammenarbeit-im-naturpark\/","name":"Polnisch-Deutsche Zusammenarbeit im Naturpark - Naturpark Am Stettiner Haff","isPartOf":{"@id":"https:\/\/www.naturparkmagazin.de\/am-stettiner-haff\/#website"},"datePublished":"2013-07-01T10:00:00+00:00","dateModified":"2013-10-30T15:36:33+00:00","author":{"@id":"https:\/\/www.naturparkmagazin.de\/am-stettiner-haff\/#\/schema\/person\/4a7208080dbbfb024d81129b7960c725"},"breadcrumb":{"@id":"https:\/\/www.naturparkmagazin.de\/am-stettiner-haff\/polnisch-deutsche-zusammenarbeit-im-naturpark\/#breadcrumb"},"inLanguage":"de","potentialAction":[{"@type":"ReadAction","target":["https:\/\/www.naturparkmagazin.de\/am-stettiner-haff\/polnisch-deutsche-zusammenarbeit-im-naturpark\/"]}]},{"@type":"BreadcrumbList","@id":"https:\/\/www.naturparkmagazin.de\/am-stettiner-haff\/polnisch-deutsche-zusammenarbeit-im-naturpark\/#breadcrumb","itemListElement":[{"@type":"ListItem","position":1,"name":"Home","item":"https:\/\/www.naturparkmagazin.de\/am-stettiner-haff\/"},{"@type":"ListItem","position":2,"name":"Polnisch-Deutsche Zusammenarbeit im Naturpark"}]},{"@type":"WebSite","@id":"https:\/\/www.naturparkmagazin.de\/am-stettiner-haff\/#website","url":"https:\/\/www.naturparkmagazin.de\/am-stettiner-haff\/","name":"Naturpark Am Stettiner Haff","description":"","potentialAction":[{"@type":"SearchAction","target":{"@type":"EntryPoint","urlTemplate":"https:\/\/www.naturparkmagazin.de\/am-stettiner-haff\/?s={search_term_string}"},"query-input":"required name=search_term_string"}],"inLanguage":"de"},{"@type":"Person","@id":"https:\/\/www.naturparkmagazin.de\/am-stettiner-haff\/#\/schema\/person\/4a7208080dbbfb024d81129b7960c725","name":"Jochen Elberskirch","sameAs":["http:\/\/www.naturpark-am-stettiner-haff.de"],"url":"https:\/\/www.naturparkmagazin.de\/am-stettiner-haff\/author\/jochenelberskirch\/"}]}},"_links":{"self":[{"href":"https:\/\/www.naturparkmagazin.de\/am-stettiner-haff\/wp-json\/wp\/v2\/posts\/261"}],"collection":[{"href":"https:\/\/www.naturparkmagazin.de\/am-stettiner-haff\/wp-json\/wp\/v2\/posts"}],"about":[{"href":"https:\/\/www.naturparkmagazin.de\/am-stettiner-haff\/wp-json\/wp\/v2\/types\/post"}],"author":[{"embeddable":true,"href":"https:\/\/www.naturparkmagazin.de\/am-stettiner-haff\/wp-json\/wp\/v2\/users\/26"}],"replies":[{"embeddable":true,"href":"https:\/\/www.naturparkmagazin.de\/am-stettiner-haff\/wp-json\/wp\/v2\/comments?post=261"}],"version-history":[{"count":7,"href":"https:\/\/www.naturparkmagazin.de\/am-stettiner-haff\/wp-json\/wp\/v2\/posts\/261\/revisions"}],"predecessor-version":[{"id":269,"href":"https:\/\/www.naturparkmagazin.de\/am-stettiner-haff\/wp-json\/wp\/v2\/posts\/261\/revisions\/269"}],"wp:featuredmedia":[{"embeddable":true,"href":"https:\/\/www.naturparkmagazin.de\/am-stettiner-haff\/wp-json\/wp\/v2\/media\/262"}],"wp:attachment":[{"href":"https:\/\/www.naturparkmagazin.de\/am-stettiner-haff\/wp-json\/wp\/v2\/media?parent=261"}],"wp:term":[{"taxonomy":"category","embeddable":true,"href":"https:\/\/www.naturparkmagazin.de\/am-stettiner-haff\/wp-json\/wp\/v2\/categories?post=261"},{"taxonomy":"post_tag","embeddable":true,"href":"https:\/\/www.naturparkmagazin.de\/am-stettiner-haff\/wp-json\/wp\/v2\/tags?post=261"}],"curies":[{"name":"wp","href":"https:\/\/api.w.org\/{rel}","templated":true}]}}