{"id":2622,"date":"2019-04-15T18:20:07","date_gmt":"2019-04-15T16:20:07","guid":{"rendered":"https:\/\/www.naturparkmagazin.de\/am-stettiner-haff\/?p=2622"},"modified":"2019-04-12T12:36:31","modified_gmt":"2019-04-12T10:36:31","slug":"dem-fruehling-auf-der-spur","status":"publish","type":"post","link":"https:\/\/www.naturparkmagazin.de\/am-stettiner-haff\/dem-fruehling-auf-der-spur\/","title":{"rendered":"Dem Fr\u00fchling auf der Spur"},"content":{"rendered":"<p>Auch wenn der Fr\u00fchling zumindest Temperatur technisch eine Pause zu machen schien, lie\u00dfen sich die Sch\u00fclerinnen und Sch\u00fcler der Klasse 2 der Pasewalker Nikolaischule den Spa\u00df an ihrem Wandertag nicht nehmen. Das Team des Naturparks \u201eAm Stettiner Haff\u201c hatte sie zu einer Fr\u00fchlingswanderung eingeladen. Ausgestattet mit Naturpark-Entdecker-Westen f\u00fchrte die Wanderung von Sandf\u00f6rde \u00fcber Wiesen und durch W\u00e4lder bis zur Forstsamendarre nach Jatznick. Aufgabe der 22 M\u00e4dchen und Jungen war es nach dem Fr\u00fchling Ausschau zu halten. Und so gab es auf der 7 km langen Wanderung auch einiges zu entdecken. Neben Scharbockskraut und Buschwindr\u00f6schen konnte auch der gemeine Schuppenwurz entdeckt und bestaunt werden. Aber auch eine Vielzahl unterschiedlicher Tierf\u00e4hrten wurde gefunden und gemeinsam zugeordnet. Nach guten vier Stunden erreichte die Klasse 2, entgegen den Bef\u00fcrchtungen einiger besorgter Eltern, das Ziel der Wanderung. Die Forstsamendarre in Jatznick. Mit freundlicher Genehmigung der Mitarbeiter der Samendarre konnten die M\u00e4dchen und Jungen ihre wohlverdiente Mittagspause auf dem Gel\u00e4nde der Samendarre einlegen und im Anschluss den dortigen Spielplatz ausgiebig testen, bevor es mit dem Zug wieder in Richtung Pasewalk ging.<\/p>\n<p>&nbsp;<\/p>\n<div id=\"attachment_2623\" style=\"width: 630px\" class=\"wp-caption aligncenter\"><a href=\"https:\/\/www.naturparkmagazin.de\/am-stettiner-haff\/wp-content\/uploads\/sites\/29\/Gruppenbild_Klasse-2.jpg\"><img aria-describedby=\"caption-attachment-2623\" decoding=\"async\" loading=\"lazy\" class=\"size-large wp-image-2623\" src=\"https:\/\/www.naturparkmagazin.de\/am-stettiner-haff\/wp-content\/uploads\/sites\/29\/Gruppenbild_Klasse-2-940x710.jpg\" alt=\"Klasse 2 - Nikolaischule Pasewalk (Foto: Naturparkarchiv)\" width=\"620\" height=\"468\" srcset=\"https:\/\/www.naturparkmagazin.de\/am-stettiner-haff\/wp-content\/uploads\/sites\/29\/Gruppenbild_Klasse-2-940x710.jpg 940w, https:\/\/www.naturparkmagazin.de\/am-stettiner-haff\/wp-content\/uploads\/sites\/29\/Gruppenbild_Klasse-2-300x227.jpg 300w, https:\/\/www.naturparkmagazin.de\/am-stettiner-haff\/wp-content\/uploads\/sites\/29\/Gruppenbild_Klasse-2-620x468.jpg 620w, https:\/\/www.naturparkmagazin.de\/am-stettiner-haff\/wp-content\/uploads\/sites\/29\/Gruppenbild_Klasse-2-180x135.jpg 180w, https:\/\/www.naturparkmagazin.de\/am-stettiner-haff\/wp-content\/uploads\/sites\/29\/Gruppenbild_Klasse-2-95x71.jpg 95w, https:\/\/www.naturparkmagazin.de\/am-stettiner-haff\/wp-content\/uploads\/sites\/29\/Gruppenbild_Klasse-2-670x506.jpg 670w, https:\/\/www.naturparkmagazin.de\/am-stettiner-haff\/wp-content\/uploads\/sites\/29\/Gruppenbild_Klasse-2-200x151.jpg 200w, https:\/\/www.naturparkmagazin.de\/am-stettiner-haff\/wp-content\/uploads\/sites\/29\/Gruppenbild_Klasse-2.jpg 990w\" sizes=\"(max-width: 620px) 100vw, 620px\" \/><\/a><p id=\"caption-attachment-2623\" class=\"wp-caption-text\">Klasse 2 &#8211; Nikolaischule Pasewalk (Foto: Naturparkarchiv)<\/p><\/div>\n","protected":false},"excerpt":{"rendered":"<p>Auch wenn der Fr\u00fchling zumindest Temperatur technisch eine Pause zu machen schien, lie\u00dfen sich die Sch\u00fclerinnen und Sch\u00fcler der Klasse 2 der Pasewalker Nikolaischule den Spa\u00df an ihrem Wandertag nicht nehmen.<\/p>\n","protected":false},"author":26,"featured_media":2623,"comment_status":"open","ping_status":"open","sticky":false,"template":"","format":"standard","meta":[],"categories":[7],"tags":[],"yoast_head":"<!-- This site is optimized with the Yoast SEO plugin v19.10 - https:\/\/yoast.com\/wordpress\/plugins\/seo\/ -->\n<title>Dem Fr\u00fchling auf der Spur - Naturpark Am Stettiner Haff<\/title>\n<meta name=\"robots\" content=\"index, follow, max-snippet:-1, max-image-preview:large, max-video-preview:-1\" \/>\n<link rel=\"canonical\" href=\"https:\/\/www.naturparkmagazin.de\/am-stettiner-haff\/dem-fruehling-auf-der-spur\/\" \/>\n<meta property=\"og:locale\" content=\"de_DE\" \/>\n<meta property=\"og:type\" content=\"article\" \/>\n<meta property=\"og:title\" content=\"Dem Fr\u00fchling auf der Spur - Naturpark Am Stettiner Haff\" \/>\n<meta property=\"og:description\" content=\"Auch wenn der Fr\u00fchling zumindest Temperatur technisch eine Pause zu machen schien, lie\u00dfen sich die Sch\u00fclerinnen und Sch\u00fcler der Klasse 2 der Pasewalker Nikolaischule den Spa\u00df an ihrem Wandertag nicht nehmen.\" \/>\n<meta property=\"og:url\" content=\"https:\/\/www.naturparkmagazin.de\/am-stettiner-haff\/dem-fruehling-auf-der-spur\/\" \/>\n<meta property=\"og:site_name\" content=\"Naturpark Am Stettiner Haff\" \/>\n<meta property=\"article:published_time\" content=\"2019-04-15T16:20:07+00:00\" \/>\n<meta property=\"article:modified_time\" content=\"2019-04-12T10:36:31+00:00\" \/>\n<meta property=\"og:image\" content=\"https:\/\/www.naturparkmagazin.de\/am-stettiner-haff\/wp-content\/uploads\/sites\/29\/Gruppenbild_Klasse-2.jpg\" \/>\n\t<meta property=\"og:image:width\" content=\"990\" \/>\n\t<meta property=\"og:image:height\" content=\"748\" \/>\n\t<meta property=\"og:image:type\" content=\"image\/jpeg\" \/>\n<meta name=\"author\" content=\"Jochen Elberskirch\" \/>\n<meta name=\"twitter:label1\" content=\"Verfasst von\" \/>\n\t<meta name=\"twitter:data1\" content=\"Jochen Elberskirch\" \/>\n\t<meta name=\"twitter:label2\" content=\"Gesch\u00e4tzte Lesezeit\" \/>\n\t<meta name=\"twitter:data2\" content=\"1\u00a0Minute\" \/>\n<script type=\"application\/ld+json\" class=\"yoast-schema-graph\">{\"@context\":\"https:\/\/schema.org\",\"@graph\":[{\"@type\":\"WebPage\",\"@id\":\"https:\/\/www.naturparkmagazin.de\/am-stettiner-haff\/dem-fruehling-auf-der-spur\/\",\"url\":\"https:\/\/www.naturparkmagazin.de\/am-stettiner-haff\/dem-fruehling-auf-der-spur\/\",\"name\":\"Dem Fr\u00fchling auf der Spur - Naturpark Am Stettiner Haff\",\"isPartOf\":{\"@id\":\"https:\/\/www.naturparkmagazin.de\/am-stettiner-haff\/#website\"},\"datePublished\":\"2019-04-15T16:20:07+00:00\",\"dateModified\":\"2019-04-12T10:36:31+00:00\",\"author\":{\"@id\":\"https:\/\/www.naturparkmagazin.de\/am-stettiner-haff\/#\/schema\/person\/4a7208080dbbfb024d81129b7960c725\"},\"breadcrumb\":{\"@id\":\"https:\/\/www.naturparkmagazin.de\/am-stettiner-haff\/dem-fruehling-auf-der-spur\/#breadcrumb\"},\"inLanguage\":\"de\",\"potentialAction\":[{\"@type\":\"ReadAction\",\"target\":[\"https:\/\/www.naturparkmagazin.de\/am-stettiner-haff\/dem-fruehling-auf-der-spur\/\"]}]},{\"@type\":\"BreadcrumbList\",\"@id\":\"https:\/\/www.naturparkmagazin.de\/am-stettiner-haff\/dem-fruehling-auf-der-spur\/#breadcrumb\",\"itemListElement\":[{\"@type\":\"ListItem\",\"position\":1,\"name\":\"Home\",\"item\":\"https:\/\/www.naturparkmagazin.de\/am-stettiner-haff\/\"},{\"@type\":\"ListItem\",\"position\":2,\"name\":\"Dem Fr\u00fchling auf der Spur\"}]},{\"@type\":\"WebSite\",\"@id\":\"https:\/\/www.naturparkmagazin.de\/am-stettiner-haff\/#website\",\"url\":\"https:\/\/www.naturparkmagazin.de\/am-stettiner-haff\/\",\"name\":\"Naturpark Am Stettiner Haff\",\"description\":\"\",\"potentialAction\":[{\"@type\":\"SearchAction\",\"target\":{\"@type\":\"EntryPoint\",\"urlTemplate\":\"https:\/\/www.naturparkmagazin.de\/am-stettiner-haff\/?s={search_term_string}\"},\"query-input\":\"required name=search_term_string\"}],\"inLanguage\":\"de\"},{\"@type\":\"Person\",\"@id\":\"https:\/\/www.naturparkmagazin.de\/am-stettiner-haff\/#\/schema\/person\/4a7208080dbbfb024d81129b7960c725\",\"name\":\"Jochen Elberskirch\",\"sameAs\":[\"http:\/\/www.naturpark-am-stettiner-haff.de\"],\"url\":\"https:\/\/www.naturparkmagazin.de\/am-stettiner-haff\/author\/jochenelberskirch\/\"}]}<\/script>\n<!-- \/ Yoast SEO plugin. -->","yoast_head_json":{"title":"Dem Fr\u00fchling auf der Spur - Naturpark Am Stettiner Haff","robots":{"index":"index","follow":"follow","max-snippet":"max-snippet:-1","max-image-preview":"max-image-preview:large","max-video-preview":"max-video-preview:-1"},"canonical":"https:\/\/www.naturparkmagazin.de\/am-stettiner-haff\/dem-fruehling-auf-der-spur\/","og_locale":"de_DE","og_type":"article","og_title":"Dem Fr\u00fchling auf der Spur - Naturpark Am Stettiner Haff","og_description":"Auch wenn der Fr\u00fchling zumindest Temperatur technisch eine Pause zu machen schien, lie\u00dfen sich die Sch\u00fclerinnen und Sch\u00fcler der Klasse 2 der Pasewalker Nikolaischule den Spa\u00df an ihrem Wandertag nicht nehmen.","og_url":"https:\/\/www.naturparkmagazin.de\/am-stettiner-haff\/dem-fruehling-auf-der-spur\/","og_site_name":"Naturpark Am Stettiner Haff","article_published_time":"2019-04-15T16:20:07+00:00","article_modified_time":"2019-04-12T10:36:31+00:00","og_image":[{"width":990,"height":748,"url":"https:\/\/www.naturparkmagazin.de\/am-stettiner-haff\/wp-content\/uploads\/sites\/29\/Gruppenbild_Klasse-2.jpg","type":"image\/jpeg"}],"author":"Jochen Elberskirch","twitter_misc":{"Verfasst von":"Jochen Elberskirch","Gesch\u00e4tzte Lesezeit":"1\u00a0Minute"},"schema":{"@context":"https:\/\/schema.org","@graph":[{"@type":"WebPage","@id":"https:\/\/www.naturparkmagazin.de\/am-stettiner-haff\/dem-fruehling-auf-der-spur\/","url":"https:\/\/www.naturparkmagazin.de\/am-stettiner-haff\/dem-fruehling-auf-der-spur\/","name":"Dem Fr\u00fchling auf der Spur - Naturpark Am Stettiner Haff","isPartOf":{"@id":"https:\/\/www.naturparkmagazin.de\/am-stettiner-haff\/#website"},"datePublished":"2019-04-15T16:20:07+00:00","dateModified":"2019-04-12T10:36:31+00:00","author":{"@id":"https:\/\/www.naturparkmagazin.de\/am-stettiner-haff\/#\/schema\/person\/4a7208080dbbfb024d81129b7960c725"},"breadcrumb":{"@id":"https:\/\/www.naturparkmagazin.de\/am-stettiner-haff\/dem-fruehling-auf-der-spur\/#breadcrumb"},"inLanguage":"de","potentialAction":[{"@type":"ReadAction","target":["https:\/\/www.naturparkmagazin.de\/am-stettiner-haff\/dem-fruehling-auf-der-spur\/"]}]},{"@type":"BreadcrumbList","@id":"https:\/\/www.naturparkmagazin.de\/am-stettiner-haff\/dem-fruehling-auf-der-spur\/#breadcrumb","itemListElement":[{"@type":"ListItem","position":1,"name":"Home","item":"https:\/\/www.naturparkmagazin.de\/am-stettiner-haff\/"},{"@type":"ListItem","position":2,"name":"Dem Fr\u00fchling auf der Spur"}]},{"@type":"WebSite","@id":"https:\/\/www.naturparkmagazin.de\/am-stettiner-haff\/#website","url":"https:\/\/www.naturparkmagazin.de\/am-stettiner-haff\/","name":"Naturpark Am Stettiner Haff","description":"","potentialAction":[{"@type":"SearchAction","target":{"@type":"EntryPoint","urlTemplate":"https:\/\/www.naturparkmagazin.de\/am-stettiner-haff\/?s={search_term_string}"},"query-input":"required name=search_term_string"}],"inLanguage":"de"},{"@type":"Person","@id":"https:\/\/www.naturparkmagazin.de\/am-stettiner-haff\/#\/schema\/person\/4a7208080dbbfb024d81129b7960c725","name":"Jochen Elberskirch","sameAs":["http:\/\/www.naturpark-am-stettiner-haff.de"],"url":"https:\/\/www.naturparkmagazin.de\/am-stettiner-haff\/author\/jochenelberskirch\/"}]}},"_links":{"self":[{"href":"https:\/\/www.naturparkmagazin.de\/am-stettiner-haff\/wp-json\/wp\/v2\/posts\/2622"}],"collection":[{"href":"https:\/\/www.naturparkmagazin.de\/am-stettiner-haff\/wp-json\/wp\/v2\/posts"}],"about":[{"href":"https:\/\/www.naturparkmagazin.de\/am-stettiner-haff\/wp-json\/wp\/v2\/types\/post"}],"author":[{"embeddable":true,"href":"https:\/\/www.naturparkmagazin.de\/am-stettiner-haff\/wp-json\/wp\/v2\/users\/26"}],"replies":[{"embeddable":true,"href":"https:\/\/www.naturparkmagazin.de\/am-stettiner-haff\/wp-json\/wp\/v2\/comments?post=2622"}],"version-history":[{"count":1,"href":"https:\/\/www.naturparkmagazin.de\/am-stettiner-haff\/wp-json\/wp\/v2\/posts\/2622\/revisions"}],"predecessor-version":[{"id":2624,"href":"https:\/\/www.naturparkmagazin.de\/am-stettiner-haff\/wp-json\/wp\/v2\/posts\/2622\/revisions\/2624"}],"wp:featuredmedia":[{"embeddable":true,"href":"https:\/\/www.naturparkmagazin.de\/am-stettiner-haff\/wp-json\/wp\/v2\/media\/2623"}],"wp:attachment":[{"href":"https:\/\/www.naturparkmagazin.de\/am-stettiner-haff\/wp-json\/wp\/v2\/media?parent=2622"}],"wp:term":[{"taxonomy":"category","embeddable":true,"href":"https:\/\/www.naturparkmagazin.de\/am-stettiner-haff\/wp-json\/wp\/v2\/categories?post=2622"},{"taxonomy":"post_tag","embeddable":true,"href":"https:\/\/www.naturparkmagazin.de\/am-stettiner-haff\/wp-json\/wp\/v2\/tags?post=2622"}],"curies":[{"name":"wp","href":"https:\/\/api.w.org\/{rel}","templated":true}]}}