{"id":2625,"date":"2019-04-12T13:22:05","date_gmt":"2019-04-12T11:22:05","guid":{"rendered":"https:\/\/www.naturparkmagazin.de\/am-stettiner-haff\/?p=2625"},"modified":"2019-04-24T13:02:59","modified_gmt":"2019-04-24T11:02:59","slug":"4-riether-hoftroedelmarkt-am-1-mai-2019-von-10-bis-15-uhr","status":"publish","type":"post","link":"https:\/\/www.naturparkmagazin.de\/am-stettiner-haff\/4-riether-hoftroedelmarkt-am-1-mai-2019-von-10-bis-15-uhr\/","title":{"rendered":"4. Riether Hoftr\u00f6delmarkt am 1. Mai 2019 von 10 bis 15 Uhr"},"content":{"rendered":"<p>Auch dieses Jahr l\u00e4dt das kleine Dorf Rieth am Stettiner Haff wieder Tr\u00f6dler aus Nah und Fern zum Riether Hoftr\u00f6delmarkt ein. Eine Vielzahl an Tr\u00f6delst\u00e4nden und Imbissangeboten im gesamten Dorf Rieth laden Sie liebe Besucher ein: einen interessanten Tag in Rieth zu verbringen. Der Riether Hoftr\u00f6delmarkt sammelt dieses Jahr Spenden f\u00fcr die Einrichtung einer &#8222;Buchhaltestelle&#8220; im \u00f6rtlichen Buswarteh\u00e4uschen und f\u00fcr die Errichtung eines Bienenhotels auf der Streuobstwiese &#8222;Dorfgarten Rieth&#8220;. Kommen Sie, Staunen Sie, kl\u00f6nen Sie und finden Sie ausgefallene Dinge aus alten Zeiten und helfen somit gemeinn\u00fctzigen Projekten in Rieth.<\/p>\n<p><a href=\"https:\/\/www.naturparkmagazin.de\/am-stettiner-haff\/wp-content\/uploads\/sites\/29\/3.-Riether-Hoftr\u00f6delmarkt-Flohmarkt-Vorpommern-klein.jpg\"><img decoding=\"async\" loading=\"lazy\" class=\"aligncenter size-large wp-image-2626\" src=\"https:\/\/www.naturparkmagazin.de\/am-stettiner-haff\/wp-content\/uploads\/sites\/29\/3.-Riether-Hoftr\u00f6delmarkt-Flohmarkt-Vorpommern-klein-940x627.jpg\" alt=\"3. Riether Hoftr\u00f6delmarkt Flohmarkt Vorpommern - klein\" width=\"620\" height=\"414\" srcset=\"https:\/\/www.naturparkmagazin.de\/am-stettiner-haff\/wp-content\/uploads\/sites\/29\/3.-Riether-Hoftr\u00f6delmarkt-Flohmarkt-Vorpommern-klein-940x627.jpg 940w, https:\/\/www.naturparkmagazin.de\/am-stettiner-haff\/wp-content\/uploads\/sites\/29\/3.-Riether-Hoftr\u00f6delmarkt-Flohmarkt-Vorpommern-klein-300x200.jpg 300w, https:\/\/www.naturparkmagazin.de\/am-stettiner-haff\/wp-content\/uploads\/sites\/29\/3.-Riether-Hoftr\u00f6delmarkt-Flohmarkt-Vorpommern-klein-620x414.jpg 620w, https:\/\/www.naturparkmagazin.de\/am-stettiner-haff\/wp-content\/uploads\/sites\/29\/3.-Riether-Hoftr\u00f6delmarkt-Flohmarkt-Vorpommern-klein-670x447.jpg 670w, https:\/\/www.naturparkmagazin.de\/am-stettiner-haff\/wp-content\/uploads\/sites\/29\/3.-Riether-Hoftr\u00f6delmarkt-Flohmarkt-Vorpommern-klein-200x133.jpg 200w, https:\/\/www.naturparkmagazin.de\/am-stettiner-haff\/wp-content\/uploads\/sites\/29\/3.-Riether-Hoftr\u00f6delmarkt-Flohmarkt-Vorpommern-klein.jpg 1024w\" sizes=\"(max-width: 620px) 100vw, 620px\" \/><\/a><\/p>\n<p>&nbsp;<\/p>\n<p><span style=\"color: #000000; font-family: Consolas;\">Tino Sammler<\/span><\/p>\n<p><span style=\"color: #000000; font-family: Consolas;\">Kulturscheune Rieth<\/span><\/p>\n<p><span style=\"color: #000000; font-family: Consolas;\">\u00a0<\/span><\/p>\n","protected":false},"excerpt":{"rendered":"<p>Auch dieses Jahr l\u00e4dt das kleine Dorf Rieth am Stettiner Haff wieder Tr\u00f6dler aus Nah und Fern zum Riether Hoftr\u00f6delmarkt ein. Eine Vielzahl an Tr\u00f6delst\u00e4nden und Imbissangeboten im gesamten Dorf Rieth laden Sie liebe Besucher ein: einen interessanten Tag in Rieth zu verbringen. Der Riether Hoftr\u00f6delmarkt sammelt dieses Jahr Spenden f\u00fcr die Einrichtung einer &#8222;Buchhaltestelle&#8220;<\/p>\n","protected":false},"author":26,"featured_media":2626,"comment_status":"open","ping_status":"open","sticky":false,"template":"","format":"standard","meta":[],"categories":[617],"tags":[],"yoast_head":"<!-- This site is optimized with the Yoast SEO plugin v19.10 - https:\/\/yoast.com\/wordpress\/plugins\/seo\/ -->\n<title>4. Riether Hoftr\u00f6delmarkt am 1. Mai 2019 von 10 bis 15 Uhr - Naturpark Am Stettiner Haff<\/title>\n<meta name=\"robots\" content=\"index, follow, max-snippet:-1, max-image-preview:large, max-video-preview:-1\" \/>\n<link rel=\"canonical\" href=\"https:\/\/www.naturparkmagazin.de\/am-stettiner-haff\/4-riether-hoftroedelmarkt-am-1-mai-2019-von-10-bis-15-uhr\/\" \/>\n<meta property=\"og:locale\" content=\"de_DE\" \/>\n<meta property=\"og:type\" content=\"article\" \/>\n<meta property=\"og:title\" content=\"4. Riether Hoftr\u00f6delmarkt am 1. Mai 2019 von 10 bis 15 Uhr - Naturpark Am Stettiner Haff\" \/>\n<meta property=\"og:description\" content=\"Auch dieses Jahr l\u00e4dt das kleine Dorf Rieth am Stettiner Haff wieder Tr\u00f6dler aus Nah und Fern zum Riether Hoftr\u00f6delmarkt ein. Eine Vielzahl an Tr\u00f6delst\u00e4nden und Imbissangeboten im gesamten Dorf Rieth laden Sie liebe Besucher ein: einen interessanten Tag in Rieth zu verbringen. Der Riether Hoftr\u00f6delmarkt sammelt dieses Jahr Spenden f\u00fcr die Einrichtung einer &#8222;Buchhaltestelle&#8220;\" \/>\n<meta property=\"og:url\" content=\"https:\/\/www.naturparkmagazin.de\/am-stettiner-haff\/4-riether-hoftroedelmarkt-am-1-mai-2019-von-10-bis-15-uhr\/\" \/>\n<meta property=\"og:site_name\" content=\"Naturpark Am Stettiner Haff\" \/>\n<meta property=\"article:published_time\" content=\"2019-04-12T11:22:05+00:00\" \/>\n<meta property=\"article:modified_time\" content=\"2019-04-24T11:02:59+00:00\" \/>\n<meta property=\"og:image\" content=\"https:\/\/www.naturparkmagazin.de\/am-stettiner-haff\/wp-content\/uploads\/sites\/29\/3.-Riether-Hoftr\u00f6delmarkt-Flohmarkt-Vorpommern-klein.jpg\" \/>\n\t<meta property=\"og:image:width\" content=\"1024\" \/>\n\t<meta property=\"og:image:height\" content=\"683\" \/>\n\t<meta property=\"og:image:type\" content=\"image\/jpeg\" \/>\n<meta name=\"author\" content=\"Jochen Elberskirch\" \/>\n<meta name=\"twitter:label1\" content=\"Verfasst von\" \/>\n\t<meta name=\"twitter:data1\" content=\"Jochen Elberskirch\" \/>\n\t<meta name=\"twitter:label2\" content=\"Gesch\u00e4tzte Lesezeit\" \/>\n\t<meta name=\"twitter:data2\" content=\"1\u00a0Minute\" \/>\n<script type=\"application\/ld+json\" class=\"yoast-schema-graph\">{\"@context\":\"https:\/\/schema.org\",\"@graph\":[{\"@type\":\"WebPage\",\"@id\":\"https:\/\/www.naturparkmagazin.de\/am-stettiner-haff\/4-riether-hoftroedelmarkt-am-1-mai-2019-von-10-bis-15-uhr\/\",\"url\":\"https:\/\/www.naturparkmagazin.de\/am-stettiner-haff\/4-riether-hoftroedelmarkt-am-1-mai-2019-von-10-bis-15-uhr\/\",\"name\":\"4. Riether Hoftr\u00f6delmarkt am 1. Mai 2019 von 10 bis 15 Uhr - Naturpark Am Stettiner Haff\",\"isPartOf\":{\"@id\":\"https:\/\/www.naturparkmagazin.de\/am-stettiner-haff\/#website\"},\"datePublished\":\"2019-04-12T11:22:05+00:00\",\"dateModified\":\"2019-04-24T11:02:59+00:00\",\"author\":{\"@id\":\"https:\/\/www.naturparkmagazin.de\/am-stettiner-haff\/#\/schema\/person\/4a7208080dbbfb024d81129b7960c725\"},\"breadcrumb\":{\"@id\":\"https:\/\/www.naturparkmagazin.de\/am-stettiner-haff\/4-riether-hoftroedelmarkt-am-1-mai-2019-von-10-bis-15-uhr\/#breadcrumb\"},\"inLanguage\":\"de\",\"potentialAction\":[{\"@type\":\"ReadAction\",\"target\":[\"https:\/\/www.naturparkmagazin.de\/am-stettiner-haff\/4-riether-hoftroedelmarkt-am-1-mai-2019-von-10-bis-15-uhr\/\"]}]},{\"@type\":\"BreadcrumbList\",\"@id\":\"https:\/\/www.naturparkmagazin.de\/am-stettiner-haff\/4-riether-hoftroedelmarkt-am-1-mai-2019-von-10-bis-15-uhr\/#breadcrumb\",\"itemListElement\":[{\"@type\":\"ListItem\",\"position\":1,\"name\":\"Home\",\"item\":\"https:\/\/www.naturparkmagazin.de\/am-stettiner-haff\/\"},{\"@type\":\"ListItem\",\"position\":2,\"name\":\"4. Riether Hoftr\u00f6delmarkt am 1. Mai 2019 von 10 bis 15 Uhr\"}]},{\"@type\":\"WebSite\",\"@id\":\"https:\/\/www.naturparkmagazin.de\/am-stettiner-haff\/#website\",\"url\":\"https:\/\/www.naturparkmagazin.de\/am-stettiner-haff\/\",\"name\":\"Naturpark Am Stettiner Haff\",\"description\":\"\",\"potentialAction\":[{\"@type\":\"SearchAction\",\"target\":{\"@type\":\"EntryPoint\",\"urlTemplate\":\"https:\/\/www.naturparkmagazin.de\/am-stettiner-haff\/?s={search_term_string}\"},\"query-input\":\"required name=search_term_string\"}],\"inLanguage\":\"de\"},{\"@type\":\"Person\",\"@id\":\"https:\/\/www.naturparkmagazin.de\/am-stettiner-haff\/#\/schema\/person\/4a7208080dbbfb024d81129b7960c725\",\"name\":\"Jochen Elberskirch\",\"sameAs\":[\"http:\/\/www.naturpark-am-stettiner-haff.de\"],\"url\":\"https:\/\/www.naturparkmagazin.de\/am-stettiner-haff\/author\/jochenelberskirch\/\"}]}<\/script>\n<!-- \/ Yoast SEO plugin. -->","yoast_head_json":{"title":"4. Riether Hoftr\u00f6delmarkt am 1. Mai 2019 von 10 bis 15 Uhr - Naturpark Am Stettiner Haff","robots":{"index":"index","follow":"follow","max-snippet":"max-snippet:-1","max-image-preview":"max-image-preview:large","max-video-preview":"max-video-preview:-1"},"canonical":"https:\/\/www.naturparkmagazin.de\/am-stettiner-haff\/4-riether-hoftroedelmarkt-am-1-mai-2019-von-10-bis-15-uhr\/","og_locale":"de_DE","og_type":"article","og_title":"4. Riether Hoftr\u00f6delmarkt am 1. Mai 2019 von 10 bis 15 Uhr - Naturpark Am Stettiner Haff","og_description":"Auch dieses Jahr l\u00e4dt das kleine Dorf Rieth am Stettiner Haff wieder Tr\u00f6dler aus Nah und Fern zum Riether Hoftr\u00f6delmarkt ein. Eine Vielzahl an Tr\u00f6delst\u00e4nden und Imbissangeboten im gesamten Dorf Rieth laden Sie liebe Besucher ein: einen interessanten Tag in Rieth zu verbringen. Der Riether Hoftr\u00f6delmarkt sammelt dieses Jahr Spenden f\u00fcr die Einrichtung einer &#8222;Buchhaltestelle&#8220;","og_url":"https:\/\/www.naturparkmagazin.de\/am-stettiner-haff\/4-riether-hoftroedelmarkt-am-1-mai-2019-von-10-bis-15-uhr\/","og_site_name":"Naturpark Am Stettiner Haff","article_published_time":"2019-04-12T11:22:05+00:00","article_modified_time":"2019-04-24T11:02:59+00:00","og_image":[{"width":1024,"height":683,"url":"https:\/\/www.naturparkmagazin.de\/am-stettiner-haff\/wp-content\/uploads\/sites\/29\/3.-Riether-Hoftr\u00f6delmarkt-Flohmarkt-Vorpommern-klein.jpg","type":"image\/jpeg"}],"author":"Jochen Elberskirch","twitter_misc":{"Verfasst von":"Jochen Elberskirch","Gesch\u00e4tzte Lesezeit":"1\u00a0Minute"},"schema":{"@context":"https:\/\/schema.org","@graph":[{"@type":"WebPage","@id":"https:\/\/www.naturparkmagazin.de\/am-stettiner-haff\/4-riether-hoftroedelmarkt-am-1-mai-2019-von-10-bis-15-uhr\/","url":"https:\/\/www.naturparkmagazin.de\/am-stettiner-haff\/4-riether-hoftroedelmarkt-am-1-mai-2019-von-10-bis-15-uhr\/","name":"4. Riether Hoftr\u00f6delmarkt am 1. Mai 2019 von 10 bis 15 Uhr - Naturpark Am Stettiner Haff","isPartOf":{"@id":"https:\/\/www.naturparkmagazin.de\/am-stettiner-haff\/#website"},"datePublished":"2019-04-12T11:22:05+00:00","dateModified":"2019-04-24T11:02:59+00:00","author":{"@id":"https:\/\/www.naturparkmagazin.de\/am-stettiner-haff\/#\/schema\/person\/4a7208080dbbfb024d81129b7960c725"},"breadcrumb":{"@id":"https:\/\/www.naturparkmagazin.de\/am-stettiner-haff\/4-riether-hoftroedelmarkt-am-1-mai-2019-von-10-bis-15-uhr\/#breadcrumb"},"inLanguage":"de","potentialAction":[{"@type":"ReadAction","target":["https:\/\/www.naturparkmagazin.de\/am-stettiner-haff\/4-riether-hoftroedelmarkt-am-1-mai-2019-von-10-bis-15-uhr\/"]}]},{"@type":"BreadcrumbList","@id":"https:\/\/www.naturparkmagazin.de\/am-stettiner-haff\/4-riether-hoftroedelmarkt-am-1-mai-2019-von-10-bis-15-uhr\/#breadcrumb","itemListElement":[{"@type":"ListItem","position":1,"name":"Home","item":"https:\/\/www.naturparkmagazin.de\/am-stettiner-haff\/"},{"@type":"ListItem","position":2,"name":"4. Riether Hoftr\u00f6delmarkt am 1. Mai 2019 von 10 bis 15 Uhr"}]},{"@type":"WebSite","@id":"https:\/\/www.naturparkmagazin.de\/am-stettiner-haff\/#website","url":"https:\/\/www.naturparkmagazin.de\/am-stettiner-haff\/","name":"Naturpark Am Stettiner Haff","description":"","potentialAction":[{"@type":"SearchAction","target":{"@type":"EntryPoint","urlTemplate":"https:\/\/www.naturparkmagazin.de\/am-stettiner-haff\/?s={search_term_string}"},"query-input":"required name=search_term_string"}],"inLanguage":"de"},{"@type":"Person","@id":"https:\/\/www.naturparkmagazin.de\/am-stettiner-haff\/#\/schema\/person\/4a7208080dbbfb024d81129b7960c725","name":"Jochen Elberskirch","sameAs":["http:\/\/www.naturpark-am-stettiner-haff.de"],"url":"https:\/\/www.naturparkmagazin.de\/am-stettiner-haff\/author\/jochenelberskirch\/"}]}},"_links":{"self":[{"href":"https:\/\/www.naturparkmagazin.de\/am-stettiner-haff\/wp-json\/wp\/v2\/posts\/2625"}],"collection":[{"href":"https:\/\/www.naturparkmagazin.de\/am-stettiner-haff\/wp-json\/wp\/v2\/posts"}],"about":[{"href":"https:\/\/www.naturparkmagazin.de\/am-stettiner-haff\/wp-json\/wp\/v2\/types\/post"}],"author":[{"embeddable":true,"href":"https:\/\/www.naturparkmagazin.de\/am-stettiner-haff\/wp-json\/wp\/v2\/users\/26"}],"replies":[{"embeddable":true,"href":"https:\/\/www.naturparkmagazin.de\/am-stettiner-haff\/wp-json\/wp\/v2\/comments?post=2625"}],"version-history":[{"count":3,"href":"https:\/\/www.naturparkmagazin.de\/am-stettiner-haff\/wp-json\/wp\/v2\/posts\/2625\/revisions"}],"predecessor-version":[{"id":2635,"href":"https:\/\/www.naturparkmagazin.de\/am-stettiner-haff\/wp-json\/wp\/v2\/posts\/2625\/revisions\/2635"}],"wp:featuredmedia":[{"embeddable":true,"href":"https:\/\/www.naturparkmagazin.de\/am-stettiner-haff\/wp-json\/wp\/v2\/media\/2626"}],"wp:attachment":[{"href":"https:\/\/www.naturparkmagazin.de\/am-stettiner-haff\/wp-json\/wp\/v2\/media?parent=2625"}],"wp:term":[{"taxonomy":"category","embeddable":true,"href":"https:\/\/www.naturparkmagazin.de\/am-stettiner-haff\/wp-json\/wp\/v2\/categories?post=2625"},{"taxonomy":"post_tag","embeddable":true,"href":"https:\/\/www.naturparkmagazin.de\/am-stettiner-haff\/wp-json\/wp\/v2\/tags?post=2625"}],"curies":[{"name":"wp","href":"https:\/\/api.w.org\/{rel}","templated":true}]}}