{"id":2639,"date":"2019-05-16T09:39:34","date_gmt":"2019-05-16T07:39:34","guid":{"rendered":"https:\/\/www.naturparkmagazin.de\/am-stettiner-haff\/?p=2639"},"modified":"2019-05-28T14:23:35","modified_gmt":"2019-05-28T12:23:35","slug":"gefuehrte-wanderungen-2019","status":"publish","type":"post","link":"https:\/\/www.naturparkmagazin.de\/am-stettiner-haff\/gefuehrte-wanderungen-2019\/","title":{"rendered":"Saisonstart im Naturpark &#8211; Gef\u00fchrte Wanderungen 2019"},"content":{"rendered":"<p>Auch in diesem Jahr freuen wir uns \u00fcber das gro\u00dfe Interesse Angebote in dem Flyer zu plazieren.<\/p>\n<p>Vielen Danke an Alle die mitmachen!<\/p>\n<p><a href=\"https:\/\/www.naturparkmagazin.de\/am-stettiner-haff\/wp-content\/uploads\/sites\/29\/Gef\u00fchrte-Wanderungen-2019.png\"><img decoding=\"async\" loading=\"lazy\" class=\" size-full wp-image-2640 aligncenter\" src=\"https:\/\/www.naturparkmagazin.de\/am-stettiner-haff\/wp-content\/uploads\/sites\/29\/Gef\u00fchrte-Wanderungen-2019.png\" alt=\"Gef\u00fchrte Wanderungen 2019\" width=\"344\" height=\"704\" srcset=\"https:\/\/www.naturparkmagazin.de\/am-stettiner-haff\/wp-content\/uploads\/sites\/29\/Gef\u00fchrte-Wanderungen-2019.png 344w, https:\/\/www.naturparkmagazin.de\/am-stettiner-haff\/wp-content\/uploads\/sites\/29\/Gef\u00fchrte-Wanderungen-2019-300x614.png 300w, https:\/\/www.naturparkmagazin.de\/am-stettiner-haff\/wp-content\/uploads\/sites\/29\/Gef\u00fchrte-Wanderungen-2019-200x409.png 200w\" sizes=\"(max-width: 344px) 100vw, 344px\" \/><\/a><\/p>\n<p>Wie in jedem Jahr ist der Flyer in allen Touristeninformationen der Region und im Besucherinformationszentrum des Naturparks erh\u00e4ltlich.<\/p>\n<p>Das Besucherinformationszentrum\u00a0\u00a0\u00f6ffnet\u00a0seit Mitte Mai\u00a0wieder\u00a0Montag &#8211;\u00a0 Freitag von 9:30 -17:00 Uhr und Samstag von 10:00 &#8211; 16:00 Uhr &#8211;\u00a0Wir freuen uns auf Ihren Besuch!<\/p>\n<p>Die digitale Version des Flyers kann auf den Internetseiten\u00a0des Naturparkf\u00f6rdervereins unter www.natur-und-leben-am-stettiner-haff.de\/termine.html heruntergeladen werden.<\/p>\n","protected":false},"excerpt":{"rendered":"<p>P\u00fcnktlich zum Saisonbeginn halten wir den druckfrischen Flyer mit den \u201eGef\u00fchrten Wanderungen 2019\u201c in den H\u00e4nden.<\/p>\n","protected":false},"author":26,"featured_media":2640,"comment_status":"open","ping_status":"open","sticky":false,"template":"","format":"standard","meta":[],"categories":[7],"tags":[],"yoast_head":"<!-- This site is optimized with the Yoast SEO plugin v19.10 - https:\/\/yoast.com\/wordpress\/plugins\/seo\/ -->\n<title>Saisonstart im Naturpark - Gef\u00fchrte Wanderungen 2019 - Naturpark Am Stettiner Haff<\/title>\n<meta name=\"robots\" content=\"index, follow, max-snippet:-1, max-image-preview:large, max-video-preview:-1\" \/>\n<link rel=\"canonical\" href=\"https:\/\/www.naturparkmagazin.de\/am-stettiner-haff\/gefuehrte-wanderungen-2019\/\" \/>\n<meta property=\"og:locale\" content=\"de_DE\" \/>\n<meta property=\"og:type\" content=\"article\" \/>\n<meta property=\"og:title\" content=\"Saisonstart im Naturpark - Gef\u00fchrte Wanderungen 2019 - Naturpark Am Stettiner Haff\" \/>\n<meta property=\"og:description\" content=\"P\u00fcnktlich zum Saisonbeginn halten wir den druckfrischen Flyer mit den \u201eGef\u00fchrten Wanderungen 2019\u201c in den H\u00e4nden.\" \/>\n<meta property=\"og:url\" content=\"https:\/\/www.naturparkmagazin.de\/am-stettiner-haff\/gefuehrte-wanderungen-2019\/\" \/>\n<meta property=\"og:site_name\" content=\"Naturpark Am Stettiner Haff\" \/>\n<meta property=\"article:published_time\" content=\"2019-05-16T07:39:34+00:00\" \/>\n<meta property=\"article:modified_time\" content=\"2019-05-28T12:23:35+00:00\" \/>\n<meta property=\"og:image\" content=\"https:\/\/www.naturparkmagazin.de\/am-stettiner-haff\/wp-content\/uploads\/sites\/29\/Gef\u00fchrte-Wanderungen-2019.png\" \/>\n\t<meta property=\"og:image:width\" content=\"344\" \/>\n\t<meta property=\"og:image:height\" content=\"704\" \/>\n\t<meta property=\"og:image:type\" content=\"image\/png\" \/>\n<meta name=\"author\" content=\"Jochen Elberskirch\" \/>\n<meta name=\"twitter:label1\" content=\"Verfasst von\" \/>\n\t<meta name=\"twitter:data1\" content=\"Jochen Elberskirch\" \/>\n<script type=\"application\/ld+json\" class=\"yoast-schema-graph\">{\"@context\":\"https:\/\/schema.org\",\"@graph\":[{\"@type\":\"WebPage\",\"@id\":\"https:\/\/www.naturparkmagazin.de\/am-stettiner-haff\/gefuehrte-wanderungen-2019\/\",\"url\":\"https:\/\/www.naturparkmagazin.de\/am-stettiner-haff\/gefuehrte-wanderungen-2019\/\",\"name\":\"Saisonstart im Naturpark - Gef\u00fchrte Wanderungen 2019 - Naturpark Am Stettiner Haff\",\"isPartOf\":{\"@id\":\"https:\/\/www.naturparkmagazin.de\/am-stettiner-haff\/#website\"},\"datePublished\":\"2019-05-16T07:39:34+00:00\",\"dateModified\":\"2019-05-28T12:23:35+00:00\",\"author\":{\"@id\":\"https:\/\/www.naturparkmagazin.de\/am-stettiner-haff\/#\/schema\/person\/4a7208080dbbfb024d81129b7960c725\"},\"breadcrumb\":{\"@id\":\"https:\/\/www.naturparkmagazin.de\/am-stettiner-haff\/gefuehrte-wanderungen-2019\/#breadcrumb\"},\"inLanguage\":\"de\",\"potentialAction\":[{\"@type\":\"ReadAction\",\"target\":[\"https:\/\/www.naturparkmagazin.de\/am-stettiner-haff\/gefuehrte-wanderungen-2019\/\"]}]},{\"@type\":\"BreadcrumbList\",\"@id\":\"https:\/\/www.naturparkmagazin.de\/am-stettiner-haff\/gefuehrte-wanderungen-2019\/#breadcrumb\",\"itemListElement\":[{\"@type\":\"ListItem\",\"position\":1,\"name\":\"Home\",\"item\":\"https:\/\/www.naturparkmagazin.de\/am-stettiner-haff\/\"},{\"@type\":\"ListItem\",\"position\":2,\"name\":\"Saisonstart im Naturpark &#8211; Gef\u00fchrte Wanderungen 2019\"}]},{\"@type\":\"WebSite\",\"@id\":\"https:\/\/www.naturparkmagazin.de\/am-stettiner-haff\/#website\",\"url\":\"https:\/\/www.naturparkmagazin.de\/am-stettiner-haff\/\",\"name\":\"Naturpark Am Stettiner Haff\",\"description\":\"\",\"potentialAction\":[{\"@type\":\"SearchAction\",\"target\":{\"@type\":\"EntryPoint\",\"urlTemplate\":\"https:\/\/www.naturparkmagazin.de\/am-stettiner-haff\/?s={search_term_string}\"},\"query-input\":\"required name=search_term_string\"}],\"inLanguage\":\"de\"},{\"@type\":\"Person\",\"@id\":\"https:\/\/www.naturparkmagazin.de\/am-stettiner-haff\/#\/schema\/person\/4a7208080dbbfb024d81129b7960c725\",\"name\":\"Jochen Elberskirch\",\"sameAs\":[\"http:\/\/www.naturpark-am-stettiner-haff.de\"],\"url\":\"https:\/\/www.naturparkmagazin.de\/am-stettiner-haff\/author\/jochenelberskirch\/\"}]}<\/script>\n<!-- \/ Yoast SEO plugin. -->","yoast_head_json":{"title":"Saisonstart im Naturpark - Gef\u00fchrte Wanderungen 2019 - Naturpark Am Stettiner Haff","robots":{"index":"index","follow":"follow","max-snippet":"max-snippet:-1","max-image-preview":"max-image-preview:large","max-video-preview":"max-video-preview:-1"},"canonical":"https:\/\/www.naturparkmagazin.de\/am-stettiner-haff\/gefuehrte-wanderungen-2019\/","og_locale":"de_DE","og_type":"article","og_title":"Saisonstart im Naturpark - Gef\u00fchrte Wanderungen 2019 - Naturpark Am Stettiner Haff","og_description":"P\u00fcnktlich zum Saisonbeginn halten wir den druckfrischen Flyer mit den \u201eGef\u00fchrten Wanderungen 2019\u201c in den H\u00e4nden.","og_url":"https:\/\/www.naturparkmagazin.de\/am-stettiner-haff\/gefuehrte-wanderungen-2019\/","og_site_name":"Naturpark Am Stettiner Haff","article_published_time":"2019-05-16T07:39:34+00:00","article_modified_time":"2019-05-28T12:23:35+00:00","og_image":[{"width":344,"height":704,"url":"https:\/\/www.naturparkmagazin.de\/am-stettiner-haff\/wp-content\/uploads\/sites\/29\/Gef\u00fchrte-Wanderungen-2019.png","type":"image\/png"}],"author":"Jochen Elberskirch","twitter_misc":{"Verfasst von":"Jochen Elberskirch"},"schema":{"@context":"https:\/\/schema.org","@graph":[{"@type":"WebPage","@id":"https:\/\/www.naturparkmagazin.de\/am-stettiner-haff\/gefuehrte-wanderungen-2019\/","url":"https:\/\/www.naturparkmagazin.de\/am-stettiner-haff\/gefuehrte-wanderungen-2019\/","name":"Saisonstart im Naturpark - Gef\u00fchrte Wanderungen 2019 - Naturpark Am Stettiner Haff","isPartOf":{"@id":"https:\/\/www.naturparkmagazin.de\/am-stettiner-haff\/#website"},"datePublished":"2019-05-16T07:39:34+00:00","dateModified":"2019-05-28T12:23:35+00:00","author":{"@id":"https:\/\/www.naturparkmagazin.de\/am-stettiner-haff\/#\/schema\/person\/4a7208080dbbfb024d81129b7960c725"},"breadcrumb":{"@id":"https:\/\/www.naturparkmagazin.de\/am-stettiner-haff\/gefuehrte-wanderungen-2019\/#breadcrumb"},"inLanguage":"de","potentialAction":[{"@type":"ReadAction","target":["https:\/\/www.naturparkmagazin.de\/am-stettiner-haff\/gefuehrte-wanderungen-2019\/"]}]},{"@type":"BreadcrumbList","@id":"https:\/\/www.naturparkmagazin.de\/am-stettiner-haff\/gefuehrte-wanderungen-2019\/#breadcrumb","itemListElement":[{"@type":"ListItem","position":1,"name":"Home","item":"https:\/\/www.naturparkmagazin.de\/am-stettiner-haff\/"},{"@type":"ListItem","position":2,"name":"Saisonstart im Naturpark &#8211; Gef\u00fchrte Wanderungen 2019"}]},{"@type":"WebSite","@id":"https:\/\/www.naturparkmagazin.de\/am-stettiner-haff\/#website","url":"https:\/\/www.naturparkmagazin.de\/am-stettiner-haff\/","name":"Naturpark Am Stettiner Haff","description":"","potentialAction":[{"@type":"SearchAction","target":{"@type":"EntryPoint","urlTemplate":"https:\/\/www.naturparkmagazin.de\/am-stettiner-haff\/?s={search_term_string}"},"query-input":"required name=search_term_string"}],"inLanguage":"de"},{"@type":"Person","@id":"https:\/\/www.naturparkmagazin.de\/am-stettiner-haff\/#\/schema\/person\/4a7208080dbbfb024d81129b7960c725","name":"Jochen Elberskirch","sameAs":["http:\/\/www.naturpark-am-stettiner-haff.de"],"url":"https:\/\/www.naturparkmagazin.de\/am-stettiner-haff\/author\/jochenelberskirch\/"}]}},"_links":{"self":[{"href":"https:\/\/www.naturparkmagazin.de\/am-stettiner-haff\/wp-json\/wp\/v2\/posts\/2639"}],"collection":[{"href":"https:\/\/www.naturparkmagazin.de\/am-stettiner-haff\/wp-json\/wp\/v2\/posts"}],"about":[{"href":"https:\/\/www.naturparkmagazin.de\/am-stettiner-haff\/wp-json\/wp\/v2\/types\/post"}],"author":[{"embeddable":true,"href":"https:\/\/www.naturparkmagazin.de\/am-stettiner-haff\/wp-json\/wp\/v2\/users\/26"}],"replies":[{"embeddable":true,"href":"https:\/\/www.naturparkmagazin.de\/am-stettiner-haff\/wp-json\/wp\/v2\/comments?post=2639"}],"version-history":[{"count":5,"href":"https:\/\/www.naturparkmagazin.de\/am-stettiner-haff\/wp-json\/wp\/v2\/posts\/2639\/revisions"}],"predecessor-version":[{"id":2676,"href":"https:\/\/www.naturparkmagazin.de\/am-stettiner-haff\/wp-json\/wp\/v2\/posts\/2639\/revisions\/2676"}],"wp:featuredmedia":[{"embeddable":true,"href":"https:\/\/www.naturparkmagazin.de\/am-stettiner-haff\/wp-json\/wp\/v2\/media\/2640"}],"wp:attachment":[{"href":"https:\/\/www.naturparkmagazin.de\/am-stettiner-haff\/wp-json\/wp\/v2\/media?parent=2639"}],"wp:term":[{"taxonomy":"category","embeddable":true,"href":"https:\/\/www.naturparkmagazin.de\/am-stettiner-haff\/wp-json\/wp\/v2\/categories?post=2639"},{"taxonomy":"post_tag","embeddable":true,"href":"https:\/\/www.naturparkmagazin.de\/am-stettiner-haff\/wp-json\/wp\/v2\/tags?post=2639"}],"curies":[{"name":"wp","href":"https:\/\/api.w.org\/{rel}","templated":true}]}}