{"id":2687,"date":"2019-06-12T11:19:26","date_gmt":"2019-06-12T09:19:26","guid":{"rendered":"https:\/\/www.naturparkmagazin.de\/am-stettiner-haff\/?p=2687"},"modified":"2019-07-01T13:34:28","modified_gmt":"2019-07-01T11:34:28","slug":"naturpark-stammtisch-im-gruenen-mit-aktiven-beitrag-zum-tag-der-umwelt-und-tage-der-nachhaltigkeit","status":"publish","type":"post","link":"https:\/\/www.naturparkmagazin.de\/am-stettiner-haff\/naturpark-stammtisch-im-gruenen-mit-aktiven-beitrag-zum-tag-der-umwelt-und-tage-der-nachhaltigkeit\/","title":{"rendered":"Naturpark-Stammtisch im Gr\u00fcnen mit aktiven Beitrag zum Tag der Umwelt und Tage der Nachhaltigkeit"},"content":{"rendered":"<p>Der Naturpark-Stammtisch im Gr\u00fcnen fand am 05. Juni im Haffen von Eggesin statt.\u00a0Vereinsmitglieder und G\u00e4ste konnten sich von den gelungen Rekonstruktionsarbeiten im Hafenbereich \u00fcberzeugen.<\/p>\n<p>Anl\u00e4sslich des Tages der Umwelt und der laufenden Nachhaltigkeitstage begaben sich die Mitarbeiter des Naturparks zeitgleich mit einer G\u00e4stegruppe des ZERUMs auf eine M\u00fcllsammelaktion entlang der Randow und Uecker.<\/p>\n<div id=\"attachment_2689\" style=\"width: 630px\" class=\"wp-caption aligncenter\"><a href=\"https:\/\/www.naturparkmagazin.de\/am-stettiner-haff\/wp-content\/uploads\/sites\/29\/Kanu-Gruppe01-klein.jpg\"><img aria-describedby=\"caption-attachment-2689\" decoding=\"async\" loading=\"lazy\" class=\"size-large wp-image-2689\" src=\"https:\/\/www.naturparkmagazin.de\/am-stettiner-haff\/wp-content\/uploads\/sites\/29\/Kanu-Gruppe01-klein-940x624.jpg\" alt=\"Sch\u00fclergruppe aus Berlin ganz im Zeichen der Nachhaltigkeit unterwegs (Foto: ZERUM Ueckerm\u00fcnde)\" width=\"620\" height=\"412\" srcset=\"https:\/\/www.naturparkmagazin.de\/am-stettiner-haff\/wp-content\/uploads\/sites\/29\/Kanu-Gruppe01-klein-940x624.jpg 940w, https:\/\/www.naturparkmagazin.de\/am-stettiner-haff\/wp-content\/uploads\/sites\/29\/Kanu-Gruppe01-klein-300x199.jpg 300w, https:\/\/www.naturparkmagazin.de\/am-stettiner-haff\/wp-content\/uploads\/sites\/29\/Kanu-Gruppe01-klein-620x412.jpg 620w, https:\/\/www.naturparkmagazin.de\/am-stettiner-haff\/wp-content\/uploads\/sites\/29\/Kanu-Gruppe01-klein-670x445.jpg 670w, https:\/\/www.naturparkmagazin.de\/am-stettiner-haff\/wp-content\/uploads\/sites\/29\/Kanu-Gruppe01-klein-200x133.jpg 200w, https:\/\/www.naturparkmagazin.de\/am-stettiner-haff\/wp-content\/uploads\/sites\/29\/Kanu-Gruppe01-klein.jpg 1415w\" sizes=\"(max-width: 620px) 100vw, 620px\" \/><\/a><p id=\"caption-attachment-2689\" class=\"wp-caption-text\">Berliner Sch\u00fcler unterwegs\u00a0im Zeichen der Nachhaltigkeit\u00a0(Foto: ZERUM Ueckerm\u00fcnde)<\/p><\/div>\n<p>Wider erwarten kam innerhalb k\u00fcrzester Zeit eine nicht unerhebliche Menge M\u00fcll zusammen, die am Hafen Eggesin angelandet wurde.<\/p>\n<div id=\"attachment_2691\" style=\"width: 630px\" class=\"wp-caption aligncenter\"><a href=\"https:\/\/www.naturparkmagazin.de\/am-stettiner-haff\/wp-content\/uploads\/sites\/29\/Muell_klein.jpg\"><img aria-describedby=\"caption-attachment-2691\" decoding=\"async\" loading=\"lazy\" class=\"size-medium wp-image-2691\" src=\"https:\/\/www.naturparkmagazin.de\/am-stettiner-haff\/wp-content\/uploads\/sites\/29\/Muell_klein-620x827.jpg\" alt=\"Der in kurzer Zeit gesammelte M\u00fcll - (Foto: Naturpark)\" width=\"620\" height=\"827\" srcset=\"https:\/\/www.naturparkmagazin.de\/am-stettiner-haff\/wp-content\/uploads\/sites\/29\/Muell_klein-620x827.jpg 620w, https:\/\/www.naturparkmagazin.de\/am-stettiner-haff\/wp-content\/uploads\/sites\/29\/Muell_klein-300x400.jpg 300w, https:\/\/www.naturparkmagazin.de\/am-stettiner-haff\/wp-content\/uploads\/sites\/29\/Muell_klein-940x1254.jpg 940w, https:\/\/www.naturparkmagazin.de\/am-stettiner-haff\/wp-content\/uploads\/sites\/29\/Muell_klein-500x667.jpg 500w, https:\/\/www.naturparkmagazin.de\/am-stettiner-haff\/wp-content\/uploads\/sites\/29\/Muell_klein-420x560.jpg 420w, https:\/\/www.naturparkmagazin.de\/am-stettiner-haff\/wp-content\/uploads\/sites\/29\/Muell_klein-135x180.jpg 135w, https:\/\/www.naturparkmagazin.de\/am-stettiner-haff\/wp-content\/uploads\/sites\/29\/Muell_klein-53x71.jpg 53w, https:\/\/www.naturparkmagazin.de\/am-stettiner-haff\/wp-content\/uploads\/sites\/29\/Muell_klein-670x894.jpg 670w, https:\/\/www.naturparkmagazin.de\/am-stettiner-haff\/wp-content\/uploads\/sites\/29\/Muell_klein-200x267.jpg 200w, https:\/\/www.naturparkmagazin.de\/am-stettiner-haff\/wp-content\/uploads\/sites\/29\/Muell_klein.jpg 998w\" sizes=\"(max-width: 620px) 100vw, 620px\" \/><\/a><p id=\"caption-attachment-2691\" class=\"wp-caption-text\">Der in kurzer Zeit gesammelte M\u00fcll &#8211; (Foto: Naturpark)<\/p><\/div>\n<p>Dank der Unterst\u00fctzung durch die Mitarbeiter des Bauhofes der Stadt Eggesin, die den M\u00fcll schnell und unkompliziert der sachgerechten Entsorgung zuf\u00fchrten und Dank der Unterst\u00fctzung durch B\u00e4rbel und Detlef Ertelt, die eines ihrer Kanus kostenfrei zur Verf\u00fcgung stellten wurde diese Aktion erst erm\u00f6glicht!<\/p>\n<div id=\"attachment_2693\" style=\"width: 568px\" class=\"wp-caption aligncenter\"><a href=\"https:\/\/www.naturparkmagazin.de\/am-stettiner-haff\/wp-content\/uploads\/sites\/29\/Stammtisch-3.jpg\"><img aria-describedby=\"caption-attachment-2693\" decoding=\"async\" loading=\"lazy\" class=\"size-full wp-image-2693\" src=\"https:\/\/www.naturparkmagazin.de\/am-stettiner-haff\/wp-content\/uploads\/sites\/29\/Stammtisch-3.jpg\" alt=\"Naturpark-Stammtisch (Foto: A. Buchholz)\" width=\"558\" height=\"372\" srcset=\"https:\/\/www.naturparkmagazin.de\/am-stettiner-haff\/wp-content\/uploads\/sites\/29\/Stammtisch-3.jpg 558w, https:\/\/www.naturparkmagazin.de\/am-stettiner-haff\/wp-content\/uploads\/sites\/29\/Stammtisch-3-300x200.jpg 300w, https:\/\/www.naturparkmagazin.de\/am-stettiner-haff\/wp-content\/uploads\/sites\/29\/Stammtisch-3-200x133.jpg 200w\" sizes=\"(max-width: 558px) 100vw, 558px\" \/><\/a><p id=\"caption-attachment-2693\" class=\"wp-caption-text\">Naturpark-Stammtisch (Foto: A. Buchholz)<\/p><\/div>\n<p>Am Abend gab es gen\u00fcgend Gespr\u00e4chsstoff. Es wurde \u00fcber die Entwicklung der Biberpopulation gesprochen und eine Vielzahl von einfachen M\u00f6glichkeiten zum Schutz von Geh\u00f6lzen aufgezeigt. Die Teilnehmer tauschten Ihre Standpunkte zu touristischen Projekten in der Region aus z. B. zur Neugestaltung des Eggesiner Rundwanderweges. Im weiteren Verlauf wurden zudem eine Initiative zum Schutz des Rotmilan vorgestellt und auf die bevorstehende Veranstaltungen &#8222;Autofreier Sonntag&#8220; am 16. Juni hingewiesen.<\/p>\n<p>&nbsp;<\/p>\n<p>Detlef und B\u00e4rbel Ertelt waren tolle Gastgeber, DANKE!<\/p>\n<p>&nbsp;<\/p>\n<p>&nbsp;<\/p>\n<p>J. Barth<\/p>\n<p>&nbsp;<\/p>\n","protected":false},"excerpt":{"rendered":"<p>Am 05. Juni konnten sich Vereinsmitglieder und G\u00e4ste von den gelungen Rekonstruktionsarbeiten im Hafenbereich \u00fcberzeugen.<\/p>\n","protected":false},"author":26,"featured_media":2690,"comment_status":"open","ping_status":"open","sticky":false,"template":"","format":"standard","meta":[],"categories":[7],"tags":[],"yoast_head":"<!-- This site is optimized with the Yoast SEO plugin v19.10 - https:\/\/yoast.com\/wordpress\/plugins\/seo\/ -->\n<title>Naturpark-Stammtisch im Gr\u00fcnen mit aktiven Beitrag zum Tag der Umwelt und Tage der Nachhaltigkeit - Naturpark Am Stettiner Haff<\/title>\n<meta name=\"robots\" content=\"index, follow, max-snippet:-1, max-image-preview:large, max-video-preview:-1\" \/>\n<link rel=\"canonical\" href=\"https:\/\/www.naturparkmagazin.de\/am-stettiner-haff\/naturpark-stammtisch-im-gruenen-mit-aktiven-beitrag-zum-tag-der-umwelt-und-tage-der-nachhaltigkeit\/\" \/>\n<meta property=\"og:locale\" content=\"de_DE\" \/>\n<meta property=\"og:type\" content=\"article\" \/>\n<meta property=\"og:title\" content=\"Naturpark-Stammtisch im Gr\u00fcnen mit aktiven Beitrag zum Tag der Umwelt und Tage der Nachhaltigkeit - Naturpark Am Stettiner Haff\" \/>\n<meta property=\"og:description\" content=\"Am 05. Juni konnten sich Vereinsmitglieder und G\u00e4ste von den gelungen Rekonstruktionsarbeiten im Hafenbereich \u00fcberzeugen.\" \/>\n<meta property=\"og:url\" content=\"https:\/\/www.naturparkmagazin.de\/am-stettiner-haff\/naturpark-stammtisch-im-gruenen-mit-aktiven-beitrag-zum-tag-der-umwelt-und-tage-der-nachhaltigkeit\/\" \/>\n<meta property=\"og:site_name\" content=\"Naturpark Am Stettiner Haff\" \/>\n<meta property=\"article:published_time\" content=\"2019-06-12T09:19:26+00:00\" \/>\n<meta property=\"article:modified_time\" content=\"2019-07-01T11:34:28+00:00\" \/>\n<meta property=\"og:image\" content=\"https:\/\/www.naturparkmagazin.de\/am-stettiner-haff\/wp-content\/uploads\/sites\/29\/Kanu-NP_klein.jpg\" \/>\n\t<meta property=\"og:image:width\" content=\"998\" \/>\n\t<meta property=\"og:image:height\" content=\"1331\" \/>\n\t<meta property=\"og:image:type\" content=\"image\/jpeg\" \/>\n<meta name=\"author\" content=\"Jochen Elberskirch\" \/>\n<meta name=\"twitter:label1\" content=\"Verfasst von\" \/>\n\t<meta name=\"twitter:data1\" content=\"Jochen Elberskirch\" \/>\n\t<meta name=\"twitter:label2\" content=\"Gesch\u00e4tzte Lesezeit\" \/>\n\t<meta name=\"twitter:data2\" content=\"1\u00a0Minute\" \/>\n<script type=\"application\/ld+json\" class=\"yoast-schema-graph\">{\"@context\":\"https:\/\/schema.org\",\"@graph\":[{\"@type\":\"WebPage\",\"@id\":\"https:\/\/www.naturparkmagazin.de\/am-stettiner-haff\/naturpark-stammtisch-im-gruenen-mit-aktiven-beitrag-zum-tag-der-umwelt-und-tage-der-nachhaltigkeit\/\",\"url\":\"https:\/\/www.naturparkmagazin.de\/am-stettiner-haff\/naturpark-stammtisch-im-gruenen-mit-aktiven-beitrag-zum-tag-der-umwelt-und-tage-der-nachhaltigkeit\/\",\"name\":\"Naturpark-Stammtisch im Gr\u00fcnen mit aktiven Beitrag zum Tag der Umwelt und Tage der Nachhaltigkeit - Naturpark Am Stettiner Haff\",\"isPartOf\":{\"@id\":\"https:\/\/www.naturparkmagazin.de\/am-stettiner-haff\/#website\"},\"datePublished\":\"2019-06-12T09:19:26+00:00\",\"dateModified\":\"2019-07-01T11:34:28+00:00\",\"author\":{\"@id\":\"https:\/\/www.naturparkmagazin.de\/am-stettiner-haff\/#\/schema\/person\/4a7208080dbbfb024d81129b7960c725\"},\"breadcrumb\":{\"@id\":\"https:\/\/www.naturparkmagazin.de\/am-stettiner-haff\/naturpark-stammtisch-im-gruenen-mit-aktiven-beitrag-zum-tag-der-umwelt-und-tage-der-nachhaltigkeit\/#breadcrumb\"},\"inLanguage\":\"de\",\"potentialAction\":[{\"@type\":\"ReadAction\",\"target\":[\"https:\/\/www.naturparkmagazin.de\/am-stettiner-haff\/naturpark-stammtisch-im-gruenen-mit-aktiven-beitrag-zum-tag-der-umwelt-und-tage-der-nachhaltigkeit\/\"]}]},{\"@type\":\"BreadcrumbList\",\"@id\":\"https:\/\/www.naturparkmagazin.de\/am-stettiner-haff\/naturpark-stammtisch-im-gruenen-mit-aktiven-beitrag-zum-tag-der-umwelt-und-tage-der-nachhaltigkeit\/#breadcrumb\",\"itemListElement\":[{\"@type\":\"ListItem\",\"position\":1,\"name\":\"Home\",\"item\":\"https:\/\/www.naturparkmagazin.de\/am-stettiner-haff\/\"},{\"@type\":\"ListItem\",\"position\":2,\"name\":\"Naturpark-Stammtisch im Gr\u00fcnen mit aktiven Beitrag zum Tag der Umwelt und Tage der Nachhaltigkeit\"}]},{\"@type\":\"WebSite\",\"@id\":\"https:\/\/www.naturparkmagazin.de\/am-stettiner-haff\/#website\",\"url\":\"https:\/\/www.naturparkmagazin.de\/am-stettiner-haff\/\",\"name\":\"Naturpark Am Stettiner Haff\",\"description\":\"\",\"potentialAction\":[{\"@type\":\"SearchAction\",\"target\":{\"@type\":\"EntryPoint\",\"urlTemplate\":\"https:\/\/www.naturparkmagazin.de\/am-stettiner-haff\/?s={search_term_string}\"},\"query-input\":\"required name=search_term_string\"}],\"inLanguage\":\"de\"},{\"@type\":\"Person\",\"@id\":\"https:\/\/www.naturparkmagazin.de\/am-stettiner-haff\/#\/schema\/person\/4a7208080dbbfb024d81129b7960c725\",\"name\":\"Jochen Elberskirch\",\"sameAs\":[\"http:\/\/www.naturpark-am-stettiner-haff.de\"],\"url\":\"https:\/\/www.naturparkmagazin.de\/am-stettiner-haff\/author\/jochenelberskirch\/\"}]}<\/script>\n<!-- \/ Yoast SEO plugin. -->","yoast_head_json":{"title":"Naturpark-Stammtisch im Gr\u00fcnen mit aktiven Beitrag zum Tag der Umwelt und Tage der Nachhaltigkeit - Naturpark Am Stettiner Haff","robots":{"index":"index","follow":"follow","max-snippet":"max-snippet:-1","max-image-preview":"max-image-preview:large","max-video-preview":"max-video-preview:-1"},"canonical":"https:\/\/www.naturparkmagazin.de\/am-stettiner-haff\/naturpark-stammtisch-im-gruenen-mit-aktiven-beitrag-zum-tag-der-umwelt-und-tage-der-nachhaltigkeit\/","og_locale":"de_DE","og_type":"article","og_title":"Naturpark-Stammtisch im Gr\u00fcnen mit aktiven Beitrag zum Tag der Umwelt und Tage der Nachhaltigkeit - Naturpark Am Stettiner Haff","og_description":"Am 05. Juni konnten sich Vereinsmitglieder und G\u00e4ste von den gelungen Rekonstruktionsarbeiten im Hafenbereich \u00fcberzeugen.","og_url":"https:\/\/www.naturparkmagazin.de\/am-stettiner-haff\/naturpark-stammtisch-im-gruenen-mit-aktiven-beitrag-zum-tag-der-umwelt-und-tage-der-nachhaltigkeit\/","og_site_name":"Naturpark Am Stettiner Haff","article_published_time":"2019-06-12T09:19:26+00:00","article_modified_time":"2019-07-01T11:34:28+00:00","og_image":[{"width":998,"height":1331,"url":"https:\/\/www.naturparkmagazin.de\/am-stettiner-haff\/wp-content\/uploads\/sites\/29\/Kanu-NP_klein.jpg","type":"image\/jpeg"}],"author":"Jochen Elberskirch","twitter_misc":{"Verfasst von":"Jochen Elberskirch","Gesch\u00e4tzte Lesezeit":"1\u00a0Minute"},"schema":{"@context":"https:\/\/schema.org","@graph":[{"@type":"WebPage","@id":"https:\/\/www.naturparkmagazin.de\/am-stettiner-haff\/naturpark-stammtisch-im-gruenen-mit-aktiven-beitrag-zum-tag-der-umwelt-und-tage-der-nachhaltigkeit\/","url":"https:\/\/www.naturparkmagazin.de\/am-stettiner-haff\/naturpark-stammtisch-im-gruenen-mit-aktiven-beitrag-zum-tag-der-umwelt-und-tage-der-nachhaltigkeit\/","name":"Naturpark-Stammtisch im Gr\u00fcnen mit aktiven Beitrag zum Tag der Umwelt und Tage der Nachhaltigkeit - Naturpark Am Stettiner Haff","isPartOf":{"@id":"https:\/\/www.naturparkmagazin.de\/am-stettiner-haff\/#website"},"datePublished":"2019-06-12T09:19:26+00:00","dateModified":"2019-07-01T11:34:28+00:00","author":{"@id":"https:\/\/www.naturparkmagazin.de\/am-stettiner-haff\/#\/schema\/person\/4a7208080dbbfb024d81129b7960c725"},"breadcrumb":{"@id":"https:\/\/www.naturparkmagazin.de\/am-stettiner-haff\/naturpark-stammtisch-im-gruenen-mit-aktiven-beitrag-zum-tag-der-umwelt-und-tage-der-nachhaltigkeit\/#breadcrumb"},"inLanguage":"de","potentialAction":[{"@type":"ReadAction","target":["https:\/\/www.naturparkmagazin.de\/am-stettiner-haff\/naturpark-stammtisch-im-gruenen-mit-aktiven-beitrag-zum-tag-der-umwelt-und-tage-der-nachhaltigkeit\/"]}]},{"@type":"BreadcrumbList","@id":"https:\/\/www.naturparkmagazin.de\/am-stettiner-haff\/naturpark-stammtisch-im-gruenen-mit-aktiven-beitrag-zum-tag-der-umwelt-und-tage-der-nachhaltigkeit\/#breadcrumb","itemListElement":[{"@type":"ListItem","position":1,"name":"Home","item":"https:\/\/www.naturparkmagazin.de\/am-stettiner-haff\/"},{"@type":"ListItem","position":2,"name":"Naturpark-Stammtisch im Gr\u00fcnen mit aktiven Beitrag zum Tag der Umwelt und Tage der Nachhaltigkeit"}]},{"@type":"WebSite","@id":"https:\/\/www.naturparkmagazin.de\/am-stettiner-haff\/#website","url":"https:\/\/www.naturparkmagazin.de\/am-stettiner-haff\/","name":"Naturpark Am Stettiner Haff","description":"","potentialAction":[{"@type":"SearchAction","target":{"@type":"EntryPoint","urlTemplate":"https:\/\/www.naturparkmagazin.de\/am-stettiner-haff\/?s={search_term_string}"},"query-input":"required name=search_term_string"}],"inLanguage":"de"},{"@type":"Person","@id":"https:\/\/www.naturparkmagazin.de\/am-stettiner-haff\/#\/schema\/person\/4a7208080dbbfb024d81129b7960c725","name":"Jochen Elberskirch","sameAs":["http:\/\/www.naturpark-am-stettiner-haff.de"],"url":"https:\/\/www.naturparkmagazin.de\/am-stettiner-haff\/author\/jochenelberskirch\/"}]}},"_links":{"self":[{"href":"https:\/\/www.naturparkmagazin.de\/am-stettiner-haff\/wp-json\/wp\/v2\/posts\/2687"}],"collection":[{"href":"https:\/\/www.naturparkmagazin.de\/am-stettiner-haff\/wp-json\/wp\/v2\/posts"}],"about":[{"href":"https:\/\/www.naturparkmagazin.de\/am-stettiner-haff\/wp-json\/wp\/v2\/types\/post"}],"author":[{"embeddable":true,"href":"https:\/\/www.naturparkmagazin.de\/am-stettiner-haff\/wp-json\/wp\/v2\/users\/26"}],"replies":[{"embeddable":true,"href":"https:\/\/www.naturparkmagazin.de\/am-stettiner-haff\/wp-json\/wp\/v2\/comments?post=2687"}],"version-history":[{"count":9,"href":"https:\/\/www.naturparkmagazin.de\/am-stettiner-haff\/wp-json\/wp\/v2\/posts\/2687\/revisions"}],"predecessor-version":[{"id":2695,"href":"https:\/\/www.naturparkmagazin.de\/am-stettiner-haff\/wp-json\/wp\/v2\/posts\/2687\/revisions\/2695"}],"wp:featuredmedia":[{"embeddable":true,"href":"https:\/\/www.naturparkmagazin.de\/am-stettiner-haff\/wp-json\/wp\/v2\/media\/2690"}],"wp:attachment":[{"href":"https:\/\/www.naturparkmagazin.de\/am-stettiner-haff\/wp-json\/wp\/v2\/media?parent=2687"}],"wp:term":[{"taxonomy":"category","embeddable":true,"href":"https:\/\/www.naturparkmagazin.de\/am-stettiner-haff\/wp-json\/wp\/v2\/categories?post=2687"},{"taxonomy":"post_tag","embeddable":true,"href":"https:\/\/www.naturparkmagazin.de\/am-stettiner-haff\/wp-json\/wp\/v2\/tags?post=2687"}],"curies":[{"name":"wp","href":"https:\/\/api.w.org\/{rel}","templated":true}]}}