{"id":2736,"date":"2019-08-16T10:23:44","date_gmt":"2019-08-16T08:23:44","guid":{"rendered":"https:\/\/www.naturparkmagazin.de\/am-stettiner-haff\/?p=2736"},"modified":"2019-08-19T09:16:38","modified_gmt":"2019-08-19T07:16:38","slug":"31-august-2019-naturparkgemeinde-meiersberg-und-naturpark-am-stettiner-haff-laden-ein","status":"publish","type":"post","link":"https:\/\/www.naturparkmagazin.de\/am-stettiner-haff\/31-august-2019-naturparkgemeinde-meiersberg-und-naturpark-am-stettiner-haff-laden-ein\/","title":{"rendered":"31. August 2019 Naturparkgemeinde Meiersberg und Naturpark &#8222;Am Stettiner Haff&#8220; laden ein"},"content":{"rendered":"<p><a href=\"https:\/\/www.naturparkmagazin.de\/am-stettiner-haff\/wp-content\/uploads\/sites\/29\/20190815_174519-Kompr.jpg\"><img decoding=\"async\" loading=\"lazy\" class=\"aligncenter size-full wp-image-2737\" src=\"https:\/\/www.naturparkmagazin.de\/am-stettiner-haff\/wp-content\/uploads\/sites\/29\/20190815_174519-Kompr.jpg\" alt=\"20190815_174519-Kompr\" width=\"1075\" height=\"630\" srcset=\"https:\/\/www.naturparkmagazin.de\/am-stettiner-haff\/wp-content\/uploads\/sites\/29\/20190815_174519-Kompr.jpg 1075w, https:\/\/www.naturparkmagazin.de\/am-stettiner-haff\/wp-content\/uploads\/sites\/29\/20190815_174519-Kompr-300x176.jpg 300w, https:\/\/www.naturparkmagazin.de\/am-stettiner-haff\/wp-content\/uploads\/sites\/29\/20190815_174519-Kompr-620x363.jpg 620w, https:\/\/www.naturparkmagazin.de\/am-stettiner-haff\/wp-content\/uploads\/sites\/29\/20190815_174519-Kompr-940x551.jpg 940w, https:\/\/www.naturparkmagazin.de\/am-stettiner-haff\/wp-content\/uploads\/sites\/29\/20190815_174519-Kompr-670x393.jpg 670w, https:\/\/www.naturparkmagazin.de\/am-stettiner-haff\/wp-content\/uploads\/sites\/29\/20190815_174519-Kompr-200x117.jpg 200w\" sizes=\"(max-width: 1075px) 100vw, 1075px\" \/><\/a><\/p>\n<p>Die Vorbereitungen f\u00fcr das diesj\u00e4hrige Naturparkfest laufen auf Hochtouren. Gastgeber\u00a0in diesem Jahr ist die Naturparkgemeinde Meiersberg. Zahlreiche Meiersberger unter der Federf\u00fchrung des B\u00fcrgermeisters Gerd Seike und seinem Stellvertreter Marco Schnell\u00a0haben die Vorbereitungen unterst\u00fctzt und werden z. T. selbst aktiv das Fest mitgestalten.<\/p>\n<p>Unter dem Motto: &#8222;Kommen, staunen, mitmachen&#8220; werden sich Vereine, Verb\u00e4nde und Institutionen aus Meiersberg und aus der Naturparkregion im Rahmen des Festes pr\u00e4sentieren und Angebote zum Mitmachen vorhalten. Musikalisch umrahmt durch die Jagdhornbl\u00e4ser der J\u00e4gerschaft Uecker-Randow und DJ Nick wird es um 15:00 Uhr turbulent mit Pirat Mani.<\/p>\n<p>Auch f\u00fcr das leibliche Wohl ist gesorgt. So wird das Team der ortsans\u00e4ssigen Gastst\u00e4tte &#8222;Zum Ochsen&#8220; mit Ihrem Verkaufswagen die Versorgung mit Essen und Trinken absichern. Kaffee, Kuchen und regionales Eis von Herrn Langer\u00a0werden von den Kindern der Kita und deren Eltern zum Verkauf angeboten angeboten.<\/p>\n<p>&nbsp;<\/p>\n<p>Abgerundet wird das Naturparkfest durch St\u00e4nde der GWW und der H\u00f6fegemeinschaft Pommern, die regional erzeugte Produkte zum Verkauf anbieten werden.<\/p>\n<p>&nbsp;<\/p>\n<p>Gefeiert wird am Festplatz an der Zarow von 13:00 &#8211; 17:00 Uhr. Ab 10:00 Uhr starten f\u00fcr Interessierte noch kurze Wanderungen in die n\u00e4here Umgebung zu unterschiedlichsten Themen u. a. steht eine F\u00fchrung &#8222;Naturfotografie&#8220; mit Andreas Buchholz auf dem Programm.<\/p>\n<p>&nbsp;<\/p>\n<p>Die Akteure und das\u00a0Programm im Einzelnen:<\/p>\n<ul>\n<li>der Naturpark<\/li>\n<li>die Ortsvereine aus Meiersberg,<\/li>\n<li>die Freiwillige Feuerwehr<\/li>\n<li>die Forstsamendarre Jatznick,<\/li>\n<li>das Forstamt Torgelow,<\/li>\n<li>die J\u00e4gerschaft Uecker-Randow e.V.<\/li>\n<li>der Bauernverband<\/li>\n<li>&#8230;Das StALU Ueckerm\u00fcnde stellt das Renaturierungsprojekt an der Zarow vor.<\/li>\n<li>Ab 10 Uhr staren kleine F\u00fchrungen zu verschiedenen Themen rund um den Platz an der Zarow:\n<ul>\n<li>Thema Biber und Co.<\/li>\n<li>Adler und andere Flugk\u00fcnstler<\/li>\n<li>Pflanzen und Tiere am Wasser<\/li>\n<li>Naturfotografie<\/li>\n<li>\u2026<\/li>\n<\/ul>\n<\/li>\n<\/ul>\n<p>&nbsp;<\/p>\n<p>Wir freuen uns auf Ihr und Euer Kommen!<\/p>\n<p>&nbsp;<\/p>\n<p>\u00c4nderungen vorbehalten<\/p>\n","protected":false},"excerpt":{"rendered":"<p>Die Vorbereitungen f\u00fcr das diesj\u00e4hrige Naturparkfest laufen auf Hochtouren. Gastgeber\u00a0in diesem Jahr ist die Naturparkgemeinde Meiersberg. Zahlreiche Meiersberger unter der Federf\u00fchrung des B\u00fcrgermeisters Gerd Seike und seinem Stellvertreter Marco Schnell\u00a0haben die Vorbereitungen unterst\u00fctzt und werden z. T. selbst aktiv das Fest mitgestalten. Unter dem Motto: &#8222;Kommen, staunen, mitmachen&#8220; werden sich Vereine, Verb\u00e4nde und Institutionen aus<\/p>\n","protected":false},"author":26,"featured_media":2731,"comment_status":"open","ping_status":"open","sticky":false,"template":"","format":"standard","meta":[],"categories":[11],"tags":[],"yoast_head":"<!-- This site is optimized with the Yoast SEO plugin v19.10 - https:\/\/yoast.com\/wordpress\/plugins\/seo\/ -->\n<title>31. August 2019 Naturparkgemeinde Meiersberg und Naturpark &quot;Am Stettiner Haff&quot; laden ein - Naturpark Am Stettiner Haff<\/title>\n<meta name=\"robots\" content=\"index, follow, max-snippet:-1, max-image-preview:large, max-video-preview:-1\" \/>\n<link rel=\"canonical\" href=\"https:\/\/www.naturparkmagazin.de\/am-stettiner-haff\/31-august-2019-naturparkgemeinde-meiersberg-und-naturpark-am-stettiner-haff-laden-ein\/\" \/>\n<meta property=\"og:locale\" content=\"de_DE\" \/>\n<meta property=\"og:type\" content=\"article\" \/>\n<meta property=\"og:title\" content=\"31. August 2019 Naturparkgemeinde Meiersberg und Naturpark &quot;Am Stettiner Haff&quot; laden ein - Naturpark Am Stettiner Haff\" \/>\n<meta property=\"og:description\" content=\"Die Vorbereitungen f\u00fcr das diesj\u00e4hrige Naturparkfest laufen auf Hochtouren. Gastgeber\u00a0in diesem Jahr ist die Naturparkgemeinde Meiersberg. Zahlreiche Meiersberger unter der Federf\u00fchrung des B\u00fcrgermeisters Gerd Seike und seinem Stellvertreter Marco Schnell\u00a0haben die Vorbereitungen unterst\u00fctzt und werden z. T. selbst aktiv das Fest mitgestalten. Unter dem Motto: &#8222;Kommen, staunen, mitmachen&#8220; werden sich Vereine, Verb\u00e4nde und Institutionen aus\" \/>\n<meta property=\"og:url\" content=\"https:\/\/www.naturparkmagazin.de\/am-stettiner-haff\/31-august-2019-naturparkgemeinde-meiersberg-und-naturpark-am-stettiner-haff-laden-ein\/\" \/>\n<meta property=\"og:site_name\" content=\"Naturpark Am Stettiner Haff\" \/>\n<meta property=\"article:published_time\" content=\"2019-08-16T08:23:44+00:00\" \/>\n<meta property=\"article:modified_time\" content=\"2019-08-19T07:16:38+00:00\" \/>\n<meta property=\"og:image\" content=\"https:\/\/www.naturparkmagazin.de\/am-stettiner-haff\/wp-content\/uploads\/sites\/29\/Banner-Naturparkfest-mit-Ort_mit-Rand-komp.jpg\" \/>\n\t<meta property=\"og:image:width\" content=\"4016\" \/>\n\t<meta property=\"og:image:height\" content=\"3071\" \/>\n\t<meta property=\"og:image:type\" content=\"image\/jpeg\" \/>\n<meta name=\"author\" content=\"Jochen Elberskirch\" \/>\n<meta name=\"twitter:label1\" content=\"Verfasst von\" \/>\n\t<meta name=\"twitter:data1\" content=\"Jochen Elberskirch\" \/>\n\t<meta name=\"twitter:label2\" content=\"Gesch\u00e4tzte Lesezeit\" \/>\n\t<meta name=\"twitter:data2\" content=\"1\u00a0Minute\" \/>\n<script type=\"application\/ld+json\" class=\"yoast-schema-graph\">{\"@context\":\"https:\/\/schema.org\",\"@graph\":[{\"@type\":\"WebPage\",\"@id\":\"https:\/\/www.naturparkmagazin.de\/am-stettiner-haff\/31-august-2019-naturparkgemeinde-meiersberg-und-naturpark-am-stettiner-haff-laden-ein\/\",\"url\":\"https:\/\/www.naturparkmagazin.de\/am-stettiner-haff\/31-august-2019-naturparkgemeinde-meiersberg-und-naturpark-am-stettiner-haff-laden-ein\/\",\"name\":\"31. August 2019 Naturparkgemeinde Meiersberg und Naturpark \\\"Am Stettiner Haff\\\" laden ein - Naturpark Am Stettiner Haff\",\"isPartOf\":{\"@id\":\"https:\/\/www.naturparkmagazin.de\/am-stettiner-haff\/#website\"},\"datePublished\":\"2019-08-16T08:23:44+00:00\",\"dateModified\":\"2019-08-19T07:16:38+00:00\",\"author\":{\"@id\":\"https:\/\/www.naturparkmagazin.de\/am-stettiner-haff\/#\/schema\/person\/4a7208080dbbfb024d81129b7960c725\"},\"breadcrumb\":{\"@id\":\"https:\/\/www.naturparkmagazin.de\/am-stettiner-haff\/31-august-2019-naturparkgemeinde-meiersberg-und-naturpark-am-stettiner-haff-laden-ein\/#breadcrumb\"},\"inLanguage\":\"de\",\"potentialAction\":[{\"@type\":\"ReadAction\",\"target\":[\"https:\/\/www.naturparkmagazin.de\/am-stettiner-haff\/31-august-2019-naturparkgemeinde-meiersberg-und-naturpark-am-stettiner-haff-laden-ein\/\"]}]},{\"@type\":\"BreadcrumbList\",\"@id\":\"https:\/\/www.naturparkmagazin.de\/am-stettiner-haff\/31-august-2019-naturparkgemeinde-meiersberg-und-naturpark-am-stettiner-haff-laden-ein\/#breadcrumb\",\"itemListElement\":[{\"@type\":\"ListItem\",\"position\":1,\"name\":\"Home\",\"item\":\"https:\/\/www.naturparkmagazin.de\/am-stettiner-haff\/\"},{\"@type\":\"ListItem\",\"position\":2,\"name\":\"31. August 2019 Naturparkgemeinde Meiersberg und Naturpark &#8222;Am Stettiner Haff&#8220; laden ein\"}]},{\"@type\":\"WebSite\",\"@id\":\"https:\/\/www.naturparkmagazin.de\/am-stettiner-haff\/#website\",\"url\":\"https:\/\/www.naturparkmagazin.de\/am-stettiner-haff\/\",\"name\":\"Naturpark Am Stettiner Haff\",\"description\":\"\",\"potentialAction\":[{\"@type\":\"SearchAction\",\"target\":{\"@type\":\"EntryPoint\",\"urlTemplate\":\"https:\/\/www.naturparkmagazin.de\/am-stettiner-haff\/?s={search_term_string}\"},\"query-input\":\"required name=search_term_string\"}],\"inLanguage\":\"de\"},{\"@type\":\"Person\",\"@id\":\"https:\/\/www.naturparkmagazin.de\/am-stettiner-haff\/#\/schema\/person\/4a7208080dbbfb024d81129b7960c725\",\"name\":\"Jochen Elberskirch\",\"sameAs\":[\"http:\/\/www.naturpark-am-stettiner-haff.de\"],\"url\":\"https:\/\/www.naturparkmagazin.de\/am-stettiner-haff\/author\/jochenelberskirch\/\"}]}<\/script>\n<!-- \/ Yoast SEO plugin. -->","yoast_head_json":{"title":"31. August 2019 Naturparkgemeinde Meiersberg und Naturpark \"Am Stettiner Haff\" laden ein - Naturpark Am Stettiner Haff","robots":{"index":"index","follow":"follow","max-snippet":"max-snippet:-1","max-image-preview":"max-image-preview:large","max-video-preview":"max-video-preview:-1"},"canonical":"https:\/\/www.naturparkmagazin.de\/am-stettiner-haff\/31-august-2019-naturparkgemeinde-meiersberg-und-naturpark-am-stettiner-haff-laden-ein\/","og_locale":"de_DE","og_type":"article","og_title":"31. August 2019 Naturparkgemeinde Meiersberg und Naturpark \"Am Stettiner Haff\" laden ein - Naturpark Am Stettiner Haff","og_description":"Die Vorbereitungen f\u00fcr das diesj\u00e4hrige Naturparkfest laufen auf Hochtouren. Gastgeber\u00a0in diesem Jahr ist die Naturparkgemeinde Meiersberg. Zahlreiche Meiersberger unter der Federf\u00fchrung des B\u00fcrgermeisters Gerd Seike und seinem Stellvertreter Marco Schnell\u00a0haben die Vorbereitungen unterst\u00fctzt und werden z. T. selbst aktiv das Fest mitgestalten. Unter dem Motto: &#8222;Kommen, staunen, mitmachen&#8220; werden sich Vereine, Verb\u00e4nde und Institutionen aus","og_url":"https:\/\/www.naturparkmagazin.de\/am-stettiner-haff\/31-august-2019-naturparkgemeinde-meiersberg-und-naturpark-am-stettiner-haff-laden-ein\/","og_site_name":"Naturpark Am Stettiner Haff","article_published_time":"2019-08-16T08:23:44+00:00","article_modified_time":"2019-08-19T07:16:38+00:00","og_image":[{"width":4016,"height":3071,"url":"https:\/\/www.naturparkmagazin.de\/am-stettiner-haff\/wp-content\/uploads\/sites\/29\/Banner-Naturparkfest-mit-Ort_mit-Rand-komp.jpg","type":"image\/jpeg"}],"author":"Jochen Elberskirch","twitter_misc":{"Verfasst von":"Jochen Elberskirch","Gesch\u00e4tzte Lesezeit":"1\u00a0Minute"},"schema":{"@context":"https:\/\/schema.org","@graph":[{"@type":"WebPage","@id":"https:\/\/www.naturparkmagazin.de\/am-stettiner-haff\/31-august-2019-naturparkgemeinde-meiersberg-und-naturpark-am-stettiner-haff-laden-ein\/","url":"https:\/\/www.naturparkmagazin.de\/am-stettiner-haff\/31-august-2019-naturparkgemeinde-meiersberg-und-naturpark-am-stettiner-haff-laden-ein\/","name":"31. August 2019 Naturparkgemeinde Meiersberg und Naturpark \"Am Stettiner Haff\" laden ein - Naturpark Am Stettiner Haff","isPartOf":{"@id":"https:\/\/www.naturparkmagazin.de\/am-stettiner-haff\/#website"},"datePublished":"2019-08-16T08:23:44+00:00","dateModified":"2019-08-19T07:16:38+00:00","author":{"@id":"https:\/\/www.naturparkmagazin.de\/am-stettiner-haff\/#\/schema\/person\/4a7208080dbbfb024d81129b7960c725"},"breadcrumb":{"@id":"https:\/\/www.naturparkmagazin.de\/am-stettiner-haff\/31-august-2019-naturparkgemeinde-meiersberg-und-naturpark-am-stettiner-haff-laden-ein\/#breadcrumb"},"inLanguage":"de","potentialAction":[{"@type":"ReadAction","target":["https:\/\/www.naturparkmagazin.de\/am-stettiner-haff\/31-august-2019-naturparkgemeinde-meiersberg-und-naturpark-am-stettiner-haff-laden-ein\/"]}]},{"@type":"BreadcrumbList","@id":"https:\/\/www.naturparkmagazin.de\/am-stettiner-haff\/31-august-2019-naturparkgemeinde-meiersberg-und-naturpark-am-stettiner-haff-laden-ein\/#breadcrumb","itemListElement":[{"@type":"ListItem","position":1,"name":"Home","item":"https:\/\/www.naturparkmagazin.de\/am-stettiner-haff\/"},{"@type":"ListItem","position":2,"name":"31. August 2019 Naturparkgemeinde Meiersberg und Naturpark &#8222;Am Stettiner Haff&#8220; laden ein"}]},{"@type":"WebSite","@id":"https:\/\/www.naturparkmagazin.de\/am-stettiner-haff\/#website","url":"https:\/\/www.naturparkmagazin.de\/am-stettiner-haff\/","name":"Naturpark Am Stettiner Haff","description":"","potentialAction":[{"@type":"SearchAction","target":{"@type":"EntryPoint","urlTemplate":"https:\/\/www.naturparkmagazin.de\/am-stettiner-haff\/?s={search_term_string}"},"query-input":"required name=search_term_string"}],"inLanguage":"de"},{"@type":"Person","@id":"https:\/\/www.naturparkmagazin.de\/am-stettiner-haff\/#\/schema\/person\/4a7208080dbbfb024d81129b7960c725","name":"Jochen Elberskirch","sameAs":["http:\/\/www.naturpark-am-stettiner-haff.de"],"url":"https:\/\/www.naturparkmagazin.de\/am-stettiner-haff\/author\/jochenelberskirch\/"}]}},"_links":{"self":[{"href":"https:\/\/www.naturparkmagazin.de\/am-stettiner-haff\/wp-json\/wp\/v2\/posts\/2736"}],"collection":[{"href":"https:\/\/www.naturparkmagazin.de\/am-stettiner-haff\/wp-json\/wp\/v2\/posts"}],"about":[{"href":"https:\/\/www.naturparkmagazin.de\/am-stettiner-haff\/wp-json\/wp\/v2\/types\/post"}],"author":[{"embeddable":true,"href":"https:\/\/www.naturparkmagazin.de\/am-stettiner-haff\/wp-json\/wp\/v2\/users\/26"}],"replies":[{"embeddable":true,"href":"https:\/\/www.naturparkmagazin.de\/am-stettiner-haff\/wp-json\/wp\/v2\/comments?post=2736"}],"version-history":[{"count":4,"href":"https:\/\/www.naturparkmagazin.de\/am-stettiner-haff\/wp-json\/wp\/v2\/posts\/2736\/revisions"}],"predecessor-version":[{"id":2739,"href":"https:\/\/www.naturparkmagazin.de\/am-stettiner-haff\/wp-json\/wp\/v2\/posts\/2736\/revisions\/2739"}],"wp:featuredmedia":[{"embeddable":true,"href":"https:\/\/www.naturparkmagazin.de\/am-stettiner-haff\/wp-json\/wp\/v2\/media\/2731"}],"wp:attachment":[{"href":"https:\/\/www.naturparkmagazin.de\/am-stettiner-haff\/wp-json\/wp\/v2\/media?parent=2736"}],"wp:term":[{"taxonomy":"category","embeddable":true,"href":"https:\/\/www.naturparkmagazin.de\/am-stettiner-haff\/wp-json\/wp\/v2\/categories?post=2736"},{"taxonomy":"post_tag","embeddable":true,"href":"https:\/\/www.naturparkmagazin.de\/am-stettiner-haff\/wp-json\/wp\/v2\/tags?post=2736"}],"curies":[{"name":"wp","href":"https:\/\/api.w.org\/{rel}","templated":true}]}}