{"id":2764,"date":"2019-09-13T11:53:06","date_gmt":"2019-09-13T09:53:06","guid":{"rendered":"https:\/\/www.naturparkmagazin.de\/am-stettiner-haff\/?p=2764"},"modified":"2019-09-24T13:43:41","modified_gmt":"2019-09-24T11:43:41","slug":"wettbewerbsaufruf-zum-leader-landeswettbewerb-2019-best-practice-beispiele-zur-ergaenzung-und-sicherstellung-der","status":"publish","type":"post","link":"https:\/\/www.naturparkmagazin.de\/am-stettiner-haff\/wettbewerbsaufruf-zum-leader-landeswettbewerb-2019-best-practice-beispiele-zur-ergaenzung-und-sicherstellung-der\/","title":{"rendered":"LEADER-Landeswettbewerb 2019"},"content":{"rendered":"<p><a href=\"https:\/\/www.naturparkmagazin.de\/am-stettiner-haff\/wp-content\/uploads\/sites\/29\/LEADER-Logo.jpg\"><img decoding=\"async\" loading=\"lazy\" class=\"aligncenter size-full wp-image-2765\" src=\"https:\/\/www.naturparkmagazin.de\/am-stettiner-haff\/wp-content\/uploads\/sites\/29\/LEADER-Logo.jpg\" alt=\"LEADER-Logo\" width=\"504\" height=\"507\" srcset=\"https:\/\/www.naturparkmagazin.de\/am-stettiner-haff\/wp-content\/uploads\/sites\/29\/LEADER-Logo.jpg 504w, https:\/\/www.naturparkmagazin.de\/am-stettiner-haff\/wp-content\/uploads\/sites\/29\/LEADER-Logo-300x302.jpg 300w, https:\/\/www.naturparkmagazin.de\/am-stettiner-haff\/wp-content\/uploads\/sites\/29\/LEADER-Logo-200x201.jpg 200w, https:\/\/www.naturparkmagazin.de\/am-stettiner-haff\/wp-content\/uploads\/sites\/29\/LEADER-Logo-30x30.jpg 30w\" sizes=\"(max-width: 504px) 100vw, 504px\" \/><\/a><\/p>\n<p>Die Lokalen Aktionsgruppen (LAG) Mecklenburg-Vorpommerns haben sich gemeinsam mit dem Ministerium f\u00fcr Wirtschaft, Arbeit und Gesundheit Mecklenburg-Vorpommern und dem Ministerium f\u00fcr Landwirtschaft und Umwelt Mecklenburg-Vorpommern entschlossen, einen Landeswettbewerb \u201eBest-Practice-Beispiele zur Erg\u00e4nzung und Sicherstellung der\u00a0ambulanten haus- und kinder\u00e4rztlichen Versorgung im l\u00e4ndlichen Raum\u201c durchzuf\u00fchren.<\/p>\n<p>Ziel ist es, Vorhaben zu unterst\u00fctzen, die die Versorgung der l\u00e4ndlichen Bev\u00f6lkerung insbesondere mit Haus- und Kinder\u00e4rzten verbessern. Dabei sollen die r\u00e4umlichen Voraussetzungen geschaffen werden, dass \u00c4rztinnen und \u00c4rzte sich im l\u00e4ndlichen Raum niederlassen bzw. dort ihrer Arbeit nachgehen.<\/p>\n<p>In der Anlage finden Sie ausf\u00fchrliche Informationen zur F\u00f6rderung, zu den Teilnahmebedingungen, Auswahlkriterien etc.<\/p>\n<p>Antr\u00e4ge f\u00fcr die Teilnahme am Wettbewerb m\u00fcssen bis zum <strong>15. November 2019<\/strong> bei der jeweiligen LAG schriftlich unter Verwendung des vorgegebenen Vordrucks (Anlage) eingereicht werden.<\/p>\n<p>Gegenstand der F\u00f6rderung sind Ma\u00dfnahmen zur Schaffung der r\u00e4umlichen Voraussetzungen f\u00fcr Arztpraxen, Gesundheitsh\u00e4user, Gemeindepraxen und medizinische Versorgungszentren.<\/p>\n<h3>Bei Fragen oder Abgabe der Antragsformulare wenden Sie sich bitte an:<\/h3>\n<p><strong>Gesch\u00e4ftsstelle der LAG \u201eStettiner Haff\u201c<\/strong>\nc\/o Landkreis Vorpommern-Greifswald, An der K\u00fcrssierkaserne 9, 17309 Pasewalk\nRegina Te\u00dfmann\nTel.: 03834 8760-3117\nE-Mail: <a class=\"csslink_email\" href=\"mailto:regina.tessmann@kreis-vg.de\">regina.tessmann@kreis-vg.de<\/a><\/p>\n<p><strong>Gesch\u00e4ftsstelle der LAG &#8222;Vorpommersche K\u00fcste&#8220;<\/strong>\nc\/o Landkreis Vorpommern-Greifswald, M\u00fchlenstra\u00dfe 18 e, 17389 Anklam\nFrau Berit M\u00fcller\nTel.: 03834 8760-3120\nE-Mail: <a class=\"csslink_email\" href=\"mailto:berit.mueller@kreis-vg.de\">berit.mueller@kreis-vg.de<\/a><\/p>\n<p><strong>Gesch\u00e4ftsstelle der LAG &#8222;Flusslandschaft Peenetal&#8220;<\/strong>\nc\/o Landkreis Vorpommern-Greifswald,\u00a0M\u00fchlenstra\u00dfe 18 e, 17389 Anklam\nHerr Thomas Sigusch\nTel.: 03834 8760-3118\nE-Mail: <a class=\"csslink_email\" href=\"mailto:thomas.sigusch@kreis-vg.de\">thomas.sigusch@kreis-vg.de<\/a><\/p>\n","protected":false},"excerpt":{"rendered":"<p>Wettbewerbsaufruf zum LEADER-Landeswettbewerb 2019 \u201eBest-Practice-Beispiele zur Erg\u00e4nzung und Sicherstellung der\nambulanten haus- und kinder\u00e4rztlichen Versorgung im l\u00e4ndlichen Raum\u201c<\/p>\n","protected":false},"author":26,"featured_media":0,"comment_status":"open","ping_status":"open","sticky":false,"template":"","format":"standard","meta":[],"categories":[7],"tags":[],"yoast_head":"<!-- This site is optimized with the Yoast SEO plugin v19.10 - https:\/\/yoast.com\/wordpress\/plugins\/seo\/ -->\n<title>LEADER-Landeswettbewerb 2019 - Naturpark Am Stettiner Haff<\/title>\n<meta name=\"robots\" content=\"index, follow, max-snippet:-1, max-image-preview:large, max-video-preview:-1\" \/>\n<link rel=\"canonical\" href=\"https:\/\/www.naturparkmagazin.de\/am-stettiner-haff\/wettbewerbsaufruf-zum-leader-landeswettbewerb-2019-best-practice-beispiele-zur-ergaenzung-und-sicherstellung-der\/\" \/>\n<meta property=\"og:locale\" content=\"de_DE\" \/>\n<meta property=\"og:type\" content=\"article\" \/>\n<meta property=\"og:title\" content=\"LEADER-Landeswettbewerb 2019 - Naturpark Am Stettiner Haff\" \/>\n<meta property=\"og:description\" content=\"Wettbewerbsaufruf zum LEADER-Landeswettbewerb 2019 \u201eBest-Practice-Beispiele zur Erg\u00e4nzung und Sicherstellung der  ambulanten haus- und kinder\u00e4rztlichen Versorgung im l\u00e4ndlichen Raum\u201c\" \/>\n<meta property=\"og:url\" content=\"https:\/\/www.naturparkmagazin.de\/am-stettiner-haff\/wettbewerbsaufruf-zum-leader-landeswettbewerb-2019-best-practice-beispiele-zur-ergaenzung-und-sicherstellung-der\/\" \/>\n<meta property=\"og:site_name\" content=\"Naturpark Am Stettiner Haff\" \/>\n<meta property=\"article:published_time\" content=\"2019-09-13T09:53:06+00:00\" \/>\n<meta property=\"article:modified_time\" content=\"2019-09-24T11:43:41+00:00\" \/>\n<meta property=\"og:image\" content=\"https:\/\/www.naturparkmagazin.de\/am-stettiner-haff\/wp-content\/uploads\/sites\/29\/LEADER-Logo.jpg\" \/>\n<meta name=\"author\" content=\"Jochen Elberskirch\" \/>\n<meta name=\"twitter:label1\" content=\"Verfasst von\" \/>\n\t<meta name=\"twitter:data1\" content=\"Jochen Elberskirch\" \/>\n\t<meta name=\"twitter:label2\" content=\"Gesch\u00e4tzte Lesezeit\" \/>\n\t<meta name=\"twitter:data2\" content=\"1\u00a0Minute\" \/>\n<script type=\"application\/ld+json\" class=\"yoast-schema-graph\">{\"@context\":\"https:\/\/schema.org\",\"@graph\":[{\"@type\":\"WebPage\",\"@id\":\"https:\/\/www.naturparkmagazin.de\/am-stettiner-haff\/wettbewerbsaufruf-zum-leader-landeswettbewerb-2019-best-practice-beispiele-zur-ergaenzung-und-sicherstellung-der\/\",\"url\":\"https:\/\/www.naturparkmagazin.de\/am-stettiner-haff\/wettbewerbsaufruf-zum-leader-landeswettbewerb-2019-best-practice-beispiele-zur-ergaenzung-und-sicherstellung-der\/\",\"name\":\"LEADER-Landeswettbewerb 2019 - Naturpark Am Stettiner Haff\",\"isPartOf\":{\"@id\":\"https:\/\/www.naturparkmagazin.de\/am-stettiner-haff\/#website\"},\"datePublished\":\"2019-09-13T09:53:06+00:00\",\"dateModified\":\"2019-09-24T11:43:41+00:00\",\"author\":{\"@id\":\"https:\/\/www.naturparkmagazin.de\/am-stettiner-haff\/#\/schema\/person\/4a7208080dbbfb024d81129b7960c725\"},\"breadcrumb\":{\"@id\":\"https:\/\/www.naturparkmagazin.de\/am-stettiner-haff\/wettbewerbsaufruf-zum-leader-landeswettbewerb-2019-best-practice-beispiele-zur-ergaenzung-und-sicherstellung-der\/#breadcrumb\"},\"inLanguage\":\"de\",\"potentialAction\":[{\"@type\":\"ReadAction\",\"target\":[\"https:\/\/www.naturparkmagazin.de\/am-stettiner-haff\/wettbewerbsaufruf-zum-leader-landeswettbewerb-2019-best-practice-beispiele-zur-ergaenzung-und-sicherstellung-der\/\"]}]},{\"@type\":\"BreadcrumbList\",\"@id\":\"https:\/\/www.naturparkmagazin.de\/am-stettiner-haff\/wettbewerbsaufruf-zum-leader-landeswettbewerb-2019-best-practice-beispiele-zur-ergaenzung-und-sicherstellung-der\/#breadcrumb\",\"itemListElement\":[{\"@type\":\"ListItem\",\"position\":1,\"name\":\"Home\",\"item\":\"https:\/\/www.naturparkmagazin.de\/am-stettiner-haff\/\"},{\"@type\":\"ListItem\",\"position\":2,\"name\":\"LEADER-Landeswettbewerb 2019\"}]},{\"@type\":\"WebSite\",\"@id\":\"https:\/\/www.naturparkmagazin.de\/am-stettiner-haff\/#website\",\"url\":\"https:\/\/www.naturparkmagazin.de\/am-stettiner-haff\/\",\"name\":\"Naturpark Am Stettiner Haff\",\"description\":\"\",\"potentialAction\":[{\"@type\":\"SearchAction\",\"target\":{\"@type\":\"EntryPoint\",\"urlTemplate\":\"https:\/\/www.naturparkmagazin.de\/am-stettiner-haff\/?s={search_term_string}\"},\"query-input\":\"required name=search_term_string\"}],\"inLanguage\":\"de\"},{\"@type\":\"Person\",\"@id\":\"https:\/\/www.naturparkmagazin.de\/am-stettiner-haff\/#\/schema\/person\/4a7208080dbbfb024d81129b7960c725\",\"name\":\"Jochen Elberskirch\",\"sameAs\":[\"http:\/\/www.naturpark-am-stettiner-haff.de\"],\"url\":\"https:\/\/www.naturparkmagazin.de\/am-stettiner-haff\/author\/jochenelberskirch\/\"}]}<\/script>\n<!-- \/ Yoast SEO plugin. -->","yoast_head_json":{"title":"LEADER-Landeswettbewerb 2019 - Naturpark Am Stettiner Haff","robots":{"index":"index","follow":"follow","max-snippet":"max-snippet:-1","max-image-preview":"max-image-preview:large","max-video-preview":"max-video-preview:-1"},"canonical":"https:\/\/www.naturparkmagazin.de\/am-stettiner-haff\/wettbewerbsaufruf-zum-leader-landeswettbewerb-2019-best-practice-beispiele-zur-ergaenzung-und-sicherstellung-der\/","og_locale":"de_DE","og_type":"article","og_title":"LEADER-Landeswettbewerb 2019 - Naturpark Am Stettiner Haff","og_description":"Wettbewerbsaufruf zum LEADER-Landeswettbewerb 2019 \u201eBest-Practice-Beispiele zur Erg\u00e4nzung und Sicherstellung der  ambulanten haus- und kinder\u00e4rztlichen Versorgung im l\u00e4ndlichen Raum\u201c","og_url":"https:\/\/www.naturparkmagazin.de\/am-stettiner-haff\/wettbewerbsaufruf-zum-leader-landeswettbewerb-2019-best-practice-beispiele-zur-ergaenzung-und-sicherstellung-der\/","og_site_name":"Naturpark Am Stettiner Haff","article_published_time":"2019-09-13T09:53:06+00:00","article_modified_time":"2019-09-24T11:43:41+00:00","og_image":[{"url":"https:\/\/www.naturparkmagazin.de\/am-stettiner-haff\/wp-content\/uploads\/sites\/29\/LEADER-Logo.jpg"}],"author":"Jochen Elberskirch","twitter_misc":{"Verfasst von":"Jochen Elberskirch","Gesch\u00e4tzte Lesezeit":"1\u00a0Minute"},"schema":{"@context":"https:\/\/schema.org","@graph":[{"@type":"WebPage","@id":"https:\/\/www.naturparkmagazin.de\/am-stettiner-haff\/wettbewerbsaufruf-zum-leader-landeswettbewerb-2019-best-practice-beispiele-zur-ergaenzung-und-sicherstellung-der\/","url":"https:\/\/www.naturparkmagazin.de\/am-stettiner-haff\/wettbewerbsaufruf-zum-leader-landeswettbewerb-2019-best-practice-beispiele-zur-ergaenzung-und-sicherstellung-der\/","name":"LEADER-Landeswettbewerb 2019 - Naturpark Am Stettiner Haff","isPartOf":{"@id":"https:\/\/www.naturparkmagazin.de\/am-stettiner-haff\/#website"},"datePublished":"2019-09-13T09:53:06+00:00","dateModified":"2019-09-24T11:43:41+00:00","author":{"@id":"https:\/\/www.naturparkmagazin.de\/am-stettiner-haff\/#\/schema\/person\/4a7208080dbbfb024d81129b7960c725"},"breadcrumb":{"@id":"https:\/\/www.naturparkmagazin.de\/am-stettiner-haff\/wettbewerbsaufruf-zum-leader-landeswettbewerb-2019-best-practice-beispiele-zur-ergaenzung-und-sicherstellung-der\/#breadcrumb"},"inLanguage":"de","potentialAction":[{"@type":"ReadAction","target":["https:\/\/www.naturparkmagazin.de\/am-stettiner-haff\/wettbewerbsaufruf-zum-leader-landeswettbewerb-2019-best-practice-beispiele-zur-ergaenzung-und-sicherstellung-der\/"]}]},{"@type":"BreadcrumbList","@id":"https:\/\/www.naturparkmagazin.de\/am-stettiner-haff\/wettbewerbsaufruf-zum-leader-landeswettbewerb-2019-best-practice-beispiele-zur-ergaenzung-und-sicherstellung-der\/#breadcrumb","itemListElement":[{"@type":"ListItem","position":1,"name":"Home","item":"https:\/\/www.naturparkmagazin.de\/am-stettiner-haff\/"},{"@type":"ListItem","position":2,"name":"LEADER-Landeswettbewerb 2019"}]},{"@type":"WebSite","@id":"https:\/\/www.naturparkmagazin.de\/am-stettiner-haff\/#website","url":"https:\/\/www.naturparkmagazin.de\/am-stettiner-haff\/","name":"Naturpark Am Stettiner Haff","description":"","potentialAction":[{"@type":"SearchAction","target":{"@type":"EntryPoint","urlTemplate":"https:\/\/www.naturparkmagazin.de\/am-stettiner-haff\/?s={search_term_string}"},"query-input":"required name=search_term_string"}],"inLanguage":"de"},{"@type":"Person","@id":"https:\/\/www.naturparkmagazin.de\/am-stettiner-haff\/#\/schema\/person\/4a7208080dbbfb024d81129b7960c725","name":"Jochen Elberskirch","sameAs":["http:\/\/www.naturpark-am-stettiner-haff.de"],"url":"https:\/\/www.naturparkmagazin.de\/am-stettiner-haff\/author\/jochenelberskirch\/"}]}},"_links":{"self":[{"href":"https:\/\/www.naturparkmagazin.de\/am-stettiner-haff\/wp-json\/wp\/v2\/posts\/2764"}],"collection":[{"href":"https:\/\/www.naturparkmagazin.de\/am-stettiner-haff\/wp-json\/wp\/v2\/posts"}],"about":[{"href":"https:\/\/www.naturparkmagazin.de\/am-stettiner-haff\/wp-json\/wp\/v2\/types\/post"}],"author":[{"embeddable":true,"href":"https:\/\/www.naturparkmagazin.de\/am-stettiner-haff\/wp-json\/wp\/v2\/users\/26"}],"replies":[{"embeddable":true,"href":"https:\/\/www.naturparkmagazin.de\/am-stettiner-haff\/wp-json\/wp\/v2\/comments?post=2764"}],"version-history":[{"count":3,"href":"https:\/\/www.naturparkmagazin.de\/am-stettiner-haff\/wp-json\/wp\/v2\/posts\/2764\/revisions"}],"predecessor-version":[{"id":2772,"href":"https:\/\/www.naturparkmagazin.de\/am-stettiner-haff\/wp-json\/wp\/v2\/posts\/2764\/revisions\/2772"}],"wp:attachment":[{"href":"https:\/\/www.naturparkmagazin.de\/am-stettiner-haff\/wp-json\/wp\/v2\/media?parent=2764"}],"wp:term":[{"taxonomy":"category","embeddable":true,"href":"https:\/\/www.naturparkmagazin.de\/am-stettiner-haff\/wp-json\/wp\/v2\/categories?post=2764"},{"taxonomy":"post_tag","embeddable":true,"href":"https:\/\/www.naturparkmagazin.de\/am-stettiner-haff\/wp-json\/wp\/v2\/tags?post=2764"}],"curies":[{"name":"wp","href":"https:\/\/api.w.org\/{rel}","templated":true}]}}