{"id":2775,"date":"2019-10-17T10:59:50","date_gmt":"2019-10-17T08:59:50","guid":{"rendered":"https:\/\/www.naturparkmagazin.de\/am-stettiner-haff\/?p=2775"},"modified":"2019-10-17T11:02:35","modified_gmt":"2019-10-17T09:02:35","slug":"fischotter-informationstafel-am-eggesiner-see-wieder-aufgestellt","status":"publish","type":"post","link":"https:\/\/www.naturparkmagazin.de\/am-stettiner-haff\/fischotter-informationstafel-am-eggesiner-see-wieder-aufgestellt\/","title":{"rendered":"Fischotter-Informationstafel am Eggesiner See wieder aufgestellt"},"content":{"rendered":"<div id=\"attachment_2776\" style=\"width: 630px\" class=\"wp-caption aligncenter\"><a href=\"https:\/\/www.naturparkmagazin.de\/am-stettiner-haff\/wp-content\/uploads\/sites\/29\/IMG-20191007-WA0010.jpg\"><img aria-describedby=\"caption-attachment-2776\" decoding=\"async\" loading=\"lazy\" class=\"size-medium wp-image-2776\" src=\"https:\/\/www.naturparkmagazin.de\/am-stettiner-haff\/wp-content\/uploads\/sites\/29\/IMG-20191007-WA0010-620x1102.jpg\" alt=\"Fischotter-Informationstafel (Foto: Naturpark-Archiv)\" width=\"620\" height=\"1102\" srcset=\"https:\/\/www.naturparkmagazin.de\/am-stettiner-haff\/wp-content\/uploads\/sites\/29\/IMG-20191007-WA0010-620x1102.jpg 620w, https:\/\/www.naturparkmagazin.de\/am-stettiner-haff\/wp-content\/uploads\/sites\/29\/IMG-20191007-WA0010-300x533.jpg 300w, https:\/\/www.naturparkmagazin.de\/am-stettiner-haff\/wp-content\/uploads\/sites\/29\/IMG-20191007-WA0010-670x1191.jpg 670w, https:\/\/www.naturparkmagazin.de\/am-stettiner-haff\/wp-content\/uploads\/sites\/29\/IMG-20191007-WA0010-200x356.jpg 200w, https:\/\/www.naturparkmagazin.de\/am-stettiner-haff\/wp-content\/uploads\/sites\/29\/IMG-20191007-WA0010.jpg 900w\" sizes=\"(max-width: 620px) 100vw, 620px\" \/><\/a><p id=\"caption-attachment-2776\" class=\"wp-caption-text\">Fischotter-Informationstafel (Foto: Naturpark-Archiv)<\/p><\/div>\n<p>Aufmerksamen Spazierg\u00e4nger auf dem Rundweg um den Eggesiner See ist es mit Sicherheit schon aufgefallen. Die Fischotter-Informationstafel steht wieder!<\/p>\n<p>Nach dem im letzten Dezember die Informationstafel rund um den Fischotter durch einen Autofahrer komplett zerst\u00f6rt wurde, konnte diese nun dank der KFZ-Haftpflichtversicherung\u00a0wieder original hergerichtet werden.<\/p>\n<div id=\"attachment_2778\" style=\"width: 630px\" class=\"wp-caption aligncenter\"><a href=\"https:\/\/www.naturparkmagazin.de\/am-stettiner-haff\/wp-content\/uploads\/sites\/29\/Fischotter_am_Boden.jpg\"><img aria-describedby=\"caption-attachment-2778\" decoding=\"async\" loading=\"lazy\" class=\"size-medium wp-image-2778\" src=\"https:\/\/www.naturparkmagazin.de\/am-stettiner-haff\/wp-content\/uploads\/sites\/29\/Fischotter_am_Boden-620x465.jpg\" alt=\"Zerst\u00f6rte Fischotter-Informationstafel im Dezember 2018 (Foto: Naturpark-Archiv)\" width=\"620\" height=\"465\" srcset=\"https:\/\/www.naturparkmagazin.de\/am-stettiner-haff\/wp-content\/uploads\/sites\/29\/Fischotter_am_Boden-620x465.jpg 620w, https:\/\/www.naturparkmagazin.de\/am-stettiner-haff\/wp-content\/uploads\/sites\/29\/Fischotter_am_Boden-300x225.jpg 300w, https:\/\/www.naturparkmagazin.de\/am-stettiner-haff\/wp-content\/uploads\/sites\/29\/Fischotter_am_Boden-940x705.jpg 940w, https:\/\/www.naturparkmagazin.de\/am-stettiner-haff\/wp-content\/uploads\/sites\/29\/Fischotter_am_Boden-580x435.jpg 580w, https:\/\/www.naturparkmagazin.de\/am-stettiner-haff\/wp-content\/uploads\/sites\/29\/Fischotter_am_Boden-420x315.jpg 420w, https:\/\/www.naturparkmagazin.de\/am-stettiner-haff\/wp-content\/uploads\/sites\/29\/Fischotter_am_Boden-180x135.jpg 180w, https:\/\/www.naturparkmagazin.de\/am-stettiner-haff\/wp-content\/uploads\/sites\/29\/Fischotter_am_Boden-95x71.jpg 95w, https:\/\/www.naturparkmagazin.de\/am-stettiner-haff\/wp-content\/uploads\/sites\/29\/Fischotter_am_Boden-670x503.jpg 670w, https:\/\/www.naturparkmagazin.de\/am-stettiner-haff\/wp-content\/uploads\/sites\/29\/Fischotter_am_Boden-200x150.jpg 200w, https:\/\/www.naturparkmagazin.de\/am-stettiner-haff\/wp-content\/uploads\/sites\/29\/Fischotter_am_Boden.jpg 1296w\" sizes=\"(max-width: 620px) 100vw, 620px\" \/><\/a><p id=\"caption-attachment-2778\" class=\"wp-caption-text\">Zerst\u00f6rte Fischotter-Informationstafel im Dezember 2018 (Foto: Naturpark-Archiv)<\/p><\/div>\n<p>Wie zuvor stammt die Informationstafel aus dem Hause des Atelier\u00a0Hand werk und tr\u00e4gt die Handschrift des Inhabers Uwe Franzen, aus Reppenstedt. Mit der Aufstellung selbst betraute Herr Franzen die Mitarbeiter der Naturwacht des Naturparks &#8222;Am Stettiner Haff&#8220;, die durch einen Ehrenamtlichen Helfer unterst\u00fctzt wurden. Nun bleibt nur zu hoffen, das diese Fischotter-Station diesmal l\u00e4nger h\u00e4lt und nicht wieder dem doch leider weiter um sich greifenden Vandalismus zum Opfer f\u00e4llt.<\/p>\n<p>&nbsp;<\/p>\n<p>Ein Hinweis an alle k\u00f6rperlich nicht ausgelasteten Einwohner und G\u00e4ste Eggesins: Gerne ist das Team des Naturparks bereit die Energie in geeignete sinnvolle Bahnen zu lenken, um ganz im Sinne von &#8222;Fridays for Futur&#8220; nachhaltig f\u00fcr die Region und die Natur t\u00e4tig zu werden. Interessenten k\u00f6nnen sich gerne im Besucherinformationszentrum des Naturparks am Bahnhof Eggesin melden.<\/p>\n","protected":false},"excerpt":{"rendered":"<p>Aufmerksamen Spazierg\u00e4nger auf dem Rundweg um den Eggesiner See ist es mit Sicherheit schon aufgefallen. Die Fischotter-Informationstafel steht wieder!<\/p>\n","protected":false},"author":26,"featured_media":2776,"comment_status":"open","ping_status":"open","sticky":false,"template":"","format":"standard","meta":[],"categories":[7],"tags":[],"yoast_head":"<!-- This site is optimized with the Yoast SEO plugin v19.10 - https:\/\/yoast.com\/wordpress\/plugins\/seo\/ -->\n<title>Fischotter-Informationstafel am Eggesiner See wieder aufgestellt - Naturpark Am Stettiner Haff<\/title>\n<meta name=\"robots\" content=\"index, follow, max-snippet:-1, max-image-preview:large, max-video-preview:-1\" \/>\n<link rel=\"canonical\" href=\"https:\/\/www.naturparkmagazin.de\/am-stettiner-haff\/fischotter-informationstafel-am-eggesiner-see-wieder-aufgestellt\/\" \/>\n<meta property=\"og:locale\" content=\"de_DE\" \/>\n<meta property=\"og:type\" content=\"article\" \/>\n<meta property=\"og:title\" content=\"Fischotter-Informationstafel am Eggesiner See wieder aufgestellt - Naturpark Am Stettiner Haff\" \/>\n<meta property=\"og:description\" content=\"Aufmerksamen Spazierg\u00e4nger auf dem Rundweg um den Eggesiner See ist es mit Sicherheit schon aufgefallen. Die Fischotter-Informationstafel steht wieder!\" \/>\n<meta property=\"og:url\" content=\"https:\/\/www.naturparkmagazin.de\/am-stettiner-haff\/fischotter-informationstafel-am-eggesiner-see-wieder-aufgestellt\/\" \/>\n<meta property=\"og:site_name\" content=\"Naturpark Am Stettiner Haff\" \/>\n<meta property=\"article:published_time\" content=\"2019-10-17T08:59:50+00:00\" \/>\n<meta property=\"article:modified_time\" content=\"2019-10-17T09:02:35+00:00\" \/>\n<meta property=\"og:image\" content=\"https:\/\/www.naturparkmagazin.de\/am-stettiner-haff\/wp-content\/uploads\/sites\/29\/IMG-20191007-WA0010.jpg\" \/>\n\t<meta property=\"og:image:width\" content=\"900\" \/>\n\t<meta property=\"og:image:height\" content=\"1600\" \/>\n\t<meta property=\"og:image:type\" content=\"image\/jpeg\" \/>\n<meta name=\"author\" content=\"Jochen Elberskirch\" \/>\n<meta name=\"twitter:label1\" content=\"Verfasst von\" \/>\n\t<meta name=\"twitter:data1\" content=\"Jochen Elberskirch\" \/>\n\t<meta name=\"twitter:label2\" content=\"Gesch\u00e4tzte Lesezeit\" \/>\n\t<meta name=\"twitter:data2\" content=\"1\u00a0Minute\" \/>\n<script type=\"application\/ld+json\" class=\"yoast-schema-graph\">{\"@context\":\"https:\/\/schema.org\",\"@graph\":[{\"@type\":\"WebPage\",\"@id\":\"https:\/\/www.naturparkmagazin.de\/am-stettiner-haff\/fischotter-informationstafel-am-eggesiner-see-wieder-aufgestellt\/\",\"url\":\"https:\/\/www.naturparkmagazin.de\/am-stettiner-haff\/fischotter-informationstafel-am-eggesiner-see-wieder-aufgestellt\/\",\"name\":\"Fischotter-Informationstafel am Eggesiner See wieder aufgestellt - Naturpark Am Stettiner Haff\",\"isPartOf\":{\"@id\":\"https:\/\/www.naturparkmagazin.de\/am-stettiner-haff\/#website\"},\"datePublished\":\"2019-10-17T08:59:50+00:00\",\"dateModified\":\"2019-10-17T09:02:35+00:00\",\"author\":{\"@id\":\"https:\/\/www.naturparkmagazin.de\/am-stettiner-haff\/#\/schema\/person\/4a7208080dbbfb024d81129b7960c725\"},\"breadcrumb\":{\"@id\":\"https:\/\/www.naturparkmagazin.de\/am-stettiner-haff\/fischotter-informationstafel-am-eggesiner-see-wieder-aufgestellt\/#breadcrumb\"},\"inLanguage\":\"de\",\"potentialAction\":[{\"@type\":\"ReadAction\",\"target\":[\"https:\/\/www.naturparkmagazin.de\/am-stettiner-haff\/fischotter-informationstafel-am-eggesiner-see-wieder-aufgestellt\/\"]}]},{\"@type\":\"BreadcrumbList\",\"@id\":\"https:\/\/www.naturparkmagazin.de\/am-stettiner-haff\/fischotter-informationstafel-am-eggesiner-see-wieder-aufgestellt\/#breadcrumb\",\"itemListElement\":[{\"@type\":\"ListItem\",\"position\":1,\"name\":\"Home\",\"item\":\"https:\/\/www.naturparkmagazin.de\/am-stettiner-haff\/\"},{\"@type\":\"ListItem\",\"position\":2,\"name\":\"Fischotter-Informationstafel am Eggesiner See wieder aufgestellt\"}]},{\"@type\":\"WebSite\",\"@id\":\"https:\/\/www.naturparkmagazin.de\/am-stettiner-haff\/#website\",\"url\":\"https:\/\/www.naturparkmagazin.de\/am-stettiner-haff\/\",\"name\":\"Naturpark Am Stettiner Haff\",\"description\":\"\",\"potentialAction\":[{\"@type\":\"SearchAction\",\"target\":{\"@type\":\"EntryPoint\",\"urlTemplate\":\"https:\/\/www.naturparkmagazin.de\/am-stettiner-haff\/?s={search_term_string}\"},\"query-input\":\"required name=search_term_string\"}],\"inLanguage\":\"de\"},{\"@type\":\"Person\",\"@id\":\"https:\/\/www.naturparkmagazin.de\/am-stettiner-haff\/#\/schema\/person\/4a7208080dbbfb024d81129b7960c725\",\"name\":\"Jochen Elberskirch\",\"sameAs\":[\"http:\/\/www.naturpark-am-stettiner-haff.de\"],\"url\":\"https:\/\/www.naturparkmagazin.de\/am-stettiner-haff\/author\/jochenelberskirch\/\"}]}<\/script>\n<!-- \/ Yoast SEO plugin. -->","yoast_head_json":{"title":"Fischotter-Informationstafel am Eggesiner See wieder aufgestellt - Naturpark Am Stettiner Haff","robots":{"index":"index","follow":"follow","max-snippet":"max-snippet:-1","max-image-preview":"max-image-preview:large","max-video-preview":"max-video-preview:-1"},"canonical":"https:\/\/www.naturparkmagazin.de\/am-stettiner-haff\/fischotter-informationstafel-am-eggesiner-see-wieder-aufgestellt\/","og_locale":"de_DE","og_type":"article","og_title":"Fischotter-Informationstafel am Eggesiner See wieder aufgestellt - Naturpark Am Stettiner Haff","og_description":"Aufmerksamen Spazierg\u00e4nger auf dem Rundweg um den Eggesiner See ist es mit Sicherheit schon aufgefallen. Die Fischotter-Informationstafel steht wieder!","og_url":"https:\/\/www.naturparkmagazin.de\/am-stettiner-haff\/fischotter-informationstafel-am-eggesiner-see-wieder-aufgestellt\/","og_site_name":"Naturpark Am Stettiner Haff","article_published_time":"2019-10-17T08:59:50+00:00","article_modified_time":"2019-10-17T09:02:35+00:00","og_image":[{"width":900,"height":1600,"url":"https:\/\/www.naturparkmagazin.de\/am-stettiner-haff\/wp-content\/uploads\/sites\/29\/IMG-20191007-WA0010.jpg","type":"image\/jpeg"}],"author":"Jochen Elberskirch","twitter_misc":{"Verfasst von":"Jochen Elberskirch","Gesch\u00e4tzte Lesezeit":"1\u00a0Minute"},"schema":{"@context":"https:\/\/schema.org","@graph":[{"@type":"WebPage","@id":"https:\/\/www.naturparkmagazin.de\/am-stettiner-haff\/fischotter-informationstafel-am-eggesiner-see-wieder-aufgestellt\/","url":"https:\/\/www.naturparkmagazin.de\/am-stettiner-haff\/fischotter-informationstafel-am-eggesiner-see-wieder-aufgestellt\/","name":"Fischotter-Informationstafel am Eggesiner See wieder aufgestellt - Naturpark Am Stettiner Haff","isPartOf":{"@id":"https:\/\/www.naturparkmagazin.de\/am-stettiner-haff\/#website"},"datePublished":"2019-10-17T08:59:50+00:00","dateModified":"2019-10-17T09:02:35+00:00","author":{"@id":"https:\/\/www.naturparkmagazin.de\/am-stettiner-haff\/#\/schema\/person\/4a7208080dbbfb024d81129b7960c725"},"breadcrumb":{"@id":"https:\/\/www.naturparkmagazin.de\/am-stettiner-haff\/fischotter-informationstafel-am-eggesiner-see-wieder-aufgestellt\/#breadcrumb"},"inLanguage":"de","potentialAction":[{"@type":"ReadAction","target":["https:\/\/www.naturparkmagazin.de\/am-stettiner-haff\/fischotter-informationstafel-am-eggesiner-see-wieder-aufgestellt\/"]}]},{"@type":"BreadcrumbList","@id":"https:\/\/www.naturparkmagazin.de\/am-stettiner-haff\/fischotter-informationstafel-am-eggesiner-see-wieder-aufgestellt\/#breadcrumb","itemListElement":[{"@type":"ListItem","position":1,"name":"Home","item":"https:\/\/www.naturparkmagazin.de\/am-stettiner-haff\/"},{"@type":"ListItem","position":2,"name":"Fischotter-Informationstafel am Eggesiner See wieder aufgestellt"}]},{"@type":"WebSite","@id":"https:\/\/www.naturparkmagazin.de\/am-stettiner-haff\/#website","url":"https:\/\/www.naturparkmagazin.de\/am-stettiner-haff\/","name":"Naturpark Am Stettiner Haff","description":"","potentialAction":[{"@type":"SearchAction","target":{"@type":"EntryPoint","urlTemplate":"https:\/\/www.naturparkmagazin.de\/am-stettiner-haff\/?s={search_term_string}"},"query-input":"required name=search_term_string"}],"inLanguage":"de"},{"@type":"Person","@id":"https:\/\/www.naturparkmagazin.de\/am-stettiner-haff\/#\/schema\/person\/4a7208080dbbfb024d81129b7960c725","name":"Jochen Elberskirch","sameAs":["http:\/\/www.naturpark-am-stettiner-haff.de"],"url":"https:\/\/www.naturparkmagazin.de\/am-stettiner-haff\/author\/jochenelberskirch\/"}]}},"_links":{"self":[{"href":"https:\/\/www.naturparkmagazin.de\/am-stettiner-haff\/wp-json\/wp\/v2\/posts\/2775"}],"collection":[{"href":"https:\/\/www.naturparkmagazin.de\/am-stettiner-haff\/wp-json\/wp\/v2\/posts"}],"about":[{"href":"https:\/\/www.naturparkmagazin.de\/am-stettiner-haff\/wp-json\/wp\/v2\/types\/post"}],"author":[{"embeddable":true,"href":"https:\/\/www.naturparkmagazin.de\/am-stettiner-haff\/wp-json\/wp\/v2\/users\/26"}],"replies":[{"embeddable":true,"href":"https:\/\/www.naturparkmagazin.de\/am-stettiner-haff\/wp-json\/wp\/v2\/comments?post=2775"}],"version-history":[{"count":4,"href":"https:\/\/www.naturparkmagazin.de\/am-stettiner-haff\/wp-json\/wp\/v2\/posts\/2775\/revisions"}],"predecessor-version":[{"id":2782,"href":"https:\/\/www.naturparkmagazin.de\/am-stettiner-haff\/wp-json\/wp\/v2\/posts\/2775\/revisions\/2782"}],"wp:featuredmedia":[{"embeddable":true,"href":"https:\/\/www.naturparkmagazin.de\/am-stettiner-haff\/wp-json\/wp\/v2\/media\/2776"}],"wp:attachment":[{"href":"https:\/\/www.naturparkmagazin.de\/am-stettiner-haff\/wp-json\/wp\/v2\/media?parent=2775"}],"wp:term":[{"taxonomy":"category","embeddable":true,"href":"https:\/\/www.naturparkmagazin.de\/am-stettiner-haff\/wp-json\/wp\/v2\/categories?post=2775"},{"taxonomy":"post_tag","embeddable":true,"href":"https:\/\/www.naturparkmagazin.de\/am-stettiner-haff\/wp-json\/wp\/v2\/tags?post=2775"}],"curies":[{"name":"wp","href":"https:\/\/api.w.org\/{rel}","templated":true}]}}