{"id":2808,"date":"2019-11-15T10:10:29","date_gmt":"2019-11-15T09:10:29","guid":{"rendered":"https:\/\/www.naturparkmagazin.de\/am-stettiner-haff\/?p=2808"},"modified":"2019-11-22T08:43:34","modified_gmt":"2019-11-22T07:43:34","slug":"foej-20192020","status":"publish","type":"post","link":"https:\/\/www.naturparkmagazin.de\/am-stettiner-haff\/foej-20192020\/","title":{"rendered":"F\u00d6J 2019\/2020"},"content":{"rendered":"<p>Hallo! Mein Name ist Christian Klopp und am 01. September dieses Jahres hat f\u00fcr mich ein neuer Lebensabschnitt begonnen, denn ich habe mich nach 12 Jahren Schule f\u00fcr die Absolvierung eines freiwilligen \u00f6kologischen Jahres (F\u00d6J) hier im Naturpark \u201eAm Stettiner Haff\u201c entschieden. Das erste Mal weg von Zuhause, das erste Mal richtig arbeiten \u2013 f\u00fcr Umwelt und Natur.<\/p>\n<p>Der Naturpark kam gerade aufgrund seiner vielf\u00e4ltigen Aufgabenbereiche und T\u00e4tigkeitsfelder f\u00fcr mich als Einsatzstelle infrage und ich erhoffe mir dadurch, m\u00f6glichst viele Erfahrungen und neue Eindr\u00fccke sammeln zu k\u00f6nnen, aber auch am eigenen Leib zu erfahren, was Naturschutz eigentlich genau bedeutet und was noch alles mit ihm zusammenh\u00e4ngt.<\/p>\n<p>Mit Hilfe dieser Erfahrungen m\u00f6chte ich dann zum Ende des F\u00d6Js hin den n\u00e4chsten gro\u00dfen Schritt in Richtung Berufsleben wagen und eine Wahl f\u00fcr einen geeigneten Studiengang oder eine passende Ausbildung treffen.<\/p>\n<p>Mit den abwechslungsreichen Einblicken und der Unterst\u00fctzung eines tollen Teams hier im Naturpark sollte dem jedoch nichts im Wege stehen.<\/p>\n<p><a href=\"https:\/\/www.naturparkmagazin.de\/am-stettiner-haff\/wp-content\/uploads\/sites\/29\/IMG_20191119_113125275_HDR.jpg\"><img decoding=\"async\" loading=\"lazy\" class=\"aligncenter size-medium wp-image-2840\" src=\"https:\/\/www.naturparkmagazin.de\/am-stettiner-haff\/wp-content\/uploads\/sites\/29\/IMG_20191119_113125275_HDR-620x465.jpg\" alt=\"IMG_20191119_113125275_HDR\" width=\"620\" height=\"465\" srcset=\"https:\/\/www.naturparkmagazin.de\/am-stettiner-haff\/wp-content\/uploads\/sites\/29\/IMG_20191119_113125275_HDR-620x465.jpg 620w, https:\/\/www.naturparkmagazin.de\/am-stettiner-haff\/wp-content\/uploads\/sites\/29\/IMG_20191119_113125275_HDR-300x225.jpg 300w, https:\/\/www.naturparkmagazin.de\/am-stettiner-haff\/wp-content\/uploads\/sites\/29\/IMG_20191119_113125275_HDR-940x705.jpg 940w, https:\/\/www.naturparkmagazin.de\/am-stettiner-haff\/wp-content\/uploads\/sites\/29\/IMG_20191119_113125275_HDR-580x435.jpg 580w, https:\/\/www.naturparkmagazin.de\/am-stettiner-haff\/wp-content\/uploads\/sites\/29\/IMG_20191119_113125275_HDR-420x315.jpg 420w, https:\/\/www.naturparkmagazin.de\/am-stettiner-haff\/wp-content\/uploads\/sites\/29\/IMG_20191119_113125275_HDR-180x135.jpg 180w, https:\/\/www.naturparkmagazin.de\/am-stettiner-haff\/wp-content\/uploads\/sites\/29\/IMG_20191119_113125275_HDR-95x71.jpg 95w, https:\/\/www.naturparkmagazin.de\/am-stettiner-haff\/wp-content\/uploads\/sites\/29\/IMG_20191119_113125275_HDR-670x503.jpg 670w, https:\/\/www.naturparkmagazin.de\/am-stettiner-haff\/wp-content\/uploads\/sites\/29\/IMG_20191119_113125275_HDR-200x150.jpg 200w, https:\/\/www.naturparkmagazin.de\/am-stettiner-haff\/wp-content\/uploads\/sites\/29\/IMG_20191119_113125275_HDR.jpg 1600w\" sizes=\"(max-width: 620px) 100vw, 620px\" \/><\/a><\/p>\n","protected":false},"excerpt":{"rendered":"<p>Hallo! Mein Name ist Christian Klopp und am 01. September dieses Jahres hat f\u00fcr mich ein neuer Lebensabschnitt begonnen, denn ich habe mich nach 12 Jahren Schule f\u00fcr die Absolvierung eines freiwilligen \u00f6kologischen Jahres (F\u00d6J) hier im Naturpark \u201eAm Stettiner Haff\u201c entschieden. Das erste Mal weg von Zuhause, das erste Mal richtig arbeiten \u2013 f\u00fcr<\/p>\n","protected":false},"author":26,"featured_media":2838,"comment_status":"open","ping_status":"open","sticky":false,"template":"","format":"standard","meta":[],"categories":[7],"tags":[],"yoast_head":"<!-- This site is optimized with the Yoast SEO plugin v19.10 - https:\/\/yoast.com\/wordpress\/plugins\/seo\/ -->\n<title>F\u00d6J 2019\/2020 - Naturpark Am Stettiner Haff<\/title>\n<meta name=\"robots\" content=\"index, follow, max-snippet:-1, max-image-preview:large, max-video-preview:-1\" \/>\n<link rel=\"canonical\" href=\"https:\/\/www.naturparkmagazin.de\/am-stettiner-haff\/foej-20192020\/\" \/>\n<meta property=\"og:locale\" content=\"de_DE\" \/>\n<meta property=\"og:type\" content=\"article\" \/>\n<meta property=\"og:title\" content=\"F\u00d6J 2019\/2020 - Naturpark Am Stettiner Haff\" \/>\n<meta property=\"og:description\" content=\"Hallo! Mein Name ist Christian Klopp und am 01. September dieses Jahres hat f\u00fcr mich ein neuer Lebensabschnitt begonnen, denn ich habe mich nach 12 Jahren Schule f\u00fcr die Absolvierung eines freiwilligen \u00f6kologischen Jahres (F\u00d6J) hier im Naturpark \u201eAm Stettiner Haff\u201c entschieden. Das erste Mal weg von Zuhause, das erste Mal richtig arbeiten \u2013 f\u00fcr\" \/>\n<meta property=\"og:url\" content=\"https:\/\/www.naturparkmagazin.de\/am-stettiner-haff\/foej-20192020\/\" \/>\n<meta property=\"og:site_name\" content=\"Naturpark Am Stettiner Haff\" \/>\n<meta property=\"article:published_time\" content=\"2019-11-15T09:10:29+00:00\" \/>\n<meta property=\"article:modified_time\" content=\"2019-11-22T07:43:34+00:00\" \/>\n<meta property=\"og:image\" content=\"https:\/\/www.naturparkmagazin.de\/am-stettiner-haff\/wp-content\/uploads\/sites\/29\/F\u00d6J.png\" \/>\n\t<meta property=\"og:image:width\" content=\"172\" \/>\n\t<meta property=\"og:image:height\" content=\"146\" \/>\n\t<meta property=\"og:image:type\" content=\"image\/png\" \/>\n<meta name=\"author\" content=\"Jochen Elberskirch\" \/>\n<meta name=\"twitter:label1\" content=\"Verfasst von\" \/>\n\t<meta name=\"twitter:data1\" content=\"Jochen Elberskirch\" \/>\n\t<meta name=\"twitter:label2\" content=\"Gesch\u00e4tzte Lesezeit\" \/>\n\t<meta name=\"twitter:data2\" content=\"1\u00a0Minute\" \/>\n<script type=\"application\/ld+json\" class=\"yoast-schema-graph\">{\"@context\":\"https:\/\/schema.org\",\"@graph\":[{\"@type\":\"WebPage\",\"@id\":\"https:\/\/www.naturparkmagazin.de\/am-stettiner-haff\/foej-20192020\/\",\"url\":\"https:\/\/www.naturparkmagazin.de\/am-stettiner-haff\/foej-20192020\/\",\"name\":\"F\u00d6J 2019\/2020 - Naturpark Am Stettiner Haff\",\"isPartOf\":{\"@id\":\"https:\/\/www.naturparkmagazin.de\/am-stettiner-haff\/#website\"},\"datePublished\":\"2019-11-15T09:10:29+00:00\",\"dateModified\":\"2019-11-22T07:43:34+00:00\",\"author\":{\"@id\":\"https:\/\/www.naturparkmagazin.de\/am-stettiner-haff\/#\/schema\/person\/4a7208080dbbfb024d81129b7960c725\"},\"breadcrumb\":{\"@id\":\"https:\/\/www.naturparkmagazin.de\/am-stettiner-haff\/foej-20192020\/#breadcrumb\"},\"inLanguage\":\"de\",\"potentialAction\":[{\"@type\":\"ReadAction\",\"target\":[\"https:\/\/www.naturparkmagazin.de\/am-stettiner-haff\/foej-20192020\/\"]}]},{\"@type\":\"BreadcrumbList\",\"@id\":\"https:\/\/www.naturparkmagazin.de\/am-stettiner-haff\/foej-20192020\/#breadcrumb\",\"itemListElement\":[{\"@type\":\"ListItem\",\"position\":1,\"name\":\"Home\",\"item\":\"https:\/\/www.naturparkmagazin.de\/am-stettiner-haff\/\"},{\"@type\":\"ListItem\",\"position\":2,\"name\":\"F\u00d6J 2019\/2020\"}]},{\"@type\":\"WebSite\",\"@id\":\"https:\/\/www.naturparkmagazin.de\/am-stettiner-haff\/#website\",\"url\":\"https:\/\/www.naturparkmagazin.de\/am-stettiner-haff\/\",\"name\":\"Naturpark Am Stettiner Haff\",\"description\":\"\",\"potentialAction\":[{\"@type\":\"SearchAction\",\"target\":{\"@type\":\"EntryPoint\",\"urlTemplate\":\"https:\/\/www.naturparkmagazin.de\/am-stettiner-haff\/?s={search_term_string}\"},\"query-input\":\"required name=search_term_string\"}],\"inLanguage\":\"de\"},{\"@type\":\"Person\",\"@id\":\"https:\/\/www.naturparkmagazin.de\/am-stettiner-haff\/#\/schema\/person\/4a7208080dbbfb024d81129b7960c725\",\"name\":\"Jochen Elberskirch\",\"sameAs\":[\"http:\/\/www.naturpark-am-stettiner-haff.de\"],\"url\":\"https:\/\/www.naturparkmagazin.de\/am-stettiner-haff\/author\/jochenelberskirch\/\"}]}<\/script>\n<!-- \/ Yoast SEO plugin. -->","yoast_head_json":{"title":"F\u00d6J 2019\/2020 - Naturpark Am Stettiner Haff","robots":{"index":"index","follow":"follow","max-snippet":"max-snippet:-1","max-image-preview":"max-image-preview:large","max-video-preview":"max-video-preview:-1"},"canonical":"https:\/\/www.naturparkmagazin.de\/am-stettiner-haff\/foej-20192020\/","og_locale":"de_DE","og_type":"article","og_title":"F\u00d6J 2019\/2020 - Naturpark Am Stettiner Haff","og_description":"Hallo! Mein Name ist Christian Klopp und am 01. September dieses Jahres hat f\u00fcr mich ein neuer Lebensabschnitt begonnen, denn ich habe mich nach 12 Jahren Schule f\u00fcr die Absolvierung eines freiwilligen \u00f6kologischen Jahres (F\u00d6J) hier im Naturpark \u201eAm Stettiner Haff\u201c entschieden. Das erste Mal weg von Zuhause, das erste Mal richtig arbeiten \u2013 f\u00fcr","og_url":"https:\/\/www.naturparkmagazin.de\/am-stettiner-haff\/foej-20192020\/","og_site_name":"Naturpark Am Stettiner Haff","article_published_time":"2019-11-15T09:10:29+00:00","article_modified_time":"2019-11-22T07:43:34+00:00","og_image":[{"width":172,"height":146,"url":"https:\/\/www.naturparkmagazin.de\/am-stettiner-haff\/wp-content\/uploads\/sites\/29\/F\u00d6J.png","type":"image\/png"}],"author":"Jochen Elberskirch","twitter_misc":{"Verfasst von":"Jochen Elberskirch","Gesch\u00e4tzte Lesezeit":"1\u00a0Minute"},"schema":{"@context":"https:\/\/schema.org","@graph":[{"@type":"WebPage","@id":"https:\/\/www.naturparkmagazin.de\/am-stettiner-haff\/foej-20192020\/","url":"https:\/\/www.naturparkmagazin.de\/am-stettiner-haff\/foej-20192020\/","name":"F\u00d6J 2019\/2020 - Naturpark Am Stettiner Haff","isPartOf":{"@id":"https:\/\/www.naturparkmagazin.de\/am-stettiner-haff\/#website"},"datePublished":"2019-11-15T09:10:29+00:00","dateModified":"2019-11-22T07:43:34+00:00","author":{"@id":"https:\/\/www.naturparkmagazin.de\/am-stettiner-haff\/#\/schema\/person\/4a7208080dbbfb024d81129b7960c725"},"breadcrumb":{"@id":"https:\/\/www.naturparkmagazin.de\/am-stettiner-haff\/foej-20192020\/#breadcrumb"},"inLanguage":"de","potentialAction":[{"@type":"ReadAction","target":["https:\/\/www.naturparkmagazin.de\/am-stettiner-haff\/foej-20192020\/"]}]},{"@type":"BreadcrumbList","@id":"https:\/\/www.naturparkmagazin.de\/am-stettiner-haff\/foej-20192020\/#breadcrumb","itemListElement":[{"@type":"ListItem","position":1,"name":"Home","item":"https:\/\/www.naturparkmagazin.de\/am-stettiner-haff\/"},{"@type":"ListItem","position":2,"name":"F\u00d6J 2019\/2020"}]},{"@type":"WebSite","@id":"https:\/\/www.naturparkmagazin.de\/am-stettiner-haff\/#website","url":"https:\/\/www.naturparkmagazin.de\/am-stettiner-haff\/","name":"Naturpark Am Stettiner Haff","description":"","potentialAction":[{"@type":"SearchAction","target":{"@type":"EntryPoint","urlTemplate":"https:\/\/www.naturparkmagazin.de\/am-stettiner-haff\/?s={search_term_string}"},"query-input":"required name=search_term_string"}],"inLanguage":"de"},{"@type":"Person","@id":"https:\/\/www.naturparkmagazin.de\/am-stettiner-haff\/#\/schema\/person\/4a7208080dbbfb024d81129b7960c725","name":"Jochen Elberskirch","sameAs":["http:\/\/www.naturpark-am-stettiner-haff.de"],"url":"https:\/\/www.naturparkmagazin.de\/am-stettiner-haff\/author\/jochenelberskirch\/"}]}},"_links":{"self":[{"href":"https:\/\/www.naturparkmagazin.de\/am-stettiner-haff\/wp-json\/wp\/v2\/posts\/2808"}],"collection":[{"href":"https:\/\/www.naturparkmagazin.de\/am-stettiner-haff\/wp-json\/wp\/v2\/posts"}],"about":[{"href":"https:\/\/www.naturparkmagazin.de\/am-stettiner-haff\/wp-json\/wp\/v2\/types\/post"}],"author":[{"embeddable":true,"href":"https:\/\/www.naturparkmagazin.de\/am-stettiner-haff\/wp-json\/wp\/v2\/users\/26"}],"replies":[{"embeddable":true,"href":"https:\/\/www.naturparkmagazin.de\/am-stettiner-haff\/wp-json\/wp\/v2\/comments?post=2808"}],"version-history":[{"count":3,"href":"https:\/\/www.naturparkmagazin.de\/am-stettiner-haff\/wp-json\/wp\/v2\/posts\/2808\/revisions"}],"predecessor-version":[{"id":2839,"href":"https:\/\/www.naturparkmagazin.de\/am-stettiner-haff\/wp-json\/wp\/v2\/posts\/2808\/revisions\/2839"}],"wp:featuredmedia":[{"embeddable":true,"href":"https:\/\/www.naturparkmagazin.de\/am-stettiner-haff\/wp-json\/wp\/v2\/media\/2838"}],"wp:attachment":[{"href":"https:\/\/www.naturparkmagazin.de\/am-stettiner-haff\/wp-json\/wp\/v2\/media?parent=2808"}],"wp:term":[{"taxonomy":"category","embeddable":true,"href":"https:\/\/www.naturparkmagazin.de\/am-stettiner-haff\/wp-json\/wp\/v2\/categories?post=2808"},{"taxonomy":"post_tag","embeddable":true,"href":"https:\/\/www.naturparkmagazin.de\/am-stettiner-haff\/wp-json\/wp\/v2\/tags?post=2808"}],"curies":[{"name":"wp","href":"https:\/\/api.w.org\/{rel}","templated":true}]}}