{"id":2851,"date":"2019-12-16T10:21:11","date_gmt":"2019-12-16T09:21:11","guid":{"rendered":"https:\/\/www.naturparkmagazin.de\/am-stettiner-haff\/?p=2851"},"modified":"2019-12-16T10:21:11","modified_gmt":"2019-12-16T09:21:11","slug":"naturpark-stammtisch-21","status":"publish","type":"post","link":"https:\/\/www.naturparkmagazin.de\/am-stettiner-haff\/naturpark-stammtisch-21\/","title":{"rendered":"Naturpark-Stammtisch"},"content":{"rendered":"<p>Und los geht es\u2026am <strong>08.Januar 2020 ab 18:30 Uhr<\/strong> findet der erste Naturpark-Stammtisch des Jahres statt zu dem die Naturparkverwaltung und der Naturpark-F\u00f6rderverein herzlich einladen. Auch in diesem Jahr gilt es die neue Saison vorzubereiten.<\/p>\n<p>Selbstverst\u00e4ndlich gibt es auch die Gelegenheit mit den Aktiven des Naturparkf\u00f6rdervereins und den Mitarbeitern der Naturparkverwaltung ins Gespr\u00e4ch zu kommen.<\/p>\n<p>Das Team des Naturparks und des Naturpark-F\u00f6rdervereins freuen sich auf Ihr Kommen.<\/p>\n<p>&nbsp;<\/p>\n<p><a href=\"https:\/\/www.naturparkmagazin.de\/am-stettiner-haff\/wp-content\/uploads\/sites\/29\/DSCI0013.jpg\"><img decoding=\"async\" loading=\"lazy\" class=\"size-medium wp-image-2852\" src=\"https:\/\/www.naturparkmagazin.de\/am-stettiner-haff\/wp-content\/uploads\/sites\/29\/DSCI0013-620x465.jpg\" alt=\"Unknown\" width=\"620\" height=\"465\" srcset=\"https:\/\/www.naturparkmagazin.de\/am-stettiner-haff\/wp-content\/uploads\/sites\/29\/DSCI0013-620x465.jpg 620w, https:\/\/www.naturparkmagazin.de\/am-stettiner-haff\/wp-content\/uploads\/sites\/29\/DSCI0013-300x225.jpg 300w, https:\/\/www.naturparkmagazin.de\/am-stettiner-haff\/wp-content\/uploads\/sites\/29\/DSCI0013-580x435.jpg 580w, https:\/\/www.naturparkmagazin.de\/am-stettiner-haff\/wp-content\/uploads\/sites\/29\/DSCI0013-420x315.jpg 420w, https:\/\/www.naturparkmagazin.de\/am-stettiner-haff\/wp-content\/uploads\/sites\/29\/DSCI0013-180x135.jpg 180w, https:\/\/www.naturparkmagazin.de\/am-stettiner-haff\/wp-content\/uploads\/sites\/29\/DSCI0013-95x71.jpg 95w, https:\/\/www.naturparkmagazin.de\/am-stettiner-haff\/wp-content\/uploads\/sites\/29\/DSCI0013-670x503.jpg 670w, https:\/\/www.naturparkmagazin.de\/am-stettiner-haff\/wp-content\/uploads\/sites\/29\/DSCI0013-200x150.jpg 200w, https:\/\/www.naturparkmagazin.de\/am-stettiner-haff\/wp-content\/uploads\/sites\/29\/DSCI0013.jpg 800w\" sizes=\"(max-width: 620px) 100vw, 620px\" \/><\/a><\/p>\n<p class=\"wp-caption-dd\">\n<p>&nbsp;<\/p>\n","protected":false},"excerpt":{"rendered":"<p>Und los geht es\u2026am 08.Januar 2020 ab 18:30 Uhr findet der erste Naturpark-Stammtisch des Jahres statt zu dem die Naturparkverwaltung und der Naturpark-F\u00f6rderverein herzlich einladen. Auch in diesem Jahr gilt es die neue Saison vorzubereiten. Selbstverst\u00e4ndlich gibt es auch die Gelegenheit mit den Aktiven des Naturparkf\u00f6rdervereins und den Mitarbeitern der Naturparkverwaltung ins Gespr\u00e4ch zu kommen.<\/p>\n","protected":false},"author":26,"featured_media":2852,"comment_status":"open","ping_status":"open","sticky":false,"template":"","format":"standard","meta":[],"categories":[11],"tags":[],"yoast_head":"<!-- This site is optimized with the Yoast SEO plugin v19.10 - https:\/\/yoast.com\/wordpress\/plugins\/seo\/ -->\n<title>Naturpark-Stammtisch - Naturpark Am Stettiner Haff<\/title>\n<meta name=\"robots\" content=\"index, follow, max-snippet:-1, max-image-preview:large, max-video-preview:-1\" \/>\n<link rel=\"canonical\" href=\"https:\/\/www.naturparkmagazin.de\/am-stettiner-haff\/naturpark-stammtisch-21\/\" \/>\n<meta property=\"og:locale\" content=\"de_DE\" \/>\n<meta property=\"og:type\" content=\"article\" \/>\n<meta property=\"og:title\" content=\"Naturpark-Stammtisch - Naturpark Am Stettiner Haff\" \/>\n<meta property=\"og:description\" content=\"Und los geht es\u2026am 08.Januar 2020 ab 18:30 Uhr findet der erste Naturpark-Stammtisch des Jahres statt zu dem die Naturparkverwaltung und der Naturpark-F\u00f6rderverein herzlich einladen. Auch in diesem Jahr gilt es die neue Saison vorzubereiten. Selbstverst\u00e4ndlich gibt es auch die Gelegenheit mit den Aktiven des Naturparkf\u00f6rdervereins und den Mitarbeitern der Naturparkverwaltung ins Gespr\u00e4ch zu kommen.\" \/>\n<meta property=\"og:url\" content=\"https:\/\/www.naturparkmagazin.de\/am-stettiner-haff\/naturpark-stammtisch-21\/\" \/>\n<meta property=\"og:site_name\" content=\"Naturpark Am Stettiner Haff\" \/>\n<meta property=\"article:published_time\" content=\"2019-12-16T09:21:11+00:00\" \/>\n<meta property=\"og:image\" content=\"https:\/\/www.naturparkmagazin.de\/am-stettiner-haff\/wp-content\/uploads\/sites\/29\/DSCI0013.jpg\" \/>\n\t<meta property=\"og:image:width\" content=\"800\" \/>\n\t<meta property=\"og:image:height\" content=\"600\" \/>\n\t<meta property=\"og:image:type\" content=\"image\/jpeg\" \/>\n<meta name=\"author\" content=\"Jochen Elberskirch\" \/>\n<meta name=\"twitter:label1\" content=\"Verfasst von\" \/>\n\t<meta name=\"twitter:data1\" content=\"Jochen Elberskirch\" \/>\n<script type=\"application\/ld+json\" class=\"yoast-schema-graph\">{\"@context\":\"https:\/\/schema.org\",\"@graph\":[{\"@type\":\"WebPage\",\"@id\":\"https:\/\/www.naturparkmagazin.de\/am-stettiner-haff\/naturpark-stammtisch-21\/\",\"url\":\"https:\/\/www.naturparkmagazin.de\/am-stettiner-haff\/naturpark-stammtisch-21\/\",\"name\":\"Naturpark-Stammtisch - Naturpark Am Stettiner Haff\",\"isPartOf\":{\"@id\":\"https:\/\/www.naturparkmagazin.de\/am-stettiner-haff\/#website\"},\"datePublished\":\"2019-12-16T09:21:11+00:00\",\"dateModified\":\"2019-12-16T09:21:11+00:00\",\"author\":{\"@id\":\"https:\/\/www.naturparkmagazin.de\/am-stettiner-haff\/#\/schema\/person\/4a7208080dbbfb024d81129b7960c725\"},\"breadcrumb\":{\"@id\":\"https:\/\/www.naturparkmagazin.de\/am-stettiner-haff\/naturpark-stammtisch-21\/#breadcrumb\"},\"inLanguage\":\"de\",\"potentialAction\":[{\"@type\":\"ReadAction\",\"target\":[\"https:\/\/www.naturparkmagazin.de\/am-stettiner-haff\/naturpark-stammtisch-21\/\"]}]},{\"@type\":\"BreadcrumbList\",\"@id\":\"https:\/\/www.naturparkmagazin.de\/am-stettiner-haff\/naturpark-stammtisch-21\/#breadcrumb\",\"itemListElement\":[{\"@type\":\"ListItem\",\"position\":1,\"name\":\"Home\",\"item\":\"https:\/\/www.naturparkmagazin.de\/am-stettiner-haff\/\"},{\"@type\":\"ListItem\",\"position\":2,\"name\":\"Naturpark-Stammtisch\"}]},{\"@type\":\"WebSite\",\"@id\":\"https:\/\/www.naturparkmagazin.de\/am-stettiner-haff\/#website\",\"url\":\"https:\/\/www.naturparkmagazin.de\/am-stettiner-haff\/\",\"name\":\"Naturpark Am Stettiner Haff\",\"description\":\"\",\"potentialAction\":[{\"@type\":\"SearchAction\",\"target\":{\"@type\":\"EntryPoint\",\"urlTemplate\":\"https:\/\/www.naturparkmagazin.de\/am-stettiner-haff\/?s={search_term_string}\"},\"query-input\":\"required name=search_term_string\"}],\"inLanguage\":\"de\"},{\"@type\":\"Person\",\"@id\":\"https:\/\/www.naturparkmagazin.de\/am-stettiner-haff\/#\/schema\/person\/4a7208080dbbfb024d81129b7960c725\",\"name\":\"Jochen Elberskirch\",\"sameAs\":[\"http:\/\/www.naturpark-am-stettiner-haff.de\"],\"url\":\"https:\/\/www.naturparkmagazin.de\/am-stettiner-haff\/author\/jochenelberskirch\/\"}]}<\/script>\n<!-- \/ Yoast SEO plugin. -->","yoast_head_json":{"title":"Naturpark-Stammtisch - Naturpark Am Stettiner Haff","robots":{"index":"index","follow":"follow","max-snippet":"max-snippet:-1","max-image-preview":"max-image-preview:large","max-video-preview":"max-video-preview:-1"},"canonical":"https:\/\/www.naturparkmagazin.de\/am-stettiner-haff\/naturpark-stammtisch-21\/","og_locale":"de_DE","og_type":"article","og_title":"Naturpark-Stammtisch - Naturpark Am Stettiner Haff","og_description":"Und los geht es\u2026am 08.Januar 2020 ab 18:30 Uhr findet der erste Naturpark-Stammtisch des Jahres statt zu dem die Naturparkverwaltung und der Naturpark-F\u00f6rderverein herzlich einladen. Auch in diesem Jahr gilt es die neue Saison vorzubereiten. Selbstverst\u00e4ndlich gibt es auch die Gelegenheit mit den Aktiven des Naturparkf\u00f6rdervereins und den Mitarbeitern der Naturparkverwaltung ins Gespr\u00e4ch zu kommen.","og_url":"https:\/\/www.naturparkmagazin.de\/am-stettiner-haff\/naturpark-stammtisch-21\/","og_site_name":"Naturpark Am Stettiner Haff","article_published_time":"2019-12-16T09:21:11+00:00","og_image":[{"width":800,"height":600,"url":"https:\/\/www.naturparkmagazin.de\/am-stettiner-haff\/wp-content\/uploads\/sites\/29\/DSCI0013.jpg","type":"image\/jpeg"}],"author":"Jochen Elberskirch","twitter_misc":{"Verfasst von":"Jochen Elberskirch"},"schema":{"@context":"https:\/\/schema.org","@graph":[{"@type":"WebPage","@id":"https:\/\/www.naturparkmagazin.de\/am-stettiner-haff\/naturpark-stammtisch-21\/","url":"https:\/\/www.naturparkmagazin.de\/am-stettiner-haff\/naturpark-stammtisch-21\/","name":"Naturpark-Stammtisch - Naturpark Am Stettiner Haff","isPartOf":{"@id":"https:\/\/www.naturparkmagazin.de\/am-stettiner-haff\/#website"},"datePublished":"2019-12-16T09:21:11+00:00","dateModified":"2019-12-16T09:21:11+00:00","author":{"@id":"https:\/\/www.naturparkmagazin.de\/am-stettiner-haff\/#\/schema\/person\/4a7208080dbbfb024d81129b7960c725"},"breadcrumb":{"@id":"https:\/\/www.naturparkmagazin.de\/am-stettiner-haff\/naturpark-stammtisch-21\/#breadcrumb"},"inLanguage":"de","potentialAction":[{"@type":"ReadAction","target":["https:\/\/www.naturparkmagazin.de\/am-stettiner-haff\/naturpark-stammtisch-21\/"]}]},{"@type":"BreadcrumbList","@id":"https:\/\/www.naturparkmagazin.de\/am-stettiner-haff\/naturpark-stammtisch-21\/#breadcrumb","itemListElement":[{"@type":"ListItem","position":1,"name":"Home","item":"https:\/\/www.naturparkmagazin.de\/am-stettiner-haff\/"},{"@type":"ListItem","position":2,"name":"Naturpark-Stammtisch"}]},{"@type":"WebSite","@id":"https:\/\/www.naturparkmagazin.de\/am-stettiner-haff\/#website","url":"https:\/\/www.naturparkmagazin.de\/am-stettiner-haff\/","name":"Naturpark Am Stettiner Haff","description":"","potentialAction":[{"@type":"SearchAction","target":{"@type":"EntryPoint","urlTemplate":"https:\/\/www.naturparkmagazin.de\/am-stettiner-haff\/?s={search_term_string}"},"query-input":"required name=search_term_string"}],"inLanguage":"de"},{"@type":"Person","@id":"https:\/\/www.naturparkmagazin.de\/am-stettiner-haff\/#\/schema\/person\/4a7208080dbbfb024d81129b7960c725","name":"Jochen Elberskirch","sameAs":["http:\/\/www.naturpark-am-stettiner-haff.de"],"url":"https:\/\/www.naturparkmagazin.de\/am-stettiner-haff\/author\/jochenelberskirch\/"}]}},"_links":{"self":[{"href":"https:\/\/www.naturparkmagazin.de\/am-stettiner-haff\/wp-json\/wp\/v2\/posts\/2851"}],"collection":[{"href":"https:\/\/www.naturparkmagazin.de\/am-stettiner-haff\/wp-json\/wp\/v2\/posts"}],"about":[{"href":"https:\/\/www.naturparkmagazin.de\/am-stettiner-haff\/wp-json\/wp\/v2\/types\/post"}],"author":[{"embeddable":true,"href":"https:\/\/www.naturparkmagazin.de\/am-stettiner-haff\/wp-json\/wp\/v2\/users\/26"}],"replies":[{"embeddable":true,"href":"https:\/\/www.naturparkmagazin.de\/am-stettiner-haff\/wp-json\/wp\/v2\/comments?post=2851"}],"version-history":[{"count":2,"href":"https:\/\/www.naturparkmagazin.de\/am-stettiner-haff\/wp-json\/wp\/v2\/posts\/2851\/revisions"}],"predecessor-version":[{"id":2854,"href":"https:\/\/www.naturparkmagazin.de\/am-stettiner-haff\/wp-json\/wp\/v2\/posts\/2851\/revisions\/2854"}],"wp:featuredmedia":[{"embeddable":true,"href":"https:\/\/www.naturparkmagazin.de\/am-stettiner-haff\/wp-json\/wp\/v2\/media\/2852"}],"wp:attachment":[{"href":"https:\/\/www.naturparkmagazin.de\/am-stettiner-haff\/wp-json\/wp\/v2\/media?parent=2851"}],"wp:term":[{"taxonomy":"category","embeddable":true,"href":"https:\/\/www.naturparkmagazin.de\/am-stettiner-haff\/wp-json\/wp\/v2\/categories?post=2851"},{"taxonomy":"post_tag","embeddable":true,"href":"https:\/\/www.naturparkmagazin.de\/am-stettiner-haff\/wp-json\/wp\/v2\/tags?post=2851"}],"curies":[{"name":"wp","href":"https:\/\/api.w.org\/{rel}","templated":true}]}}