{"id":2895,"date":"2020-02-14T11:20:56","date_gmt":"2020-02-14T10:20:56","guid":{"rendered":"https:\/\/www.naturparkmagazin.de\/am-stettiner-haff\/?p=2895"},"modified":"2020-02-14T11:20:56","modified_gmt":"2020-02-14T10:20:56","slug":"fruehjahresputz-bei-meise-und-co","status":"publish","type":"post","link":"https:\/\/www.naturparkmagazin.de\/am-stettiner-haff\/fruehjahresputz-bei-meise-und-co\/","title":{"rendered":"Fr\u00fchjahresputz bei Meise und Co"},"content":{"rendered":"<p>Zusammen mit Sch\u00fcler*innen der Grundschule Mewegen fand an zwei Tagen erneut die j\u00e4hrliche Reinigungsaktion f\u00fcr die H\u00f6hlenbr\u00fcter-Nisthilfen innerhalb der Mewegener Waldfl\u00e4chen statt. Interessant zu erw\u00e4hnen ist hierbei, dass jeder Nistkasten in der Grundschule gefertigt wurde, wodurch die Sch\u00fcler*innen nochmal einen ganz anderen Bezug zu den h\u00f6lzernen Einfamilienh\u00e4usern an den B\u00e4umen haben. So galt es zun\u00e4chst zu pr\u00fcfen, ob die einzelnen K\u00e4sten \u00fcberhaupt angenommen worden waren. Hierbei war die Spannung der Dritt \u2013 und Viertkl\u00e4ssler*innen besonders gro\u00df, denn mit jedem Zentimeter, um den die Klappe des jeweiligen Kastens weiter ge\u00f6ffnet wurde, konnte auch die tats\u00e4chliche Nestgr\u00f6\u00dfe offenbart werden und gerade die doch sehr unterschiedlichen Ausma\u00dfe der einzelnen Nester erstaunte die Gruppe jedes Mal aufs Neue. W\u00e4hrend ein\/e Sch\u00fcler\/in unter Anleitung einer unserer Naturw\u00e4chter damit besch\u00e4ftigt war, das verlassene Nest aus dem Nistkasten zu entfernen und diesen anschlie\u00dfend mit Kratzer, Pinsel und Handfeger zu reinigen, tummelten sich die restlichen Sch\u00fcler*innen bereits um einen weiteren Mitarbeiter der Naturwacht, der ihnen anhand verschiedenster Merkmale des Nestes erkl\u00e4rte, ob es sich hierbei um eine erfolgreiche Brut handelte und welche Vogelart dieses Nest gebaut hat. Hierbei wurde vor allem auf die Gr\u00f6\u00dfe des Nestes geachtet sowie auf das Vorhandensein von Eierschalen oder Federn, die zur Identifikation der jeweiligen Art beitragen konnten. So konnte festgestellt werden, dass haupts\u00e4chlich Meisen diese Nistk\u00e4sten als Brutst\u00e4tte w\u00e4hlten und dass so manches Meisenpaar es doch lieber etwas bequemer hat, weshalb einige K\u00e4sten beinahe bis unmittelbar unter dem Einflugloch mit Nistmaterial gef\u00fcllt waren.<\/p>\n<p>Durch diese Reinigungsaktion konnte den Sch\u00fcler*innen ein weiteres Mal vermittelt werden, wie wichtig geeignete Nisthilfen f\u00fcr einzelne Vogelarten sein k\u00f6nnen, weshalb eine regelm\u00e4\u00dfige Pflege zwingend notwendig ist.<a href=\"https:\/\/www.naturparkmagazin.de\/am-stettiner-haff\/wp-content\/uploads\/sites\/29\/IMG_20200204_084844402.jpg\"><img decoding=\"async\" loading=\"lazy\" class=\"aligncenter size-full wp-image-2896\" src=\"https:\/\/www.naturparkmagazin.de\/am-stettiner-haff\/wp-content\/uploads\/sites\/29\/IMG_20200204_084844402.jpg\" alt=\"IMG_20200204_084844402\" width=\"1600\" height=\"1200\" srcset=\"https:\/\/www.naturparkmagazin.de\/am-stettiner-haff\/wp-content\/uploads\/sites\/29\/IMG_20200204_084844402.jpg 1600w, https:\/\/www.naturparkmagazin.de\/am-stettiner-haff\/wp-content\/uploads\/sites\/29\/IMG_20200204_084844402-300x225.jpg 300w, https:\/\/www.naturparkmagazin.de\/am-stettiner-haff\/wp-content\/uploads\/sites\/29\/IMG_20200204_084844402-620x465.jpg 620w, https:\/\/www.naturparkmagazin.de\/am-stettiner-haff\/wp-content\/uploads\/sites\/29\/IMG_20200204_084844402-940x705.jpg 940w, https:\/\/www.naturparkmagazin.de\/am-stettiner-haff\/wp-content\/uploads\/sites\/29\/IMG_20200204_084844402-580x435.jpg 580w, https:\/\/www.naturparkmagazin.de\/am-stettiner-haff\/wp-content\/uploads\/sites\/29\/IMG_20200204_084844402-420x315.jpg 420w, https:\/\/www.naturparkmagazin.de\/am-stettiner-haff\/wp-content\/uploads\/sites\/29\/IMG_20200204_084844402-180x135.jpg 180w, https:\/\/www.naturparkmagazin.de\/am-stettiner-haff\/wp-content\/uploads\/sites\/29\/IMG_20200204_084844402-95x71.jpg 95w, https:\/\/www.naturparkmagazin.de\/am-stettiner-haff\/wp-content\/uploads\/sites\/29\/IMG_20200204_084844402-670x503.jpg 670w, https:\/\/www.naturparkmagazin.de\/am-stettiner-haff\/wp-content\/uploads\/sites\/29\/IMG_20200204_084844402-200x150.jpg 200w\" sizes=\"(max-width: 1600px) 100vw, 1600px\" \/><\/a> <a href=\"https:\/\/www.naturparkmagazin.de\/am-stettiner-haff\/wp-content\/uploads\/sites\/29\/IMG_20200204_085915488.jpg\"><img decoding=\"async\" loading=\"lazy\" class=\"aligncenter size-full wp-image-2897\" src=\"https:\/\/www.naturparkmagazin.de\/am-stettiner-haff\/wp-content\/uploads\/sites\/29\/IMG_20200204_085915488.jpg\" alt=\"IMG_20200204_085915488\" width=\"1600\" height=\"1200\" srcset=\"https:\/\/www.naturparkmagazin.de\/am-stettiner-haff\/wp-content\/uploads\/sites\/29\/IMG_20200204_085915488.jpg 1600w, https:\/\/www.naturparkmagazin.de\/am-stettiner-haff\/wp-content\/uploads\/sites\/29\/IMG_20200204_085915488-300x225.jpg 300w, https:\/\/www.naturparkmagazin.de\/am-stettiner-haff\/wp-content\/uploads\/sites\/29\/IMG_20200204_085915488-620x465.jpg 620w, https:\/\/www.naturparkmagazin.de\/am-stettiner-haff\/wp-content\/uploads\/sites\/29\/IMG_20200204_085915488-940x705.jpg 940w, https:\/\/www.naturparkmagazin.de\/am-stettiner-haff\/wp-content\/uploads\/sites\/29\/IMG_20200204_085915488-580x435.jpg 580w, https:\/\/www.naturparkmagazin.de\/am-stettiner-haff\/wp-content\/uploads\/sites\/29\/IMG_20200204_085915488-420x315.jpg 420w, https:\/\/www.naturparkmagazin.de\/am-stettiner-haff\/wp-content\/uploads\/sites\/29\/IMG_20200204_085915488-180x135.jpg 180w, https:\/\/www.naturparkmagazin.de\/am-stettiner-haff\/wp-content\/uploads\/sites\/29\/IMG_20200204_085915488-95x71.jpg 95w, https:\/\/www.naturparkmagazin.de\/am-stettiner-haff\/wp-content\/uploads\/sites\/29\/IMG_20200204_085915488-670x503.jpg 670w, https:\/\/www.naturparkmagazin.de\/am-stettiner-haff\/wp-content\/uploads\/sites\/29\/IMG_20200204_085915488-200x150.jpg 200w\" sizes=\"(max-width: 1600px) 100vw, 1600px\" \/><\/a> <a href=\"https:\/\/www.naturparkmagazin.de\/am-stettiner-haff\/wp-content\/uploads\/sites\/29\/IMG_20200204_091000183.jpg\"><img decoding=\"async\" loading=\"lazy\" class=\"aligncenter size-full wp-image-2898\" src=\"https:\/\/www.naturparkmagazin.de\/am-stettiner-haff\/wp-content\/uploads\/sites\/29\/IMG_20200204_091000183.jpg\" alt=\"IMG_20200204_091000183\" width=\"1200\" height=\"1600\" srcset=\"https:\/\/www.naturparkmagazin.de\/am-stettiner-haff\/wp-content\/uploads\/sites\/29\/IMG_20200204_091000183.jpg 1200w, https:\/\/www.naturparkmagazin.de\/am-stettiner-haff\/wp-content\/uploads\/sites\/29\/IMG_20200204_091000183-300x400.jpg 300w, https:\/\/www.naturparkmagazin.de\/am-stettiner-haff\/wp-content\/uploads\/sites\/29\/IMG_20200204_091000183-620x827.jpg 620w, https:\/\/www.naturparkmagazin.de\/am-stettiner-haff\/wp-content\/uploads\/sites\/29\/IMG_20200204_091000183-940x1253.jpg 940w, https:\/\/www.naturparkmagazin.de\/am-stettiner-haff\/wp-content\/uploads\/sites\/29\/IMG_20200204_091000183-500x667.jpg 500w, https:\/\/www.naturparkmagazin.de\/am-stettiner-haff\/wp-content\/uploads\/sites\/29\/IMG_20200204_091000183-420x560.jpg 420w, https:\/\/www.naturparkmagazin.de\/am-stettiner-haff\/wp-content\/uploads\/sites\/29\/IMG_20200204_091000183-135x180.jpg 135w, https:\/\/www.naturparkmagazin.de\/am-stettiner-haff\/wp-content\/uploads\/sites\/29\/IMG_20200204_091000183-53x71.jpg 53w, https:\/\/www.naturparkmagazin.de\/am-stettiner-haff\/wp-content\/uploads\/sites\/29\/IMG_20200204_091000183-670x893.jpg 670w, https:\/\/www.naturparkmagazin.de\/am-stettiner-haff\/wp-content\/uploads\/sites\/29\/IMG_20200204_091000183-200x267.jpg 200w\" sizes=\"(max-width: 1200px) 100vw, 1200px\" \/><\/a><\/p>\n","protected":false},"excerpt":{"rendered":"<p>Zusammen mit Sch\u00fcler*innen der Grundschule Mewegen fand an zwei Tagen erneut die j\u00e4hrliche Reinigungsaktion f\u00fcr die H\u00f6hlenbr\u00fcter-Nisthilfen innerhalb der Mewegener Waldfl\u00e4chen statt. Interessant zu erw\u00e4hnen ist hierbei, dass jeder Nistkasten in der Grundschule gefertigt wurde, wodurch die Sch\u00fcler*innen nochmal einen ganz anderen Bezug zu den h\u00f6lzernen Einfamilienh\u00e4usern an den B\u00e4umen haben. So galt es zun\u00e4chst<\/p>\n","protected":false},"author":26,"featured_media":2896,"comment_status":"open","ping_status":"open","sticky":false,"template":"","format":"standard","meta":[],"categories":[11],"tags":[],"yoast_head":"<!-- This site is optimized with the Yoast SEO plugin v19.10 - https:\/\/yoast.com\/wordpress\/plugins\/seo\/ -->\n<title>Fr\u00fchjahresputz bei Meise und Co - Naturpark Am Stettiner Haff<\/title>\n<meta name=\"robots\" content=\"index, follow, max-snippet:-1, max-image-preview:large, max-video-preview:-1\" \/>\n<link rel=\"canonical\" href=\"https:\/\/www.naturparkmagazin.de\/am-stettiner-haff\/fruehjahresputz-bei-meise-und-co\/\" \/>\n<meta property=\"og:locale\" content=\"de_DE\" \/>\n<meta property=\"og:type\" content=\"article\" \/>\n<meta property=\"og:title\" content=\"Fr\u00fchjahresputz bei Meise und Co - Naturpark Am Stettiner Haff\" \/>\n<meta property=\"og:description\" content=\"Zusammen mit Sch\u00fcler*innen der Grundschule Mewegen fand an zwei Tagen erneut die j\u00e4hrliche Reinigungsaktion f\u00fcr die H\u00f6hlenbr\u00fcter-Nisthilfen innerhalb der Mewegener Waldfl\u00e4chen statt. Interessant zu erw\u00e4hnen ist hierbei, dass jeder Nistkasten in der Grundschule gefertigt wurde, wodurch die Sch\u00fcler*innen nochmal einen ganz anderen Bezug zu den h\u00f6lzernen Einfamilienh\u00e4usern an den B\u00e4umen haben. So galt es zun\u00e4chst\" \/>\n<meta property=\"og:url\" content=\"https:\/\/www.naturparkmagazin.de\/am-stettiner-haff\/fruehjahresputz-bei-meise-und-co\/\" \/>\n<meta property=\"og:site_name\" content=\"Naturpark Am Stettiner Haff\" \/>\n<meta property=\"article:published_time\" content=\"2020-02-14T10:20:56+00:00\" \/>\n<meta property=\"og:image\" content=\"https:\/\/www.naturparkmagazin.de\/am-stettiner-haff\/wp-content\/uploads\/sites\/29\/IMG_20200204_084844402.jpg\" \/>\n\t<meta property=\"og:image:width\" content=\"1600\" \/>\n\t<meta property=\"og:image:height\" content=\"1200\" \/>\n\t<meta property=\"og:image:type\" content=\"image\/jpeg\" \/>\n<meta name=\"author\" content=\"Jochen Elberskirch\" \/>\n<meta name=\"twitter:label1\" content=\"Verfasst von\" \/>\n\t<meta name=\"twitter:data1\" content=\"Jochen Elberskirch\" \/>\n\t<meta name=\"twitter:label2\" content=\"Gesch\u00e4tzte Lesezeit\" \/>\n\t<meta name=\"twitter:data2\" content=\"2\u00a0Minuten\" \/>\n<script type=\"application\/ld+json\" class=\"yoast-schema-graph\">{\"@context\":\"https:\/\/schema.org\",\"@graph\":[{\"@type\":\"WebPage\",\"@id\":\"https:\/\/www.naturparkmagazin.de\/am-stettiner-haff\/fruehjahresputz-bei-meise-und-co\/\",\"url\":\"https:\/\/www.naturparkmagazin.de\/am-stettiner-haff\/fruehjahresputz-bei-meise-und-co\/\",\"name\":\"Fr\u00fchjahresputz bei Meise und Co - Naturpark Am Stettiner Haff\",\"isPartOf\":{\"@id\":\"https:\/\/www.naturparkmagazin.de\/am-stettiner-haff\/#website\"},\"datePublished\":\"2020-02-14T10:20:56+00:00\",\"dateModified\":\"2020-02-14T10:20:56+00:00\",\"author\":{\"@id\":\"https:\/\/www.naturparkmagazin.de\/am-stettiner-haff\/#\/schema\/person\/4a7208080dbbfb024d81129b7960c725\"},\"breadcrumb\":{\"@id\":\"https:\/\/www.naturparkmagazin.de\/am-stettiner-haff\/fruehjahresputz-bei-meise-und-co\/#breadcrumb\"},\"inLanguage\":\"de\",\"potentialAction\":[{\"@type\":\"ReadAction\",\"target\":[\"https:\/\/www.naturparkmagazin.de\/am-stettiner-haff\/fruehjahresputz-bei-meise-und-co\/\"]}]},{\"@type\":\"BreadcrumbList\",\"@id\":\"https:\/\/www.naturparkmagazin.de\/am-stettiner-haff\/fruehjahresputz-bei-meise-und-co\/#breadcrumb\",\"itemListElement\":[{\"@type\":\"ListItem\",\"position\":1,\"name\":\"Home\",\"item\":\"https:\/\/www.naturparkmagazin.de\/am-stettiner-haff\/\"},{\"@type\":\"ListItem\",\"position\":2,\"name\":\"Fr\u00fchjahresputz bei Meise und Co\"}]},{\"@type\":\"WebSite\",\"@id\":\"https:\/\/www.naturparkmagazin.de\/am-stettiner-haff\/#website\",\"url\":\"https:\/\/www.naturparkmagazin.de\/am-stettiner-haff\/\",\"name\":\"Naturpark Am Stettiner Haff\",\"description\":\"\",\"potentialAction\":[{\"@type\":\"SearchAction\",\"target\":{\"@type\":\"EntryPoint\",\"urlTemplate\":\"https:\/\/www.naturparkmagazin.de\/am-stettiner-haff\/?s={search_term_string}\"},\"query-input\":\"required name=search_term_string\"}],\"inLanguage\":\"de\"},{\"@type\":\"Person\",\"@id\":\"https:\/\/www.naturparkmagazin.de\/am-stettiner-haff\/#\/schema\/person\/4a7208080dbbfb024d81129b7960c725\",\"name\":\"Jochen Elberskirch\",\"sameAs\":[\"http:\/\/www.naturpark-am-stettiner-haff.de\"],\"url\":\"https:\/\/www.naturparkmagazin.de\/am-stettiner-haff\/author\/jochenelberskirch\/\"}]}<\/script>\n<!-- \/ Yoast SEO plugin. -->","yoast_head_json":{"title":"Fr\u00fchjahresputz bei Meise und Co - Naturpark Am Stettiner Haff","robots":{"index":"index","follow":"follow","max-snippet":"max-snippet:-1","max-image-preview":"max-image-preview:large","max-video-preview":"max-video-preview:-1"},"canonical":"https:\/\/www.naturparkmagazin.de\/am-stettiner-haff\/fruehjahresputz-bei-meise-und-co\/","og_locale":"de_DE","og_type":"article","og_title":"Fr\u00fchjahresputz bei Meise und Co - Naturpark Am Stettiner Haff","og_description":"Zusammen mit Sch\u00fcler*innen der Grundschule Mewegen fand an zwei Tagen erneut die j\u00e4hrliche Reinigungsaktion f\u00fcr die H\u00f6hlenbr\u00fcter-Nisthilfen innerhalb der Mewegener Waldfl\u00e4chen statt. Interessant zu erw\u00e4hnen ist hierbei, dass jeder Nistkasten in der Grundschule gefertigt wurde, wodurch die Sch\u00fcler*innen nochmal einen ganz anderen Bezug zu den h\u00f6lzernen Einfamilienh\u00e4usern an den B\u00e4umen haben. So galt es zun\u00e4chst","og_url":"https:\/\/www.naturparkmagazin.de\/am-stettiner-haff\/fruehjahresputz-bei-meise-und-co\/","og_site_name":"Naturpark Am Stettiner Haff","article_published_time":"2020-02-14T10:20:56+00:00","og_image":[{"width":1600,"height":1200,"url":"https:\/\/www.naturparkmagazin.de\/am-stettiner-haff\/wp-content\/uploads\/sites\/29\/IMG_20200204_084844402.jpg","type":"image\/jpeg"}],"author":"Jochen Elberskirch","twitter_misc":{"Verfasst von":"Jochen Elberskirch","Gesch\u00e4tzte Lesezeit":"2\u00a0Minuten"},"schema":{"@context":"https:\/\/schema.org","@graph":[{"@type":"WebPage","@id":"https:\/\/www.naturparkmagazin.de\/am-stettiner-haff\/fruehjahresputz-bei-meise-und-co\/","url":"https:\/\/www.naturparkmagazin.de\/am-stettiner-haff\/fruehjahresputz-bei-meise-und-co\/","name":"Fr\u00fchjahresputz bei Meise und Co - Naturpark Am Stettiner Haff","isPartOf":{"@id":"https:\/\/www.naturparkmagazin.de\/am-stettiner-haff\/#website"},"datePublished":"2020-02-14T10:20:56+00:00","dateModified":"2020-02-14T10:20:56+00:00","author":{"@id":"https:\/\/www.naturparkmagazin.de\/am-stettiner-haff\/#\/schema\/person\/4a7208080dbbfb024d81129b7960c725"},"breadcrumb":{"@id":"https:\/\/www.naturparkmagazin.de\/am-stettiner-haff\/fruehjahresputz-bei-meise-und-co\/#breadcrumb"},"inLanguage":"de","potentialAction":[{"@type":"ReadAction","target":["https:\/\/www.naturparkmagazin.de\/am-stettiner-haff\/fruehjahresputz-bei-meise-und-co\/"]}]},{"@type":"BreadcrumbList","@id":"https:\/\/www.naturparkmagazin.de\/am-stettiner-haff\/fruehjahresputz-bei-meise-und-co\/#breadcrumb","itemListElement":[{"@type":"ListItem","position":1,"name":"Home","item":"https:\/\/www.naturparkmagazin.de\/am-stettiner-haff\/"},{"@type":"ListItem","position":2,"name":"Fr\u00fchjahresputz bei Meise und Co"}]},{"@type":"WebSite","@id":"https:\/\/www.naturparkmagazin.de\/am-stettiner-haff\/#website","url":"https:\/\/www.naturparkmagazin.de\/am-stettiner-haff\/","name":"Naturpark Am Stettiner Haff","description":"","potentialAction":[{"@type":"SearchAction","target":{"@type":"EntryPoint","urlTemplate":"https:\/\/www.naturparkmagazin.de\/am-stettiner-haff\/?s={search_term_string}"},"query-input":"required name=search_term_string"}],"inLanguage":"de"},{"@type":"Person","@id":"https:\/\/www.naturparkmagazin.de\/am-stettiner-haff\/#\/schema\/person\/4a7208080dbbfb024d81129b7960c725","name":"Jochen Elberskirch","sameAs":["http:\/\/www.naturpark-am-stettiner-haff.de"],"url":"https:\/\/www.naturparkmagazin.de\/am-stettiner-haff\/author\/jochenelberskirch\/"}]}},"_links":{"self":[{"href":"https:\/\/www.naturparkmagazin.de\/am-stettiner-haff\/wp-json\/wp\/v2\/posts\/2895"}],"collection":[{"href":"https:\/\/www.naturparkmagazin.de\/am-stettiner-haff\/wp-json\/wp\/v2\/posts"}],"about":[{"href":"https:\/\/www.naturparkmagazin.de\/am-stettiner-haff\/wp-json\/wp\/v2\/types\/post"}],"author":[{"embeddable":true,"href":"https:\/\/www.naturparkmagazin.de\/am-stettiner-haff\/wp-json\/wp\/v2\/users\/26"}],"replies":[{"embeddable":true,"href":"https:\/\/www.naturparkmagazin.de\/am-stettiner-haff\/wp-json\/wp\/v2\/comments?post=2895"}],"version-history":[{"count":2,"href":"https:\/\/www.naturparkmagazin.de\/am-stettiner-haff\/wp-json\/wp\/v2\/posts\/2895\/revisions"}],"predecessor-version":[{"id":2901,"href":"https:\/\/www.naturparkmagazin.de\/am-stettiner-haff\/wp-json\/wp\/v2\/posts\/2895\/revisions\/2901"}],"wp:featuredmedia":[{"embeddable":true,"href":"https:\/\/www.naturparkmagazin.de\/am-stettiner-haff\/wp-json\/wp\/v2\/media\/2896"}],"wp:attachment":[{"href":"https:\/\/www.naturparkmagazin.de\/am-stettiner-haff\/wp-json\/wp\/v2\/media?parent=2895"}],"wp:term":[{"taxonomy":"category","embeddable":true,"href":"https:\/\/www.naturparkmagazin.de\/am-stettiner-haff\/wp-json\/wp\/v2\/categories?post=2895"},{"taxonomy":"post_tag","embeddable":true,"href":"https:\/\/www.naturparkmagazin.de\/am-stettiner-haff\/wp-json\/wp\/v2\/tags?post=2895"}],"curies":[{"name":"wp","href":"https:\/\/api.w.org\/{rel}","templated":true}]}}