{"id":2916,"date":"2020-04-14T09:55:50","date_gmt":"2020-04-14T07:55:50","guid":{"rendered":"https:\/\/www.naturparkmagazin.de\/am-stettiner-haff\/?p=2916"},"modified":"2020-04-27T13:39:15","modified_gmt":"2020-04-27T11:39:15","slug":"es-ist-vollbracht-der-neue-naturpark-aussichtsturm-auf-dem-fuchsberg-steht","status":"publish","type":"post","link":"https:\/\/www.naturparkmagazin.de\/am-stettiner-haff\/es-ist-vollbracht-der-neue-naturpark-aussichtsturm-auf-dem-fuchsberg-steht\/","title":{"rendered":"Es ist vollbracht  &#8211; der neue Naturpark-Aussichtsturm auf dem Fuchsberg steht !"},"content":{"rendered":"<p>Die Feuchte Witterung im Oktober 2019 machte\u00a0der Turmbaufirma MAKRA BAU einen Strich durch die Rechnung, den fertigen Aussichtsturm zu seinem eigentlichen\u00a0Bestimmungsort, dem Fuchsberg zu transportieren. Nach dem bereits auf den ersten, leicht\u00a0bergauf f\u00fchrenden Metern der Kranwagen trotz Traktorunterst\u00fctzung aus der\u00a0Spur rutschte wurde\u00a0das Vorhaben vertagt und\u00a0der Turm auf dem Gel\u00e4nde der Deutschen Wildtier Stiftung &#8211; Gut Klepelshagen eingelagert.<\/p>\n<div id=\"attachment_2921\" style=\"width: 630px\" class=\"wp-caption aligncenter\"><a href=\"https:\/\/www.naturparkmagazin.de\/am-stettiner-haff\/wp-content\/uploads\/sites\/29\/DSC05791.jpg\"><img aria-describedby=\"caption-attachment-2921\" decoding=\"async\" loading=\"lazy\" class=\"size-medium wp-image-2921\" src=\"https:\/\/www.naturparkmagazin.de\/am-stettiner-haff\/wp-content\/uploads\/sites\/29\/DSC05791-620x380.jpg\" alt=\"Lagerung auf dem Gel\u00e4nde des Gutes Klepelshagen (Foto: Naturpark-Archiv)\" width=\"620\" height=\"380\" srcset=\"https:\/\/www.naturparkmagazin.de\/am-stettiner-haff\/wp-content\/uploads\/sites\/29\/DSC05791-620x380.jpg 620w, https:\/\/www.naturparkmagazin.de\/am-stettiner-haff\/wp-content\/uploads\/sites\/29\/DSC05791-300x184.jpg 300w, https:\/\/www.naturparkmagazin.de\/am-stettiner-haff\/wp-content\/uploads\/sites\/29\/DSC05791-940x576.jpg 940w, https:\/\/www.naturparkmagazin.de\/am-stettiner-haff\/wp-content\/uploads\/sites\/29\/DSC05791-670x410.jpg 670w, https:\/\/www.naturparkmagazin.de\/am-stettiner-haff\/wp-content\/uploads\/sites\/29\/DSC05791-200x123.jpg 200w, https:\/\/www.naturparkmagazin.de\/am-stettiner-haff\/wp-content\/uploads\/sites\/29\/DSC05791.jpg 1399w\" sizes=\"(max-width: 620px) 100vw, 620px\" \/><\/a><p id=\"caption-attachment-2921\" class=\"wp-caption-text\">Lagerung auf dem Gel\u00e4nde des Gutes Klepelshagen (Foto: Naturpark-Archiv)<\/p><\/div>\n<p>Aufgrund\u00a0der trockenen Witterung der letzten Wochen und die g\u00fcnstigen Wetterprognosen einigten sich alle Beteiligten auf den 6. April 2020, um einen neuen Versuch zu wagen. So r\u00fcckten am fr\u00fchen Morgen des 6. April 2020\u00a0die Firma Lange mit einem Spezialkran und die Firma MAKRA BAU an, um den Turm\u00a0auf Fuchsberg zu errichten. Mit der herausragenden Unterst\u00fctzung der Mitarbeiter der Deutschen Wildtier Stiftung\u00a0&#8211;\u00a0Gut Klepelshagen und deren landwirtschaftlicher Technik gelang es diesmal problemlos, den Turm an seinen Bestimmungsort zu bringen. Auch der Spezialkran hatte keine M\u00fche \u00fcber das unwegsame Gel\u00e4nde zum Fuchsberg zu gelangen.<\/p>\n<div id=\"attachment_2924\" style=\"width: 1089px\" class=\"wp-caption aligncenter\"><a href=\"https:\/\/www.naturparkmagazin.de\/am-stettiner-haff\/wp-content\/uploads\/sites\/29\/Weg_zum_Fuchsberg01.jpg\"><img aria-describedby=\"caption-attachment-2924\" decoding=\"async\" loading=\"lazy\" class=\" wp-image-2924\" src=\"https:\/\/www.naturparkmagazin.de\/am-stettiner-haff\/wp-content\/uploads\/sites\/29\/Weg_zum_Fuchsberg01.jpg\" alt=\"Turm und Kran auf dem Weg zum Fuchsberg (Foto: Naturpark-Archiv)\" width=\"1079\" height=\"363\" srcset=\"https:\/\/www.naturparkmagazin.de\/am-stettiner-haff\/wp-content\/uploads\/sites\/29\/Weg_zum_Fuchsberg01.jpg 1932w, https:\/\/www.naturparkmagazin.de\/am-stettiner-haff\/wp-content\/uploads\/sites\/29\/Weg_zum_Fuchsberg01-300x101.jpg 300w, https:\/\/www.naturparkmagazin.de\/am-stettiner-haff\/wp-content\/uploads\/sites\/29\/Weg_zum_Fuchsberg01-620x209.jpg 620w, https:\/\/www.naturparkmagazin.de\/am-stettiner-haff\/wp-content\/uploads\/sites\/29\/Weg_zum_Fuchsberg01-940x316.jpg 940w, https:\/\/www.naturparkmagazin.de\/am-stettiner-haff\/wp-content\/uploads\/sites\/29\/Weg_zum_Fuchsberg01-670x225.jpg 670w, https:\/\/www.naturparkmagazin.de\/am-stettiner-haff\/wp-content\/uploads\/sites\/29\/Weg_zum_Fuchsberg01-200x67.jpg 200w\" sizes=\"(max-width: 1079px) 100vw, 1079px\" \/><\/a><p id=\"caption-attachment-2924\" class=\"wp-caption-text\">Turm und Kran auf dem Weg zum Fuchsberg (Foto: Naturpark-Archiv)<\/p><\/div>\n<p>Und der Rest war schon fast Routine. Gekonnt wurde der Turm auf sein Fundament gehoben und verankert. Kurz darauf folgten die beiden Dachh\u00e4lften. Mit gelernten Handgriffen wurden die Teile zusammengef\u00fcgt und am 7. April 2020 konnte die Firma\u00a0 MAKRA BAU &#8222;vollzug&#8220; melden.<\/p>\n<div id=\"attachment_2918\" style=\"width: 691px\" class=\"wp-caption aligncenter\"><a href=\"https:\/\/www.naturparkmagazin.de\/am-stettiner-haff\/wp-content\/uploads\/sites\/29\/Am_Haken.jpg\"><img aria-describedby=\"caption-attachment-2918\" decoding=\"async\" loading=\"lazy\" class=\"size-full wp-image-2918\" src=\"https:\/\/www.naturparkmagazin.de\/am-stettiner-haff\/wp-content\/uploads\/sites\/29\/Am_Haken.jpg\" alt=\"Der Naturpark-Aussichtsturm am &quot;Haken&quot; (Foto: Naturpark-Archiv)\" width=\"681\" height=\"821\" srcset=\"https:\/\/www.naturparkmagazin.de\/am-stettiner-haff\/wp-content\/uploads\/sites\/29\/Am_Haken.jpg 681w, https:\/\/www.naturparkmagazin.de\/am-stettiner-haff\/wp-content\/uploads\/sites\/29\/Am_Haken-300x362.jpg 300w, https:\/\/www.naturparkmagazin.de\/am-stettiner-haff\/wp-content\/uploads\/sites\/29\/Am_Haken-620x747.jpg 620w, https:\/\/www.naturparkmagazin.de\/am-stettiner-haff\/wp-content\/uploads\/sites\/29\/Am_Haken-670x808.jpg 670w, https:\/\/www.naturparkmagazin.de\/am-stettiner-haff\/wp-content\/uploads\/sites\/29\/Am_Haken-200x241.jpg 200w\" sizes=\"(max-width: 681px) 100vw, 681px\" \/><\/a><p id=\"caption-attachment-2918\" class=\"wp-caption-text\">Der Naturpark-Aussichtsturm am &#8222;Haken&#8220; (Foto: Naturpark-Archiv)<\/p><\/div>\n<p>Die Errichtung des Aussichtsturmes durch den Naturpark &#8222;Am Stettiner Haff&#8220; wurde mit Hilfe von F\u00f6rdermitteln des Landes Mecklenburg-Vorpommern und der Europ\u00e4ischen Union \u00fcber\u00a0ELER sowie \u00fcber die Haushaltsmittel des Naturparks erm\u00f6glicht<\/p>\n<div id=\"attachment_2920\" style=\"width: 630px\" class=\"wp-caption aligncenter\"><a href=\"https:\/\/www.naturparkmagazin.de\/am-stettiner-haff\/wp-content\/uploads\/sites\/29\/Aussichtsturm_Fuchsberg.jpg\"><img aria-describedby=\"caption-attachment-2920\" decoding=\"async\" loading=\"lazy\" class=\"size-medium wp-image-2920\" src=\"https:\/\/www.naturparkmagazin.de\/am-stettiner-haff\/wp-content\/uploads\/sites\/29\/Aussichtsturm_Fuchsberg-620x827.jpg\" alt=\"Der neue Naturpark-Aussichtsturm auf dem Fuchsberg (Foto: Naturpark-Archiv)\" width=\"620\" height=\"827\" srcset=\"https:\/\/www.naturparkmagazin.de\/am-stettiner-haff\/wp-content\/uploads\/sites\/29\/Aussichtsturm_Fuchsberg-620x827.jpg 620w, https:\/\/www.naturparkmagazin.de\/am-stettiner-haff\/wp-content\/uploads\/sites\/29\/Aussichtsturm_Fuchsberg-300x400.jpg 300w, https:\/\/www.naturparkmagazin.de\/am-stettiner-haff\/wp-content\/uploads\/sites\/29\/Aussichtsturm_Fuchsberg-500x667.jpg 500w, https:\/\/www.naturparkmagazin.de\/am-stettiner-haff\/wp-content\/uploads\/sites\/29\/Aussichtsturm_Fuchsberg-420x560.jpg 420w, https:\/\/www.naturparkmagazin.de\/am-stettiner-haff\/wp-content\/uploads\/sites\/29\/Aussichtsturm_Fuchsberg-135x180.jpg 135w, https:\/\/www.naturparkmagazin.de\/am-stettiner-haff\/wp-content\/uploads\/sites\/29\/Aussichtsturm_Fuchsberg-53x71.jpg 53w, https:\/\/www.naturparkmagazin.de\/am-stettiner-haff\/wp-content\/uploads\/sites\/29\/Aussichtsturm_Fuchsberg-670x894.jpg 670w, https:\/\/www.naturparkmagazin.de\/am-stettiner-haff\/wp-content\/uploads\/sites\/29\/Aussichtsturm_Fuchsberg-200x267.jpg 200w, https:\/\/www.naturparkmagazin.de\/am-stettiner-haff\/wp-content\/uploads\/sites\/29\/Aussichtsturm_Fuchsberg.jpg 907w\" sizes=\"(max-width: 620px) 100vw, 620px\" \/><\/a><p id=\"caption-attachment-2920\" class=\"wp-caption-text\">Der neue Naturpark-Aussichtsturm auf dem Fuchsberg (Foto: Naturpark-Archiv)<\/p><\/div>\n<p>Um den restlichen Feinschliff rund um den neuen Naturpark-Aussichtsturm k\u00fcmmerten sich im Anschluss an die Bauarbeiten die Mitarbeiter der Naturwacht. Und mit Hilfe der Forstwirte der Deutschen Wildtier Stiftung gelang es sogar noch, die akuten Gefahren durch Sturmsch\u00e4den auf dem Weg zum Aussichtsturm zu beseitigen.<\/p>\n<div id=\"attachment_2923\" style=\"width: 630px\" class=\"wp-caption aligncenter\"><a href=\"https:\/\/www.naturparkmagazin.de\/am-stettiner-haff\/wp-content\/uploads\/sites\/29\/Weg_zum_Fuchsberg.jpg\"><img aria-describedby=\"caption-attachment-2923\" decoding=\"async\" loading=\"lazy\" class=\"size-medium wp-image-2923\" src=\"https:\/\/www.naturparkmagazin.de\/am-stettiner-haff\/wp-content\/uploads\/sites\/29\/Weg_zum_Fuchsberg-620x827.jpg\" alt=\"Schlehen-Tunnel auf dem Weg zum Aussichtsturm (Foto: Naturpark-Archiv)\" width=\"620\" height=\"827\" srcset=\"https:\/\/www.naturparkmagazin.de\/am-stettiner-haff\/wp-content\/uploads\/sites\/29\/Weg_zum_Fuchsberg-620x827.jpg 620w, https:\/\/www.naturparkmagazin.de\/am-stettiner-haff\/wp-content\/uploads\/sites\/29\/Weg_zum_Fuchsberg-300x400.jpg 300w, https:\/\/www.naturparkmagazin.de\/am-stettiner-haff\/wp-content\/uploads\/sites\/29\/Weg_zum_Fuchsberg-500x667.jpg 500w, https:\/\/www.naturparkmagazin.de\/am-stettiner-haff\/wp-content\/uploads\/sites\/29\/Weg_zum_Fuchsberg-420x560.jpg 420w, https:\/\/www.naturparkmagazin.de\/am-stettiner-haff\/wp-content\/uploads\/sites\/29\/Weg_zum_Fuchsberg-135x180.jpg 135w, https:\/\/www.naturparkmagazin.de\/am-stettiner-haff\/wp-content\/uploads\/sites\/29\/Weg_zum_Fuchsberg-53x71.jpg 53w, https:\/\/www.naturparkmagazin.de\/am-stettiner-haff\/wp-content\/uploads\/sites\/29\/Weg_zum_Fuchsberg-670x894.jpg 670w, https:\/\/www.naturparkmagazin.de\/am-stettiner-haff\/wp-content\/uploads\/sites\/29\/Weg_zum_Fuchsberg-200x267.jpg 200w, https:\/\/www.naturparkmagazin.de\/am-stettiner-haff\/wp-content\/uploads\/sites\/29\/Weg_zum_Fuchsberg.jpg 816w\" sizes=\"(max-width: 620px) 100vw, 620px\" \/><\/a><p id=\"caption-attachment-2923\" class=\"wp-caption-text\">Schlehen-Tunnel auf dem Weg zum Aussichtsturm (Foto: Naturpark-Archiv)<\/p><\/div>\n<p>Somit stand und steht einem Besuch des neuen Naturpark-Aussichtsturmes nichts im Wege! Nat\u00fcrlich immer mit dem Augenma\u00df auf die aktuell geltenden Beschr\u00e4nkungen!<\/p>\n<div id=\"attachment_2917\" style=\"width: 630px\" class=\"wp-caption aligncenter\"><a href=\"https:\/\/www.naturparkmagazin.de\/am-stettiner-haff\/wp-content\/uploads\/sites\/29\/Blick_vom_Fuchsberg01.jpg\"><img aria-describedby=\"caption-attachment-2917\" decoding=\"async\" loading=\"lazy\" class=\"size-medium wp-image-2917\" src=\"https:\/\/www.naturparkmagazin.de\/am-stettiner-haff\/wp-content\/uploads\/sites\/29\/Blick_vom_Fuchsberg01-620x408.jpg\" alt=\"Blick vom neuen Naturpark-Aussichtsturm (Foto: Naturpark-Archiv)\" width=\"620\" height=\"408\" srcset=\"https:\/\/www.naturparkmagazin.de\/am-stettiner-haff\/wp-content\/uploads\/sites\/29\/Blick_vom_Fuchsberg01-620x408.jpg 620w, https:\/\/www.naturparkmagazin.de\/am-stettiner-haff\/wp-content\/uploads\/sites\/29\/Blick_vom_Fuchsberg01-300x197.jpg 300w, https:\/\/www.naturparkmagazin.de\/am-stettiner-haff\/wp-content\/uploads\/sites\/29\/Blick_vom_Fuchsberg01-940x618.jpg 940w, https:\/\/www.naturparkmagazin.de\/am-stettiner-haff\/wp-content\/uploads\/sites\/29\/Blick_vom_Fuchsberg01-670x441.jpg 670w, https:\/\/www.naturparkmagazin.de\/am-stettiner-haff\/wp-content\/uploads\/sites\/29\/Blick_vom_Fuchsberg01-200x132.jpg 200w, https:\/\/www.naturparkmagazin.de\/am-stettiner-haff\/wp-content\/uploads\/sites\/29\/Blick_vom_Fuchsberg01.jpg 949w\" sizes=\"(max-width: 620px) 100vw, 620px\" \/><\/a><p id=\"caption-attachment-2917\" class=\"wp-caption-text\">Blick vom neuen Naturpark-Aussichtsturm (Foto: Naturpark-Archiv)<\/p><\/div>\n<p>&nbsp;<\/p>\n","protected":false},"excerpt":{"rendered":"<p>Nach dem gescheiterten Turmaufbau im Oktober 2019 sollte am 6. April 2020 ein neuer Versuch unternommen werden. Lesen Sie hier, wie dieser ausgegangen ist&#8230;<\/p>\n","protected":false},"author":26,"featured_media":2919,"comment_status":"open","ping_status":"open","sticky":false,"template":"","format":"standard","meta":[],"categories":[7],"tags":[],"yoast_head":"<!-- This site is optimized with the Yoast SEO plugin v19.10 - https:\/\/yoast.com\/wordpress\/plugins\/seo\/ -->\n<title>Es ist vollbracht - der neue Naturpark-Aussichtsturm auf dem Fuchsberg steht ! - Naturpark Am Stettiner Haff<\/title>\n<meta name=\"robots\" content=\"index, follow, max-snippet:-1, max-image-preview:large, max-video-preview:-1\" \/>\n<link rel=\"canonical\" href=\"https:\/\/www.naturparkmagazin.de\/am-stettiner-haff\/es-ist-vollbracht-der-neue-naturpark-aussichtsturm-auf-dem-fuchsberg-steht\/\" \/>\n<meta property=\"og:locale\" content=\"de_DE\" \/>\n<meta property=\"og:type\" content=\"article\" \/>\n<meta property=\"og:title\" content=\"Es ist vollbracht - der neue Naturpark-Aussichtsturm auf dem Fuchsberg steht ! - Naturpark Am Stettiner Haff\" \/>\n<meta property=\"og:description\" content=\"Nach dem gescheiterten Turmaufbau im Oktober 2019 sollte am 6. April 2020 ein neuer Versuch unternommen werden. Lesen Sie hier, wie dieser ausgegangen ist...\" \/>\n<meta property=\"og:url\" content=\"https:\/\/www.naturparkmagazin.de\/am-stettiner-haff\/es-ist-vollbracht-der-neue-naturpark-aussichtsturm-auf-dem-fuchsberg-steht\/\" \/>\n<meta property=\"og:site_name\" content=\"Naturpark Am Stettiner Haff\" \/>\n<meta property=\"article:published_time\" content=\"2020-04-14T07:55:50+00:00\" \/>\n<meta property=\"article:modified_time\" content=\"2020-04-27T11:39:15+00:00\" \/>\n<meta property=\"og:image\" content=\"https:\/\/www.naturparkmagazin.de\/am-stettiner-haff\/wp-content\/uploads\/sites\/29\/Transport1.jpg\" \/>\n\t<meta property=\"og:image:width\" content=\"1193\" \/>\n\t<meta property=\"og:image:height\" content=\"767\" \/>\n\t<meta property=\"og:image:type\" content=\"image\/jpeg\" \/>\n<meta name=\"author\" content=\"Jochen Elberskirch\" \/>\n<meta name=\"twitter:label1\" content=\"Verfasst von\" \/>\n\t<meta name=\"twitter:data1\" content=\"Jochen Elberskirch\" \/>\n\t<meta name=\"twitter:label2\" content=\"Gesch\u00e4tzte Lesezeit\" \/>\n\t<meta name=\"twitter:data2\" content=\"2\u00a0Minuten\" \/>\n<script type=\"application\/ld+json\" class=\"yoast-schema-graph\">{\"@context\":\"https:\/\/schema.org\",\"@graph\":[{\"@type\":\"WebPage\",\"@id\":\"https:\/\/www.naturparkmagazin.de\/am-stettiner-haff\/es-ist-vollbracht-der-neue-naturpark-aussichtsturm-auf-dem-fuchsberg-steht\/\",\"url\":\"https:\/\/www.naturparkmagazin.de\/am-stettiner-haff\/es-ist-vollbracht-der-neue-naturpark-aussichtsturm-auf-dem-fuchsberg-steht\/\",\"name\":\"Es ist vollbracht - der neue Naturpark-Aussichtsturm auf dem Fuchsberg steht ! - Naturpark Am Stettiner Haff\",\"isPartOf\":{\"@id\":\"https:\/\/www.naturparkmagazin.de\/am-stettiner-haff\/#website\"},\"datePublished\":\"2020-04-14T07:55:50+00:00\",\"dateModified\":\"2020-04-27T11:39:15+00:00\",\"author\":{\"@id\":\"https:\/\/www.naturparkmagazin.de\/am-stettiner-haff\/#\/schema\/person\/4a7208080dbbfb024d81129b7960c725\"},\"breadcrumb\":{\"@id\":\"https:\/\/www.naturparkmagazin.de\/am-stettiner-haff\/es-ist-vollbracht-der-neue-naturpark-aussichtsturm-auf-dem-fuchsberg-steht\/#breadcrumb\"},\"inLanguage\":\"de\",\"potentialAction\":[{\"@type\":\"ReadAction\",\"target\":[\"https:\/\/www.naturparkmagazin.de\/am-stettiner-haff\/es-ist-vollbracht-der-neue-naturpark-aussichtsturm-auf-dem-fuchsberg-steht\/\"]}]},{\"@type\":\"BreadcrumbList\",\"@id\":\"https:\/\/www.naturparkmagazin.de\/am-stettiner-haff\/es-ist-vollbracht-der-neue-naturpark-aussichtsturm-auf-dem-fuchsberg-steht\/#breadcrumb\",\"itemListElement\":[{\"@type\":\"ListItem\",\"position\":1,\"name\":\"Home\",\"item\":\"https:\/\/www.naturparkmagazin.de\/am-stettiner-haff\/\"},{\"@type\":\"ListItem\",\"position\":2,\"name\":\"Es ist vollbracht &#8211; der neue Naturpark-Aussichtsturm auf dem Fuchsberg steht !\"}]},{\"@type\":\"WebSite\",\"@id\":\"https:\/\/www.naturparkmagazin.de\/am-stettiner-haff\/#website\",\"url\":\"https:\/\/www.naturparkmagazin.de\/am-stettiner-haff\/\",\"name\":\"Naturpark Am Stettiner Haff\",\"description\":\"\",\"potentialAction\":[{\"@type\":\"SearchAction\",\"target\":{\"@type\":\"EntryPoint\",\"urlTemplate\":\"https:\/\/www.naturparkmagazin.de\/am-stettiner-haff\/?s={search_term_string}\"},\"query-input\":\"required name=search_term_string\"}],\"inLanguage\":\"de\"},{\"@type\":\"Person\",\"@id\":\"https:\/\/www.naturparkmagazin.de\/am-stettiner-haff\/#\/schema\/person\/4a7208080dbbfb024d81129b7960c725\",\"name\":\"Jochen Elberskirch\",\"sameAs\":[\"http:\/\/www.naturpark-am-stettiner-haff.de\"],\"url\":\"https:\/\/www.naturparkmagazin.de\/am-stettiner-haff\/author\/jochenelberskirch\/\"}]}<\/script>\n<!-- \/ Yoast SEO plugin. -->","yoast_head_json":{"title":"Es ist vollbracht - der neue Naturpark-Aussichtsturm auf dem Fuchsberg steht ! - Naturpark Am Stettiner Haff","robots":{"index":"index","follow":"follow","max-snippet":"max-snippet:-1","max-image-preview":"max-image-preview:large","max-video-preview":"max-video-preview:-1"},"canonical":"https:\/\/www.naturparkmagazin.de\/am-stettiner-haff\/es-ist-vollbracht-der-neue-naturpark-aussichtsturm-auf-dem-fuchsberg-steht\/","og_locale":"de_DE","og_type":"article","og_title":"Es ist vollbracht - der neue Naturpark-Aussichtsturm auf dem Fuchsberg steht ! - Naturpark Am Stettiner Haff","og_description":"Nach dem gescheiterten Turmaufbau im Oktober 2019 sollte am 6. April 2020 ein neuer Versuch unternommen werden. Lesen Sie hier, wie dieser ausgegangen ist...","og_url":"https:\/\/www.naturparkmagazin.de\/am-stettiner-haff\/es-ist-vollbracht-der-neue-naturpark-aussichtsturm-auf-dem-fuchsberg-steht\/","og_site_name":"Naturpark Am Stettiner Haff","article_published_time":"2020-04-14T07:55:50+00:00","article_modified_time":"2020-04-27T11:39:15+00:00","og_image":[{"width":1193,"height":767,"url":"https:\/\/www.naturparkmagazin.de\/am-stettiner-haff\/wp-content\/uploads\/sites\/29\/Transport1.jpg","type":"image\/jpeg"}],"author":"Jochen Elberskirch","twitter_misc":{"Verfasst von":"Jochen Elberskirch","Gesch\u00e4tzte Lesezeit":"2\u00a0Minuten"},"schema":{"@context":"https:\/\/schema.org","@graph":[{"@type":"WebPage","@id":"https:\/\/www.naturparkmagazin.de\/am-stettiner-haff\/es-ist-vollbracht-der-neue-naturpark-aussichtsturm-auf-dem-fuchsberg-steht\/","url":"https:\/\/www.naturparkmagazin.de\/am-stettiner-haff\/es-ist-vollbracht-der-neue-naturpark-aussichtsturm-auf-dem-fuchsberg-steht\/","name":"Es ist vollbracht - der neue Naturpark-Aussichtsturm auf dem Fuchsberg steht ! - Naturpark Am Stettiner Haff","isPartOf":{"@id":"https:\/\/www.naturparkmagazin.de\/am-stettiner-haff\/#website"},"datePublished":"2020-04-14T07:55:50+00:00","dateModified":"2020-04-27T11:39:15+00:00","author":{"@id":"https:\/\/www.naturparkmagazin.de\/am-stettiner-haff\/#\/schema\/person\/4a7208080dbbfb024d81129b7960c725"},"breadcrumb":{"@id":"https:\/\/www.naturparkmagazin.de\/am-stettiner-haff\/es-ist-vollbracht-der-neue-naturpark-aussichtsturm-auf-dem-fuchsberg-steht\/#breadcrumb"},"inLanguage":"de","potentialAction":[{"@type":"ReadAction","target":["https:\/\/www.naturparkmagazin.de\/am-stettiner-haff\/es-ist-vollbracht-der-neue-naturpark-aussichtsturm-auf-dem-fuchsberg-steht\/"]}]},{"@type":"BreadcrumbList","@id":"https:\/\/www.naturparkmagazin.de\/am-stettiner-haff\/es-ist-vollbracht-der-neue-naturpark-aussichtsturm-auf-dem-fuchsberg-steht\/#breadcrumb","itemListElement":[{"@type":"ListItem","position":1,"name":"Home","item":"https:\/\/www.naturparkmagazin.de\/am-stettiner-haff\/"},{"@type":"ListItem","position":2,"name":"Es ist vollbracht &#8211; der neue Naturpark-Aussichtsturm auf dem Fuchsberg steht !"}]},{"@type":"WebSite","@id":"https:\/\/www.naturparkmagazin.de\/am-stettiner-haff\/#website","url":"https:\/\/www.naturparkmagazin.de\/am-stettiner-haff\/","name":"Naturpark Am Stettiner Haff","description":"","potentialAction":[{"@type":"SearchAction","target":{"@type":"EntryPoint","urlTemplate":"https:\/\/www.naturparkmagazin.de\/am-stettiner-haff\/?s={search_term_string}"},"query-input":"required name=search_term_string"}],"inLanguage":"de"},{"@type":"Person","@id":"https:\/\/www.naturparkmagazin.de\/am-stettiner-haff\/#\/schema\/person\/4a7208080dbbfb024d81129b7960c725","name":"Jochen Elberskirch","sameAs":["http:\/\/www.naturpark-am-stettiner-haff.de"],"url":"https:\/\/www.naturparkmagazin.de\/am-stettiner-haff\/author\/jochenelberskirch\/"}]}},"_links":{"self":[{"href":"https:\/\/www.naturparkmagazin.de\/am-stettiner-haff\/wp-json\/wp\/v2\/posts\/2916"}],"collection":[{"href":"https:\/\/www.naturparkmagazin.de\/am-stettiner-haff\/wp-json\/wp\/v2\/posts"}],"about":[{"href":"https:\/\/www.naturparkmagazin.de\/am-stettiner-haff\/wp-json\/wp\/v2\/types\/post"}],"author":[{"embeddable":true,"href":"https:\/\/www.naturparkmagazin.de\/am-stettiner-haff\/wp-json\/wp\/v2\/users\/26"}],"replies":[{"embeddable":true,"href":"https:\/\/www.naturparkmagazin.de\/am-stettiner-haff\/wp-json\/wp\/v2\/comments?post=2916"}],"version-history":[{"count":5,"href":"https:\/\/www.naturparkmagazin.de\/am-stettiner-haff\/wp-json\/wp\/v2\/posts\/2916\/revisions"}],"predecessor-version":[{"id":2932,"href":"https:\/\/www.naturparkmagazin.de\/am-stettiner-haff\/wp-json\/wp\/v2\/posts\/2916\/revisions\/2932"}],"wp:featuredmedia":[{"embeddable":true,"href":"https:\/\/www.naturparkmagazin.de\/am-stettiner-haff\/wp-json\/wp\/v2\/media\/2919"}],"wp:attachment":[{"href":"https:\/\/www.naturparkmagazin.de\/am-stettiner-haff\/wp-json\/wp\/v2\/media?parent=2916"}],"wp:term":[{"taxonomy":"category","embeddable":true,"href":"https:\/\/www.naturparkmagazin.de\/am-stettiner-haff\/wp-json\/wp\/v2\/categories?post=2916"},{"taxonomy":"post_tag","embeddable":true,"href":"https:\/\/www.naturparkmagazin.de\/am-stettiner-haff\/wp-json\/wp\/v2\/tags?post=2916"}],"curies":[{"name":"wp","href":"https:\/\/api.w.org\/{rel}","templated":true}]}}