{"id":2978,"date":"2020-07-15T14:44:05","date_gmt":"2020-07-15T12:44:05","guid":{"rendered":"https:\/\/www.naturparkmagazin.de\/am-stettiner-haff\/?p=2978"},"modified":"2020-07-28T12:28:30","modified_gmt":"2020-07-28T10:28:30","slug":"bodenprofil-der-parabel-duene-wieder-erlebbar","status":"publish","type":"post","link":"https:\/\/www.naturparkmagazin.de\/am-stettiner-haff\/bodenprofil-der-parabel-duene-wieder-erlebbar\/","title":{"rendered":"Das Bodenprofil an der Parabel D\u00fcne ist wieder erlebbar"},"content":{"rendered":"<p>Das Bodenprofil an der Parabel D\u00fcne auf dem August-Bartelt-Lehrpfad erstrahlt wieder in neuem Glanz. Dank der Unterst\u00fctzung und auf Initiative des Forstamtes Torgelow wurde die alte Holzverschalung von Naturwachtmitarbeitern des Naturparks \u201eAm Stettiner Haffs\u201c zur\u00fcckgebaut und durch eine neue Konstruktion ersetzt.<\/p>\n<div id=\"attachment_2979\" style=\"width: 1058px\" class=\"wp-caption aligncenter\"><a href=\"https:\/\/www.naturparkmagazin.de\/am-stettiner-haff\/wp-content\/uploads\/sites\/29\/Bodenprofil-Parabel_Duene.jpg\"><img aria-describedby=\"caption-attachment-2979\" decoding=\"async\" loading=\"lazy\" class=\"size-full wp-image-2979\" src=\"https:\/\/www.naturparkmagazin.de\/am-stettiner-haff\/wp-content\/uploads\/sites\/29\/Bodenprofil-Parabel_Duene.jpg\" alt=\"Bodenprofil an der Parabel D\u00fcne (Foto: Naturparkarchiv)\" width=\"1048\" height=\"709\" srcset=\"https:\/\/www.naturparkmagazin.de\/am-stettiner-haff\/wp-content\/uploads\/sites\/29\/Bodenprofil-Parabel_Duene.jpg 1048w, https:\/\/www.naturparkmagazin.de\/am-stettiner-haff\/wp-content\/uploads\/sites\/29\/Bodenprofil-Parabel_Duene-300x203.jpg 300w, https:\/\/www.naturparkmagazin.de\/am-stettiner-haff\/wp-content\/uploads\/sites\/29\/Bodenprofil-Parabel_Duene-620x419.jpg 620w, https:\/\/www.naturparkmagazin.de\/am-stettiner-haff\/wp-content\/uploads\/sites\/29\/Bodenprofil-Parabel_Duene-940x636.jpg 940w, https:\/\/www.naturparkmagazin.de\/am-stettiner-haff\/wp-content\/uploads\/sites\/29\/Bodenprofil-Parabel_Duene-670x453.jpg 670w, https:\/\/www.naturparkmagazin.de\/am-stettiner-haff\/wp-content\/uploads\/sites\/29\/Bodenprofil-Parabel_Duene-200x135.jpg 200w\" sizes=\"(max-width: 1048px) 100vw, 1048px\" \/><\/a><p id=\"caption-attachment-2979\" class=\"wp-caption-text\">Bodenprofil an der Parabel D\u00fcne (Foto: Naturparkarchiv)<\/p><\/div>\n<p>Hierzu kamen Eichenholzbohlen und zertifiziertes Kunststoffrecyclingmaterial zum Einsatz. Das Holz wurde durch das Forstamt Torgelow zur Verf\u00fcgung gestellt w\u00e4hrend die Naturparkverwaltung die alternativen Materialien beisteuerte. Diese Materialkombination soll f\u00fcr eine l\u00e4ngere Haltbarkeit und Erlebbarkeit des Bodenprofils sorgen.<\/p>\n<p>Ab sofort kann das Bodenprofil wieder gefahrlos betreten und in Augenschein genommen werden.<\/p>\n<p>&nbsp;<\/p>\n","protected":false},"excerpt":{"rendered":"<p>Das Bodenprofil an der Parabel D\u00fcne auf dem August-Bartelt-Lehrpfad erstrahlt wieder in neuem Glanz. Dank der Unterst\u00fctzung und auf Initiative des Forstamtes Torgelow wurde die alte Holzverschalung durch eine neue Konstruktion ersetzt.<\/p>\n","protected":false},"author":26,"featured_media":2983,"comment_status":"open","ping_status":"open","sticky":false,"template":"","format":"standard","meta":[],"categories":[7],"tags":[],"yoast_head":"<!-- This site is optimized with the Yoast SEO plugin v19.10 - https:\/\/yoast.com\/wordpress\/plugins\/seo\/ -->\n<title>Das Bodenprofil an der Parabel D\u00fcne ist wieder erlebbar - Naturpark Am Stettiner Haff<\/title>\n<meta name=\"robots\" content=\"index, follow, max-snippet:-1, max-image-preview:large, max-video-preview:-1\" \/>\n<link rel=\"canonical\" href=\"https:\/\/www.naturparkmagazin.de\/am-stettiner-haff\/bodenprofil-der-parabel-duene-wieder-erlebbar\/\" \/>\n<meta property=\"og:locale\" content=\"de_DE\" \/>\n<meta property=\"og:type\" content=\"article\" \/>\n<meta property=\"og:title\" content=\"Das Bodenprofil an der Parabel D\u00fcne ist wieder erlebbar - Naturpark Am Stettiner Haff\" \/>\n<meta property=\"og:description\" content=\"Das Bodenprofil an der Parabel D\u00fcne auf dem August-Bartelt-Lehrpfad erstrahlt wieder in neuem Glanz. Dank der Unterst\u00fctzung und auf Initiative des Forstamtes Torgelow wurde die alte Holzverschalung durch eine neue Konstruktion ersetzt.\" \/>\n<meta property=\"og:url\" content=\"https:\/\/www.naturparkmagazin.de\/am-stettiner-haff\/bodenprofil-der-parabel-duene-wieder-erlebbar\/\" \/>\n<meta property=\"og:site_name\" content=\"Naturpark Am Stettiner Haff\" \/>\n<meta property=\"article:published_time\" content=\"2020-07-15T12:44:05+00:00\" \/>\n<meta property=\"article:modified_time\" content=\"2020-07-28T10:28:30+00:00\" \/>\n<meta property=\"og:image\" content=\"https:\/\/www.naturparkmagazin.de\/am-stettiner-haff\/wp-content\/uploads\/sites\/29\/IMG-20200714-WA0001.jpg\" \/>\n\t<meta property=\"og:image:width\" content=\"1200\" \/>\n\t<meta property=\"og:image:height\" content=\"1600\" \/>\n\t<meta property=\"og:image:type\" content=\"image\/jpeg\" \/>\n<meta name=\"author\" content=\"Jochen Elberskirch\" \/>\n<meta name=\"twitter:label1\" content=\"Verfasst von\" \/>\n\t<meta name=\"twitter:data1\" content=\"Jochen Elberskirch\" \/>\n\t<meta name=\"twitter:label2\" content=\"Gesch\u00e4tzte Lesezeit\" \/>\n\t<meta name=\"twitter:data2\" content=\"1\u00a0Minute\" \/>\n<script type=\"application\/ld+json\" class=\"yoast-schema-graph\">{\"@context\":\"https:\/\/schema.org\",\"@graph\":[{\"@type\":\"WebPage\",\"@id\":\"https:\/\/www.naturparkmagazin.de\/am-stettiner-haff\/bodenprofil-der-parabel-duene-wieder-erlebbar\/\",\"url\":\"https:\/\/www.naturparkmagazin.de\/am-stettiner-haff\/bodenprofil-der-parabel-duene-wieder-erlebbar\/\",\"name\":\"Das Bodenprofil an der Parabel D\u00fcne ist wieder erlebbar - Naturpark Am Stettiner Haff\",\"isPartOf\":{\"@id\":\"https:\/\/www.naturparkmagazin.de\/am-stettiner-haff\/#website\"},\"datePublished\":\"2020-07-15T12:44:05+00:00\",\"dateModified\":\"2020-07-28T10:28:30+00:00\",\"author\":{\"@id\":\"https:\/\/www.naturparkmagazin.de\/am-stettiner-haff\/#\/schema\/person\/4a7208080dbbfb024d81129b7960c725\"},\"breadcrumb\":{\"@id\":\"https:\/\/www.naturparkmagazin.de\/am-stettiner-haff\/bodenprofil-der-parabel-duene-wieder-erlebbar\/#breadcrumb\"},\"inLanguage\":\"de\",\"potentialAction\":[{\"@type\":\"ReadAction\",\"target\":[\"https:\/\/www.naturparkmagazin.de\/am-stettiner-haff\/bodenprofil-der-parabel-duene-wieder-erlebbar\/\"]}]},{\"@type\":\"BreadcrumbList\",\"@id\":\"https:\/\/www.naturparkmagazin.de\/am-stettiner-haff\/bodenprofil-der-parabel-duene-wieder-erlebbar\/#breadcrumb\",\"itemListElement\":[{\"@type\":\"ListItem\",\"position\":1,\"name\":\"Home\",\"item\":\"https:\/\/www.naturparkmagazin.de\/am-stettiner-haff\/\"},{\"@type\":\"ListItem\",\"position\":2,\"name\":\"Das Bodenprofil an der Parabel D\u00fcne ist wieder erlebbar\"}]},{\"@type\":\"WebSite\",\"@id\":\"https:\/\/www.naturparkmagazin.de\/am-stettiner-haff\/#website\",\"url\":\"https:\/\/www.naturparkmagazin.de\/am-stettiner-haff\/\",\"name\":\"Naturpark Am Stettiner Haff\",\"description\":\"\",\"potentialAction\":[{\"@type\":\"SearchAction\",\"target\":{\"@type\":\"EntryPoint\",\"urlTemplate\":\"https:\/\/www.naturparkmagazin.de\/am-stettiner-haff\/?s={search_term_string}\"},\"query-input\":\"required name=search_term_string\"}],\"inLanguage\":\"de\"},{\"@type\":\"Person\",\"@id\":\"https:\/\/www.naturparkmagazin.de\/am-stettiner-haff\/#\/schema\/person\/4a7208080dbbfb024d81129b7960c725\",\"name\":\"Jochen Elberskirch\",\"sameAs\":[\"http:\/\/www.naturpark-am-stettiner-haff.de\"],\"url\":\"https:\/\/www.naturparkmagazin.de\/am-stettiner-haff\/author\/jochenelberskirch\/\"}]}<\/script>\n<!-- \/ Yoast SEO plugin. -->","yoast_head_json":{"title":"Das Bodenprofil an der Parabel D\u00fcne ist wieder erlebbar - Naturpark Am Stettiner Haff","robots":{"index":"index","follow":"follow","max-snippet":"max-snippet:-1","max-image-preview":"max-image-preview:large","max-video-preview":"max-video-preview:-1"},"canonical":"https:\/\/www.naturparkmagazin.de\/am-stettiner-haff\/bodenprofil-der-parabel-duene-wieder-erlebbar\/","og_locale":"de_DE","og_type":"article","og_title":"Das Bodenprofil an der Parabel D\u00fcne ist wieder erlebbar - Naturpark Am Stettiner Haff","og_description":"Das Bodenprofil an der Parabel D\u00fcne auf dem August-Bartelt-Lehrpfad erstrahlt wieder in neuem Glanz. Dank der Unterst\u00fctzung und auf Initiative des Forstamtes Torgelow wurde die alte Holzverschalung durch eine neue Konstruktion ersetzt.","og_url":"https:\/\/www.naturparkmagazin.de\/am-stettiner-haff\/bodenprofil-der-parabel-duene-wieder-erlebbar\/","og_site_name":"Naturpark Am Stettiner Haff","article_published_time":"2020-07-15T12:44:05+00:00","article_modified_time":"2020-07-28T10:28:30+00:00","og_image":[{"width":1200,"height":1600,"url":"https:\/\/www.naturparkmagazin.de\/am-stettiner-haff\/wp-content\/uploads\/sites\/29\/IMG-20200714-WA0001.jpg","type":"image\/jpeg"}],"author":"Jochen Elberskirch","twitter_misc":{"Verfasst von":"Jochen Elberskirch","Gesch\u00e4tzte Lesezeit":"1\u00a0Minute"},"schema":{"@context":"https:\/\/schema.org","@graph":[{"@type":"WebPage","@id":"https:\/\/www.naturparkmagazin.de\/am-stettiner-haff\/bodenprofil-der-parabel-duene-wieder-erlebbar\/","url":"https:\/\/www.naturparkmagazin.de\/am-stettiner-haff\/bodenprofil-der-parabel-duene-wieder-erlebbar\/","name":"Das Bodenprofil an der Parabel D\u00fcne ist wieder erlebbar - Naturpark Am Stettiner Haff","isPartOf":{"@id":"https:\/\/www.naturparkmagazin.de\/am-stettiner-haff\/#website"},"datePublished":"2020-07-15T12:44:05+00:00","dateModified":"2020-07-28T10:28:30+00:00","author":{"@id":"https:\/\/www.naturparkmagazin.de\/am-stettiner-haff\/#\/schema\/person\/4a7208080dbbfb024d81129b7960c725"},"breadcrumb":{"@id":"https:\/\/www.naturparkmagazin.de\/am-stettiner-haff\/bodenprofil-der-parabel-duene-wieder-erlebbar\/#breadcrumb"},"inLanguage":"de","potentialAction":[{"@type":"ReadAction","target":["https:\/\/www.naturparkmagazin.de\/am-stettiner-haff\/bodenprofil-der-parabel-duene-wieder-erlebbar\/"]}]},{"@type":"BreadcrumbList","@id":"https:\/\/www.naturparkmagazin.de\/am-stettiner-haff\/bodenprofil-der-parabel-duene-wieder-erlebbar\/#breadcrumb","itemListElement":[{"@type":"ListItem","position":1,"name":"Home","item":"https:\/\/www.naturparkmagazin.de\/am-stettiner-haff\/"},{"@type":"ListItem","position":2,"name":"Das Bodenprofil an der Parabel D\u00fcne ist wieder erlebbar"}]},{"@type":"WebSite","@id":"https:\/\/www.naturparkmagazin.de\/am-stettiner-haff\/#website","url":"https:\/\/www.naturparkmagazin.de\/am-stettiner-haff\/","name":"Naturpark Am Stettiner Haff","description":"","potentialAction":[{"@type":"SearchAction","target":{"@type":"EntryPoint","urlTemplate":"https:\/\/www.naturparkmagazin.de\/am-stettiner-haff\/?s={search_term_string}"},"query-input":"required name=search_term_string"}],"inLanguage":"de"},{"@type":"Person","@id":"https:\/\/www.naturparkmagazin.de\/am-stettiner-haff\/#\/schema\/person\/4a7208080dbbfb024d81129b7960c725","name":"Jochen Elberskirch","sameAs":["http:\/\/www.naturpark-am-stettiner-haff.de"],"url":"https:\/\/www.naturparkmagazin.de\/am-stettiner-haff\/author\/jochenelberskirch\/"}]}},"_links":{"self":[{"href":"https:\/\/www.naturparkmagazin.de\/am-stettiner-haff\/wp-json\/wp\/v2\/posts\/2978"}],"collection":[{"href":"https:\/\/www.naturparkmagazin.de\/am-stettiner-haff\/wp-json\/wp\/v2\/posts"}],"about":[{"href":"https:\/\/www.naturparkmagazin.de\/am-stettiner-haff\/wp-json\/wp\/v2\/types\/post"}],"author":[{"embeddable":true,"href":"https:\/\/www.naturparkmagazin.de\/am-stettiner-haff\/wp-json\/wp\/v2\/users\/26"}],"replies":[{"embeddable":true,"href":"https:\/\/www.naturparkmagazin.de\/am-stettiner-haff\/wp-json\/wp\/v2\/comments?post=2978"}],"version-history":[{"count":6,"href":"https:\/\/www.naturparkmagazin.de\/am-stettiner-haff\/wp-json\/wp\/v2\/posts\/2978\/revisions"}],"predecessor-version":[{"id":2989,"href":"https:\/\/www.naturparkmagazin.de\/am-stettiner-haff\/wp-json\/wp\/v2\/posts\/2978\/revisions\/2989"}],"wp:featuredmedia":[{"embeddable":true,"href":"https:\/\/www.naturparkmagazin.de\/am-stettiner-haff\/wp-json\/wp\/v2\/media\/2983"}],"wp:attachment":[{"href":"https:\/\/www.naturparkmagazin.de\/am-stettiner-haff\/wp-json\/wp\/v2\/media?parent=2978"}],"wp:term":[{"taxonomy":"category","embeddable":true,"href":"https:\/\/www.naturparkmagazin.de\/am-stettiner-haff\/wp-json\/wp\/v2\/categories?post=2978"},{"taxonomy":"post_tag","embeddable":true,"href":"https:\/\/www.naturparkmagazin.de\/am-stettiner-haff\/wp-json\/wp\/v2\/tags?post=2978"}],"curies":[{"name":"wp","href":"https:\/\/api.w.org\/{rel}","templated":true}]}}