{"id":3006,"date":"2020-09-15T12:02:04","date_gmt":"2020-09-15T10:02:04","guid":{"rendered":"https:\/\/www.naturparkmagazin.de\/am-stettiner-haff\/?p=3006"},"modified":"2020-09-28T12:04:31","modified_gmt":"2020-09-28T10:04:31","slug":"rotwildbrunft-in-der-ueckermuender-heide-neue-fotoausstellung-laedt-zum-besuch-ein","status":"publish","type":"post","link":"https:\/\/www.naturparkmagazin.de\/am-stettiner-haff\/rotwildbrunft-in-der-ueckermuender-heide-neue-fotoausstellung-laedt-zum-besuch-ein\/","title":{"rendered":"Rotwildbrunft in der Ueckerm\u00fcnder Heide &#8211; Neue Fotoausstellung l\u00e4dt zum Besuch ein"},"content":{"rendered":"<p>Herbst &#8211; Zeit der Rotwildbrunft. Passend zu diesem Thema l\u00e4dt der Naturpark &#8222;Am Stettiner Haff&#8220; zur Besichtung seiner neuen Fotoausstellung in das Besucherinformationszentrum ein. Nicht nur die Brunft selbst hat der renomierte Naturfotograf Ferndo Schmidt festgehalten. Einen ganzen Jahreszyklus des Rotwildes kann in der Ausstellung unter dem Namen &#8220;\u00a0Rotwildimpressionen aus der Ueckerm\u00fcnder Heide&#8220; bestaunt werden.<\/p>\n<div id=\"attachment_3007\" style=\"width: 630px\" class=\"wp-caption aligncenter\"><a href=\"https:\/\/www.naturparkmagazin.de\/am-stettiner-haff\/wp-content\/uploads\/sites\/29\/Hirschbrunft-2019.jpg\"><img aria-describedby=\"caption-attachment-3007\" decoding=\"async\" loading=\"lazy\" class=\"size-medium wp-image-3007\" src=\"https:\/\/www.naturparkmagazin.de\/am-stettiner-haff\/wp-content\/uploads\/sites\/29\/Hirschbrunft-2019-620x456.jpg\" alt=\"Hirschbrunft (Foto: Fernando Schmidt)\" width=\"620\" height=\"456\" srcset=\"https:\/\/www.naturparkmagazin.de\/am-stettiner-haff\/wp-content\/uploads\/sites\/29\/Hirschbrunft-2019-620x456.jpg 620w, https:\/\/www.naturparkmagazin.de\/am-stettiner-haff\/wp-content\/uploads\/sites\/29\/Hirschbrunft-2019-300x221.jpg 300w, https:\/\/www.naturparkmagazin.de\/am-stettiner-haff\/wp-content\/uploads\/sites\/29\/Hirschbrunft-2019-940x692.jpg 940w, https:\/\/www.naturparkmagazin.de\/am-stettiner-haff\/wp-content\/uploads\/sites\/29\/Hirschbrunft-2019-95x71.jpg 95w, https:\/\/www.naturparkmagazin.de\/am-stettiner-haff\/wp-content\/uploads\/sites\/29\/Hirschbrunft-2019-670x493.jpg 670w, https:\/\/www.naturparkmagazin.de\/am-stettiner-haff\/wp-content\/uploads\/sites\/29\/Hirschbrunft-2019-200x147.jpg 200w, https:\/\/www.naturparkmagazin.de\/am-stettiner-haff\/wp-content\/uploads\/sites\/29\/Hirschbrunft-2019.jpg 1648w\" sizes=\"(max-width: 620px) 100vw, 620px\" \/><\/a><p id=\"caption-attachment-3007\" class=\"wp-caption-text\">Hirschbrunft (Foto: Fernando Schmidt)<\/p><\/div>\n<p>&nbsp;<\/p>\n<p>Im Beisein des Fotografen wurde die Ausstellung am 17. September 2020 feierlich er\u00f6ffnet und steht seit dem den G\u00e4sten w\u00e4hrend der \u00d6ffnungszeiten des Besucherinformationszentrums von montags &#8211; freitags in der Zeit von 10:00 bis 15:00 Uhr zur Verf\u00fcgung. Gerne k\u00f6nnen auch individuelle Besichtigungstermine vereinbart werden.<\/p>\n","protected":false},"excerpt":{"rendered":"<p>Herbst &#8211; Zeit der Rotwildbrunft. Passend zu diesem Thema l\u00e4dt der Naturpark &#8222;Am Stettiner Haff&#8220; zur Besichtung seiner neuen Fotoausstellung in das Besucherinformationszentrum ein. <\/p>\n","protected":false},"author":26,"featured_media":3007,"comment_status":"open","ping_status":"open","sticky":false,"template":"","format":"standard","meta":[],"categories":[7],"tags":[],"yoast_head":"<!-- This site is optimized with the Yoast SEO plugin v19.10 - https:\/\/yoast.com\/wordpress\/plugins\/seo\/ -->\n<title>Rotwildbrunft in der Ueckerm\u00fcnder Heide - Neue Fotoausstellung l\u00e4dt zum Besuch ein - Naturpark Am Stettiner Haff<\/title>\n<meta name=\"robots\" content=\"index, follow, max-snippet:-1, max-image-preview:large, max-video-preview:-1\" \/>\n<link rel=\"canonical\" href=\"https:\/\/www.naturparkmagazin.de\/am-stettiner-haff\/rotwildbrunft-in-der-ueckermuender-heide-neue-fotoausstellung-laedt-zum-besuch-ein\/\" \/>\n<meta property=\"og:locale\" content=\"de_DE\" \/>\n<meta property=\"og:type\" content=\"article\" \/>\n<meta property=\"og:title\" content=\"Rotwildbrunft in der Ueckerm\u00fcnder Heide - Neue Fotoausstellung l\u00e4dt zum Besuch ein - Naturpark Am Stettiner Haff\" \/>\n<meta property=\"og:description\" content=\"Herbst - Zeit der Rotwildbrunft. Passend zu diesem Thema l\u00e4dt der Naturpark &quot;Am Stettiner Haff&quot; zur Besichtung seiner neuen Fotoausstellung in das Besucherinformationszentrum ein.\" \/>\n<meta property=\"og:url\" content=\"https:\/\/www.naturparkmagazin.de\/am-stettiner-haff\/rotwildbrunft-in-der-ueckermuender-heide-neue-fotoausstellung-laedt-zum-besuch-ein\/\" \/>\n<meta property=\"og:site_name\" content=\"Naturpark Am Stettiner Haff\" \/>\n<meta property=\"article:published_time\" content=\"2020-09-15T10:02:04+00:00\" \/>\n<meta property=\"article:modified_time\" content=\"2020-09-28T10:04:31+00:00\" \/>\n<meta property=\"og:image\" content=\"https:\/\/www.naturparkmagazin.de\/am-stettiner-haff\/wp-content\/uploads\/sites\/29\/Hirschbrunft-2019.jpg\" \/>\n\t<meta property=\"og:image:width\" content=\"1648\" \/>\n\t<meta property=\"og:image:height\" content=\"1213\" \/>\n\t<meta property=\"og:image:type\" content=\"image\/jpeg\" \/>\n<meta name=\"author\" content=\"Jochen Elberskirch\" \/>\n<meta name=\"twitter:label1\" content=\"Verfasst von\" \/>\n\t<meta name=\"twitter:data1\" content=\"Jochen Elberskirch\" \/>\n\t<meta name=\"twitter:label2\" content=\"Gesch\u00e4tzte Lesezeit\" \/>\n\t<meta name=\"twitter:data2\" content=\"1\u00a0Minute\" \/>\n<script type=\"application\/ld+json\" class=\"yoast-schema-graph\">{\"@context\":\"https:\/\/schema.org\",\"@graph\":[{\"@type\":\"WebPage\",\"@id\":\"https:\/\/www.naturparkmagazin.de\/am-stettiner-haff\/rotwildbrunft-in-der-ueckermuender-heide-neue-fotoausstellung-laedt-zum-besuch-ein\/\",\"url\":\"https:\/\/www.naturparkmagazin.de\/am-stettiner-haff\/rotwildbrunft-in-der-ueckermuender-heide-neue-fotoausstellung-laedt-zum-besuch-ein\/\",\"name\":\"Rotwildbrunft in der Ueckerm\u00fcnder Heide - Neue Fotoausstellung l\u00e4dt zum Besuch ein - Naturpark Am Stettiner Haff\",\"isPartOf\":{\"@id\":\"https:\/\/www.naturparkmagazin.de\/am-stettiner-haff\/#website\"},\"datePublished\":\"2020-09-15T10:02:04+00:00\",\"dateModified\":\"2020-09-28T10:04:31+00:00\",\"author\":{\"@id\":\"https:\/\/www.naturparkmagazin.de\/am-stettiner-haff\/#\/schema\/person\/4a7208080dbbfb024d81129b7960c725\"},\"breadcrumb\":{\"@id\":\"https:\/\/www.naturparkmagazin.de\/am-stettiner-haff\/rotwildbrunft-in-der-ueckermuender-heide-neue-fotoausstellung-laedt-zum-besuch-ein\/#breadcrumb\"},\"inLanguage\":\"de\",\"potentialAction\":[{\"@type\":\"ReadAction\",\"target\":[\"https:\/\/www.naturparkmagazin.de\/am-stettiner-haff\/rotwildbrunft-in-der-ueckermuender-heide-neue-fotoausstellung-laedt-zum-besuch-ein\/\"]}]},{\"@type\":\"BreadcrumbList\",\"@id\":\"https:\/\/www.naturparkmagazin.de\/am-stettiner-haff\/rotwildbrunft-in-der-ueckermuender-heide-neue-fotoausstellung-laedt-zum-besuch-ein\/#breadcrumb\",\"itemListElement\":[{\"@type\":\"ListItem\",\"position\":1,\"name\":\"Home\",\"item\":\"https:\/\/www.naturparkmagazin.de\/am-stettiner-haff\/\"},{\"@type\":\"ListItem\",\"position\":2,\"name\":\"Rotwildbrunft in der Ueckerm\u00fcnder Heide &#8211; Neue Fotoausstellung l\u00e4dt zum Besuch ein\"}]},{\"@type\":\"WebSite\",\"@id\":\"https:\/\/www.naturparkmagazin.de\/am-stettiner-haff\/#website\",\"url\":\"https:\/\/www.naturparkmagazin.de\/am-stettiner-haff\/\",\"name\":\"Naturpark Am Stettiner Haff\",\"description\":\"\",\"potentialAction\":[{\"@type\":\"SearchAction\",\"target\":{\"@type\":\"EntryPoint\",\"urlTemplate\":\"https:\/\/www.naturparkmagazin.de\/am-stettiner-haff\/?s={search_term_string}\"},\"query-input\":\"required name=search_term_string\"}],\"inLanguage\":\"de\"},{\"@type\":\"Person\",\"@id\":\"https:\/\/www.naturparkmagazin.de\/am-stettiner-haff\/#\/schema\/person\/4a7208080dbbfb024d81129b7960c725\",\"name\":\"Jochen Elberskirch\",\"sameAs\":[\"http:\/\/www.naturpark-am-stettiner-haff.de\"],\"url\":\"https:\/\/www.naturparkmagazin.de\/am-stettiner-haff\/author\/jochenelberskirch\/\"}]}<\/script>\n<!-- \/ Yoast SEO plugin. -->","yoast_head_json":{"title":"Rotwildbrunft in der Ueckerm\u00fcnder Heide - Neue Fotoausstellung l\u00e4dt zum Besuch ein - Naturpark Am Stettiner Haff","robots":{"index":"index","follow":"follow","max-snippet":"max-snippet:-1","max-image-preview":"max-image-preview:large","max-video-preview":"max-video-preview:-1"},"canonical":"https:\/\/www.naturparkmagazin.de\/am-stettiner-haff\/rotwildbrunft-in-der-ueckermuender-heide-neue-fotoausstellung-laedt-zum-besuch-ein\/","og_locale":"de_DE","og_type":"article","og_title":"Rotwildbrunft in der Ueckerm\u00fcnder Heide - Neue Fotoausstellung l\u00e4dt zum Besuch ein - Naturpark Am Stettiner Haff","og_description":"Herbst - Zeit der Rotwildbrunft. Passend zu diesem Thema l\u00e4dt der Naturpark \"Am Stettiner Haff\" zur Besichtung seiner neuen Fotoausstellung in das Besucherinformationszentrum ein.","og_url":"https:\/\/www.naturparkmagazin.de\/am-stettiner-haff\/rotwildbrunft-in-der-ueckermuender-heide-neue-fotoausstellung-laedt-zum-besuch-ein\/","og_site_name":"Naturpark Am Stettiner Haff","article_published_time":"2020-09-15T10:02:04+00:00","article_modified_time":"2020-09-28T10:04:31+00:00","og_image":[{"width":1648,"height":1213,"url":"https:\/\/www.naturparkmagazin.de\/am-stettiner-haff\/wp-content\/uploads\/sites\/29\/Hirschbrunft-2019.jpg","type":"image\/jpeg"}],"author":"Jochen Elberskirch","twitter_misc":{"Verfasst von":"Jochen Elberskirch","Gesch\u00e4tzte Lesezeit":"1\u00a0Minute"},"schema":{"@context":"https:\/\/schema.org","@graph":[{"@type":"WebPage","@id":"https:\/\/www.naturparkmagazin.de\/am-stettiner-haff\/rotwildbrunft-in-der-ueckermuender-heide-neue-fotoausstellung-laedt-zum-besuch-ein\/","url":"https:\/\/www.naturparkmagazin.de\/am-stettiner-haff\/rotwildbrunft-in-der-ueckermuender-heide-neue-fotoausstellung-laedt-zum-besuch-ein\/","name":"Rotwildbrunft in der Ueckerm\u00fcnder Heide - Neue Fotoausstellung l\u00e4dt zum Besuch ein - Naturpark Am Stettiner Haff","isPartOf":{"@id":"https:\/\/www.naturparkmagazin.de\/am-stettiner-haff\/#website"},"datePublished":"2020-09-15T10:02:04+00:00","dateModified":"2020-09-28T10:04:31+00:00","author":{"@id":"https:\/\/www.naturparkmagazin.de\/am-stettiner-haff\/#\/schema\/person\/4a7208080dbbfb024d81129b7960c725"},"breadcrumb":{"@id":"https:\/\/www.naturparkmagazin.de\/am-stettiner-haff\/rotwildbrunft-in-der-ueckermuender-heide-neue-fotoausstellung-laedt-zum-besuch-ein\/#breadcrumb"},"inLanguage":"de","potentialAction":[{"@type":"ReadAction","target":["https:\/\/www.naturparkmagazin.de\/am-stettiner-haff\/rotwildbrunft-in-der-ueckermuender-heide-neue-fotoausstellung-laedt-zum-besuch-ein\/"]}]},{"@type":"BreadcrumbList","@id":"https:\/\/www.naturparkmagazin.de\/am-stettiner-haff\/rotwildbrunft-in-der-ueckermuender-heide-neue-fotoausstellung-laedt-zum-besuch-ein\/#breadcrumb","itemListElement":[{"@type":"ListItem","position":1,"name":"Home","item":"https:\/\/www.naturparkmagazin.de\/am-stettiner-haff\/"},{"@type":"ListItem","position":2,"name":"Rotwildbrunft in der Ueckerm\u00fcnder Heide &#8211; Neue Fotoausstellung l\u00e4dt zum Besuch ein"}]},{"@type":"WebSite","@id":"https:\/\/www.naturparkmagazin.de\/am-stettiner-haff\/#website","url":"https:\/\/www.naturparkmagazin.de\/am-stettiner-haff\/","name":"Naturpark Am Stettiner Haff","description":"","potentialAction":[{"@type":"SearchAction","target":{"@type":"EntryPoint","urlTemplate":"https:\/\/www.naturparkmagazin.de\/am-stettiner-haff\/?s={search_term_string}"},"query-input":"required name=search_term_string"}],"inLanguage":"de"},{"@type":"Person","@id":"https:\/\/www.naturparkmagazin.de\/am-stettiner-haff\/#\/schema\/person\/4a7208080dbbfb024d81129b7960c725","name":"Jochen Elberskirch","sameAs":["http:\/\/www.naturpark-am-stettiner-haff.de"],"url":"https:\/\/www.naturparkmagazin.de\/am-stettiner-haff\/author\/jochenelberskirch\/"}]}},"_links":{"self":[{"href":"https:\/\/www.naturparkmagazin.de\/am-stettiner-haff\/wp-json\/wp\/v2\/posts\/3006"}],"collection":[{"href":"https:\/\/www.naturparkmagazin.de\/am-stettiner-haff\/wp-json\/wp\/v2\/posts"}],"about":[{"href":"https:\/\/www.naturparkmagazin.de\/am-stettiner-haff\/wp-json\/wp\/v2\/types\/post"}],"author":[{"embeddable":true,"href":"https:\/\/www.naturparkmagazin.de\/am-stettiner-haff\/wp-json\/wp\/v2\/users\/26"}],"replies":[{"embeddable":true,"href":"https:\/\/www.naturparkmagazin.de\/am-stettiner-haff\/wp-json\/wp\/v2\/comments?post=3006"}],"version-history":[{"count":3,"href":"https:\/\/www.naturparkmagazin.de\/am-stettiner-haff\/wp-json\/wp\/v2\/posts\/3006\/revisions"}],"predecessor-version":[{"id":3013,"href":"https:\/\/www.naturparkmagazin.de\/am-stettiner-haff\/wp-json\/wp\/v2\/posts\/3006\/revisions\/3013"}],"wp:featuredmedia":[{"embeddable":true,"href":"https:\/\/www.naturparkmagazin.de\/am-stettiner-haff\/wp-json\/wp\/v2\/media\/3007"}],"wp:attachment":[{"href":"https:\/\/www.naturparkmagazin.de\/am-stettiner-haff\/wp-json\/wp\/v2\/media?parent=3006"}],"wp:term":[{"taxonomy":"category","embeddable":true,"href":"https:\/\/www.naturparkmagazin.de\/am-stettiner-haff\/wp-json\/wp\/v2\/categories?post=3006"},{"taxonomy":"post_tag","embeddable":true,"href":"https:\/\/www.naturparkmagazin.de\/am-stettiner-haff\/wp-json\/wp\/v2\/tags?post=3006"}],"curies":[{"name":"wp","href":"https:\/\/api.w.org\/{rel}","templated":true}]}}