{"id":3054,"date":"2020-12-11T10:50:09","date_gmt":"2020-12-11T09:50:09","guid":{"rendered":"https:\/\/www.naturparkmagazin.de\/am-stettiner-haff\/?p=3054"},"modified":"2021-01-04T07:40:19","modified_gmt":"2021-01-04T06:40:19","slug":"ich-bin-dann-mal-weg","status":"publish","type":"post","link":"https:\/\/www.naturparkmagazin.de\/am-stettiner-haff\/ich-bin-dann-mal-weg\/","title":{"rendered":"Er ist dann mal weg&#8230;"},"content":{"rendered":"<div id=\"attachment_3057\" style=\"width: 630px\" class=\"wp-caption aligncenter\"><a href=\"https:\/\/www.naturparkmagazin.de\/am-stettiner-haff\/wp-content\/uploads\/sites\/29\/Seeadler1.jpg\"><img aria-describedby=\"caption-attachment-3057\" decoding=\"async\" loading=\"lazy\" class=\"size-medium wp-image-3057\" src=\"https:\/\/www.naturparkmagazin.de\/am-stettiner-haff\/wp-content\/uploads\/sites\/29\/Seeadler1-620x459.jpg\" alt=\"abfliegender Seeadler (Foto: Naturpark-Archiv)\" width=\"620\" height=\"459\" srcset=\"https:\/\/www.naturparkmagazin.de\/am-stettiner-haff\/wp-content\/uploads\/sites\/29\/Seeadler1-620x459.jpg 620w, https:\/\/www.naturparkmagazin.de\/am-stettiner-haff\/wp-content\/uploads\/sites\/29\/Seeadler1-300x222.jpg 300w, https:\/\/www.naturparkmagazin.de\/am-stettiner-haff\/wp-content\/uploads\/sites\/29\/Seeadler1-940x697.jpg 940w, https:\/\/www.naturparkmagazin.de\/am-stettiner-haff\/wp-content\/uploads\/sites\/29\/Seeadler1-95x71.jpg 95w, https:\/\/www.naturparkmagazin.de\/am-stettiner-haff\/wp-content\/uploads\/sites\/29\/Seeadler1-670x497.jpg 670w, https:\/\/www.naturparkmagazin.de\/am-stettiner-haff\/wp-content\/uploads\/sites\/29\/Seeadler1-200x148.jpg 200w, https:\/\/www.naturparkmagazin.de\/am-stettiner-haff\/wp-content\/uploads\/sites\/29\/Seeadler1.jpg 1406w\" sizes=\"(max-width: 620px) 100vw, 620px\" \/><\/a><p id=\"caption-attachment-3057\" class=\"wp-caption-text\">abfliegender Seeadler (Foto: Naturpark-Archiv)<\/p><\/div>\n<p>Ein Naturwachtmitarbeiter der ersten Stunde, Klaus-Dieter Schuldt ist nach mehr als 40 Arbeitsjahren, darunter 15 Jahren als Naturwachleiter im Naturpark \u201eAm Stettiner Haff\u201c mit Beginn des neuen Jahres in den wohlverdienten (Un)-Ruhestand getreten.<\/p>\n<p>&nbsp;<\/p>\n<div id=\"attachment_3055\" style=\"width: 310px\" class=\"wp-caption aligncenter\"><a href=\"https:\/\/www.naturparkmagazin.de\/am-stettiner-haff\/wp-content\/uploads\/sites\/29\/Klaus_gesamt.jpg\"><img aria-describedby=\"caption-attachment-3055\" decoding=\"async\" loading=\"lazy\" class=\"wp-image-3055 size-thumbnail\" src=\"https:\/\/www.naturparkmagazin.de\/am-stettiner-haff\/wp-content\/uploads\/sites\/29\/Klaus_gesamt-300x660.jpg\" alt=\"Klaus-Dieter Schuldt (Foto: Naturpark-Archiv)\" width=\"300\" height=\"660\" srcset=\"https:\/\/www.naturparkmagazin.de\/am-stettiner-haff\/wp-content\/uploads\/sites\/29\/Klaus_gesamt-300x660.jpg 300w, https:\/\/www.naturparkmagazin.de\/am-stettiner-haff\/wp-content\/uploads\/sites\/29\/Klaus_gesamt-620x1365.jpg 620w, https:\/\/www.naturparkmagazin.de\/am-stettiner-haff\/wp-content\/uploads\/sites\/29\/Klaus_gesamt-200x440.jpg 200w, https:\/\/www.naturparkmagazin.de\/am-stettiner-haff\/wp-content\/uploads\/sites\/29\/Klaus_gesamt.jpg 661w\" sizes=\"(max-width: 300px) 100vw, 300px\" \/><\/a><p id=\"caption-attachment-3055\" class=\"wp-caption-text\">Klaus-Dieter Schuldt (Foto: Naturpark-Archiv)<\/p><\/div>\n<div id=\"attachment_3056\" style=\"width: 310px\" class=\"wp-caption aligncenter\"><a href=\"https:\/\/www.naturparkmagazin.de\/am-stettiner-haff\/wp-content\/uploads\/sites\/29\/Nistkastenaktion-mit-der-Naturparkschule.jpg\"><img aria-describedby=\"caption-attachment-3056\" decoding=\"async\" loading=\"lazy\" class=\"wp-image-3056 size-thumbnail\" src=\"https:\/\/www.naturparkmagazin.de\/am-stettiner-haff\/wp-content\/uploads\/sites\/29\/Nistkastenaktion-mit-der-Naturparkschule-300x451.jpg\" alt=\"Klaus-Dieter Schuldt im Einsatz bei einer Umweltbildungsveranstaltung (Foto: Naturpark-Archiv)\" width=\"300\" height=\"451\" srcset=\"https:\/\/www.naturparkmagazin.de\/am-stettiner-haff\/wp-content\/uploads\/sites\/29\/Nistkastenaktion-mit-der-Naturparkschule-300x451.jpg 300w, https:\/\/www.naturparkmagazin.de\/am-stettiner-haff\/wp-content\/uploads\/sites\/29\/Nistkastenaktion-mit-der-Naturparkschule-620x931.jpg 620w, https:\/\/www.naturparkmagazin.de\/am-stettiner-haff\/wp-content\/uploads\/sites\/29\/Nistkastenaktion-mit-der-Naturparkschule-670x1006.jpg 670w, https:\/\/www.naturparkmagazin.de\/am-stettiner-haff\/wp-content\/uploads\/sites\/29\/Nistkastenaktion-mit-der-Naturparkschule-200x300.jpg 200w, https:\/\/www.naturparkmagazin.de\/am-stettiner-haff\/wp-content\/uploads\/sites\/29\/Nistkastenaktion-mit-der-Naturparkschule.jpg 703w\" sizes=\"(max-width: 300px) 100vw, 300px\" \/><\/a><p id=\"caption-attachment-3056\" class=\"wp-caption-text\">Klaus-Dieter Schuldt im Einsatz bei einer Umweltbildungsveranstaltung (Foto: Naturpark-Archiv)<\/p><\/div>\n<p>Insbesondere die Biber und Gro\u00dfv\u00f6gel haben seine Arbeit, neben vielen anderen Aufgaben, im Naturpark gepr\u00e4gt. F\u00fcr sein Engagement und seinen Einsatz f\u00fcr den Naturpark sagen wir auch an dieser Stelle herzlichen Dank und w\u00fcnschen ihm f\u00fcr seinen neuen Lebensabschnitt alles Gute!<\/p>\n<p>&nbsp;<\/p>\n<p>Dankenswerter Weise wird Herr Schuldt im Zusammenhang mit den Gro\u00dfv\u00f6geln auch k\u00fcnftig dem Naturpark als ehrenamtlicher Betreuer zur Seite stehen.<\/p>\n","protected":false},"excerpt":{"rendered":"<p>Ein Naturwachtmitarbeiter der ersten Stunde, Klaus-Dieter Schuldt ist nach mehr als 40 Arbeitsjahren mit Beginn des neuen Jahres in den wohlverdienten (Un)-Ruhestand getreten.<\/p>\n","protected":false},"author":26,"featured_media":0,"comment_status":"open","ping_status":"open","sticky":false,"template":"","format":"standard","meta":[],"categories":[7],"tags":[],"yoast_head":"<!-- This site is optimized with the Yoast SEO plugin v19.10 - https:\/\/yoast.com\/wordpress\/plugins\/seo\/ -->\n<title>Er ist dann mal weg... - Naturpark Am Stettiner Haff<\/title>\n<meta name=\"robots\" content=\"index, follow, max-snippet:-1, max-image-preview:large, max-video-preview:-1\" \/>\n<link rel=\"canonical\" href=\"https:\/\/www.naturparkmagazin.de\/am-stettiner-haff\/ich-bin-dann-mal-weg\/\" \/>\n<meta property=\"og:locale\" content=\"de_DE\" \/>\n<meta property=\"og:type\" content=\"article\" \/>\n<meta property=\"og:title\" content=\"Er ist dann mal weg... - Naturpark Am Stettiner Haff\" \/>\n<meta property=\"og:description\" content=\"Ein Naturwachtmitarbeiter der ersten Stunde, Klaus-Dieter Schuldt ist nach mehr als 40 Arbeitsjahren mit Beginn des neuen Jahres in den wohlverdienten (Un)-Ruhestand getreten.\" \/>\n<meta property=\"og:url\" content=\"https:\/\/www.naturparkmagazin.de\/am-stettiner-haff\/ich-bin-dann-mal-weg\/\" \/>\n<meta property=\"og:site_name\" content=\"Naturpark Am Stettiner Haff\" \/>\n<meta property=\"article:published_time\" content=\"2020-12-11T09:50:09+00:00\" \/>\n<meta property=\"article:modified_time\" content=\"2021-01-04T06:40:19+00:00\" \/>\n<meta property=\"og:image\" content=\"https:\/\/www.naturparkmagazin.de\/am-stettiner-haff\/wp-content\/uploads\/sites\/29\/Seeadler1-620x459.jpg\" \/>\n<meta name=\"author\" content=\"Jochen Elberskirch\" \/>\n<meta name=\"twitter:label1\" content=\"Verfasst von\" \/>\n\t<meta name=\"twitter:data1\" content=\"Jochen Elberskirch\" \/>\n\t<meta name=\"twitter:label2\" content=\"Gesch\u00e4tzte Lesezeit\" \/>\n\t<meta name=\"twitter:data2\" content=\"1\u00a0Minute\" \/>\n<script type=\"application\/ld+json\" class=\"yoast-schema-graph\">{\"@context\":\"https:\/\/schema.org\",\"@graph\":[{\"@type\":\"WebPage\",\"@id\":\"https:\/\/www.naturparkmagazin.de\/am-stettiner-haff\/ich-bin-dann-mal-weg\/\",\"url\":\"https:\/\/www.naturparkmagazin.de\/am-stettiner-haff\/ich-bin-dann-mal-weg\/\",\"name\":\"Er ist dann mal weg... - Naturpark Am Stettiner Haff\",\"isPartOf\":{\"@id\":\"https:\/\/www.naturparkmagazin.de\/am-stettiner-haff\/#website\"},\"datePublished\":\"2020-12-11T09:50:09+00:00\",\"dateModified\":\"2021-01-04T06:40:19+00:00\",\"author\":{\"@id\":\"https:\/\/www.naturparkmagazin.de\/am-stettiner-haff\/#\/schema\/person\/4a7208080dbbfb024d81129b7960c725\"},\"breadcrumb\":{\"@id\":\"https:\/\/www.naturparkmagazin.de\/am-stettiner-haff\/ich-bin-dann-mal-weg\/#breadcrumb\"},\"inLanguage\":\"de\",\"potentialAction\":[{\"@type\":\"ReadAction\",\"target\":[\"https:\/\/www.naturparkmagazin.de\/am-stettiner-haff\/ich-bin-dann-mal-weg\/\"]}]},{\"@type\":\"BreadcrumbList\",\"@id\":\"https:\/\/www.naturparkmagazin.de\/am-stettiner-haff\/ich-bin-dann-mal-weg\/#breadcrumb\",\"itemListElement\":[{\"@type\":\"ListItem\",\"position\":1,\"name\":\"Home\",\"item\":\"https:\/\/www.naturparkmagazin.de\/am-stettiner-haff\/\"},{\"@type\":\"ListItem\",\"position\":2,\"name\":\"Er ist dann mal weg&#8230;\"}]},{\"@type\":\"WebSite\",\"@id\":\"https:\/\/www.naturparkmagazin.de\/am-stettiner-haff\/#website\",\"url\":\"https:\/\/www.naturparkmagazin.de\/am-stettiner-haff\/\",\"name\":\"Naturpark Am Stettiner Haff\",\"description\":\"\",\"potentialAction\":[{\"@type\":\"SearchAction\",\"target\":{\"@type\":\"EntryPoint\",\"urlTemplate\":\"https:\/\/www.naturparkmagazin.de\/am-stettiner-haff\/?s={search_term_string}\"},\"query-input\":\"required name=search_term_string\"}],\"inLanguage\":\"de\"},{\"@type\":\"Person\",\"@id\":\"https:\/\/www.naturparkmagazin.de\/am-stettiner-haff\/#\/schema\/person\/4a7208080dbbfb024d81129b7960c725\",\"name\":\"Jochen Elberskirch\",\"sameAs\":[\"http:\/\/www.naturpark-am-stettiner-haff.de\"],\"url\":\"https:\/\/www.naturparkmagazin.de\/am-stettiner-haff\/author\/jochenelberskirch\/\"}]}<\/script>\n<!-- \/ Yoast SEO plugin. -->","yoast_head_json":{"title":"Er ist dann mal weg... - Naturpark Am Stettiner Haff","robots":{"index":"index","follow":"follow","max-snippet":"max-snippet:-1","max-image-preview":"max-image-preview:large","max-video-preview":"max-video-preview:-1"},"canonical":"https:\/\/www.naturparkmagazin.de\/am-stettiner-haff\/ich-bin-dann-mal-weg\/","og_locale":"de_DE","og_type":"article","og_title":"Er ist dann mal weg... - Naturpark Am Stettiner Haff","og_description":"Ein Naturwachtmitarbeiter der ersten Stunde, Klaus-Dieter Schuldt ist nach mehr als 40 Arbeitsjahren mit Beginn des neuen Jahres in den wohlverdienten (Un)-Ruhestand getreten.","og_url":"https:\/\/www.naturparkmagazin.de\/am-stettiner-haff\/ich-bin-dann-mal-weg\/","og_site_name":"Naturpark Am Stettiner Haff","article_published_time":"2020-12-11T09:50:09+00:00","article_modified_time":"2021-01-04T06:40:19+00:00","og_image":[{"url":"https:\/\/www.naturparkmagazin.de\/am-stettiner-haff\/wp-content\/uploads\/sites\/29\/Seeadler1-620x459.jpg"}],"author":"Jochen Elberskirch","twitter_misc":{"Verfasst von":"Jochen Elberskirch","Gesch\u00e4tzte Lesezeit":"1\u00a0Minute"},"schema":{"@context":"https:\/\/schema.org","@graph":[{"@type":"WebPage","@id":"https:\/\/www.naturparkmagazin.de\/am-stettiner-haff\/ich-bin-dann-mal-weg\/","url":"https:\/\/www.naturparkmagazin.de\/am-stettiner-haff\/ich-bin-dann-mal-weg\/","name":"Er ist dann mal weg... - Naturpark Am Stettiner Haff","isPartOf":{"@id":"https:\/\/www.naturparkmagazin.de\/am-stettiner-haff\/#website"},"datePublished":"2020-12-11T09:50:09+00:00","dateModified":"2021-01-04T06:40:19+00:00","author":{"@id":"https:\/\/www.naturparkmagazin.de\/am-stettiner-haff\/#\/schema\/person\/4a7208080dbbfb024d81129b7960c725"},"breadcrumb":{"@id":"https:\/\/www.naturparkmagazin.de\/am-stettiner-haff\/ich-bin-dann-mal-weg\/#breadcrumb"},"inLanguage":"de","potentialAction":[{"@type":"ReadAction","target":["https:\/\/www.naturparkmagazin.de\/am-stettiner-haff\/ich-bin-dann-mal-weg\/"]}]},{"@type":"BreadcrumbList","@id":"https:\/\/www.naturparkmagazin.de\/am-stettiner-haff\/ich-bin-dann-mal-weg\/#breadcrumb","itemListElement":[{"@type":"ListItem","position":1,"name":"Home","item":"https:\/\/www.naturparkmagazin.de\/am-stettiner-haff\/"},{"@type":"ListItem","position":2,"name":"Er ist dann mal weg&#8230;"}]},{"@type":"WebSite","@id":"https:\/\/www.naturparkmagazin.de\/am-stettiner-haff\/#website","url":"https:\/\/www.naturparkmagazin.de\/am-stettiner-haff\/","name":"Naturpark Am Stettiner Haff","description":"","potentialAction":[{"@type":"SearchAction","target":{"@type":"EntryPoint","urlTemplate":"https:\/\/www.naturparkmagazin.de\/am-stettiner-haff\/?s={search_term_string}"},"query-input":"required name=search_term_string"}],"inLanguage":"de"},{"@type":"Person","@id":"https:\/\/www.naturparkmagazin.de\/am-stettiner-haff\/#\/schema\/person\/4a7208080dbbfb024d81129b7960c725","name":"Jochen Elberskirch","sameAs":["http:\/\/www.naturpark-am-stettiner-haff.de"],"url":"https:\/\/www.naturparkmagazin.de\/am-stettiner-haff\/author\/jochenelberskirch\/"}]}},"_links":{"self":[{"href":"https:\/\/www.naturparkmagazin.de\/am-stettiner-haff\/wp-json\/wp\/v2\/posts\/3054"}],"collection":[{"href":"https:\/\/www.naturparkmagazin.de\/am-stettiner-haff\/wp-json\/wp\/v2\/posts"}],"about":[{"href":"https:\/\/www.naturparkmagazin.de\/am-stettiner-haff\/wp-json\/wp\/v2\/types\/post"}],"author":[{"embeddable":true,"href":"https:\/\/www.naturparkmagazin.de\/am-stettiner-haff\/wp-json\/wp\/v2\/users\/26"}],"replies":[{"embeddable":true,"href":"https:\/\/www.naturparkmagazin.de\/am-stettiner-haff\/wp-json\/wp\/v2\/comments?post=3054"}],"version-history":[{"count":7,"href":"https:\/\/www.naturparkmagazin.de\/am-stettiner-haff\/wp-json\/wp\/v2\/posts\/3054\/revisions"}],"predecessor-version":[{"id":3070,"href":"https:\/\/www.naturparkmagazin.de\/am-stettiner-haff\/wp-json\/wp\/v2\/posts\/3054\/revisions\/3070"}],"wp:attachment":[{"href":"https:\/\/www.naturparkmagazin.de\/am-stettiner-haff\/wp-json\/wp\/v2\/media?parent=3054"}],"wp:term":[{"taxonomy":"category","embeddable":true,"href":"https:\/\/www.naturparkmagazin.de\/am-stettiner-haff\/wp-json\/wp\/v2\/categories?post=3054"},{"taxonomy":"post_tag","embeddable":true,"href":"https:\/\/www.naturparkmagazin.de\/am-stettiner-haff\/wp-json\/wp\/v2\/tags?post=3054"}],"curies":[{"name":"wp","href":"https:\/\/api.w.org\/{rel}","templated":true}]}}