{"id":3073,"date":"2021-01-15T14:07:31","date_gmt":"2021-01-15T13:07:31","guid":{"rendered":"https:\/\/www.naturparkmagazin.de\/am-stettiner-haff\/?p=3073"},"modified":"2021-01-26T15:52:06","modified_gmt":"2021-01-26T14:52:06","slug":"buchprojekt-zum-riether-werder","status":"publish","type":"post","link":"https:\/\/www.naturparkmagazin.de\/am-stettiner-haff\/buchprojekt-zum-riether-werder\/","title":{"rendered":"Buchprojekt zum Riether Werder"},"content":{"rendered":"<p><span style=\"color: #000000; font-family: Calibri;\"><span style=\"color: #000000; font-family: Calibri;\"><span style=\"color: #000000; font-family: Calibri;\"><a href=\"https:\/\/www.naturparkmagazin.de\/am-stettiner-haff\/wp-content\/uploads\/sites\/29\/Header3.jpg\"><img decoding=\"async\" loading=\"lazy\" class=\"aligncenter size-medium wp-image-655\" src=\"https:\/\/www.naturparkmagazin.de\/am-stettiner-haff\/wp-content\/uploads\/sites\/29\/Header3-620x231.jpg\" alt=\"Header\" width=\"620\" height=\"231\" srcset=\"https:\/\/www.naturparkmagazin.de\/am-stettiner-haff\/wp-content\/uploads\/sites\/29\/Header3-620x231.jpg 620w, https:\/\/www.naturparkmagazin.de\/am-stettiner-haff\/wp-content\/uploads\/sites\/29\/Header3-300x112.jpg 300w, https:\/\/www.naturparkmagazin.de\/am-stettiner-haff\/wp-content\/uploads\/sites\/29\/Header3.jpg 670w, https:\/\/www.naturparkmagazin.de\/am-stettiner-haff\/wp-content\/uploads\/sites\/29\/Header3-200x75.jpg 200w\" sizes=\"(max-width: 620px) 100vw, 620px\" \/><\/a>Deutschlands \u00f6stlichste Vogelschutzinsel beherbergt neben den vielen Brutv\u00f6geln auch eine \u00fcberaus reiche Flora und Fauna.<\/span><\/span><\/span><\/p>\n<p><span style=\"color: #000000; font-family: Calibri;\">Der ehrenamtliche Betreuer der Insel, Frank Joisten hat es wie kein anderer geschafft, zahlreiche Experten f\u00fcr die Flora und Faune der Insel zu begeistern. Gerne folgten sie seiner Einladung um die Insel kennenzulernen und zu erforschen. Herausgekommen ist eine beeindruckende allumfassende Sammlung von Forschungsberichten nahezu aller auf der Insel beheimateten Tier- und Pflanzenarten. <\/span><\/p>\n<p><span style=\"color: #000000; font-family: Calibri;\">Um diese Sammlung gemeinsam mit einem historischen Abriss der Insel der \u00d6ffentlichkeit zug\u00e4nglich zumachen, entstand die Idee eine Monografie zur nord\u00f6stlichsten Vogelschutzinsel dem Riether Werder zu ver\u00f6ffentlichen. So machte sich Frank Joisten auf den Weg, um Unterst\u00fctzer und Mitstreiter zu finden, die Ihm bei der Verwirklichung der Idee zur Seite stehen. Diese fand er nicht zu Letzt beim Naturpark und seinem F\u00f6rderverein \u201eNatur und Leben am Stettiner Haff\u201c. Gemeinsam gelang es die erforderliche Finanzierung f\u00fcr das Buchprojekt zu organisieren. Dank der finanziellen Unterst\u00fctzung durch die Remondis Vorpommern Greifswald GmbH, der Ornithologischen Arbeitsgemeinschaft Mecklenburg-Vorpommern, dem Naturparkf\u00f6rderverein und dem Naturpark selbst sowie der finanziellen Zuwendung aus dem Vorpommern-Fonds konnte der Auftrag zum Layout und Druck der Monografie an ein regionales Medienunternehmen erteilt werden.<\/span><\/p>\n<p><span style=\"color: #000000; font-family: Calibri;\">Inzwischen sind Grafiker und Lektoren der Steffen Media GmbH, Friedland eifrig damit besch\u00e4ftigt aus den Rohdaten ein Buch zu formen.<\/span><\/p>\n<p><span style=\"color: #000000; font-family: Calibri;\">Dieser Prozess wird sicher noch etwas dauern, aber sobald die Monografie gedruckt ist, werden wir an dieser Stelle davon berichten. Also bleiben Sie neugierig &#8211; ich verspreche, Fortsetzung folgt!<\/span><\/p>\n<p><span style=\"color: #000000; font-family: Arial;\">\u00a0<\/span><\/p>\n<p>&nbsp;<\/p>\n","protected":false},"excerpt":{"rendered":"<p>Deutschlands \u00f6stlichste Vogelschutzinsel beherbergt neben den vielen Brutv\u00f6geln auch eine \u00fcberaus reiche Flora und Fauna.<\/p>\n","protected":false},"author":26,"featured_media":2043,"comment_status":"open","ping_status":"open","sticky":false,"template":"","format":"standard","meta":[],"categories":[7],"tags":[],"yoast_head":"<!-- This site is optimized with the Yoast SEO plugin v19.10 - https:\/\/yoast.com\/wordpress\/plugins\/seo\/ -->\n<title>Buchprojekt zum Riether Werder - Naturpark Am Stettiner Haff<\/title>\n<meta name=\"robots\" content=\"index, follow, max-snippet:-1, max-image-preview:large, max-video-preview:-1\" \/>\n<link rel=\"canonical\" href=\"https:\/\/www.naturparkmagazin.de\/am-stettiner-haff\/buchprojekt-zum-riether-werder\/\" \/>\n<meta property=\"og:locale\" content=\"de_DE\" \/>\n<meta property=\"og:type\" content=\"article\" \/>\n<meta property=\"og:title\" content=\"Buchprojekt zum Riether Werder - Naturpark Am Stettiner Haff\" \/>\n<meta property=\"og:description\" content=\"Deutschlands \u00f6stlichste Vogelschutzinsel beherbergt neben den vielen Brutv\u00f6geln auch eine \u00fcberaus reiche Flora und Fauna.\" \/>\n<meta property=\"og:url\" content=\"https:\/\/www.naturparkmagazin.de\/am-stettiner-haff\/buchprojekt-zum-riether-werder\/\" \/>\n<meta property=\"og:site_name\" content=\"Naturpark Am Stettiner Haff\" \/>\n<meta property=\"article:published_time\" content=\"2021-01-15T13:07:31+00:00\" \/>\n<meta property=\"article:modified_time\" content=\"2021-01-26T14:52:06+00:00\" \/>\n<meta property=\"og:image\" content=\"https:\/\/www.naturparkmagazin.de\/am-stettiner-haff\/wp-content\/uploads\/sites\/29\/Geb\ufffdude.jpg\" \/>\n\t<meta property=\"og:image:width\" content=\"1024\" \/>\n\t<meta property=\"og:image:height\" content=\"768\" \/>\n\t<meta property=\"og:image:type\" content=\"image\/jpeg\" \/>\n<meta name=\"author\" content=\"Jochen Elberskirch\" \/>\n<meta name=\"twitter:label1\" content=\"Verfasst von\" \/>\n\t<meta name=\"twitter:data1\" content=\"Jochen Elberskirch\" \/>\n\t<meta name=\"twitter:label2\" content=\"Gesch\u00e4tzte Lesezeit\" \/>\n\t<meta name=\"twitter:data2\" content=\"1\u00a0Minute\" \/>\n<script type=\"application\/ld+json\" class=\"yoast-schema-graph\">{\"@context\":\"https:\/\/schema.org\",\"@graph\":[{\"@type\":\"WebPage\",\"@id\":\"https:\/\/www.naturparkmagazin.de\/am-stettiner-haff\/buchprojekt-zum-riether-werder\/\",\"url\":\"https:\/\/www.naturparkmagazin.de\/am-stettiner-haff\/buchprojekt-zum-riether-werder\/\",\"name\":\"Buchprojekt zum Riether Werder - Naturpark Am Stettiner Haff\",\"isPartOf\":{\"@id\":\"https:\/\/www.naturparkmagazin.de\/am-stettiner-haff\/#website\"},\"datePublished\":\"2021-01-15T13:07:31+00:00\",\"dateModified\":\"2021-01-26T14:52:06+00:00\",\"author\":{\"@id\":\"https:\/\/www.naturparkmagazin.de\/am-stettiner-haff\/#\/schema\/person\/4a7208080dbbfb024d81129b7960c725\"},\"breadcrumb\":{\"@id\":\"https:\/\/www.naturparkmagazin.de\/am-stettiner-haff\/buchprojekt-zum-riether-werder\/#breadcrumb\"},\"inLanguage\":\"de\",\"potentialAction\":[{\"@type\":\"ReadAction\",\"target\":[\"https:\/\/www.naturparkmagazin.de\/am-stettiner-haff\/buchprojekt-zum-riether-werder\/\"]}]},{\"@type\":\"BreadcrumbList\",\"@id\":\"https:\/\/www.naturparkmagazin.de\/am-stettiner-haff\/buchprojekt-zum-riether-werder\/#breadcrumb\",\"itemListElement\":[{\"@type\":\"ListItem\",\"position\":1,\"name\":\"Home\",\"item\":\"https:\/\/www.naturparkmagazin.de\/am-stettiner-haff\/\"},{\"@type\":\"ListItem\",\"position\":2,\"name\":\"Buchprojekt zum Riether Werder\"}]},{\"@type\":\"WebSite\",\"@id\":\"https:\/\/www.naturparkmagazin.de\/am-stettiner-haff\/#website\",\"url\":\"https:\/\/www.naturparkmagazin.de\/am-stettiner-haff\/\",\"name\":\"Naturpark Am Stettiner Haff\",\"description\":\"\",\"potentialAction\":[{\"@type\":\"SearchAction\",\"target\":{\"@type\":\"EntryPoint\",\"urlTemplate\":\"https:\/\/www.naturparkmagazin.de\/am-stettiner-haff\/?s={search_term_string}\"},\"query-input\":\"required name=search_term_string\"}],\"inLanguage\":\"de\"},{\"@type\":\"Person\",\"@id\":\"https:\/\/www.naturparkmagazin.de\/am-stettiner-haff\/#\/schema\/person\/4a7208080dbbfb024d81129b7960c725\",\"name\":\"Jochen Elberskirch\",\"sameAs\":[\"http:\/\/www.naturpark-am-stettiner-haff.de\"],\"url\":\"https:\/\/www.naturparkmagazin.de\/am-stettiner-haff\/author\/jochenelberskirch\/\"}]}<\/script>\n<!-- \/ Yoast SEO plugin. -->","yoast_head_json":{"title":"Buchprojekt zum Riether Werder - Naturpark Am Stettiner Haff","robots":{"index":"index","follow":"follow","max-snippet":"max-snippet:-1","max-image-preview":"max-image-preview:large","max-video-preview":"max-video-preview:-1"},"canonical":"https:\/\/www.naturparkmagazin.de\/am-stettiner-haff\/buchprojekt-zum-riether-werder\/","og_locale":"de_DE","og_type":"article","og_title":"Buchprojekt zum Riether Werder - Naturpark Am Stettiner Haff","og_description":"Deutschlands \u00f6stlichste Vogelschutzinsel beherbergt neben den vielen Brutv\u00f6geln auch eine \u00fcberaus reiche Flora und Fauna.","og_url":"https:\/\/www.naturparkmagazin.de\/am-stettiner-haff\/buchprojekt-zum-riether-werder\/","og_site_name":"Naturpark Am Stettiner Haff","article_published_time":"2021-01-15T13:07:31+00:00","article_modified_time":"2021-01-26T14:52:06+00:00","og_image":[{"width":1024,"height":768,"url":"https:\/\/www.naturparkmagazin.de\/am-stettiner-haff\/wp-content\/uploads\/sites\/29\/Geb\ufffdude.jpg","type":"image\/jpeg"}],"author":"Jochen Elberskirch","twitter_misc":{"Verfasst von":"Jochen Elberskirch","Gesch\u00e4tzte Lesezeit":"1\u00a0Minute"},"schema":{"@context":"https:\/\/schema.org","@graph":[{"@type":"WebPage","@id":"https:\/\/www.naturparkmagazin.de\/am-stettiner-haff\/buchprojekt-zum-riether-werder\/","url":"https:\/\/www.naturparkmagazin.de\/am-stettiner-haff\/buchprojekt-zum-riether-werder\/","name":"Buchprojekt zum Riether Werder - Naturpark Am Stettiner Haff","isPartOf":{"@id":"https:\/\/www.naturparkmagazin.de\/am-stettiner-haff\/#website"},"datePublished":"2021-01-15T13:07:31+00:00","dateModified":"2021-01-26T14:52:06+00:00","author":{"@id":"https:\/\/www.naturparkmagazin.de\/am-stettiner-haff\/#\/schema\/person\/4a7208080dbbfb024d81129b7960c725"},"breadcrumb":{"@id":"https:\/\/www.naturparkmagazin.de\/am-stettiner-haff\/buchprojekt-zum-riether-werder\/#breadcrumb"},"inLanguage":"de","potentialAction":[{"@type":"ReadAction","target":["https:\/\/www.naturparkmagazin.de\/am-stettiner-haff\/buchprojekt-zum-riether-werder\/"]}]},{"@type":"BreadcrumbList","@id":"https:\/\/www.naturparkmagazin.de\/am-stettiner-haff\/buchprojekt-zum-riether-werder\/#breadcrumb","itemListElement":[{"@type":"ListItem","position":1,"name":"Home","item":"https:\/\/www.naturparkmagazin.de\/am-stettiner-haff\/"},{"@type":"ListItem","position":2,"name":"Buchprojekt zum Riether Werder"}]},{"@type":"WebSite","@id":"https:\/\/www.naturparkmagazin.de\/am-stettiner-haff\/#website","url":"https:\/\/www.naturparkmagazin.de\/am-stettiner-haff\/","name":"Naturpark Am Stettiner Haff","description":"","potentialAction":[{"@type":"SearchAction","target":{"@type":"EntryPoint","urlTemplate":"https:\/\/www.naturparkmagazin.de\/am-stettiner-haff\/?s={search_term_string}"},"query-input":"required name=search_term_string"}],"inLanguage":"de"},{"@type":"Person","@id":"https:\/\/www.naturparkmagazin.de\/am-stettiner-haff\/#\/schema\/person\/4a7208080dbbfb024d81129b7960c725","name":"Jochen Elberskirch","sameAs":["http:\/\/www.naturpark-am-stettiner-haff.de"],"url":"https:\/\/www.naturparkmagazin.de\/am-stettiner-haff\/author\/jochenelberskirch\/"}]}},"_links":{"self":[{"href":"https:\/\/www.naturparkmagazin.de\/am-stettiner-haff\/wp-json\/wp\/v2\/posts\/3073"}],"collection":[{"href":"https:\/\/www.naturparkmagazin.de\/am-stettiner-haff\/wp-json\/wp\/v2\/posts"}],"about":[{"href":"https:\/\/www.naturparkmagazin.de\/am-stettiner-haff\/wp-json\/wp\/v2\/types\/post"}],"author":[{"embeddable":true,"href":"https:\/\/www.naturparkmagazin.de\/am-stettiner-haff\/wp-json\/wp\/v2\/users\/26"}],"replies":[{"embeddable":true,"href":"https:\/\/www.naturparkmagazin.de\/am-stettiner-haff\/wp-json\/wp\/v2\/comments?post=3073"}],"version-history":[{"count":2,"href":"https:\/\/www.naturparkmagazin.de\/am-stettiner-haff\/wp-json\/wp\/v2\/posts\/3073\/revisions"}],"predecessor-version":[{"id":3084,"href":"https:\/\/www.naturparkmagazin.de\/am-stettiner-haff\/wp-json\/wp\/v2\/posts\/3073\/revisions\/3084"}],"wp:featuredmedia":[{"embeddable":true,"href":"https:\/\/www.naturparkmagazin.de\/am-stettiner-haff\/wp-json\/wp\/v2\/media\/2043"}],"wp:attachment":[{"href":"https:\/\/www.naturparkmagazin.de\/am-stettiner-haff\/wp-json\/wp\/v2\/media?parent=3073"}],"wp:term":[{"taxonomy":"category","embeddable":true,"href":"https:\/\/www.naturparkmagazin.de\/am-stettiner-haff\/wp-json\/wp\/v2\/categories?post=3073"},{"taxonomy":"post_tag","embeddable":true,"href":"https:\/\/www.naturparkmagazin.de\/am-stettiner-haff\/wp-json\/wp\/v2\/tags?post=3073"}],"curies":[{"name":"wp","href":"https:\/\/api.w.org\/{rel}","templated":true}]}}