{"id":3143,"date":"2021-06-15T16:32:15","date_gmt":"2021-06-15T14:32:15","guid":{"rendered":"https:\/\/www.naturparkmagazin.de\/am-stettiner-haff\/?p=3143"},"modified":"2025-07-10T13:08:35","modified_gmt":"2025-07-10T11:08:35","slug":"immer-wieder-dienstags-ueber-und-durch-die-altwarper-wueste","status":"publish","type":"post","link":"https:\/\/www.naturparkmagazin.de\/am-stettiner-haff\/immer-wieder-dienstags-ueber-und-durch-die-altwarper-wueste\/","title":{"rendered":"Immer wieder dienstags: \u00dcber und durch die Altwarper &#8222;W\u00fcste&#8220;"},"content":{"rendered":"<div id=\"attachment_1374\" style=\"width: 510px\" class=\"wp-caption aligncenter\"><a href=\"https:\/\/www.naturparkmagazin.de\/am-stettiner-haff\/wp-content\/uploads\/sites\/29\/Binnend\u00fcne_beitrag.jpg\"><img aria-describedby=\"caption-attachment-1374\" decoding=\"async\" loading=\"lazy\" class=\"size-full wp-image-1374\" src=\"https:\/\/www.naturparkmagazin.de\/am-stettiner-haff\/wp-content\/uploads\/sites\/29\/Binnend\u00fcne_beitrag.jpg\" alt=\"Altwarper Binnd\u00fcne - Copyright: Naturpark Am Stettiner Haff\" width=\"500\" height=\"300\" srcset=\"https:\/\/www.naturparkmagazin.de\/am-stettiner-haff\/wp-content\/uploads\/sites\/29\/Binnend\u00fcne_beitrag.jpg 500w, https:\/\/www.naturparkmagazin.de\/am-stettiner-haff\/wp-content\/uploads\/sites\/29\/Binnend\u00fcne_beitrag-300x180.jpg 300w, https:\/\/www.naturparkmagazin.de\/am-stettiner-haff\/wp-content\/uploads\/sites\/29\/Binnend\u00fcne_beitrag-200x120.jpg 200w\" sizes=\"(max-width: 500px) 100vw, 500px\" \/><\/a><p id=\"caption-attachment-1374\" class=\"wp-caption-text\">Altwarper Binnd\u00fcne &#8211; Copyright: Naturpark Am Stettiner Haff<\/p><\/div>\n<p align=\"LEFT\">W\u00e4lder, Moore und W\u00fcsten ?<\/p>\n<p align=\"LEFT\">Liebe Urlauber, dass Sie in einer sehr abwechslungsreichen Region zu Gast sind ist Ihnen mit Sicherheit schon aufgefallen. Hier im Naturpark finden Sie die unterschiedlichsten Lebensr\u00e4ume ganz dicht beieinander.<\/p>\n<p align=\"LEFT\">Aber wussten Sie auch, dass es hier sogar W\u00fcsten gibt?<\/p>\n<p align=\"LEFT\">\u2013 Nein, na dann lassen Sie sich doch einmal von einem der Naturpark-Ranger in unsere W\u00fcstenwelt entf\u00fchren. Jeden Dienstag (von Mitte Mai bis Mitte September) k\u00f6nnen Sie die Weiten der Altwarper W\u00fcsten-(Binnend\u00fcnen-)landschaft kennen lernen. Auch wenn es sich zugebener Ma\u00dfe nicht wirkliche um W\u00fcsten handelt, herrschen hier mitunter w\u00fcsten\u00e4hnliche Verh\u00e4ltnisse. So kann sich die D\u00fcnenoberfl\u00e4che an einem sonnigen Sommertag auf mehr als 50\u00b0C erw\u00e4rmen. Dennoch gibt es Leben auf und in den Binnend\u00fcnen. Welche Tier- und Pflanzenarten sich auf diesen Lebensraum spezialisiert haben und vor allem wie die D\u00fcnen in die Landschaft gekommen sind erfahren sie auf einem kurzweiligen Spaziergang mit fachkundiger Begleitung, au\u00dferdem erhalten Sie\u00a0fantastische Ein- und Ausblicke in die Landschaft &#8211; probieren Sie es einfach mal aus:<\/p>\n<p align=\"LEFT\">&#8222;\u00dcber und durch die Altwarper W\u00fcsten&#8220; immer Dienstags 10:00Uhr &#8211; Treffpunkt an der Touristeninformation im Hafen Altwarp<\/p>\n<p align=\"LEFT\">\u00a0Auf Grund der aktuellen Beschr\u00e4nkung der Teilnehmerzahl ist eine Anmeldung von Vorteil. (Anmeldung unter 039779 \u2013 296810, oder 039771 -28484)<\/p>\n<p align=\"LEFT\">Wir freuen uns auf Sie!<\/p>\n<p>&nbsp;<\/p>\n","protected":false},"excerpt":{"rendered":"<p>W\u00e4lder, Moore und W\u00fcsten ? Liebe Urlauber, dass Sie in einer sehr abwechslungsreichen Region zu Gast sind ist Ihnen mit Sicherheit schon aufgefallen. Hier im Naturpark finden Sie die unterschiedlichsten Lebensr\u00e4ume ganz dicht beieinander. Aber wussten Sie auch, dass es hier sogar W\u00fcsten gibt? \u2013 Nein, na dann lassen Sie sich doch einmal von einem<\/p>\n","protected":false},"author":26,"featured_media":1370,"comment_status":"open","ping_status":"open","sticky":false,"template":"","format":"standard","meta":[],"categories":[11],"tags":[],"yoast_head":"<!-- This site is optimized with the Yoast SEO plugin v19.10 - https:\/\/yoast.com\/wordpress\/plugins\/seo\/ -->\n<title>Immer wieder dienstags: \u00dcber und durch die Altwarper &quot;W\u00fcste&quot; - Naturpark Am Stettiner Haff<\/title>\n<meta name=\"robots\" content=\"index, follow, max-snippet:-1, max-image-preview:large, max-video-preview:-1\" \/>\n<link rel=\"canonical\" href=\"https:\/\/www.naturparkmagazin.de\/am-stettiner-haff\/immer-wieder-dienstags-ueber-und-durch-die-altwarper-wueste\/\" \/>\n<meta property=\"og:locale\" content=\"de_DE\" \/>\n<meta property=\"og:type\" content=\"article\" \/>\n<meta property=\"og:title\" content=\"Immer wieder dienstags: \u00dcber und durch die Altwarper &quot;W\u00fcste&quot; - Naturpark Am Stettiner Haff\" \/>\n<meta property=\"og:description\" content=\"W\u00e4lder, Moore und W\u00fcsten ? Liebe Urlauber, dass Sie in einer sehr abwechslungsreichen Region zu Gast sind ist Ihnen mit Sicherheit schon aufgefallen. Hier im Naturpark finden Sie die unterschiedlichsten Lebensr\u00e4ume ganz dicht beieinander. Aber wussten Sie auch, dass es hier sogar W\u00fcsten gibt? \u2013 Nein, na dann lassen Sie sich doch einmal von einem\" \/>\n<meta property=\"og:url\" content=\"https:\/\/www.naturparkmagazin.de\/am-stettiner-haff\/immer-wieder-dienstags-ueber-und-durch-die-altwarper-wueste\/\" \/>\n<meta property=\"og:site_name\" content=\"Naturpark Am Stettiner Haff\" \/>\n<meta property=\"article:published_time\" content=\"2021-06-15T14:32:15+00:00\" \/>\n<meta property=\"article:modified_time\" content=\"2025-07-10T11:08:35+00:00\" \/>\n<meta property=\"og:image\" content=\"https:\/\/www.naturparkmagazin.de\/am-stettiner-haff\/wp-content\/uploads\/sites\/29\/Naturpark-Stettiner-Haff-8.jpg\" \/>\n\t<meta property=\"og:image:width\" content=\"1814\" \/>\n\t<meta property=\"og:image:height\" content=\"1361\" \/>\n\t<meta property=\"og:image:type\" content=\"image\/jpeg\" \/>\n<meta name=\"author\" content=\"Jochen Elberskirch\" \/>\n<meta name=\"twitter:label1\" content=\"Verfasst von\" \/>\n\t<meta name=\"twitter:data1\" content=\"Jochen Elberskirch\" \/>\n\t<meta name=\"twitter:label2\" content=\"Gesch\u00e4tzte Lesezeit\" \/>\n\t<meta name=\"twitter:data2\" content=\"2\u00a0Minuten\" \/>\n<script type=\"application\/ld+json\" class=\"yoast-schema-graph\">{\"@context\":\"https:\/\/schema.org\",\"@graph\":[{\"@type\":\"WebPage\",\"@id\":\"https:\/\/www.naturparkmagazin.de\/am-stettiner-haff\/immer-wieder-dienstags-ueber-und-durch-die-altwarper-wueste\/\",\"url\":\"https:\/\/www.naturparkmagazin.de\/am-stettiner-haff\/immer-wieder-dienstags-ueber-und-durch-die-altwarper-wueste\/\",\"name\":\"Immer wieder dienstags: \u00dcber und durch die Altwarper \\\"W\u00fcste\\\" - Naturpark Am Stettiner Haff\",\"isPartOf\":{\"@id\":\"https:\/\/www.naturparkmagazin.de\/am-stettiner-haff\/#website\"},\"datePublished\":\"2021-06-15T14:32:15+00:00\",\"dateModified\":\"2025-07-10T11:08:35+00:00\",\"author\":{\"@id\":\"https:\/\/www.naturparkmagazin.de\/am-stettiner-haff\/#\/schema\/person\/4a7208080dbbfb024d81129b7960c725\"},\"breadcrumb\":{\"@id\":\"https:\/\/www.naturparkmagazin.de\/am-stettiner-haff\/immer-wieder-dienstags-ueber-und-durch-die-altwarper-wueste\/#breadcrumb\"},\"inLanguage\":\"de\",\"potentialAction\":[{\"@type\":\"ReadAction\",\"target\":[\"https:\/\/www.naturparkmagazin.de\/am-stettiner-haff\/immer-wieder-dienstags-ueber-und-durch-die-altwarper-wueste\/\"]}]},{\"@type\":\"BreadcrumbList\",\"@id\":\"https:\/\/www.naturparkmagazin.de\/am-stettiner-haff\/immer-wieder-dienstags-ueber-und-durch-die-altwarper-wueste\/#breadcrumb\",\"itemListElement\":[{\"@type\":\"ListItem\",\"position\":1,\"name\":\"Home\",\"item\":\"https:\/\/www.naturparkmagazin.de\/am-stettiner-haff\/\"},{\"@type\":\"ListItem\",\"position\":2,\"name\":\"Immer wieder dienstags: \u00dcber und durch die Altwarper &#8222;W\u00fcste&#8220;\"}]},{\"@type\":\"WebSite\",\"@id\":\"https:\/\/www.naturparkmagazin.de\/am-stettiner-haff\/#website\",\"url\":\"https:\/\/www.naturparkmagazin.de\/am-stettiner-haff\/\",\"name\":\"Naturpark Am Stettiner Haff\",\"description\":\"\",\"potentialAction\":[{\"@type\":\"SearchAction\",\"target\":{\"@type\":\"EntryPoint\",\"urlTemplate\":\"https:\/\/www.naturparkmagazin.de\/am-stettiner-haff\/?s={search_term_string}\"},\"query-input\":\"required name=search_term_string\"}],\"inLanguage\":\"de\"},{\"@type\":\"Person\",\"@id\":\"https:\/\/www.naturparkmagazin.de\/am-stettiner-haff\/#\/schema\/person\/4a7208080dbbfb024d81129b7960c725\",\"name\":\"Jochen Elberskirch\",\"sameAs\":[\"http:\/\/www.naturpark-am-stettiner-haff.de\"],\"url\":\"https:\/\/www.naturparkmagazin.de\/am-stettiner-haff\/author\/jochenelberskirch\/\"}]}<\/script>\n<!-- \/ Yoast SEO plugin. -->","yoast_head_json":{"title":"Immer wieder dienstags: \u00dcber und durch die Altwarper \"W\u00fcste\" - Naturpark Am Stettiner Haff","robots":{"index":"index","follow":"follow","max-snippet":"max-snippet:-1","max-image-preview":"max-image-preview:large","max-video-preview":"max-video-preview:-1"},"canonical":"https:\/\/www.naturparkmagazin.de\/am-stettiner-haff\/immer-wieder-dienstags-ueber-und-durch-die-altwarper-wueste\/","og_locale":"de_DE","og_type":"article","og_title":"Immer wieder dienstags: \u00dcber und durch die Altwarper \"W\u00fcste\" - Naturpark Am Stettiner Haff","og_description":"W\u00e4lder, Moore und W\u00fcsten ? Liebe Urlauber, dass Sie in einer sehr abwechslungsreichen Region zu Gast sind ist Ihnen mit Sicherheit schon aufgefallen. Hier im Naturpark finden Sie die unterschiedlichsten Lebensr\u00e4ume ganz dicht beieinander. Aber wussten Sie auch, dass es hier sogar W\u00fcsten gibt? \u2013 Nein, na dann lassen Sie sich doch einmal von einem","og_url":"https:\/\/www.naturparkmagazin.de\/am-stettiner-haff\/immer-wieder-dienstags-ueber-und-durch-die-altwarper-wueste\/","og_site_name":"Naturpark Am Stettiner Haff","article_published_time":"2021-06-15T14:32:15+00:00","article_modified_time":"2025-07-10T11:08:35+00:00","og_image":[{"width":1814,"height":1361,"url":"https:\/\/www.naturparkmagazin.de\/am-stettiner-haff\/wp-content\/uploads\/sites\/29\/Naturpark-Stettiner-Haff-8.jpg","type":"image\/jpeg"}],"author":"Jochen Elberskirch","twitter_misc":{"Verfasst von":"Jochen Elberskirch","Gesch\u00e4tzte Lesezeit":"2\u00a0Minuten"},"schema":{"@context":"https:\/\/schema.org","@graph":[{"@type":"WebPage","@id":"https:\/\/www.naturparkmagazin.de\/am-stettiner-haff\/immer-wieder-dienstags-ueber-und-durch-die-altwarper-wueste\/","url":"https:\/\/www.naturparkmagazin.de\/am-stettiner-haff\/immer-wieder-dienstags-ueber-und-durch-die-altwarper-wueste\/","name":"Immer wieder dienstags: \u00dcber und durch die Altwarper \"W\u00fcste\" - Naturpark Am Stettiner Haff","isPartOf":{"@id":"https:\/\/www.naturparkmagazin.de\/am-stettiner-haff\/#website"},"datePublished":"2021-06-15T14:32:15+00:00","dateModified":"2025-07-10T11:08:35+00:00","author":{"@id":"https:\/\/www.naturparkmagazin.de\/am-stettiner-haff\/#\/schema\/person\/4a7208080dbbfb024d81129b7960c725"},"breadcrumb":{"@id":"https:\/\/www.naturparkmagazin.de\/am-stettiner-haff\/immer-wieder-dienstags-ueber-und-durch-die-altwarper-wueste\/#breadcrumb"},"inLanguage":"de","potentialAction":[{"@type":"ReadAction","target":["https:\/\/www.naturparkmagazin.de\/am-stettiner-haff\/immer-wieder-dienstags-ueber-und-durch-die-altwarper-wueste\/"]}]},{"@type":"BreadcrumbList","@id":"https:\/\/www.naturparkmagazin.de\/am-stettiner-haff\/immer-wieder-dienstags-ueber-und-durch-die-altwarper-wueste\/#breadcrumb","itemListElement":[{"@type":"ListItem","position":1,"name":"Home","item":"https:\/\/www.naturparkmagazin.de\/am-stettiner-haff\/"},{"@type":"ListItem","position":2,"name":"Immer wieder dienstags: \u00dcber und durch die Altwarper &#8222;W\u00fcste&#8220;"}]},{"@type":"WebSite","@id":"https:\/\/www.naturparkmagazin.de\/am-stettiner-haff\/#website","url":"https:\/\/www.naturparkmagazin.de\/am-stettiner-haff\/","name":"Naturpark Am Stettiner Haff","description":"","potentialAction":[{"@type":"SearchAction","target":{"@type":"EntryPoint","urlTemplate":"https:\/\/www.naturparkmagazin.de\/am-stettiner-haff\/?s={search_term_string}"},"query-input":"required name=search_term_string"}],"inLanguage":"de"},{"@type":"Person","@id":"https:\/\/www.naturparkmagazin.de\/am-stettiner-haff\/#\/schema\/person\/4a7208080dbbfb024d81129b7960c725","name":"Jochen Elberskirch","sameAs":["http:\/\/www.naturpark-am-stettiner-haff.de"],"url":"https:\/\/www.naturparkmagazin.de\/am-stettiner-haff\/author\/jochenelberskirch\/"}]}},"_links":{"self":[{"href":"https:\/\/www.naturparkmagazin.de\/am-stettiner-haff\/wp-json\/wp\/v2\/posts\/3143"}],"collection":[{"href":"https:\/\/www.naturparkmagazin.de\/am-stettiner-haff\/wp-json\/wp\/v2\/posts"}],"about":[{"href":"https:\/\/www.naturparkmagazin.de\/am-stettiner-haff\/wp-json\/wp\/v2\/types\/post"}],"author":[{"embeddable":true,"href":"https:\/\/www.naturparkmagazin.de\/am-stettiner-haff\/wp-json\/wp\/v2\/users\/26"}],"replies":[{"embeddable":true,"href":"https:\/\/www.naturparkmagazin.de\/am-stettiner-haff\/wp-json\/wp\/v2\/comments?post=3143"}],"version-history":[{"count":3,"href":"https:\/\/www.naturparkmagazin.de\/am-stettiner-haff\/wp-json\/wp\/v2\/posts\/3143\/revisions"}],"predecessor-version":[{"id":3146,"href":"https:\/\/www.naturparkmagazin.de\/am-stettiner-haff\/wp-json\/wp\/v2\/posts\/3143\/revisions\/3146"}],"wp:featuredmedia":[{"embeddable":true,"href":"https:\/\/www.naturparkmagazin.de\/am-stettiner-haff\/wp-json\/wp\/v2\/media\/1370"}],"wp:attachment":[{"href":"https:\/\/www.naturparkmagazin.de\/am-stettiner-haff\/wp-json\/wp\/v2\/media?parent=3143"}],"wp:term":[{"taxonomy":"category","embeddable":true,"href":"https:\/\/www.naturparkmagazin.de\/am-stettiner-haff\/wp-json\/wp\/v2\/categories?post=3143"},{"taxonomy":"post_tag","embeddable":true,"href":"https:\/\/www.naturparkmagazin.de\/am-stettiner-haff\/wp-json\/wp\/v2\/tags?post=3143"}],"curies":[{"name":"wp","href":"https:\/\/api.w.org\/{rel}","templated":true}]}}