{"id":3160,"date":"2021-07-20T11:37:59","date_gmt":"2021-07-20T09:37:59","guid":{"rendered":"https:\/\/www.naturparkmagazin.de\/am-stettiner-haff\/?p=3160"},"modified":"2021-07-20T14:52:49","modified_gmt":"2021-07-20T12:52:49","slug":"verbreitungsatlas-der-spinnen-mecklenburg-vorpommerns-erschienen","status":"publish","type":"post","link":"https:\/\/www.naturparkmagazin.de\/am-stettiner-haff\/verbreitungsatlas-der-spinnen-mecklenburg-vorpommerns-erschienen\/","title":{"rendered":"Verbreitungsatlas der Spinnen Mecklenburg-Vorpommerns erschienen"},"content":{"rendered":"<div id=\"attachment_3158\" style=\"width: 630px\" class=\"wp-caption aligncenter\"><a href=\"https:\/\/www.naturparkmagazin.de\/am-stettiner-haff\/wp-content\/uploads\/sites\/29\/Spinnenatlanten.jpg\"><img aria-describedby=\"caption-attachment-3158\" decoding=\"async\" loading=\"lazy\" class=\"wp-image-3158 size-medium\" src=\"https:\/\/www.naturparkmagazin.de\/am-stettiner-haff\/wp-content\/uploads\/sites\/29\/Spinnenatlanten-620x445.jpg\" alt=\"Atlas zur Verbreitung und \u00d6kologie der Spinnen (Araneae) Mecklenburg-Vorpommerns\u201c von Dieter Martin (Foto: Naturpark-Archiv)\" width=\"620\" height=\"445\" srcset=\"https:\/\/www.naturparkmagazin.de\/am-stettiner-haff\/wp-content\/uploads\/sites\/29\/Spinnenatlanten-620x445.jpg 620w, https:\/\/www.naturparkmagazin.de\/am-stettiner-haff\/wp-content\/uploads\/sites\/29\/Spinnenatlanten-300x215.jpg 300w, https:\/\/www.naturparkmagazin.de\/am-stettiner-haff\/wp-content\/uploads\/sites\/29\/Spinnenatlanten-940x674.jpg 940w, https:\/\/www.naturparkmagazin.de\/am-stettiner-haff\/wp-content\/uploads\/sites\/29\/Spinnenatlanten-670x481.jpg 670w, https:\/\/www.naturparkmagazin.de\/am-stettiner-haff\/wp-content\/uploads\/sites\/29\/Spinnenatlanten-200x143.jpg 200w, https:\/\/www.naturparkmagazin.de\/am-stettiner-haff\/wp-content\/uploads\/sites\/29\/Spinnenatlanten.jpg 1185w\" sizes=\"(max-width: 620px) 100vw, 620px\" \/><\/a><p id=\"caption-attachment-3158\" class=\"wp-caption-text\">Atlas zur Verbreitung und \u00d6kologie der Spinnen (Araneae) Mecklenburg-Vorpommerns\u201c von Dieter Martin (Foto: Naturpark-Archiv)<\/p><\/div>\n<p>Am 08. Juli 2021 wurde der \u201eAtlas zur Verbreitung und \u00d6kologie der Spinnen Mecklenburg-Vorpommerns\u201c von Dr. sc. Dieter Martin vorgelegt. In dem zweib\u00e4ndigen Werk wurden Daten von mehr als einer Viertel Millionen Spinnen aus rund 50 Jahren arachnologischer Forschung aufgearbeitet. Mit Unterst\u00fctzung der NUE, des NABU Regionalverbandes Parchim und mit Landesmitteln wurde das Werk vom Landesamt f\u00fcr Umwelt, Naturschutz und Geologie MV in der Reihe \u201eBeitr\u00e4ge zur floristischen und faunistischen Erforschung des Landes Mecklenburg-Vorpommern\u201c herausgegeben.<\/p>\n<div id=\"attachment_3168\" style=\"width: 630px\" class=\"wp-caption aligncenter\"><a href=\"https:\/\/www.naturparkmagazin.de\/am-stettiner-haff\/wp-content\/uploads\/sites\/29\/SpinnenatlsaMV_166_klein.jpg\"><img aria-describedby=\"caption-attachment-3168\" decoding=\"async\" loading=\"lazy\" class=\"size-medium wp-image-3168\" src=\"https:\/\/www.naturparkmagazin.de\/am-stettiner-haff\/wp-content\/uploads\/sites\/29\/SpinnenatlsaMV_166_klein-620x413.jpg\" alt=\"Pr\u00e4sentation des Spinnenatlases am Karower Meiler (Foto: Thomas Zenker)\" width=\"620\" height=\"413\" srcset=\"https:\/\/www.naturparkmagazin.de\/am-stettiner-haff\/wp-content\/uploads\/sites\/29\/SpinnenatlsaMV_166_klein-620x413.jpg 620w, https:\/\/www.naturparkmagazin.de\/am-stettiner-haff\/wp-content\/uploads\/sites\/29\/SpinnenatlsaMV_166_klein-300x200.jpg 300w, https:\/\/www.naturparkmagazin.de\/am-stettiner-haff\/wp-content\/uploads\/sites\/29\/SpinnenatlsaMV_166_klein-940x627.jpg 940w, https:\/\/www.naturparkmagazin.de\/am-stettiner-haff\/wp-content\/uploads\/sites\/29\/SpinnenatlsaMV_166_klein-670x447.jpg 670w, https:\/\/www.naturparkmagazin.de\/am-stettiner-haff\/wp-content\/uploads\/sites\/29\/SpinnenatlsaMV_166_klein-200x133.jpg 200w, https:\/\/www.naturparkmagazin.de\/am-stettiner-haff\/wp-content\/uploads\/sites\/29\/SpinnenatlsaMV_166_klein.jpg 1125w\" sizes=\"(max-width: 620px) 100vw, 620px\" \/><\/a><p id=\"caption-attachment-3168\" class=\"wp-caption-text\">Pr\u00e4sentation des Spinnenatlases am Karower Meiler (Foto: Thomas Zenker)<\/p><\/div>\n<p>\u201eDer Verbreitungsatlas von Dr. Martin ist <em>das <\/em>Kompendium auf dem Gebiet der Arachnologie f\u00fcr Mecklenburg-Vorpommern. Auf mehr als 1.100 Seiten werden 615 Spinnenarten detailliert vorgestellt. Erstmals gibt es einen komplexen \u00dcberblick \u00fcber alle im Land vorkommenden Arten, ihre Verbreitung und ihre \u00f6kologischen Anspr\u00fcche\u201c erkl\u00e4rte Ute Hennings, Direktorin des LUNG MV.<\/p>\n<p>An der Datensammlung beteiligten sich neben Dr. Dieter Martin zahlreiche Ehrenamtliche, Fachverst\u00e4ndige, Naturfotografen und die Mitarbeiter aller sieben Naturparke des Landes Mecklenburg-Vorpommern. Auch der Naturpark \u201eAm Stettiner Haff\u201c erfasste gemeinsam mit dem ehrenamtlichen Natursch\u00fctzer Frank Joisten Spinnen. Sie steuerten die meisten Naturparkproben im Lande bei und es gelangen spektakul\u00e4re, z. T. singul\u00e4re Artnachweise. Somit konnte der Naturpark \u201eAm Stettiner Haff\u201c einen bemerkenswerten Beitrag zu diesem Verbreitungsatlas leisten.<\/p>\n<p>Auch nach Fertigstellung des Buches setzen die Naturparkranger und Frank Joisten ihre Spinneninventur im Naturpark fort. Kurz nach der Buchvorstellung in Karow gelang ein weiterer spektakul\u00e4rer Erstnachweis f\u00fcr Mecklenburg-Vorpommern, die Gr\u00fcne Haarkrabbenspinne (<em>Heriaeus graminicola<\/em>) wurde erstmals f\u00fcr MV im Bereich von Eggesin nachgewiesen.<\/p>\n<p>&nbsp;<\/p>\n<div id=\"attachment_3157\" style=\"width: 630px\" class=\"wp-caption aligncenter\"><a href=\"https:\/\/www.naturparkmagazin.de\/am-stettiner-haff\/wp-content\/uploads\/sites\/29\/Heriaeus-graminicola-7573-4.jpg\"><img aria-describedby=\"caption-attachment-3157\" decoding=\"async\" loading=\"lazy\" class=\"wp-image-3157 size-medium\" src=\"https:\/\/www.naturparkmagazin.de\/am-stettiner-haff\/wp-content\/uploads\/sites\/29\/Heriaeus-graminicola-7573-4-620x532.jpg\" alt=\"Heriaeus-graminicola - Gr\u00fcne Haarkrabbenspinne (Foto: Dr. D. Martin)\" width=\"620\" height=\"532\" srcset=\"https:\/\/www.naturparkmagazin.de\/am-stettiner-haff\/wp-content\/uploads\/sites\/29\/Heriaeus-graminicola-7573-4-620x532.jpg 620w, https:\/\/www.naturparkmagazin.de\/am-stettiner-haff\/wp-content\/uploads\/sites\/29\/Heriaeus-graminicola-7573-4-300x258.jpg 300w, https:\/\/www.naturparkmagazin.de\/am-stettiner-haff\/wp-content\/uploads\/sites\/29\/Heriaeus-graminicola-7573-4-670x575.jpg 670w, https:\/\/www.naturparkmagazin.de\/am-stettiner-haff\/wp-content\/uploads\/sites\/29\/Heriaeus-graminicola-7573-4-200x172.jpg 200w, https:\/\/www.naturparkmagazin.de\/am-stettiner-haff\/wp-content\/uploads\/sites\/29\/Heriaeus-graminicola-7573-4.jpg 673w\" sizes=\"(max-width: 620px) 100vw, 620px\" \/><\/a><p id=\"caption-attachment-3157\" class=\"wp-caption-text\">Heriaeus-graminicola &#8211; Gr\u00fcne Haarkrabbenspinne (Foto: Dr. D. Martin)<\/p><\/div>\n<p>Dieter Martin und alle am Projekt Beteiligten hoffen mit diesem Werk den Interessenten und Lesern interessantes Wissen \u00fcber Spinnen vermitteln zu k\u00f6nnen, welches vielleicht dazu beitr\u00e4gt, Angst und Vorurteile vor dieser faszinierenden Artengruppe zu abzubauen. Das Buch soll daher nicht nur von Fachleuten genutzt werden, sondern auch das Interesse potenzieller neuer Mitstreiter wecken.<\/p>\n<p>Wussten Sie eigentlich, dass Dieter Martin als angehender Biologiestudent selbst einmal unter Arachnophobie, der irrationalen Angst vor Spinnen, litt und genau deshalb begann, sich n\u00e4her mit Spinnen zu besch\u00e4ftigen? Daraus entwickelte sich eine Begeisterung f\u00fcr die fadenziehenden Achtbeiner, die ihn zeitlebens nicht mehr loslie\u00df. Heute sind Spinnen f\u00fcr ihn die sch\u00f6nsten Tiere der Welt!<\/p>\n<p>Die beiden B\u00e4nde des \u201eAtlas zur Verbreitung und \u00d6kologie der Spinnen (Araneae) Mecklenburg-Vorpommerns\u201c von Dieter Martin (ISBN 978-3-948995-00-3 und ISBN 978-3-948995-02-7) sind ab sofort im Buchhandel, beim NABU Regionalverband Parchim e. V., den Besucherinformationszentren der Naturparke des Landes oder auch online unter edition-lesezeichen.de erh\u00e4ltlich.<\/p>\n","protected":false},"excerpt":{"rendered":"<p> Am 08. Juli 2021 wurde der \u201eAtlas zur Verbreitung und \u00d6kologie der Spinnen Mecklenburg-Vorpommerns\u201c von Dr. sc. Dieter Martin vorgelegt. In dem zweib\u00e4ndigen Werk wurden Daten von mehr als einer Viertel Millionen Spinnen aus rund 50 Jahren arachnologischer Forschung aufgearbeitet.<\/p>\n","protected":false},"author":26,"featured_media":3157,"comment_status":"open","ping_status":"open","sticky":false,"template":"","format":"standard","meta":[],"categories":[7],"tags":[],"yoast_head":"<!-- This site is optimized with the Yoast SEO plugin v19.10 - https:\/\/yoast.com\/wordpress\/plugins\/seo\/ -->\n<title>Verbreitungsatlas der Spinnen Mecklenburg-Vorpommerns erschienen - Naturpark Am Stettiner Haff<\/title>\n<meta name=\"robots\" content=\"index, follow, max-snippet:-1, max-image-preview:large, max-video-preview:-1\" \/>\n<link rel=\"canonical\" href=\"https:\/\/www.naturparkmagazin.de\/am-stettiner-haff\/verbreitungsatlas-der-spinnen-mecklenburg-vorpommerns-erschienen\/\" \/>\n<meta property=\"og:locale\" content=\"de_DE\" \/>\n<meta property=\"og:type\" content=\"article\" \/>\n<meta property=\"og:title\" content=\"Verbreitungsatlas der Spinnen Mecklenburg-Vorpommerns erschienen - Naturpark Am Stettiner Haff\" \/>\n<meta property=\"og:description\" content=\"Am 08. Juli 2021 wurde der \u201eAtlas zur Verbreitung und \u00d6kologie der Spinnen Mecklenburg-Vorpommerns\u201c von Dr. sc. Dieter Martin vorgelegt. In dem zweib\u00e4ndigen Werk wurden Daten von mehr als einer Viertel Millionen Spinnen aus rund 50 Jahren arachnologischer Forschung aufgearbeitet.\" \/>\n<meta property=\"og:url\" content=\"https:\/\/www.naturparkmagazin.de\/am-stettiner-haff\/verbreitungsatlas-der-spinnen-mecklenburg-vorpommerns-erschienen\/\" \/>\n<meta property=\"og:site_name\" content=\"Naturpark Am Stettiner Haff\" \/>\n<meta property=\"article:published_time\" content=\"2021-07-20T09:37:59+00:00\" \/>\n<meta property=\"article:modified_time\" content=\"2021-07-20T12:52:49+00:00\" \/>\n<meta property=\"og:image\" content=\"https:\/\/www.naturparkmagazin.de\/am-stettiner-haff\/wp-content\/uploads\/sites\/29\/Heriaeus-graminicola-7573-4.jpg\" \/>\n\t<meta property=\"og:image:width\" content=\"673\" \/>\n\t<meta property=\"og:image:height\" content=\"578\" \/>\n\t<meta property=\"og:image:type\" content=\"image\/jpeg\" \/>\n<meta name=\"author\" content=\"Jochen Elberskirch\" \/>\n<meta name=\"twitter:label1\" content=\"Verfasst von\" \/>\n\t<meta name=\"twitter:data1\" content=\"Jochen Elberskirch\" \/>\n\t<meta name=\"twitter:label2\" content=\"Gesch\u00e4tzte Lesezeit\" \/>\n\t<meta name=\"twitter:data2\" content=\"2\u00a0Minuten\" \/>\n<script type=\"application\/ld+json\" class=\"yoast-schema-graph\">{\"@context\":\"https:\/\/schema.org\",\"@graph\":[{\"@type\":\"WebPage\",\"@id\":\"https:\/\/www.naturparkmagazin.de\/am-stettiner-haff\/verbreitungsatlas-der-spinnen-mecklenburg-vorpommerns-erschienen\/\",\"url\":\"https:\/\/www.naturparkmagazin.de\/am-stettiner-haff\/verbreitungsatlas-der-spinnen-mecklenburg-vorpommerns-erschienen\/\",\"name\":\"Verbreitungsatlas der Spinnen Mecklenburg-Vorpommerns erschienen - Naturpark Am Stettiner Haff\",\"isPartOf\":{\"@id\":\"https:\/\/www.naturparkmagazin.de\/am-stettiner-haff\/#website\"},\"datePublished\":\"2021-07-20T09:37:59+00:00\",\"dateModified\":\"2021-07-20T12:52:49+00:00\",\"author\":{\"@id\":\"https:\/\/www.naturparkmagazin.de\/am-stettiner-haff\/#\/schema\/person\/4a7208080dbbfb024d81129b7960c725\"},\"breadcrumb\":{\"@id\":\"https:\/\/www.naturparkmagazin.de\/am-stettiner-haff\/verbreitungsatlas-der-spinnen-mecklenburg-vorpommerns-erschienen\/#breadcrumb\"},\"inLanguage\":\"de\",\"potentialAction\":[{\"@type\":\"ReadAction\",\"target\":[\"https:\/\/www.naturparkmagazin.de\/am-stettiner-haff\/verbreitungsatlas-der-spinnen-mecklenburg-vorpommerns-erschienen\/\"]}]},{\"@type\":\"BreadcrumbList\",\"@id\":\"https:\/\/www.naturparkmagazin.de\/am-stettiner-haff\/verbreitungsatlas-der-spinnen-mecklenburg-vorpommerns-erschienen\/#breadcrumb\",\"itemListElement\":[{\"@type\":\"ListItem\",\"position\":1,\"name\":\"Home\",\"item\":\"https:\/\/www.naturparkmagazin.de\/am-stettiner-haff\/\"},{\"@type\":\"ListItem\",\"position\":2,\"name\":\"Verbreitungsatlas der Spinnen Mecklenburg-Vorpommerns erschienen\"}]},{\"@type\":\"WebSite\",\"@id\":\"https:\/\/www.naturparkmagazin.de\/am-stettiner-haff\/#website\",\"url\":\"https:\/\/www.naturparkmagazin.de\/am-stettiner-haff\/\",\"name\":\"Naturpark Am Stettiner Haff\",\"description\":\"\",\"potentialAction\":[{\"@type\":\"SearchAction\",\"target\":{\"@type\":\"EntryPoint\",\"urlTemplate\":\"https:\/\/www.naturparkmagazin.de\/am-stettiner-haff\/?s={search_term_string}\"},\"query-input\":\"required name=search_term_string\"}],\"inLanguage\":\"de\"},{\"@type\":\"Person\",\"@id\":\"https:\/\/www.naturparkmagazin.de\/am-stettiner-haff\/#\/schema\/person\/4a7208080dbbfb024d81129b7960c725\",\"name\":\"Jochen Elberskirch\",\"sameAs\":[\"http:\/\/www.naturpark-am-stettiner-haff.de\"],\"url\":\"https:\/\/www.naturparkmagazin.de\/am-stettiner-haff\/author\/jochenelberskirch\/\"}]}<\/script>\n<!-- \/ Yoast SEO plugin. -->","yoast_head_json":{"title":"Verbreitungsatlas der Spinnen Mecklenburg-Vorpommerns erschienen - Naturpark Am Stettiner Haff","robots":{"index":"index","follow":"follow","max-snippet":"max-snippet:-1","max-image-preview":"max-image-preview:large","max-video-preview":"max-video-preview:-1"},"canonical":"https:\/\/www.naturparkmagazin.de\/am-stettiner-haff\/verbreitungsatlas-der-spinnen-mecklenburg-vorpommerns-erschienen\/","og_locale":"de_DE","og_type":"article","og_title":"Verbreitungsatlas der Spinnen Mecklenburg-Vorpommerns erschienen - Naturpark Am Stettiner Haff","og_description":"Am 08. Juli 2021 wurde der \u201eAtlas zur Verbreitung und \u00d6kologie der Spinnen Mecklenburg-Vorpommerns\u201c von Dr. sc. Dieter Martin vorgelegt. In dem zweib\u00e4ndigen Werk wurden Daten von mehr als einer Viertel Millionen Spinnen aus rund 50 Jahren arachnologischer Forschung aufgearbeitet.","og_url":"https:\/\/www.naturparkmagazin.de\/am-stettiner-haff\/verbreitungsatlas-der-spinnen-mecklenburg-vorpommerns-erschienen\/","og_site_name":"Naturpark Am Stettiner Haff","article_published_time":"2021-07-20T09:37:59+00:00","article_modified_time":"2021-07-20T12:52:49+00:00","og_image":[{"width":673,"height":578,"url":"https:\/\/www.naturparkmagazin.de\/am-stettiner-haff\/wp-content\/uploads\/sites\/29\/Heriaeus-graminicola-7573-4.jpg","type":"image\/jpeg"}],"author":"Jochen Elberskirch","twitter_misc":{"Verfasst von":"Jochen Elberskirch","Gesch\u00e4tzte Lesezeit":"2\u00a0Minuten"},"schema":{"@context":"https:\/\/schema.org","@graph":[{"@type":"WebPage","@id":"https:\/\/www.naturparkmagazin.de\/am-stettiner-haff\/verbreitungsatlas-der-spinnen-mecklenburg-vorpommerns-erschienen\/","url":"https:\/\/www.naturparkmagazin.de\/am-stettiner-haff\/verbreitungsatlas-der-spinnen-mecklenburg-vorpommerns-erschienen\/","name":"Verbreitungsatlas der Spinnen Mecklenburg-Vorpommerns erschienen - Naturpark Am Stettiner Haff","isPartOf":{"@id":"https:\/\/www.naturparkmagazin.de\/am-stettiner-haff\/#website"},"datePublished":"2021-07-20T09:37:59+00:00","dateModified":"2021-07-20T12:52:49+00:00","author":{"@id":"https:\/\/www.naturparkmagazin.de\/am-stettiner-haff\/#\/schema\/person\/4a7208080dbbfb024d81129b7960c725"},"breadcrumb":{"@id":"https:\/\/www.naturparkmagazin.de\/am-stettiner-haff\/verbreitungsatlas-der-spinnen-mecklenburg-vorpommerns-erschienen\/#breadcrumb"},"inLanguage":"de","potentialAction":[{"@type":"ReadAction","target":["https:\/\/www.naturparkmagazin.de\/am-stettiner-haff\/verbreitungsatlas-der-spinnen-mecklenburg-vorpommerns-erschienen\/"]}]},{"@type":"BreadcrumbList","@id":"https:\/\/www.naturparkmagazin.de\/am-stettiner-haff\/verbreitungsatlas-der-spinnen-mecklenburg-vorpommerns-erschienen\/#breadcrumb","itemListElement":[{"@type":"ListItem","position":1,"name":"Home","item":"https:\/\/www.naturparkmagazin.de\/am-stettiner-haff\/"},{"@type":"ListItem","position":2,"name":"Verbreitungsatlas der Spinnen Mecklenburg-Vorpommerns erschienen"}]},{"@type":"WebSite","@id":"https:\/\/www.naturparkmagazin.de\/am-stettiner-haff\/#website","url":"https:\/\/www.naturparkmagazin.de\/am-stettiner-haff\/","name":"Naturpark Am Stettiner Haff","description":"","potentialAction":[{"@type":"SearchAction","target":{"@type":"EntryPoint","urlTemplate":"https:\/\/www.naturparkmagazin.de\/am-stettiner-haff\/?s={search_term_string}"},"query-input":"required name=search_term_string"}],"inLanguage":"de"},{"@type":"Person","@id":"https:\/\/www.naturparkmagazin.de\/am-stettiner-haff\/#\/schema\/person\/4a7208080dbbfb024d81129b7960c725","name":"Jochen Elberskirch","sameAs":["http:\/\/www.naturpark-am-stettiner-haff.de"],"url":"https:\/\/www.naturparkmagazin.de\/am-stettiner-haff\/author\/jochenelberskirch\/"}]}},"_links":{"self":[{"href":"https:\/\/www.naturparkmagazin.de\/am-stettiner-haff\/wp-json\/wp\/v2\/posts\/3160"}],"collection":[{"href":"https:\/\/www.naturparkmagazin.de\/am-stettiner-haff\/wp-json\/wp\/v2\/posts"}],"about":[{"href":"https:\/\/www.naturparkmagazin.de\/am-stettiner-haff\/wp-json\/wp\/v2\/types\/post"}],"author":[{"embeddable":true,"href":"https:\/\/www.naturparkmagazin.de\/am-stettiner-haff\/wp-json\/wp\/v2\/users\/26"}],"replies":[{"embeddable":true,"href":"https:\/\/www.naturparkmagazin.de\/am-stettiner-haff\/wp-json\/wp\/v2\/comments?post=3160"}],"version-history":[{"count":3,"href":"https:\/\/www.naturparkmagazin.de\/am-stettiner-haff\/wp-json\/wp\/v2\/posts\/3160\/revisions"}],"predecessor-version":[{"id":3170,"href":"https:\/\/www.naturparkmagazin.de\/am-stettiner-haff\/wp-json\/wp\/v2\/posts\/3160\/revisions\/3170"}],"wp:featuredmedia":[{"embeddable":true,"href":"https:\/\/www.naturparkmagazin.de\/am-stettiner-haff\/wp-json\/wp\/v2\/media\/3157"}],"wp:attachment":[{"href":"https:\/\/www.naturparkmagazin.de\/am-stettiner-haff\/wp-json\/wp\/v2\/media?parent=3160"}],"wp:term":[{"taxonomy":"category","embeddable":true,"href":"https:\/\/www.naturparkmagazin.de\/am-stettiner-haff\/wp-json\/wp\/v2\/categories?post=3160"},{"taxonomy":"post_tag","embeddable":true,"href":"https:\/\/www.naturparkmagazin.de\/am-stettiner-haff\/wp-json\/wp\/v2\/tags?post=3160"}],"curies":[{"name":"wp","href":"https:\/\/api.w.org\/{rel}","templated":true}]}}