{"id":3182,"date":"2021-09-13T14:39:06","date_gmt":"2021-09-13T12:39:06","guid":{"rendered":"https:\/\/www.naturparkmagazin.de\/am-stettiner-haff\/?p=3182"},"modified":"2021-09-28T12:45:09","modified_gmt":"2021-09-28T10:45:09","slug":"foerderverein-natur-und-leben-am-stettiner-haff-e-v-wird-foerderverein-naturpark-am-stettiner-haff-e-v","status":"publish","type":"post","link":"https:\/\/www.naturparkmagazin.de\/am-stettiner-haff\/foerderverein-natur-und-leben-am-stettiner-haff-e-v-wird-foerderverein-naturpark-am-stettiner-haff-e-v\/","title":{"rendered":"F\u00f6rderverein Natur und Leben am Stettiner Haff e.V. wird F\u00f6rderverein Naturpark Am Stettiner Haff e.V."},"content":{"rendered":"<p>Am 8. September 2021 vollzogen die anwesenden Mitglieder des Naturpark-F\u00f6rdervereins \u201eNatur und Leben am Stettiner Haff\u201c e.V. auf ihrer Mitgliederversammlung mit der einstimmigen Verabschiedung einer neuen Satzung auch eine Namens\u00e4nderung. K\u00fcnftig wird die Entwicklung des Naturparks \u201eAm Stettiner Haff\u201c vom F\u00f6rderverein \u201eNaturpark Am Stettiner Haff\u201c e.V. unterst\u00fctzt. Mit der neuen Satzung wurden neben der Namens\u00e4nderung auch neue Aufgabenfelder, insbesondere im Bereich des Naturschutzes und der Landschaftspflege aufgenommen.<\/p>\n<p>Mit der Neuformulierung der Satzung und der Namens\u00e4nderung m\u00f6chte der Verein k\u00fcnftig auch Wirkungsst\u00e4tte f\u00fcr Aktive des F\u00f6rdervereins f\u00fcr Naturschutzarbeit in der Uecker-Randow-Region werden. Dieser traditionsreiche Verein hat sich im Oktober des letzten Jahres aufgel\u00f6st und befindet sich derzeit in Liquidation. Daher wurde die neue Satzung auch in gemeinsamer Arbeit durch Mitglieder beider Vereine entworfen und formuliert.<\/p>\n<p>&nbsp;<\/p>\n<p>Das Konzept scheint auch aufzugehen, bislang konnten bereits sieben ehemalige Mitglieder des F\u00f6V f\u00fcr Naturschutzarbeit in der Uecker-Randow-Region im F\u00f6rderverein \u201eNaturpark Am Stettiner Haff\u201c e.V. als neue Mitglieder begr\u00fc\u00dft werden.<\/p>\n<p>Direkt im Anschluss an die Verabschiedung der neuen Satzung wurde auch auf Grundlage dieser der neue Vorstand und die neuen Kassenpr\u00fcfer*innen gew\u00e4hlt. Zuvor wurde in W\u00fcrdigung Ihrer langj\u00e4hrigen Arbeit f\u00fcr den F\u00f6rderverein die scheidende Schatzmeisterin des Vereins, Frau Simone Rollinger zum Ehrenmitglied ernannt.<\/p>\n<p>&nbsp;<\/p>\n<div id=\"attachment_3183\" style=\"width: 630px\" class=\"wp-caption aligncenter\"><a href=\"https:\/\/www.naturparkmagazin.de\/am-stettiner-haff\/wp-content\/uploads\/sites\/29\/NP-MV-11_klein.jpg\"><img aria-describedby=\"caption-attachment-3183\" decoding=\"async\" loading=\"lazy\" class=\"size-medium wp-image-3183\" src=\"https:\/\/www.naturparkmagazin.de\/am-stettiner-haff\/wp-content\/uploads\/sites\/29\/NP-MV-11_klein-620x414.jpg\" alt=\"Simone Rollinger bei der Ernnennung zum Ehrenmitglied (Foto:; A. Buchholz)\" width=\"620\" height=\"414\" srcset=\"https:\/\/www.naturparkmagazin.de\/am-stettiner-haff\/wp-content\/uploads\/sites\/29\/NP-MV-11_klein-620x414.jpg 620w, https:\/\/www.naturparkmagazin.de\/am-stettiner-haff\/wp-content\/uploads\/sites\/29\/NP-MV-11_klein-300x200.jpg 300w, https:\/\/www.naturparkmagazin.de\/am-stettiner-haff\/wp-content\/uploads\/sites\/29\/NP-MV-11_klein-670x447.jpg 670w, https:\/\/www.naturparkmagazin.de\/am-stettiner-haff\/wp-content\/uploads\/sites\/29\/NP-MV-11_klein-200x133.jpg 200w, https:\/\/www.naturparkmagazin.de\/am-stettiner-haff\/wp-content\/uploads\/sites\/29\/NP-MV-11_klein.jpg 829w\" sizes=\"(max-width: 620px) 100vw, 620px\" \/><\/a><p id=\"caption-attachment-3183\" class=\"wp-caption-text\">Simone Rollinger bei der Ernnennung zum Ehrenmitglied (Foto:; A. Buchholz)<\/p><\/div>\n<p>Im Ergebnis der Wahl wird J\u00fcrgen Barth als Vorsitzender die Geschicke des Vereins, mit der Unterst\u00fctzung der beiden Stellvertreter Frank Joisten und Jochen Elberskirch, ma\u00dfgeblich beeinflussen. Um die finanziellen Dinge des Vereinslebens soll sich k\u00fcnftig Andreas Buchholz k\u00fcmmern. W\u00e4hrend Frau Dr. Karola Stark von den anwesenden Mitgliedern zur Schriftf\u00fchrerin gek\u00fcrt wurde, wurden Frau Elke Wendler und Frau Heike von Schilling als Kassenpr\u00fcfer*innen gew\u00e4hlt.<\/p>\n<p>Im Vorfeld der Mitgliederversammlung konnten Vereinsmitglieder und G\u00e4ste das neuste Fahrzeug des Vereins, ein Lastenfahrrad mit Elektromotor ausprobieren.<\/p>\n<div id=\"attachment_3184\" style=\"width: 509px\" class=\"wp-caption aligncenter\"><a href=\"https:\/\/www.naturparkmagazin.de\/am-stettiner-haff\/wp-content\/uploads\/sites\/29\/LAstenfahrrAD_KLEIN.jpg\"><img aria-describedby=\"caption-attachment-3184\" decoding=\"async\" loading=\"lazy\" class=\"size-full wp-image-3184\" src=\"https:\/\/www.naturparkmagazin.de\/am-stettiner-haff\/wp-content\/uploads\/sites\/29\/LAstenfahrrAD_KLEIN.jpg\" alt=\"Probefahrt mit dem vereinseigenen Lastenfahrrad (Foto: Naturpark-Archiv)\" width=\"499\" height=\"665\" srcset=\"https:\/\/www.naturparkmagazin.de\/am-stettiner-haff\/wp-content\/uploads\/sites\/29\/LAstenfahrrAD_KLEIN.jpg 499w, https:\/\/www.naturparkmagazin.de\/am-stettiner-haff\/wp-content\/uploads\/sites\/29\/LAstenfahrrAD_KLEIN-300x400.jpg 300w, https:\/\/www.naturparkmagazin.de\/am-stettiner-haff\/wp-content\/uploads\/sites\/29\/LAstenfahrrAD_KLEIN-420x560.jpg 420w, https:\/\/www.naturparkmagazin.de\/am-stettiner-haff\/wp-content\/uploads\/sites\/29\/LAstenfahrrAD_KLEIN-135x180.jpg 135w, https:\/\/www.naturparkmagazin.de\/am-stettiner-haff\/wp-content\/uploads\/sites\/29\/LAstenfahrrAD_KLEIN-53x71.jpg 53w, https:\/\/www.naturparkmagazin.de\/am-stettiner-haff\/wp-content\/uploads\/sites\/29\/LAstenfahrrAD_KLEIN-200x267.jpg 200w\" sizes=\"(max-width: 499px) 100vw, 499px\" \/><\/a><p id=\"caption-attachment-3184\" class=\"wp-caption-text\">Probefahrt mit dem vereinseigenen Lastenfahrrad (Foto: Naturpark-Archiv)<\/p><\/div>\n<p>Die Anschaffung des Lastenfahrrades wurde mit Hilfe von ELER-Mitteln \u00fcber das Regionalbudget und einer Spende der Sparkasse Uecker-Randow erm\u00f6glicht.<\/p>\n","protected":false},"excerpt":{"rendered":"<p>Die anwesenden Mitglieder des Naturpark-F\u00f6rdervereins \u201eNatur und Leben am Stettiner Haff\u201c e.V. verabschiedeten mit einer neuen Satzung auch eine Namens\u00e4nderung. <\/p>\n","protected":false},"author":26,"featured_media":3184,"comment_status":"open","ping_status":"open","sticky":false,"template":"","format":"standard","meta":[],"categories":[7],"tags":[],"yoast_head":"<!-- This site is optimized with the Yoast SEO plugin v19.10 - https:\/\/yoast.com\/wordpress\/plugins\/seo\/ -->\n<title>F\u00f6rderverein Natur und Leben am Stettiner Haff e.V. wird F\u00f6rderverein Naturpark Am Stettiner Haff e.V. - Naturpark Am Stettiner Haff<\/title>\n<meta name=\"robots\" content=\"index, follow, max-snippet:-1, max-image-preview:large, max-video-preview:-1\" \/>\n<link rel=\"canonical\" href=\"https:\/\/www.naturparkmagazin.de\/am-stettiner-haff\/foerderverein-natur-und-leben-am-stettiner-haff-e-v-wird-foerderverein-naturpark-am-stettiner-haff-e-v\/\" \/>\n<meta property=\"og:locale\" content=\"de_DE\" \/>\n<meta property=\"og:type\" content=\"article\" \/>\n<meta property=\"og:title\" content=\"F\u00f6rderverein Natur und Leben am Stettiner Haff e.V. wird F\u00f6rderverein Naturpark Am Stettiner Haff e.V. - Naturpark Am Stettiner Haff\" \/>\n<meta property=\"og:description\" content=\"Die anwesenden Mitglieder des Naturpark-F\u00f6rdervereins \u201eNatur und Leben am Stettiner Haff\u201c e.V. verabschiedeten mit einer neuen Satzung auch eine Namens\u00e4nderung.\" \/>\n<meta property=\"og:url\" content=\"https:\/\/www.naturparkmagazin.de\/am-stettiner-haff\/foerderverein-natur-und-leben-am-stettiner-haff-e-v-wird-foerderverein-naturpark-am-stettiner-haff-e-v\/\" \/>\n<meta property=\"og:site_name\" content=\"Naturpark Am Stettiner Haff\" \/>\n<meta property=\"article:published_time\" content=\"2021-09-13T12:39:06+00:00\" \/>\n<meta property=\"article:modified_time\" content=\"2021-09-28T10:45:09+00:00\" \/>\n<meta property=\"og:image\" content=\"https:\/\/www.naturparkmagazin.de\/am-stettiner-haff\/wp-content\/uploads\/sites\/29\/LAstenfahrrAD_KLEIN.jpg\" \/>\n\t<meta property=\"og:image:width\" content=\"499\" \/>\n\t<meta property=\"og:image:height\" content=\"665\" \/>\n\t<meta property=\"og:image:type\" content=\"image\/jpeg\" \/>\n<meta name=\"author\" content=\"Jochen Elberskirch\" \/>\n<meta name=\"twitter:label1\" content=\"Verfasst von\" \/>\n\t<meta name=\"twitter:data1\" content=\"Jochen Elberskirch\" \/>\n\t<meta name=\"twitter:label2\" content=\"Gesch\u00e4tzte Lesezeit\" \/>\n\t<meta name=\"twitter:data2\" content=\"2\u00a0Minuten\" \/>\n<script type=\"application\/ld+json\" class=\"yoast-schema-graph\">{\"@context\":\"https:\/\/schema.org\",\"@graph\":[{\"@type\":\"WebPage\",\"@id\":\"https:\/\/www.naturparkmagazin.de\/am-stettiner-haff\/foerderverein-natur-und-leben-am-stettiner-haff-e-v-wird-foerderverein-naturpark-am-stettiner-haff-e-v\/\",\"url\":\"https:\/\/www.naturparkmagazin.de\/am-stettiner-haff\/foerderverein-natur-und-leben-am-stettiner-haff-e-v-wird-foerderverein-naturpark-am-stettiner-haff-e-v\/\",\"name\":\"F\u00f6rderverein Natur und Leben am Stettiner Haff e.V. wird F\u00f6rderverein Naturpark Am Stettiner Haff e.V. - Naturpark Am Stettiner Haff\",\"isPartOf\":{\"@id\":\"https:\/\/www.naturparkmagazin.de\/am-stettiner-haff\/#website\"},\"datePublished\":\"2021-09-13T12:39:06+00:00\",\"dateModified\":\"2021-09-28T10:45:09+00:00\",\"author\":{\"@id\":\"https:\/\/www.naturparkmagazin.de\/am-stettiner-haff\/#\/schema\/person\/4a7208080dbbfb024d81129b7960c725\"},\"breadcrumb\":{\"@id\":\"https:\/\/www.naturparkmagazin.de\/am-stettiner-haff\/foerderverein-natur-und-leben-am-stettiner-haff-e-v-wird-foerderverein-naturpark-am-stettiner-haff-e-v\/#breadcrumb\"},\"inLanguage\":\"de\",\"potentialAction\":[{\"@type\":\"ReadAction\",\"target\":[\"https:\/\/www.naturparkmagazin.de\/am-stettiner-haff\/foerderverein-natur-und-leben-am-stettiner-haff-e-v-wird-foerderverein-naturpark-am-stettiner-haff-e-v\/\"]}]},{\"@type\":\"BreadcrumbList\",\"@id\":\"https:\/\/www.naturparkmagazin.de\/am-stettiner-haff\/foerderverein-natur-und-leben-am-stettiner-haff-e-v-wird-foerderverein-naturpark-am-stettiner-haff-e-v\/#breadcrumb\",\"itemListElement\":[{\"@type\":\"ListItem\",\"position\":1,\"name\":\"Home\",\"item\":\"https:\/\/www.naturparkmagazin.de\/am-stettiner-haff\/\"},{\"@type\":\"ListItem\",\"position\":2,\"name\":\"F\u00f6rderverein Natur und Leben am Stettiner Haff e.V. wird F\u00f6rderverein Naturpark Am Stettiner Haff e.V.\"}]},{\"@type\":\"WebSite\",\"@id\":\"https:\/\/www.naturparkmagazin.de\/am-stettiner-haff\/#website\",\"url\":\"https:\/\/www.naturparkmagazin.de\/am-stettiner-haff\/\",\"name\":\"Naturpark Am Stettiner Haff\",\"description\":\"\",\"potentialAction\":[{\"@type\":\"SearchAction\",\"target\":{\"@type\":\"EntryPoint\",\"urlTemplate\":\"https:\/\/www.naturparkmagazin.de\/am-stettiner-haff\/?s={search_term_string}\"},\"query-input\":\"required name=search_term_string\"}],\"inLanguage\":\"de\"},{\"@type\":\"Person\",\"@id\":\"https:\/\/www.naturparkmagazin.de\/am-stettiner-haff\/#\/schema\/person\/4a7208080dbbfb024d81129b7960c725\",\"name\":\"Jochen Elberskirch\",\"sameAs\":[\"http:\/\/www.naturpark-am-stettiner-haff.de\"],\"url\":\"https:\/\/www.naturparkmagazin.de\/am-stettiner-haff\/author\/jochenelberskirch\/\"}]}<\/script>\n<!-- \/ Yoast SEO plugin. -->","yoast_head_json":{"title":"F\u00f6rderverein Natur und Leben am Stettiner Haff e.V. wird F\u00f6rderverein Naturpark Am Stettiner Haff e.V. - Naturpark Am Stettiner Haff","robots":{"index":"index","follow":"follow","max-snippet":"max-snippet:-1","max-image-preview":"max-image-preview:large","max-video-preview":"max-video-preview:-1"},"canonical":"https:\/\/www.naturparkmagazin.de\/am-stettiner-haff\/foerderverein-natur-und-leben-am-stettiner-haff-e-v-wird-foerderverein-naturpark-am-stettiner-haff-e-v\/","og_locale":"de_DE","og_type":"article","og_title":"F\u00f6rderverein Natur und Leben am Stettiner Haff e.V. wird F\u00f6rderverein Naturpark Am Stettiner Haff e.V. - Naturpark Am Stettiner Haff","og_description":"Die anwesenden Mitglieder des Naturpark-F\u00f6rdervereins \u201eNatur und Leben am Stettiner Haff\u201c e.V. verabschiedeten mit einer neuen Satzung auch eine Namens\u00e4nderung.","og_url":"https:\/\/www.naturparkmagazin.de\/am-stettiner-haff\/foerderverein-natur-und-leben-am-stettiner-haff-e-v-wird-foerderverein-naturpark-am-stettiner-haff-e-v\/","og_site_name":"Naturpark Am Stettiner Haff","article_published_time":"2021-09-13T12:39:06+00:00","article_modified_time":"2021-09-28T10:45:09+00:00","og_image":[{"width":499,"height":665,"url":"https:\/\/www.naturparkmagazin.de\/am-stettiner-haff\/wp-content\/uploads\/sites\/29\/LAstenfahrrAD_KLEIN.jpg","type":"image\/jpeg"}],"author":"Jochen Elberskirch","twitter_misc":{"Verfasst von":"Jochen Elberskirch","Gesch\u00e4tzte Lesezeit":"2\u00a0Minuten"},"schema":{"@context":"https:\/\/schema.org","@graph":[{"@type":"WebPage","@id":"https:\/\/www.naturparkmagazin.de\/am-stettiner-haff\/foerderverein-natur-und-leben-am-stettiner-haff-e-v-wird-foerderverein-naturpark-am-stettiner-haff-e-v\/","url":"https:\/\/www.naturparkmagazin.de\/am-stettiner-haff\/foerderverein-natur-und-leben-am-stettiner-haff-e-v-wird-foerderverein-naturpark-am-stettiner-haff-e-v\/","name":"F\u00f6rderverein Natur und Leben am Stettiner Haff e.V. wird F\u00f6rderverein Naturpark Am Stettiner Haff e.V. - Naturpark Am Stettiner Haff","isPartOf":{"@id":"https:\/\/www.naturparkmagazin.de\/am-stettiner-haff\/#website"},"datePublished":"2021-09-13T12:39:06+00:00","dateModified":"2021-09-28T10:45:09+00:00","author":{"@id":"https:\/\/www.naturparkmagazin.de\/am-stettiner-haff\/#\/schema\/person\/4a7208080dbbfb024d81129b7960c725"},"breadcrumb":{"@id":"https:\/\/www.naturparkmagazin.de\/am-stettiner-haff\/foerderverein-natur-und-leben-am-stettiner-haff-e-v-wird-foerderverein-naturpark-am-stettiner-haff-e-v\/#breadcrumb"},"inLanguage":"de","potentialAction":[{"@type":"ReadAction","target":["https:\/\/www.naturparkmagazin.de\/am-stettiner-haff\/foerderverein-natur-und-leben-am-stettiner-haff-e-v-wird-foerderverein-naturpark-am-stettiner-haff-e-v\/"]}]},{"@type":"BreadcrumbList","@id":"https:\/\/www.naturparkmagazin.de\/am-stettiner-haff\/foerderverein-natur-und-leben-am-stettiner-haff-e-v-wird-foerderverein-naturpark-am-stettiner-haff-e-v\/#breadcrumb","itemListElement":[{"@type":"ListItem","position":1,"name":"Home","item":"https:\/\/www.naturparkmagazin.de\/am-stettiner-haff\/"},{"@type":"ListItem","position":2,"name":"F\u00f6rderverein Natur und Leben am Stettiner Haff e.V. wird F\u00f6rderverein Naturpark Am Stettiner Haff e.V."}]},{"@type":"WebSite","@id":"https:\/\/www.naturparkmagazin.de\/am-stettiner-haff\/#website","url":"https:\/\/www.naturparkmagazin.de\/am-stettiner-haff\/","name":"Naturpark Am Stettiner Haff","description":"","potentialAction":[{"@type":"SearchAction","target":{"@type":"EntryPoint","urlTemplate":"https:\/\/www.naturparkmagazin.de\/am-stettiner-haff\/?s={search_term_string}"},"query-input":"required name=search_term_string"}],"inLanguage":"de"},{"@type":"Person","@id":"https:\/\/www.naturparkmagazin.de\/am-stettiner-haff\/#\/schema\/person\/4a7208080dbbfb024d81129b7960c725","name":"Jochen Elberskirch","sameAs":["http:\/\/www.naturpark-am-stettiner-haff.de"],"url":"https:\/\/www.naturparkmagazin.de\/am-stettiner-haff\/author\/jochenelberskirch\/"}]}},"_links":{"self":[{"href":"https:\/\/www.naturparkmagazin.de\/am-stettiner-haff\/wp-json\/wp\/v2\/posts\/3182"}],"collection":[{"href":"https:\/\/www.naturparkmagazin.de\/am-stettiner-haff\/wp-json\/wp\/v2\/posts"}],"about":[{"href":"https:\/\/www.naturparkmagazin.de\/am-stettiner-haff\/wp-json\/wp\/v2\/types\/post"}],"author":[{"embeddable":true,"href":"https:\/\/www.naturparkmagazin.de\/am-stettiner-haff\/wp-json\/wp\/v2\/users\/26"}],"replies":[{"embeddable":true,"href":"https:\/\/www.naturparkmagazin.de\/am-stettiner-haff\/wp-json\/wp\/v2\/comments?post=3182"}],"version-history":[{"count":5,"href":"https:\/\/www.naturparkmagazin.de\/am-stettiner-haff\/wp-json\/wp\/v2\/posts\/3182\/revisions"}],"predecessor-version":[{"id":3202,"href":"https:\/\/www.naturparkmagazin.de\/am-stettiner-haff\/wp-json\/wp\/v2\/posts\/3182\/revisions\/3202"}],"wp:featuredmedia":[{"embeddable":true,"href":"https:\/\/www.naturparkmagazin.de\/am-stettiner-haff\/wp-json\/wp\/v2\/media\/3184"}],"wp:attachment":[{"href":"https:\/\/www.naturparkmagazin.de\/am-stettiner-haff\/wp-json\/wp\/v2\/media?parent=3182"}],"wp:term":[{"taxonomy":"category","embeddable":true,"href":"https:\/\/www.naturparkmagazin.de\/am-stettiner-haff\/wp-json\/wp\/v2\/categories?post=3182"},{"taxonomy":"post_tag","embeddable":true,"href":"https:\/\/www.naturparkmagazin.de\/am-stettiner-haff\/wp-json\/wp\/v2\/tags?post=3182"}],"curies":[{"name":"wp","href":"https:\/\/api.w.org\/{rel}","templated":true}]}}